{"id":1892286,"date":"2026-04-20T10:46:24","date_gmt":"2026-04-20T07:46:24","guid":{"rendered":"https:\/\/analyse.optim.biz\/?p=1892286"},"modified":"2026-04-20T10:46:24","modified_gmt":"2026-04-20T07:46:24","slug":"olimpiada-nationala-de-limba-franceza-2026-trei-premii-speciale-pentru-elevii-suceveni-la-piatra-neamt","status":"publish","type":"post","link":"https:\/\/analyse.optim.biz\/?p=1892286","title":{"rendered":"Olimpiada Na\u021bional\u0103 de Limba Francez\u0103 2026: Trei premii speciale pentru elevii suceveni la Piatra Neam\u021b"},"content":{"rendered":"<p>[analyse_image type=&#8221;featured&#8221; src=&#8221;https:\/\/www.newsbucovina.ro\/wp-content\/uploads\/2026\/04\/Franceza_3.jpeghttps:\/\/cdn.newsbucovina.ro\/wp-content\/uploads\/2026\/04\/Franceza_3.jpeg&#8221;]<\/p>\n<div class=\"td-post-content tagdiv-type\">\n<div class=\"td-a-rec td-a-rec-id-content_top  tdi_3 td_block_template_1\"><strong>Intr\u0103 acum \u0219i \u00een grupul de <\/p>\n<div class=\"wp-block-button\"><a class=\"wp-block-button__link wp-element-button\" href=\"https:\/\/t.me\/+TH8wcfnp8fw5NWI0\">Telegram News Bucovina<\/a><\/div>\n<p><\/strong><\/div>\n<p>Lotul jude\u021bului Suceava a ob\u021binut trei premii speciale la etapa na\u021bional\u0103 a Olimpiadei de Limba Francez\u0103, care s-a desf\u0103\u0219urat \u00een perioada 6-10 aprilie 2026 la Piatra Neam\u021b. Performan\u021ba vine s\u0103 confirme \u00eenc\u0103 o dat\u0103 calitatea \u00eenv\u0103\u021b\u0103m\u00e2ntului de limbi moderne din jude\u021b.<\/p>\n<figure class=\"wp-block-image size-large\"><a href=\"https:\/\/cdn.newsbucovina.ro\/wp-content\/uploads\/2026\/04\/Franceza_3.jpeg\"><img loading=\"lazy\" decoding=\"async\" width=\"1024\" height=\"576\" src=\"https:\/\/cdn.newsbucovina.ro\/wp-content\/uploads\/2026\/04\/Franceza_3-1024x576.jpeg\" alt class=\"wp-image-436569\"><\/a><\/figure>\n<p>Din cei <strong>11 elevi<\/strong> care au reprezentat Suceava (2 de la gimnaziu \u0219i 9 de la liceu), trei au fost distin\u0219i cu premii speciale acordate de Inspectoratul \u0218colar Jude\u021bean Neam\u021b:<\/p>\n<ul class=\"wp-block-list\">\n<li><strong>Premiu special<\/strong> \u2013 Ciolacu Ioan, clasa a VII-a intensiv, \u0218coala Gimnazial\u0103 Nr. 2 Vicovu de Sus (prof. \u00eendrum\u0103tor Ciolacu Mihaela Gabriela)<\/li>\n<li><strong>Premiu special<\/strong> \u2013 Seculte\u021b Yannis Adrian, clasa a IX-a intensiv\/bilingv, Colegiul Na\u021bional de Informatic\u0103 \u201eSpiru Haret\u201d Suceava (prof. \u00eendrum\u0103tor dr. Mihoc Mihaela Aura)<\/li>\n<li><strong>Premiu special<\/strong> \u2013 Ilisei Ana Maria, clasa a XI-a, Colegiul \u201eAlexandru cel Bun\u201d Gura Humorului (prof. \u00eendrum\u0103tor Solonaru Elena Sextilia)<\/li>\n<\/ul>\n<p>Lotul jude\u021bului Suceava a fost \u00eenso\u021bit de prof. <strong>Daniela Cornelia Sandu<\/strong> de la \u0218coala Gimnazial\u0103 Nr. 1 Suceava. Din Comisia Central\u0103 a olimpiadei a f\u0103cut parte, \u00een calitate de membru evaluator, <strong>prof. dr. Constantin Tiron<\/strong>, inspector \u0219colar pentru limbi moderne \u2013 limba francez\u0103 la Inspectoratul \u0218colar Jude\u021bean Suceava, de la Colegiul \u201eAlexandru cel Bun\u201d Gura Humorului. Acela\u0219i profesor a coordonat \u00eentregul lot sucevean.<\/p>\n<p>Chiar dac\u0103 nu to\u021bi participan\u021bii au urcat pe podium, calificarea la etapa na\u021bional\u0103 reprezint\u0103 \u00een sine o performan\u021b\u0103 remarcabil\u0103, iar experien\u021ba tr\u0103it\u0103, emo\u021biile competi\u021biei \u0219i lec\u021biile \u00eenv\u0103\u021bate sunt c\u00e2\u0219tiguri nepre\u021buite pentru fiecare elev, a transmis conducerea ISJ Suceava.<\/p>\n<div class=\"td-a-rec td-a-rec-id-content_bottom  tdi_4 td_block_template_1\"><strong>Intr\u0103 acum \u0219i \u00een grupul de <\/p>\n<div class=\"wp-block-button\"><a class=\"wp-block-button__link wp-element-button\" href=\"https:\/\/t.me\/+TH8wcfnp8fw5NWI0\">Telegram News Bucovina<\/a><\/div>\n<p><\/strong><\/div>\n<\/div>\n<div class=\"td-post-content tagdiv-type\">\n<div class=\"td-a-rec td-a-rec-id-content_top  tdi_3 td_block_template_1\"><strong>Intr\u0103 acum \u0219i \u00een grupul de <\/p>\n<div class=\"wp-block-button\"><a class=\"wp-block-button__link wp-element-button\" href=\"https:\/\/t.me\/+TH8wcfnp8fw5NWI0\">Telegram News Bucovina<\/a><\/div>\n<p><\/strong><\/div>\n<p>Lotul jude\u021bului Suceava a ob\u021binut trei premii speciale la etapa na\u021bional\u0103 a Olimpiadei de Limba Francez\u0103, care s-a desf\u0103\u0219urat \u00een perioada 6-10 aprilie 2026 la Piatra Neam\u021b. Performan\u021ba vine s\u0103 confirme \u00eenc\u0103 o dat\u0103 calitatea \u00eenv\u0103\u021b\u0103m\u00e2ntului de limbi moderne din jude\u021b.<\/p>\n<figure class=\"wp-block-image size-large\"><a href=\"https:\/\/cdn.newsbucovina.ro\/wp-content\/uploads\/2026\/04\/Franceza_3.jpeg\"><img loading=\"lazy\" decoding=\"async\" width=\"1024\" height=\"576\" src=\"https:\/\/cdn.newsbucovina.ro\/wp-content\/uploads\/2026\/04\/Franceza_3-1024x576.jpeg\" alt class=\"wp-image-436569\"><\/a><\/figure>\n<p>Din cei <strong>11 elevi<\/strong> care au reprezentat Suceava (2 de la gimnaziu \u0219i 9 de la liceu), trei au fost distin\u0219i cu premii speciale acordate de Inspectoratul \u0218colar Jude\u021bean Neam\u021b:<\/p>\n<ul class=\"wp-block-list\">\n<li><strong>Premiu special<\/strong> \u2013 Ciolacu Ioan, clasa a VII-a intensiv, \u0218coala Gimnazial\u0103 Nr. 2 Vicovu de Sus (prof. \u00eendrum\u0103tor Ciolacu Mihaela Gabriela)<\/li>\n<li><strong>Premiu special<\/strong> \u2013 Seculte\u021b Yannis Adrian, clasa a IX-a intensiv\/bilingv, Colegiul Na\u021bional de Informatic\u0103 \u201eSpiru Haret\u201d Suceava (prof. \u00eendrum\u0103tor dr. Mihoc Mihaela Aura)<\/li>\n<li><strong>Premiu special<\/strong> \u2013 Ilisei Ana Maria, clasa a XI-a, Colegiul \u201eAlexandru cel Bun\u201d Gura Humorului (prof. \u00eendrum\u0103tor Solonaru Elena Sextilia)<\/li>\n<\/ul>\n<p>Lotul jude\u021bului Suceava a fost \u00eenso\u021bit de prof. <strong>Daniela Cornelia Sandu<\/strong> de la \u0218coala Gimnazial\u0103 Nr. 1 Suceava. Din Comisia Central\u0103 a olimpiadei a f\u0103cut parte, \u00een calitate de membru evaluator, <strong>prof. dr. Constantin Tiron<\/strong>, inspector \u0219colar pentru limbi moderne \u2013 limba francez\u0103 la Inspectoratul \u0218colar Jude\u021bean Suceava, de la Colegiul \u201eAlexandru cel Bun\u201d Gura Humorului. Acela\u0219i profesor a coordonat \u00eentregul lot sucevean.<\/p>\n<p>Chiar dac\u0103 nu to\u021bi participan\u021bii au urcat pe podium, calificarea la etapa na\u021bional\u0103 reprezint\u0103 \u00een sine o performan\u021b\u0103 remarcabil\u0103, iar experien\u021ba tr\u0103it\u0103, emo\u021biile competi\u021biei \u0219i lec\u021biile \u00eenv\u0103\u021bate sunt c\u00e2\u0219tiguri nepre\u021buite pentru fiecare elev, a transmis conducerea ISJ Suceava.<\/p>\n<div class=\"td-a-rec td-a-rec-id-content_bottom  tdi_4 td_block_template_1\"><strong>Intr\u0103 acum \u0219i \u00een grupul de <\/p>\n<div class=\"wp-block-button\"><a class=\"wp-block-button__link wp-element-button\" href=\"https:\/\/t.me\/+TH8wcfnp8fw5NWI0\">Telegram News Bucovina<\/a><\/div>\n<p><\/strong><\/div>\n<\/div>\n<p>[analyse_source url=&#8221;https:\/\/www.newsbucovina.ro\/actualitate\/436568\/olimpiada-nationala-de-limba-franceza-2026-trei-premii-speciale-pentru-elevii-suceveni-la-piatra-neamt&#8221;]<\/p>\n","protected":false},"excerpt":{"rendered":"<p>[analyse_image type=&#8221;featured&#8221; src=&#8221;https:\/\/www.newsbucovina.ro\/wp-content\/uploads\/2026\/04\/Franceza_3.jpeghttps:\/\/cdn.newsbucovina.ro\/wp-content\/uploads\/2026\/04\/Franceza_3.jpeg&#8221;] Intr\u0103 acum \u0219i \u00een grupul de Telegram News Bucovina Lotul jude\u021bului Suceava a ob\u021binut trei premii speciale la etapa na\u021bional\u0103 a Olimpiadei de Limba Francez\u0103, care s-a desf\u0103\u0219urat \u00een perioada 6-10 aprilie 2026 la Piatra Neam\u021b. Performan\u021ba vine s\u0103 confirme \u00eenc\u0103 o dat\u0103 calitatea \u00eenv\u0103\u021b\u0103m\u00e2ntului de limbi moderne din jude\u021b. Din cei [&hellip;]<\/p>\n","protected":false},"author":1,"featured_media":0,"comment_status":"open","ping_status":"","sticky":false,"template":"","format":"standard","meta":{"footnotes":""},"categories":[89],"tags":[226,165],"class_list":["post-1892286","post","type-post","status-publish","format-standard","hentry","category-romania","tag-crawlmanager","tag-newsbucovina-ro"],"_links":{"self":[{"href":"https:\/\/analyse.optim.biz\/index.php?rest_route=\/wp\/v2\/posts\/1892286","targetHints":{"allow":["GET"]}}],"collection":[{"href":"https:\/\/analyse.optim.biz\/index.php?rest_route=\/wp\/v2\/posts"}],"about":[{"href":"https:\/\/analyse.optim.biz\/index.php?rest_route=\/wp\/v2\/types\/post"}],"author":[{"embeddable":true,"href":"https:\/\/analyse.optim.biz\/index.php?rest_route=\/wp\/v2\/users\/1"}],"replies":[{"embeddable":true,"href":"https:\/\/analyse.optim.biz\/index.php?rest_route=%2Fwp%2Fv2%2Fcomments&post=1892286"}],"version-history":[{"count":0,"href":"https:\/\/analyse.optim.biz\/index.php?rest_route=\/wp\/v2\/posts\/1892286\/revisions"}],"wp:attachment":[{"href":"https:\/\/analyse.optim.biz\/index.php?rest_route=%2Fwp%2Fv2%2Fmedia&parent=1892286"}],"wp:term":[{"taxonomy":"category","embeddable":true,"href":"https:\/\/analyse.optim.biz\/index.php?rest_route=%2Fwp%2Fv2%2Fcategories&post=1892286"},{"taxonomy":"post_tag","embeddable":true,"href":"https:\/\/analyse.optim.biz\/index.php?rest_route=%2Fwp%2Fv2%2Ftags&post=1892286"}],"curies":[{"name":"wp","href":"https:\/\/api.w.org\/{rel}","templated":true}]}}