{"id":1892281,"date":"2026-04-20T09:31:03","date_gmt":"2026-04-20T06:31:03","guid":{"rendered":"https:\/\/analyse.optim.biz\/?p=1892281"},"modified":"2026-04-20T09:31:03","modified_gmt":"2026-04-20T06:31:03","slug":"radu-reziuc-primarul-de-la-mitocu-dragomirnei-trimis-in-judecata-dupa-ce-si-a-lovit-concubina-cu-pumnii-si","status":"publish","type":"post","link":"https:\/\/analyse.optim.biz\/?p=1892281","title":{"rendered":"Radu Reziuc, primarul de la Mitocu Dragomirnei, trimis \u00een judecat\u0103 dup\u0103 ce \u0219i-a lovit concubina cu pumnii \u0219i"},"content":{"rendered":"<p>[analyse_image type=&#8221;featured&#8221; src=&#8221;https:\/\/www.informatiata.ro\/wp-content\/uploads\/2023\/05\/Radu-Reziuc-primar-Mitocu-Dragomirnei.png&#8221;]<\/p>\n<div class=\"td-post-content tagdiv-type\">\n<div class=\"td-post-featured-image\"><a href=\"https:\/\/www.informatiata.ro\/wp-content\/uploads\/2023\/05\/Radu-Reziuc-primar-Mitocu-Dragomirnei.png\" data-caption><img loading=\"lazy\" decoding=\"async\" width=\"696\" height=\"392\" class=\"entry-thumb td-modal-image\" src=\"https:\/\/www.informatiata.ro\/wp-content\/uploads\/2023\/05\/Radu-Reziuc-primar-Mitocu-Dragomirnei-696x392.png\" alt title=\"Radu Reziuc, primar Mitocu Dragomirnei\"><\/a><\/div>\n<p>Radu Reziuc, primarul de la Mitocu Dragomirnei, a fost trimis \u00een judecat\u0103 dup\u0103 ce \u0219i-a lovit concubina cu pumnii \u0219i cu picioarele<\/p>\n<p>Prim-procurorul Parchetului de pe l\u00e2ng\u0103 Judec\u0103toria Suceava a anun\u021bat finalizarea cercet\u0103rilor \u0219i trimiterea \u00een judecat\u0103 a lui Radu Reziuc. <\/p>\n<div class=\"td-a-rec td-a-rec-id-content_inlineright  tdi_6 td_block_template_1\"><img loading=\"lazy\" decoding=\"async\" class=\"aligncenter size-full wp-image-64758\" src=\"https:\/\/www.informatiata.ro\/wp-content\/uploads\/2026\/04\/SAVCOM-14.gif\" alt width=\"299\" height=\"250\"><img loading=\"lazy\" decoding=\"async\" class=\"aligncenter size-full wp-image-64758\" src=\"https:\/\/www.informatiata.ro\/wp-content\/uploads\/2026\/04\/SAVCOM-14.gif\" alt width=\"299\" height=\"250\"><img loading=\"lazy\" decoding=\"async\" class=\"aligncenter size-full wp-image-64759\" src=\"https:\/\/www.informatiata.ro\/wp-content\/uploads\/2026\/04\/FACOS-12.gif\" alt width=\"300\" height=\"250\"><img loading=\"lazy\" decoding=\"async\" class=\"aligncenter size-full wp-image-64759\" src=\"https:\/\/www.informatiata.ro\/wp-content\/uploads\/2026\/04\/FACOS-12.gif\" alt width=\"300\" height=\"250\"><\/div>\n<p>Avchetatorii spun c\u0103 primarul \u0219i-ar fi lovit concubina cu pumnii \u0219i cu picioarele peste cap \u0219i corp, cauz\u00e2ndu-i leziuni traumatice care au necesitat 5-6 zile de \u00eengrijiri medicale.<\/p>\n<p>Totodat\u0103, b\u0103rbatul ar fi agresat-o \u0219i pe fiica femeii, lovind-o cu picioarele peste corp \u0219i cu o arm\u0103 cu poten\u021bial letal (pistol) \u00een zona capului, provoc\u00e2ndu-i leziuni ce au necesitat 8-9 zile de \u00eengrijiri medicale.<\/p>\n<p>Ulterior, inculpatul le-ar fi \u00eempiedicat pe cele dou\u0103 persoane v\u0103t\u0103mate s\u0103 p\u0103r\u0103seasc\u0103 imobilul p\u00e2n\u0103 diminea\u021ba, \u00een jurul orei 07:00. \u00cen tot acest timp le-ar fi \u021binut sechestrate pe cele dou\u0103. <\/p>\n<p>Acesta a fost trimis \u00een judecat\u0103 pentru:<br \/>\nviolen\u021b\u0103 \u00een familie, lovire sau alte violen\u021be \u0219i dou\u0103 infrac\u021biuni de lipsire de libertate \u00een mod ilegal.<\/p>\n<div class=\"td-a-rec td-a-rec-id-content_bottom  tdi_7 td_block_template_1\"><img loading=\"lazy\" decoding=\"async\" class=\"aligncenter size-full wp-image-64758\" src=\"https:\/\/www.informatiata.ro\/wp-content\/uploads\/2026\/04\/SAVCOM-14.gif\" alt width=\"299\" height=\"250\"><img loading=\"lazy\" decoding=\"async\" class=\"aligncenter size-full wp-image-64758\" src=\"https:\/\/www.informatiata.ro\/wp-content\/uploads\/2026\/04\/SAVCOM-14.gif\" alt width=\"299\" height=\"250\"><img loading=\"lazy\" decoding=\"async\" class=\"aligncenter size-full wp-image-64759\" src=\"https:\/\/www.informatiata.ro\/wp-content\/uploads\/2026\/04\/FACOS-12.gif\" alt width=\"300\" height=\"250\"><img loading=\"lazy\" decoding=\"async\" class=\"aligncenter size-full wp-image-64759\" src=\"https:\/\/www.informatiata.ro\/wp-content\/uploads\/2026\/04\/FACOS-12.gif\" alt width=\"300\" height=\"250\"><\/div>\n<\/div>\n<p>[analyse_source url=&#8221;https:\/\/www.informatiata.ro\/primarul-radu-reziuc-trimis-in-judecata\/&#8221;]<\/p>\n","protected":false},"excerpt":{"rendered":"<p>[analyse_image type=&#8221;featured&#8221; src=&#8221;https:\/\/www.informatiata.ro\/wp-content\/uploads\/2023\/05\/Radu-Reziuc-primar-Mitocu-Dragomirnei.png&#8221;] Radu Reziuc, primarul de la Mitocu Dragomirnei, a fost trimis \u00een judecat\u0103 dup\u0103 ce \u0219i-a lovit concubina cu pumnii \u0219i cu picioarele Prim-procurorul Parchetului de pe l\u00e2ng\u0103 Judec\u0103toria Suceava a anun\u021bat finalizarea cercet\u0103rilor \u0219i trimiterea \u00een judecat\u0103 a lui Radu Reziuc. Avchetatorii spun c\u0103 primarul \u0219i-ar fi lovit concubina cu pumnii \u0219i [&hellip;]<\/p>\n","protected":false},"author":1,"featured_media":0,"comment_status":"open","ping_status":"","sticky":false,"template":"","format":"standard","meta":{"footnotes":""},"categories":[89],"tags":[226,167],"class_list":["post-1892281","post","type-post","status-publish","format-standard","hentry","category-romania","tag-crawlmanager","tag-informatiata-ro"],"_links":{"self":[{"href":"https:\/\/analyse.optim.biz\/index.php?rest_route=\/wp\/v2\/posts\/1892281","targetHints":{"allow":["GET"]}}],"collection":[{"href":"https:\/\/analyse.optim.biz\/index.php?rest_route=\/wp\/v2\/posts"}],"about":[{"href":"https:\/\/analyse.optim.biz\/index.php?rest_route=\/wp\/v2\/types\/post"}],"author":[{"embeddable":true,"href":"https:\/\/analyse.optim.biz\/index.php?rest_route=\/wp\/v2\/users\/1"}],"replies":[{"embeddable":true,"href":"https:\/\/analyse.optim.biz\/index.php?rest_route=%2Fwp%2Fv2%2Fcomments&post=1892281"}],"version-history":[{"count":0,"href":"https:\/\/analyse.optim.biz\/index.php?rest_route=\/wp\/v2\/posts\/1892281\/revisions"}],"wp:attachment":[{"href":"https:\/\/analyse.optim.biz\/index.php?rest_route=%2Fwp%2Fv2%2Fmedia&parent=1892281"}],"wp:term":[{"taxonomy":"category","embeddable":true,"href":"https:\/\/analyse.optim.biz\/index.php?rest_route=%2Fwp%2Fv2%2Fcategories&post=1892281"},{"taxonomy":"post_tag","embeddable":true,"href":"https:\/\/analyse.optim.biz\/index.php?rest_route=%2Fwp%2Fv2%2Ftags&post=1892281"}],"curies":[{"name":"wp","href":"https:\/\/api.w.org\/{rel}","templated":true}]}}