{"id":1892274,"date":"2026-04-20T06:08:04","date_gmt":"2026-04-20T03:08:04","guid":{"rendered":"https:\/\/analyse.optim.biz\/?p=1892274"},"modified":"2026-04-20T06:08:04","modified_gmt":"2026-04-20T03:08:04","slug":"disperarea-maxima-la-paris-macron-a-convocat-o-reuniune-la-elysee-pentru-a-rupe-europa-de-sua","status":"publish","type":"post","link":"https:\/\/analyse.optim.biz\/?p=1892274","title":{"rendered":"Disperarea maxim\u0103 la Paris: Macron a convocat o reuniune la \u00c9lys\u00e9e pentru a rupe Europa de SUA"},"content":{"rendered":"<p>[analyse_image type=&#8221;featured&#8221; src=&#8221;https:\/\/ortodoxinfo.ro\/wp-content\/uploads\/2026\/04\/MDCUMWC4MT72ORSXC6CGFNKDRI.jpg&#8221;]<\/p>\n<article id=\"post-222436\" class=\"post-222436 post type-post status-publish format-standard has-post-thumbnail category-uniunea-europeana\">\n<header class=\"single-header\">\n<h1 class=\"s-title fw-headline\">Disperarea maxim\u0103 la Paris: Macron a convocat o reuniune la \u00c9lys\u00e9e pentru a rupe Europa de SUA<\/h1>\n<div class=\"single-meta meta-s-default yes-0\">\n<div class=\"smeta-in\"><a class=\"meta-el meta-avatar\" href=\"https:\/\/ortodoxinfo.ro\/author\/redactor\/\"><img loading=\"lazy\" decoding=\"async\" alt=\"OrtodoxINFO\" src=\"https:\/\/secure.gravatar.com\/avatar\/21010332354a182ce4de6016685c5586f21c51866d0ec5bc8ef383240b3c3e02?s=120&amp;r=g\" class=\"avatar avatar-120 photo\" height=\"120\" width=\"120\"><\/a><\/p>\n<div class=\"smeta-sec\">\n<div class=\"p-meta\">\n<div class=\"meta-inner is-meta\"><span class=\"meta-el meta-date\"><time datetime=\"2026-04-20T09:08:04+03:00\">20 aprilie 2026<\/time><\/span><span class=\"meta-el meta-category meta-bold\"><a class=\"meta-separate category-1538\" href=\"https:\/\/ortodoxinfo.ro\/category\/anti-sistem\/uniunea-europeana\/\">Uniunea european\u0103<\/a><\/span><span class=\"meta-el meta-view\">5.6k vizualiz\u0103ri\t\t<\/span><span class=\"meta-el meta-comment mobile-last-meta tablet-last-meta\"><a href=\"https:\/\/ortodoxinfo.ro\/2026\/04\/20\/disperarea-maxima-la-paris-macron-a-convocat-o-reuniune-la-elysee-pentru-a-rupe-europa-de-sua\/#respond\">Comentarii<\/a><\/span><\/div>\n<\/div>\n<\/div>\n<\/div>\n<div class=\"smeta-extra\">\n<div class=\"t-shared-sec tooltips-n has-read-meta is-color\">\n<div class=\"t-shared-header is-meta\"><span class=\"share-label\">Share<\/span><\/div>\n<\/div>\n<div class=\"single-right-meta single-time-read is-meta\"><span class=\"meta-el meta-read\">11 Min Read<\/span><\/div>\n<\/div>\n<\/div>\n<\/header>\n<div class=\"grid-container\">\n<div class=\"s-ct\">\n<div class=\"s-feat-outer\">\n<div class=\"s-feat\">\n<div class=\"featured-lightbox-trigger\" data-source=\"https:\/\/ortodoxinfo.ro\/wp-content\/uploads\/2026\/04\/MDCUMWC4MT72ORSXC6CGFNKDRI.jpg\" data-caption data-attribution><img fetchpriority=\"high\" decoding=\"async\" width=\"860\" height=\"537\" src=\"https:\/\/ortodoxinfo.ro\/wp-content\/uploads\/2026\/04\/MDCUMWC4MT72ORSXC6CGFNKDRI-860x537.jpg\" class=\"attachment-foxiz_crop_o1 size-foxiz_crop_o1 wp-post-image\" alt loading=\"eager\"><\/div>\n<\/div>\n<\/div>\n<div class=\"s-ct-wrap has-lsl\">\n<div class=\"s-ct-inner\">\n<div class=\"l-shared-sec-outer show-mobile\">\n<div class=\"l-shared-sec\">\n<div class=\"l-shared-header meta-text\"><span class=\"share-label\">SHARE<\/span><\/div>\n<\/div>\n<\/div>\n<div class=\"e-ct-outer\">\n<div class=\"entry-content rbct clearfix is-highlight-shares\">\n<p><strong>Reuniunea de la Palatul \u00c9lys\u00e9e din 17 aprilie 2026 reprezint\u0103 unul dintre cele mai semnificative momente diplomatice europene din ultimii ani, nu at\u00e2t prin rezultatele sale concrete, c\u00e2t prin ceea ce simbolizeaz\u0103: o Europ\u0103 care ac\u021bioneaz\u0103 deliberat \u00een afara cadrului transatlantic tradi\u021bional, asumat \u0219i f\u0103r\u0103 scuze. Faptul c\u0103 Statele Unite au fost informate de reuniune tocmai pentru a li se comunica excluderea din ea \u2014 dup\u0103 cum preciza sec \u00c9lys\u00e9e-ul \u2014 inverseaz\u0103 logica obi\u0219nuit\u0103 a consult\u0103rii aliate. Nu este o omisiune, ci un mesaj politic calculat.<\/strong><\/p>\n<div class=\"inline-single-ad ad_single_index alignfull\">\n<div class=\"ad-wrap ad-script-wrap\">\n<div class=\"ad-script non-adsense edge-padding\">\n<div>\n\u203c\ufe0f\u203c\ufe0f NU recunoa\u0219tem ca pre\u0219edinte al Rom\u00e2niei pe marioneta retard\u0103 Nicu\u0219or Dan! Rom\u00e2ni, boicota\u021bi aceast\u0103 f\u0103c\u0103tur\u0103, care ne face \u021bara de r\u00e2s! NU rom\u00e2nii l-au votat pe Nicusoro\u0219 &#8211; cu unele excep\u021bii de persoane infantile, manipulabile \u0219i chiar idioate &#8211; ci l-au ajutat Maia Soro\u0219, Emanuel Macrou \u0219i tr\u0103d\u0103torii de la B.E.C. \u0219i CCR!<br \/>\n La \u00eenchisoare cu cei care au fraudat alegerile!\n<\/div>\n<\/div>\n<\/div>\n<\/div>\n<p>Giorgia Meloni a p\u0103\u0219it \u00een costum ro\u0219u-s\u00e2nge pe treptele \u00c9lys\u00e9e-ului, \u00eent\u00e2mpinat\u0103 de un Emmanuel Macron vizibil mul\u021bumit de sine. Prezen\u021ba la Paris a pre\u0219edintei Consiliului italian \u2014 venit\u0103 s\u0103 pun\u0103 la punct o \u201emisiune interna\u021bional\u0103\u201d pentru restabilirea libert\u0103\u021bii de naviga\u021bie \u00een Str\u00e2mtoarea Hormuz \u2014 era, \u00een sine, mai mult dec\u00e2t un gest diplomatic. Era o declara\u021bie. \u201eStatele Unite sunt informate de aceast\u0103 reuniune, \u0219i sunt informate c\u0103 nu fac parte din ea.\u201d Fraza, rostit\u0103 sec de \u00c9lys\u00e9e, rezum\u0103 mai bine dec\u00e2t orice discurs starea rela\u021biei transatlantice \u00een prim\u0103vara lui 2026. Al\u0103turi de Meloni, cancelarul german Friedrich Merz \u0219i primul-ministru britanic Keir Starmer completau un tablou pe care pu\u021bini l-ar fi imaginat posibil cu doi ani \u00een urm\u0103: Europa reunit\u0103 la Paris f\u0103r\u0103 \u2014 \u0219i \u00eempotriva logicii \u2014 Washingtonului. Conferin\u021ba, coprezidat\u0103 de Fran\u021ba \u0219i Regatul Unit, a adunat liderii a aproximativ patruzeci de state, unii prezen\u021bi prin videoconferin\u021b\u0103: europeni, dar \u0219i japonezi, sud-coreeni, australieni, saudi\u021bi, canadieni. To\u021bi cu acela\u0219i scop \u2014 securizarea traficului printr-o str\u00e2mtoare paralizat\u0103 de Teheran dup\u0103 ce Israelul \u0219i Statele Unite au declan\u0219at r\u0103zboiul \u00eempotriva Iranului pe 28 februarie. Organizatorii recunosc ei \u00een\u0219i\u0219i c\u0103 aceast\u0103 coali\u021bie s-ar putea dovedi inutil\u0103: dac\u0103 ostilit\u0103\u021bile \u00eenceteaz\u0103, str\u00e2mtoarea se redeschide de la sine. Dar anun\u021bul ministrului iranian de externe Abbas Araghchi, f\u0103cut chiar \u00een ziua reuniunii \u2014 str\u00e2mtoarea va fi deschis\u0103 p\u00e2n\u0103 la expirarea armisti\u021biului, pe 21 aprilie seara \u2014 i-a oferit lui Macron argumentul de care avea nevoie. Misiunea, a declarat el, devine astfel \u201e\u0219i mai legitim\u0103.\u201d<\/p>\n<p>Prezen\u021ba celor patru lideri nu este \u00eent\u00e2mpl\u0103toare \u0219i merit\u0103 analizat\u0103 individual:<\/p>\n<p><strong>Emmanuel Macron<\/strong>\u00a0este arhitectul \u0219i beneficiarul principal al reuniunii. De ani de zile promoveaz\u0103 \u201eautonomia strategic\u0103 european\u0103\u201d \u2014 un concept tratat cu scepticism sau chiar ironie de parteneri. Acum, r\u0103zboiul din Iran \u0219i comportamentul administra\u021biei Trump i-au oferit pe tav\u0103 validarea acestei viziuni. Reuniunea \u00eei consolideaz\u0103 rolul de lider de facto al Europei continentale \u00eentr-un moment \u00een care Germania iese dintr-o perioad\u0103 lung\u0103 de paralizie politic\u0103, iar Fran\u021ba, de\u0219i sl\u0103bit\u0103 intern, r\u0103m\u00e2ne singura putere nuclear\u0103 a UE.<\/p>\n<p><strong>Friedrich Merz<\/strong>\u00a0reprezint\u0103 schimbarea cea mai spectaculoas\u0103. Germania a fost, istoric, ancora atlantismului european \u2014 loialitatea fa\u021b\u0103 de Washington era un axiom al politicii externe germane postbelice, un reflex cultivat timp de opt decenii. Prezen\u021ba lui Merz la Paris, la o reuniune explicit exclusivist\u0103 fa\u021b\u0103 de SUA, marcheaz\u0103 o ruptur\u0103 de substan\u021b\u0103, nu de form\u0103. Faptul c\u0103 el a calificat drept \u201ede dorit\u201d \u2014 nu \u201enecesar\u201d sau \u201eesen\u021bial\u201d \u2014 participarea american\u0103 la misiunea Hormuz tr\u0103deaz\u0103 tocmai aceast\u0103 pruden\u021b\u0103: Germania nu a abandonat atlantismul, dar \u0219i-a permis pentru prima dat\u0103 s\u0103 \u00eel relativizeze public.<\/p>\n<p><strong>Keir Starmer<\/strong>\u00a0se afl\u0103 \u00eentr-o pozi\u021bie structural delicat\u0103. Regatul Unit, post-Brexit, a mizat masiv pe rela\u021bia bilateral\u0103 cu Washington ca substitut al influen\u021bei europene pierdute. A se alinia Parisului \u00eempotriva Washingtonului \u00eenseamn\u0103 pentru Londra un risc dublu: \u00eenstr\u0103inarea Americii f\u0103r\u0103 garan\u021bia reintegr\u0103rii \u00een arhitectura european\u0103. \u0218i totu\u0219i, Starmer este prezent \u2014 ceea ce Timothy Garton Ash numea \u201emomentul Love Actually\u201d al liderului britanic: con\u0219tientizarea c\u0103 demnitatea \u0219i interesele na\u021bionale pot prevala asupra instinctului de a compl\u0103cea Washingtonul.<\/p>\n<p><strong>Giorgia Meloni<\/strong>\u00a0este, poate, cea mai surprinz\u0103toare prezen\u021b\u0103. Liderul italian a cultivat cu ostenta\u021bie leg\u0103tura cu Trump, plas\u00e2ndu-se ca principal intermediar european al noii administra\u021bii americane. Venirea sa la Paris este o recalibrare strategic\u0103 for\u021bat\u0103 de acumularea gesturilor americane percepute ca umilitoare \u2014 culmin\u00e2nd cu atacurile lui Trump la adresa papei Leon al XIV-lea, un \u0219oc na\u021bional \u00een Italia catolic\u0103. Meloni nu a abandonat rela\u021bia cu Trump, dar a semnalat c\u0103 aceasta nu este necondi\u021bionat\u0103.<\/p>\n<p>C\u00e2nd Emmanuel Macron a deschis videoconferin\u021ba de la \u00c9lys\u00e9e pe 17 aprilie, printre cele aproximativ patruzeci de state conectate se afla \u0219i Rom\u00e2nia. Pre\u0219edintele Nicu\u0219or Dan a participat la reuniunea privind Ini\u021biativa Interna\u021bional\u0103 pentru Libertatea de Naviga\u021bie \u00een Str\u00e2mtoarea Hormuz, al\u0103turi de lideri europeni, asiatici, din Golf \u0219i din America de Nord \u2014 to\u021bi uni\u021bi de acela\u0219i motiv: o str\u00e2mtoare paralizat\u0103 care str\u00e2nge \u0219urubul economiei mondiale.<\/p>\n<p>Nu era prima mi\u0219care a Rom\u00e2niei pe acest dosar. \u00cenc\u0103 din 20 martie, Bucure\u0219ti se al\u0103turase declara\u021biei comune semnate de Marea Britanie, Fran\u021ba, Germania, Italia, Olanda \u0219i Japonia privind libertatea de naviga\u021bie \u00een Hormuz \u2014 un semnal c\u0103 Rom\u00e2nia \u00een\u021belege miza nu ca pe o problem\u0103 \u00eendep\u0103rtat\u0103 a Orientului Mijlociu, ci ca pe una cu efecte directe acas\u0103. \u201eAl\u0103turarea Rom\u00e2niei la acest demers are loc pe fondul implica\u021biilor grave pe care \u00eenchiderea str\u00e2mtorii le are asupra pie\u021belor energetice globale, precum \u0219i asupra economiei mondiale\u201d, declara Nicu\u0219or Dan. \u201eSuntem preg\u0103ti\u021bi s\u0103 particip\u0103m la eforturile comunit\u0103\u021bii interna\u021bionale care vor conduce la men\u021binerea pre\u021burilor la un nivel suportabil pentru popula\u021bie.\u201d \u00centr-o Europ\u0103 care caut\u0103 cu tot mai mult\u0103 urgen\u021b\u0103 o voce proprie \u00een fa\u021ba unui Washington imprevizibil, conferin\u021ba coprezidat\u0103 de Fran\u021ba \u0219i Regatul Unit a conturat pentru prima dat\u0103 contururile unei \u201ea treia c\u0103i\u201d: o coali\u021bie de state nebeligerante, angajate fa\u021b\u0103 de dreptul interna\u021bional, dispuse s\u0103 contribuie la o misiune maritim\u0103 strict defensiv\u0103 de escortare a navelor comerciale prin str\u00e2mtoare, atunci c\u00e2nd condi\u021biile de securitate o vor permite. Rom\u00e2nia s-a reg\u0103sit \u00een aceast\u0103 logic\u0103. Nu ca putere naval\u0103 cu o prezen\u021b\u0103 militar\u0103 \u00een Golf, ci ca stat european care resimte concret efectele blocajului \u2014 \u00een pre\u021burile la energie, \u00een costurile de transport, \u00een infla\u021bie. Prezen\u021ba la videoconferin\u021b\u0103, de\u0219i f\u0103r\u0103 greutatea fizic\u0103 a liderilor de la Paris, a fost un semnal de aliniere la un proiect european \u00een curs de cristalizare. Misiunea Hormuz r\u0103m\u00e2ne deocamdat\u0103 mai mult un cadru politic dec\u00e2t o for\u021b\u0103 opera\u021bional\u0103. Dar pentru Rom\u00e2nia, chiar \u0219i aceast\u0103 geometrie incipient\u0103 conteaz\u0103: ea plaseaz\u0103 Bucure\u0219ti al\u0103turi de Berlin, Paris, Londra \u0219i Roma \u00eentr-un efort diplomatic care, pentru prima dat\u0103 de la \u00eenceputul r\u0103zboiului din Iran, ac\u021bioneaz\u0103 f\u0103r\u0103 \u2014 \u0219i independent de \u2014 Washington.<\/p>\n<p>Misiunea interna\u021bional\u0103 pentru libertatea de naviga\u021bie propus\u0103 la \u00c9lys\u00e9e este, \u00een esen\u021ba sa, un instrument cu trei func\u021bii simultane:<\/p>\n<p>Prima este\u00a0<strong>func\u021bia practic\u0103 imediat\u0103<\/strong>\u00a0\u2014 reducerea primelor de asigurare pentru tranzitul prin str\u00e2mtoare, care \u00eempov\u0103rau deja grav comer\u021bul mondial, \u0219i garantarea unui cadru de securitate pentru navele comerciale, independent de evolu\u021biile militare americano-iraniene.<\/p>\n<p>A doua este\u00a0<strong>func\u021bia de legitimare juridic\u0103<\/strong>\u00a0\u2014 coali\u021bia reafirm\u0103 dreptul interna\u021bional \u0219i libertatea de naviga\u021bie ca norme universale, implicit critic\u00e2nd at\u00e2t blocada american\u0103 a porturilor iraniene, c\u00e2t \u0219i minarea \u0219i atacurile iraniene, f\u0103r\u0103 a se alinia niciuneia dintre tabere.<\/p>\n<p>A treia \u0219i cea mai important\u0103 este\u00a0<strong>func\u021bia geopolitic\u0103 structural\u0103<\/strong>\u00a0\u2014 cristalizarea unei \u201ea treia c\u0103i\u201d care reune\u0219te, \u00een jurul nucleului european, puteri din Asia (Japonia, Coreea de Sud, Australia), din Golf (Arabia Saudit\u0103) \u0219i din America de Nord (Canada). Este prima \u00eencercare concret\u0103 de a institu\u021bionaliza un pol de putere care s\u0103 nu fie nici pro-Washington, nici pro-Beijing sau Teheran.<\/p>\n<p>Reuniunea nu este lipsit\u0103 de tensiuni \u0219i fragilit\u0103\u021bi structurale.<\/p>\n<p>Europa r\u0103m\u00e2ne profund dependent\u0103 de umbrela de securitate american\u0103. Niciun lider prezent la \u00c9lys\u00e9e nu a propus \u0219i nu poate propune pe termen scurt un substitut credibil pentru NATO sau pentru capacit\u0103\u021bile militare americane \u00een regiune. Declara\u021biile lui Mark Rutte despre o NATO \u201econdus\u0103 mai mult de europeni\u201d \u0219i evocarea de c\u0103tre Macron a dimensiunii europene a descuraj\u0103rii nucleare franceze sunt semnale, nu solu\u021bii. Exist\u0103 \u0219i o problem\u0103 de credibilitate temporal\u0103: ini\u021biativa vine t\u00e2rziu, \u00een ultimul an al mandatului lui Macron, c\u00e2nd influen\u021ba sa intern\u0103 este diminuat\u0103, \u0219i \u00eentr-un moment \u00een care Europa nu a reu\u0219it s\u0103 se opun\u0103 declan\u0219\u0103rii r\u0103zboiului, s\u0103 influen\u021beze negocierile nucleare sau s\u0103 protejeze str\u00e2mtoarea prin mijloace proprii. \u00cen fine, exist\u0103 riscul ca misiunea s\u0103 r\u0103m\u00e2n\u0103 pur simbolic\u0103 dac\u0103 ostilit\u0103\u021bile \u00eenceteaz\u0103 \u0219i str\u00e2mtoarea se redeschide natural \u2014 scenariu pe care \u00een\u0219i\u0219i organizatorii \u00eel recunosc ca posibil.<\/p>\n<p>Reuniunea de la \u00c9lys\u00e9e din 17 aprilie 2026 nu va fi re\u021binut\u0103 ca momentul \u00een care Europa a devenit autonom\u0103 strategic \u2014 nu are nici capacit\u0103\u021bile \u0219i nici coeziunea pentru aceasta. Va fi re\u021binut\u0103, \u00eens\u0103, ca momentul \u00een care Europa a \u00eencetat s\u0103 mai pretind\u0103 c\u0103 rela\u021bia transatlantic\u0103 func\u021bioneaz\u0103 ca \u00eenainte. Este diferen\u021ba dintre o criz\u0103 de cre\u0219tere \u0219i un divor\u021b \u2014 \u0219i din toate semnele, inclusiv pruden\u021ba persistent\u0103 a Germaniei \u0219i calculele Italiei, Europa se afl\u0103 deocamdat\u0103 \u00een prima categorie. Dar pragul psihologic \u0219i politic a fost traversat, iar revenirea la normalul de dinainte de 2025 devine, zi de zi, mai pu\u021bin probabil\u0103.<\/p>\n<p>Alexandru Grumaz<\/p>\n<\/div>\n<\/div>\n<\/div>\n<div class=\"e-shared-sec entry-sec\">\n<div class=\"e-shared-header h4\"><span>Distribuie<\/span><\/div>\n<div class=\"rbbsl tooltips-n effect-fadeout is-bg\"><a class=\"share-action share-trigger icon-facebook\" aria-label=\"Share on Facebook\" href=\"https:\/\/www.facebook.com\/sharer.php?u=https%3A%2F%2Fortodoxinfo.ro%2F2026%2F04%2F20%2Fdisperarea-maxima-la-paris-macron-a-convocat-o-reuniune-la-elysee-pentru-a-rupe-europa-de-sua%2F\" data-title=\"Facebook\" rel=\"nofollow\"><span>Facebook<\/span><\/a><a class=\"share-action share-trigger icon-twitter\" aria-label=\"Share on X\" href=\"https:\/\/twitter.com\/intent\/tweet?text=Disperarea+maxim%C4%83+la+Paris%3A+Macron+a+convocat+o+reuniune+la+%C3%89lys%C3%A9e+pentru+a+rupe+Europa+de+SUA&amp;url=https%3A%2F%2Fortodoxinfo.ro%2F2026%2F04%2F20%2Fdisperarea-maxima-la-paris-macron-a-convocat-o-reuniune-la-elysee-pentru-a-rupe-europa-de-sua%2F&amp;via=ortodoxinforo\" data-title=\"X\" rel=\"nofollow\"><span>X<\/span><\/a><a class=\"share-action icon-whatsapp is-web\" aria-label=\"Share on Whatsapp\" href=\"https:\/\/web.whatsapp.com\/send?text=Disperarea+maxim%C4%83+la+Paris%3A+Macron+a+convocat+o+reuniune+la+%C3%89lys%C3%A9e+pentru+a+rupe+Europa+de+SUA%20%E2%98%9E%20https%3A%2F%2Fortodoxinfo.ro%2F2026%2F04%2F20%2Fdisperarea-maxima-la-paris-macron-a-convocat-o-reuniune-la-elysee-pentru-a-rupe-europa-de-sua%2F\" target=\"_blank\" data-title=\"WhatsApp\" rel=\"nofollow\"><span>Whatsapp<\/span><\/a><a class=\"share-action icon-whatsapp is-mobile\" aria-label=\"Share on Whatsapp\" href=\"\/\/send?text=Disperarea+maxim%C4%83+la+Paris%3A+Macron+a+convocat+o+reuniune+la+%C3%89lys%C3%A9e+pentru+a+rupe+Europa+de+SUA%20%E2%98%9E%20https%3A%2F%2Fortodoxinfo.ro%2F2026%2F04%2F20%2Fdisperarea-maxima-la-paris-macron-a-convocat-o-reuniune-la-elysee-pentru-a-rupe-europa-de-sua%2F\" target=\"_blank\" data-title=\"WhatsApp\" rel=\"nofollow\"><span>Whatsapp<\/span><\/a><a class=\"share-action share-trigger icon-telegram\" aria-label=\"Share on Telegram\" href=\"https:\/\/t.me\/share\/?url=https%3A%2F%2Fortodoxinfo.ro%2F2026%2F04%2F20%2Fdisperarea-maxima-la-paris-macron-a-convocat-o-reuniune-la-elysee-pentru-a-rupe-europa-de-sua%2F&amp;text=Disperarea+maxim%C4%83+la+Paris%3A+Macron+a+convocat+o+reuniune+la+%C3%89lys%C3%A9e+pentru+a+rupe+Europa+de+SUA\" data-title=\"Telegram\" rel=\"nofollow\"><span>Telegram<\/span><\/a><a class=\"share-action icon-copy copy-trigger\" aria-label=\"Copy Link\" href=\"https:\/\/ortodoxinfo.ro\/2026\/04\/20\/disperarea-maxima-la-paris-macron-a-convocat-o-reuniune-la-elysee-pentru-a-rupe-europa-de-sua\/\" data-copied=\"Copied!\" data-link=\"https:\/\/ortodoxinfo.ro\/2026\/04\/20\/disperarea-maxima-la-paris-macron-a-convocat-o-reuniune-la-elysee-pentru-a-rupe-europa-de-sua\/\" rel=\"nofollow\" data-copy=\"Copy Link\"><span>Copy Link<\/span><\/a><a class=\"share-action icon-print\" aria-label=\"Print\" rel=\"nofollow\" data-title=\"Print\"><span>Print<\/span><\/a><\/div>\n<\/div>\n<\/div>\n<div id=\"tabs\" class=\"dntplgn_form_wrapper\"><span><\/p>\n<h2>\u0218tirile sunt sub cenzur\u0103! Sprijini\u021bi OrtodoxINFO!<\/h2>\n<p>Guvernul nu dore\u0219te aflarea adev\u0103rului despre lovitura de stat \u0219i \u00eengenuncherea Rom\u00e2niei. \u00cencerc\u0103m s\u0103 men\u021binem viu acest site \u0219i s\u0103 v\u0103 punem la dispozi\u021bie informa\u021bii care s\u0103 fac\u0103 lumin\u0103 \u00een cea mai mare provocare pe care o tr\u0103im. Jurnalismul independent al portalului OrtodoxINFO func\u021bioneaz\u0103 strict cu ajutorul cititorilor.<br \/>\nNe pute\u021bi sprijini printr-o <b><a href=\"https:\/\/ortodoxinfo.ro\/donatii\/\">dona\u021bie bancar\u0103<\/a> sau prin PayPal, complet\u00e2nd formularul de mai jos.<\/b><\/span><\/p>\n<ul>\n<li><a href=\"https:\/\/ortodoxinfo.ro\/2026\/04\/20\/disperarea-maxima-la-paris-macron-a-convocat-o-reuniune-la-elysee-pentru-a-rupe-europa-de-sua\/#tabs-1\">Dona\u021bie lunar\u0103<\/a><\/li>\n<li><a href=\"https:\/\/ortodoxinfo.ro\/2026\/04\/20\/disperarea-maxima-la-paris-macron-a-convocat-o-reuniune-la-elysee-pentru-a-rupe-europa-de-sua\/#tabs-2\">Doar acum<\/a><\/li>\n<\/ul>\n<div id=\"tabs-1\"><img loading=\"lazy\" decoding=\"async\" alt border=\"0\" src=\"https:\/\/www.paypalobjects.com\/en_US\/i\/scr\/pixel.gif\" width=\"1\" height=\"1\"><\/div>\n<div id=\"tabs-2\">\n<p>\t\t     \u20ac<\/p>\n<p>\t\t    <img loading=\"lazy\" decoding=\"async\" alt border=\"0\" src=\"https:\/\/www.paypalobjects.com\/en_US\/i\/scr\/pixel.gif\" width=\"1\" height=\"1\"><\/div>\n<p>Mul\u021bumim celor care ne-au ajutat p\u00e2n\u0103 acum!\n\t<\/p><\/div>\n<div class=\"comment-box-wrap entry-sec\">\n<div class=\"comment-box-header\"><span class=\"h3\">Las\u0103 un comentariu<\/span><\/div>\n<div class=\"comment-holder no-comment\">\n<div id=\"comments\" class=\"comments-area\">\n<div id=\"respond\" class=\"comment-respond\">\n<h3 id=\"reply-title\" class=\"comment-reply-title\">Las\u0103 un r\u0103spuns <small><a rel=\"nofollow\" id=\"cancel-comment-reply-link\" href=\"https:\/\/ortodoxinfo.ro\/2026\/04\/20\/disperarea-maxima-la-paris-macron-a-convocat-o-reuniune-la-elysee-pentru-a-rupe-europa-de-sua\/#respond\">Anuleaz\u0103 r\u0103spunsul<\/a><\/small><\/h3>\n<p class=\"comment-notes\"><span id=\"email-notes\">Adresa ta de email nu va fi publicat\u0103.<\/span><span class=\"required-field-message\">C\u00e2mpurile obligatorii sunt marcate cu <span class=\"required\">*<\/span><\/span><\/p>\n<\/div>\n<\/div>\n<\/div>\n<\/div>\n<\/div>\n<div class=\"sidebar-wrap single-sidebar\">\n<div class=\"sidebar-inner clearfix\">\n<div id=\"widget-post-2\" class=\"widget rb-section w-sidebar clearfix widget-post\">\n<div class=\"block-h widget-heading heading-layout-1\">\n<div class=\"heading-inner\">\n<h4 class=\"heading-title\"><span>Articole recente<\/span><\/h4>\n<\/div>\n<\/div>\n<div class=\"widget-p-listing\">\n<div class=\"p-wrap p-small p-list-small-2\" data-pid=\"222469\">\n<div class=\"feat-holder\">\n<div class=\"p-featured ratio-v1\"><a class=\"p-flink\" href=\"https:\/\/ortodoxinfo.ro\/2026\/04\/20\/teheranul-a-anuntat-ca-nu-mai-participa-la-negocierile-de-pace-de-la-islamabad-trump-lanseaza-noi-amenintari\/\" title=\"Teheranul a anun\u021bat c\u0103 nu mai particip\u0103 la negocierile de pace de la Islamabad. Trump lanseaz\u0103 noi amenin\u021b\u0103ri\"><img decoding=\"async\" width=\"150\" height=\"150\" src=\"https:\/\/ortodoxinfo.ro\/wp-content\/uploads\/2026\/04\/teheranul-a-anun-at-c-nu-mai-particip-la-negocierile-de-pace-de-la-islamabad-trump-lanseaz-noi-ameni-150x150.jpeg\" class=\"featured-img wp-post-image\" alt loading=\"lazy\"><\/a><\/div>\n<\/div>\n<div class=\"p-content\">\n<h5 class=\"entry-title\"><a class=\"p-url\" href=\"https:\/\/ortodoxinfo.ro\/2026\/04\/20\/teheranul-a-anuntat-ca-nu-mai-participa-la-negocierile-de-pace-de-la-islamabad-trump-lanseaza-noi-amenintari\/\" rel=\"bookmark\">Teheranul a anun\u021bat c\u0103 nu mai particip\u0103 la negocierile de pace de la Islamabad. Trump lanseaz\u0103 noi amenin\u021b\u0103ri<\/a><\/h5>\n<div class=\"p-meta\">\n<div class=\"meta-inner is-meta\"><span class=\"meta-el meta-date\"><time datetime=\"2026-04-20T10:34:08+03:00\">20 aprilie 2026<\/time><\/span><span class=\"meta-el meta-category meta-bold\"><a class=\"meta-separate category-20293\" href=\"https:\/\/ortodoxinfo.ro\/category\/anti-sistem\/al-iii-lea-razboi-mondial\/iran\/\">IRAN<\/a><\/span><span class=\"meta-el meta-view\">4.3k vizualiz\u0103ri\t\t<\/span><\/div>\n<\/div>\n<\/div>\n<\/div>\n<div class=\"p-wrap p-small p-list-small-2\" data-pid=\"222412\">\n<div class=\"feat-holder\">\n<div class=\"p-featured ratio-v1\"><a class=\"p-flink\" href=\"https:\/\/ortodoxinfo.ro\/2026\/04\/20\/operatiunea-nepalezii-guvernul-a-descoperit-ca-a-dat-vize-de-munca-pentru-imigratie-ilegala-si-teroristi\/\" title=\"Opera\u021biunea \u201dnepalezii\u201d. Guvernul a descoperit c\u0103 a dat vize de munc\u0103 pentru imigra\u021bie ilegal\u0103 \u0219i TERORI\u0218TI\"><img decoding=\"async\" width=\"150\" height=\"150\" src=\"https:\/\/ortodoxinfo.ro\/wp-content\/uploads\/2026\/04\/migg.webp-150x150.webp\" class=\"featured-img wp-post-image\" alt loading=\"lazy\"><\/a><\/div>\n<\/div>\n<div class=\"p-content\">\n<h5 class=\"entry-title\"><a class=\"p-url\" href=\"https:\/\/ortodoxinfo.ro\/2026\/04\/20\/operatiunea-nepalezii-guvernul-a-descoperit-ca-a-dat-vize-de-munca-pentru-imigratie-ilegala-si-teroristi\/\" rel=\"bookmark\">Opera\u021biunea \u201dnepalezii\u201d. Guvernul a descoperit c\u0103 a dat vize de munc\u0103 pentru imigra\u021bie ilegal\u0103 \u0219i TERORI\u0218TI<\/a><\/h5>\n<div class=\"p-meta\">\n<div class=\"meta-inner is-meta\"><span class=\"meta-el meta-date\"><time datetime=\"2026-04-20T08:57:46+03:00\">20 aprilie 2026<\/time><\/span><span class=\"meta-el meta-category meta-bold\"><a class=\"meta-separate category-1933\" href=\"https:\/\/ortodoxinfo.ro\/category\/anti-sistem\/globalizare\/refugiati\/\">Refugia\u021bi<\/a><\/span><span class=\"meta-el meta-view\">8.7k vizualiz\u0103ri\t\t<\/span><\/div>\n<\/div>\n<\/div>\n<\/div>\n<div class=\"p-wrap p-small p-list-small-2\" data-pid=\"222421\">\n<div class=\"feat-holder\">\n<div class=\"p-featured ratio-v1\"><a class=\"p-flink\" href=\"https:\/\/ortodoxinfo.ro\/2026\/04\/20\/rumen-radev-a-castigat-alegerile-din-bulgaria-un-lider-din-tabara-conservatorilor-anti-migratie-si-critic-al-ue-cu-deschidere-fata-de-rusia\/\" title=\"Rumen Radev a c\u00e2\u0219tigat alegerile din Bulgaria: un lider din tab\u0103ra conservatorilor, anti-migra\u021bie \u0219i critic al UE, cu deschidere fa\u021b\u0103 de Rusia\"><img decoding=\"async\" width=\"150\" height=\"150\" src=\"https:\/\/ortodoxinfo.ro\/wp-content\/uploads\/2026\/04\/rumen-radev-a-castigat-alegerile-din-bulgaria-un-lider-din-tabara-conservatorilor-anti-migratie-si-c-150x150.jpeg\" class=\"featured-img wp-post-image\" alt loading=\"lazy\"><\/a><\/div>\n<\/div>\n<div class=\"p-content\">\n<h5 class=\"entry-title\"><a class=\"p-url\" href=\"https:\/\/ortodoxinfo.ro\/2026\/04\/20\/rumen-radev-a-castigat-alegerile-din-bulgaria-un-lider-din-tabara-conservatorilor-anti-migratie-si-critic-al-ue-cu-deschidere-fata-de-rusia\/\" rel=\"bookmark\">Rumen Radev a c\u00e2\u0219tigat alegerile din Bulgaria: un lider din tab\u0103ra conservatorilor, anti-migra\u021bie \u0219i critic al UE, cu deschidere fa\u021b\u0103 de Rusia<\/a><\/h5>\n<div class=\"p-meta\">\n<div class=\"meta-inner is-meta\"><span class=\"meta-el meta-date\"><time datetime=\"2026-04-20T08:56:05+03:00\">20 aprilie 2026<\/time><\/span><span class=\"meta-el meta-category meta-bold\"><a class=\"meta-separate category-20289\" href=\"https:\/\/ortodoxinfo.ro\/category\/suveranism\/\">Suveranism<\/a><\/span><span class=\"meta-el meta-view\">3.5k vizualiz\u0103ri\t\t<\/span><\/div>\n<\/div>\n<\/div>\n<\/div>\n<div class=\"p-wrap p-small p-list-small-2\" data-pid=\"222377\">\n<div class=\"feat-holder\">\n<div class=\"p-featured ratio-v1\"><a class=\"p-flink\" href=\"https:\/\/ortodoxinfo.ro\/2026\/04\/19\/ce-ne-a-salvat-ce-a-incetat-sa-ne-mai-salveze-credinta-si-natalitate\/\" title=\"Ce ne-a salvat, ce a \u00eencetat s\u0103 ne mai salveze? Credin\u021b\u0103 \u0219i natalitate\"><img decoding=\"async\" width=\"150\" height=\"150\" src=\"https:\/\/ortodoxinfo.ro\/wp-content\/uploads\/2026\/04\/Festivalul-familiei-sept-2021-foto-Silviu-Cluci-redim_4912-150x150.jpg\" class=\"featured-img wp-post-image\" alt loading=\"lazy\"><\/a><\/div>\n<\/div>\n<div class=\"p-content\">\n<h5 class=\"entry-title\"><a class=\"p-url\" href=\"https:\/\/ortodoxinfo.ro\/2026\/04\/19\/ce-ne-a-salvat-ce-a-incetat-sa-ne-mai-salveze-credinta-si-natalitate\/\" rel=\"bookmark\">Ce ne-a salvat, ce a \u00eencetat s\u0103 ne mai salveze? Credin\u021b\u0103 \u0219i natalitate<\/a><\/h5>\n<div class=\"p-meta\">\n<div class=\"meta-inner is-meta\"><span class=\"meta-el meta-date\"><time datetime=\"2026-04-19T22:30:28+03:00\">19 aprilie 2026<\/time><\/span><span class=\"meta-el meta-category meta-bold\"><a class=\"meta-separate category-19866\" href=\"https:\/\/ortodoxinfo.ro\/category\/lupta-pentru-romania\/\">Lupt\u0103 pentru Rom\u00e2nia<\/a><\/span><span class=\"meta-el meta-view\">4.8k vizualiz\u0103ri\t\t<\/span><\/div>\n<\/div>\n<\/div>\n<\/div>\n<\/div>\n<\/div>\n<div id=\"custom_html-2\" class=\"widget_text widget rb-section w-sidebar clearfix widget_custom_html\">\n<div class=\"block-h widget-heading heading-layout-1\">\n<div class=\"heading-inner\">\n<h4 class=\"heading-title\"><span>DONA\u021aII \u00een cont bancar<\/span><\/h4>\n<\/div>\n<\/div>\n<div class=\"textwidget custom-html-widget\">\n<table class=\"donatii\">\n<tbody>\n<tr>\n<th colspan=\"2\"><strong><span>ASMIB<\/span><\/strong><\/th>\n<\/tr>\n<tr>\n<th>Cont LEI<\/th>\n<td>RO67CECEB00030RON2081955<\/td>\n<\/tr>\n<tr>\n<th>Cont EURO<\/th>\n<td>RO33CECEB000C1EUR2081978<\/td>\n<\/tr>\n<tr>\n<th>Cod SWIFT<\/th>\n<td>CECEROBU<\/td>\n<\/tr>\n<tr>\n<th colspan=\"2\"><strong>CEC BANK SA<\/strong><\/th>\n<\/tr>\n<\/tbody>\n<\/table>\n<\/div>\n<\/div>\n<\/div>\n<\/div>\n<\/div>\n<\/article>\n<div class=\"entry-content rbct clearfix is-highlight-shares\">\n<p><strong>Reuniunea de la Palatul \u00c9lys\u00e9e din 17 aprilie 2026 reprezint\u0103 unul dintre cele mai semnificative momente diplomatice europene din ultimii ani, nu at\u00e2t prin rezultatele sale concrete, c\u00e2t prin ceea ce simbolizeaz\u0103: o Europ\u0103 care ac\u021bioneaz\u0103 deliberat \u00een afara cadrului transatlantic tradi\u021bional, asumat \u0219i f\u0103r\u0103 scuze. Faptul c\u0103 Statele Unite au fost informate de reuniune tocmai pentru a li se comunica excluderea din ea \u2014 dup\u0103 cum preciza sec \u00c9lys\u00e9e-ul \u2014 inverseaz\u0103 logica obi\u0219nuit\u0103 a consult\u0103rii aliate. Nu este o omisiune, ci un mesaj politic calculat.<\/strong><\/p>\n<div class=\"inline-single-ad ad_single_index alignfull\">\n<div class=\"ad-wrap ad-script-wrap\">\n<div class=\"ad-script non-adsense edge-padding\">\n<div>\n\u203c\ufe0f\u203c\ufe0f NU recunoa\u0219tem ca pre\u0219edinte al Rom\u00e2niei pe marioneta retard\u0103 Nicu\u0219or Dan! Rom\u00e2ni, boicota\u021bi aceast\u0103 f\u0103c\u0103tur\u0103, care ne face \u021bara de r\u00e2s! NU rom\u00e2nii l-au votat pe Nicusoro\u0219 &#8211; cu unele excep\u021bii de persoane infantile, manipulabile \u0219i chiar idioate &#8211; ci l-au ajutat Maia Soro\u0219, Emanuel Macrou \u0219i tr\u0103d\u0103torii de la B.E.C. \u0219i CCR!<br \/>\n La \u00eenchisoare cu cei care au fraudat alegerile!\n<\/div>\n<\/div>\n<\/div>\n<\/div>\n<p>Giorgia Meloni a p\u0103\u0219it \u00een costum ro\u0219u-s\u00e2nge pe treptele \u00c9lys\u00e9e-ului, \u00eent\u00e2mpinat\u0103 de un Emmanuel Macron vizibil mul\u021bumit de sine. Prezen\u021ba la Paris a pre\u0219edintei Consiliului italian \u2014 venit\u0103 s\u0103 pun\u0103 la punct o \u201emisiune interna\u021bional\u0103\u201d pentru restabilirea libert\u0103\u021bii de naviga\u021bie \u00een Str\u00e2mtoarea Hormuz \u2014 era, \u00een sine, mai mult dec\u00e2t un gest diplomatic. Era o declara\u021bie. \u201eStatele Unite sunt informate de aceast\u0103 reuniune, \u0219i sunt informate c\u0103 nu fac parte din ea.\u201d Fraza, rostit\u0103 sec de \u00c9lys\u00e9e, rezum\u0103 mai bine dec\u00e2t orice discurs starea rela\u021biei transatlantice \u00een prim\u0103vara lui 2026. Al\u0103turi de Meloni, cancelarul german Friedrich Merz \u0219i primul-ministru britanic Keir Starmer completau un tablou pe care pu\u021bini l-ar fi imaginat posibil cu doi ani \u00een urm\u0103: Europa reunit\u0103 la Paris f\u0103r\u0103 \u2014 \u0219i \u00eempotriva logicii \u2014 Washingtonului. Conferin\u021ba, coprezidat\u0103 de Fran\u021ba \u0219i Regatul Unit, a adunat liderii a aproximativ patruzeci de state, unii prezen\u021bi prin videoconferin\u021b\u0103: europeni, dar \u0219i japonezi, sud-coreeni, australieni, saudi\u021bi, canadieni. To\u021bi cu acela\u0219i scop \u2014 securizarea traficului printr-o str\u00e2mtoare paralizat\u0103 de Teheran dup\u0103 ce Israelul \u0219i Statele Unite au declan\u0219at r\u0103zboiul \u00eempotriva Iranului pe 28 februarie. Organizatorii recunosc ei \u00een\u0219i\u0219i c\u0103 aceast\u0103 coali\u021bie s-ar putea dovedi inutil\u0103: dac\u0103 ostilit\u0103\u021bile \u00eenceteaz\u0103, str\u00e2mtoarea se redeschide de la sine. Dar anun\u021bul ministrului iranian de externe Abbas Araghchi, f\u0103cut chiar \u00een ziua reuniunii \u2014 str\u00e2mtoarea va fi deschis\u0103 p\u00e2n\u0103 la expirarea armisti\u021biului, pe 21 aprilie seara \u2014 i-a oferit lui Macron argumentul de care avea nevoie. Misiunea, a declarat el, devine astfel \u201e\u0219i mai legitim\u0103.\u201d<\/p>\n<p>Prezen\u021ba celor patru lideri nu este \u00eent\u00e2mpl\u0103toare \u0219i merit\u0103 analizat\u0103 individual:<\/p>\n<p><strong>Emmanuel Macron<\/strong>\u00a0este arhitectul \u0219i beneficiarul principal al reuniunii. De ani de zile promoveaz\u0103 \u201eautonomia strategic\u0103 european\u0103\u201d \u2014 un concept tratat cu scepticism sau chiar ironie de parteneri. Acum, r\u0103zboiul din Iran \u0219i comportamentul administra\u021biei Trump i-au oferit pe tav\u0103 validarea acestei viziuni. Reuniunea \u00eei consolideaz\u0103 rolul de lider de facto al Europei continentale \u00eentr-un moment \u00een care Germania iese dintr-o perioad\u0103 lung\u0103 de paralizie politic\u0103, iar Fran\u021ba, de\u0219i sl\u0103bit\u0103 intern, r\u0103m\u00e2ne singura putere nuclear\u0103 a UE.<\/p>\n<p><strong>Friedrich Merz<\/strong>\u00a0reprezint\u0103 schimbarea cea mai spectaculoas\u0103. Germania a fost, istoric, ancora atlantismului european \u2014 loialitatea fa\u021b\u0103 de Washington era un axiom al politicii externe germane postbelice, un reflex cultivat timp de opt decenii. Prezen\u021ba lui Merz la Paris, la o reuniune explicit exclusivist\u0103 fa\u021b\u0103 de SUA, marcheaz\u0103 o ruptur\u0103 de substan\u021b\u0103, nu de form\u0103. Faptul c\u0103 el a calificat drept \u201ede dorit\u201d \u2014 nu \u201enecesar\u201d sau \u201eesen\u021bial\u201d \u2014 participarea american\u0103 la misiunea Hormuz tr\u0103deaz\u0103 tocmai aceast\u0103 pruden\u021b\u0103: Germania nu a abandonat atlantismul, dar \u0219i-a permis pentru prima dat\u0103 s\u0103 \u00eel relativizeze public.<\/p>\n<p><strong>Keir Starmer<\/strong>\u00a0se afl\u0103 \u00eentr-o pozi\u021bie structural delicat\u0103. Regatul Unit, post-Brexit, a mizat masiv pe rela\u021bia bilateral\u0103 cu Washington ca substitut al influen\u021bei europene pierdute. A se alinia Parisului \u00eempotriva Washingtonului \u00eenseamn\u0103 pentru Londra un risc dublu: \u00eenstr\u0103inarea Americii f\u0103r\u0103 garan\u021bia reintegr\u0103rii \u00een arhitectura european\u0103. \u0218i totu\u0219i, Starmer este prezent \u2014 ceea ce Timothy Garton Ash numea \u201emomentul Love Actually\u201d al liderului britanic: con\u0219tientizarea c\u0103 demnitatea \u0219i interesele na\u021bionale pot prevala asupra instinctului de a compl\u0103cea Washingtonul.<\/p>\n<p><strong>Giorgia Meloni<\/strong>\u00a0este, poate, cea mai surprinz\u0103toare prezen\u021b\u0103. Liderul italian a cultivat cu ostenta\u021bie leg\u0103tura cu Trump, plas\u00e2ndu-se ca principal intermediar european al noii administra\u021bii americane. Venirea sa la Paris este o recalibrare strategic\u0103 for\u021bat\u0103 de acumularea gesturilor americane percepute ca umilitoare \u2014 culmin\u00e2nd cu atacurile lui Trump la adresa papei Leon al XIV-lea, un \u0219oc na\u021bional \u00een Italia catolic\u0103. Meloni nu a abandonat rela\u021bia cu Trump, dar a semnalat c\u0103 aceasta nu este necondi\u021bionat\u0103.<\/p>\n<p>C\u00e2nd Emmanuel Macron a deschis videoconferin\u021ba de la \u00c9lys\u00e9e pe 17 aprilie, printre cele aproximativ patruzeci de state conectate se afla \u0219i Rom\u00e2nia. Pre\u0219edintele Nicu\u0219or Dan a participat la reuniunea privind Ini\u021biativa Interna\u021bional\u0103 pentru Libertatea de Naviga\u021bie \u00een Str\u00e2mtoarea Hormuz, al\u0103turi de lideri europeni, asiatici, din Golf \u0219i din America de Nord \u2014 to\u021bi uni\u021bi de acela\u0219i motiv: o str\u00e2mtoare paralizat\u0103 care str\u00e2nge \u0219urubul economiei mondiale.<\/p>\n<p>Nu era prima mi\u0219care a Rom\u00e2niei pe acest dosar. \u00cenc\u0103 din 20 martie, Bucure\u0219ti se al\u0103turase declara\u021biei comune semnate de Marea Britanie, Fran\u021ba, Germania, Italia, Olanda \u0219i Japonia privind libertatea de naviga\u021bie \u00een Hormuz \u2014 un semnal c\u0103 Rom\u00e2nia \u00een\u021belege miza nu ca pe o problem\u0103 \u00eendep\u0103rtat\u0103 a Orientului Mijlociu, ci ca pe una cu efecte directe acas\u0103. \u201eAl\u0103turarea Rom\u00e2niei la acest demers are loc pe fondul implica\u021biilor grave pe care \u00eenchiderea str\u00e2mtorii le are asupra pie\u021belor energetice globale, precum \u0219i asupra economiei mondiale\u201d, declara Nicu\u0219or Dan. \u201eSuntem preg\u0103ti\u021bi s\u0103 particip\u0103m la eforturile comunit\u0103\u021bii interna\u021bionale care vor conduce la men\u021binerea pre\u021burilor la un nivel suportabil pentru popula\u021bie.\u201d \u00centr-o Europ\u0103 care caut\u0103 cu tot mai mult\u0103 urgen\u021b\u0103 o voce proprie \u00een fa\u021ba unui Washington imprevizibil, conferin\u021ba coprezidat\u0103 de Fran\u021ba \u0219i Regatul Unit a conturat pentru prima dat\u0103 contururile unei \u201ea treia c\u0103i\u201d: o coali\u021bie de state nebeligerante, angajate fa\u021b\u0103 de dreptul interna\u021bional, dispuse s\u0103 contribuie la o misiune maritim\u0103 strict defensiv\u0103 de escortare a navelor comerciale prin str\u00e2mtoare, atunci c\u00e2nd condi\u021biile de securitate o vor permite. Rom\u00e2nia s-a reg\u0103sit \u00een aceast\u0103 logic\u0103. Nu ca putere naval\u0103 cu o prezen\u021b\u0103 militar\u0103 \u00een Golf, ci ca stat european care resimte concret efectele blocajului \u2014 \u00een pre\u021burile la energie, \u00een costurile de transport, \u00een infla\u021bie. Prezen\u021ba la videoconferin\u021b\u0103, de\u0219i f\u0103r\u0103 greutatea fizic\u0103 a liderilor de la Paris, a fost un semnal de aliniere la un proiect european \u00een curs de cristalizare. Misiunea Hormuz r\u0103m\u00e2ne deocamdat\u0103 mai mult un cadru politic dec\u00e2t o for\u021b\u0103 opera\u021bional\u0103. Dar pentru Rom\u00e2nia, chiar \u0219i aceast\u0103 geometrie incipient\u0103 conteaz\u0103: ea plaseaz\u0103 Bucure\u0219ti al\u0103turi de Berlin, Paris, Londra \u0219i Roma \u00eentr-un efort diplomatic care, pentru prima dat\u0103 de la \u00eenceputul r\u0103zboiului din Iran, ac\u021bioneaz\u0103 f\u0103r\u0103 \u2014 \u0219i independent de \u2014 Washington.<\/p>\n<p>Misiunea interna\u021bional\u0103 pentru libertatea de naviga\u021bie propus\u0103 la \u00c9lys\u00e9e este, \u00een esen\u021ba sa, un instrument cu trei func\u021bii simultane:<\/p>\n<p>Prima este\u00a0<strong>func\u021bia practic\u0103 imediat\u0103<\/strong>\u00a0\u2014 reducerea primelor de asigurare pentru tranzitul prin str\u00e2mtoare, care \u00eempov\u0103rau deja grav comer\u021bul mondial, \u0219i garantarea unui cadru de securitate pentru navele comerciale, independent de evolu\u021biile militare americano-iraniene.<\/p>\n<p>A doua este\u00a0<strong>func\u021bia de legitimare juridic\u0103<\/strong>\u00a0\u2014 coali\u021bia reafirm\u0103 dreptul interna\u021bional \u0219i libertatea de naviga\u021bie ca norme universale, implicit critic\u00e2nd at\u00e2t blocada american\u0103 a porturilor iraniene, c\u00e2t \u0219i minarea \u0219i atacurile iraniene, f\u0103r\u0103 a se alinia niciuneia dintre tabere.<\/p>\n<p>A treia \u0219i cea mai important\u0103 este\u00a0<strong>func\u021bia geopolitic\u0103 structural\u0103<\/strong>\u00a0\u2014 cristalizarea unei \u201ea treia c\u0103i\u201d care reune\u0219te, \u00een jurul nucleului european, puteri din Asia (Japonia, Coreea de Sud, Australia), din Golf (Arabia Saudit\u0103) \u0219i din America de Nord (Canada). Este prima \u00eencercare concret\u0103 de a institu\u021bionaliza un pol de putere care s\u0103 nu fie nici pro-Washington, nici pro-Beijing sau Teheran.<\/p>\n<p>Reuniunea nu este lipsit\u0103 de tensiuni \u0219i fragilit\u0103\u021bi structurale.<\/p>\n<p>Europa r\u0103m\u00e2ne profund dependent\u0103 de umbrela de securitate american\u0103. Niciun lider prezent la \u00c9lys\u00e9e nu a propus \u0219i nu poate propune pe termen scurt un substitut credibil pentru NATO sau pentru capacit\u0103\u021bile militare americane \u00een regiune. Declara\u021biile lui Mark Rutte despre o NATO \u201econdus\u0103 mai mult de europeni\u201d \u0219i evocarea de c\u0103tre Macron a dimensiunii europene a descuraj\u0103rii nucleare franceze sunt semnale, nu solu\u021bii. Exist\u0103 \u0219i o problem\u0103 de credibilitate temporal\u0103: ini\u021biativa vine t\u00e2rziu, \u00een ultimul an al mandatului lui Macron, c\u00e2nd influen\u021ba sa intern\u0103 este diminuat\u0103, \u0219i \u00eentr-un moment \u00een care Europa nu a reu\u0219it s\u0103 se opun\u0103 declan\u0219\u0103rii r\u0103zboiului, s\u0103 influen\u021beze negocierile nucleare sau s\u0103 protejeze str\u00e2mtoarea prin mijloace proprii. \u00cen fine, exist\u0103 riscul ca misiunea s\u0103 r\u0103m\u00e2n\u0103 pur simbolic\u0103 dac\u0103 ostilit\u0103\u021bile \u00eenceteaz\u0103 \u0219i str\u00e2mtoarea se redeschide natural \u2014 scenariu pe care \u00een\u0219i\u0219i organizatorii \u00eel recunosc ca posibil.<\/p>\n<p>Reuniunea de la \u00c9lys\u00e9e din 17 aprilie 2026 nu va fi re\u021binut\u0103 ca momentul \u00een care Europa a devenit autonom\u0103 strategic \u2014 nu are nici capacit\u0103\u021bile \u0219i nici coeziunea pentru aceasta. Va fi re\u021binut\u0103, \u00eens\u0103, ca momentul \u00een care Europa a \u00eencetat s\u0103 mai pretind\u0103 c\u0103 rela\u021bia transatlantic\u0103 func\u021bioneaz\u0103 ca \u00eenainte. Este diferen\u021ba dintre o criz\u0103 de cre\u0219tere \u0219i un divor\u021b \u2014 \u0219i din toate semnele, inclusiv pruden\u021ba persistent\u0103 a Germaniei \u0219i calculele Italiei, Europa se afl\u0103 deocamdat\u0103 \u00een prima categorie. Dar pragul psihologic \u0219i politic a fost traversat, iar revenirea la normalul de dinainte de 2025 devine, zi de zi, mai pu\u021bin probabil\u0103.<\/p>\n<p>Alexandru Grumaz<\/p>\n<\/div>\n<p>[analyse_source url=&#8221;https:\/\/ortodoxinfo.ro\/2026\/04\/20\/disperarea-maxima-la-paris-macron-a-convocat-o-reuniune-la-elysee-pentru-a-rupe-europa-de-sua\/&#8221;]<\/p>\n","protected":false},"excerpt":{"rendered":"<p>[analyse_image type=&#8221;featured&#8221; src=&#8221;https:\/\/ortodoxinfo.ro\/wp-content\/uploads\/2026\/04\/MDCUMWC4MT72ORSXC6CGFNKDRI.jpg&#8221;] Disperarea maxim\u0103 la Paris: Macron a convocat o reuniune la \u00c9lys\u00e9e pentru a rupe Europa de SUA 20 aprilie 2026Uniunea european\u01035.6k vizualiz\u0103ri Comentarii Share 11 Min Read SHARE Reuniunea de la Palatul \u00c9lys\u00e9e din 17 aprilie 2026 reprezint\u0103 unul dintre cele mai semnificative momente diplomatice europene din ultimii ani, nu at\u00e2t prin [&hellip;]<\/p>\n","protected":false},"author":1,"featured_media":0,"comment_status":"open","ping_status":"","sticky":false,"template":"","format":"standard","meta":{"footnotes":""},"categories":[89],"tags":[226,94],"class_list":["post-1892274","post","type-post","status-publish","format-standard","hentry","category-romania","tag-crawlmanager","tag-ortodoxinfo-ro"],"_links":{"self":[{"href":"https:\/\/analyse.optim.biz\/index.php?rest_route=\/wp\/v2\/posts\/1892274","targetHints":{"allow":["GET"]}}],"collection":[{"href":"https:\/\/analyse.optim.biz\/index.php?rest_route=\/wp\/v2\/posts"}],"about":[{"href":"https:\/\/analyse.optim.biz\/index.php?rest_route=\/wp\/v2\/types\/post"}],"author":[{"embeddable":true,"href":"https:\/\/analyse.optim.biz\/index.php?rest_route=\/wp\/v2\/users\/1"}],"replies":[{"embeddable":true,"href":"https:\/\/analyse.optim.biz\/index.php?rest_route=%2Fwp%2Fv2%2Fcomments&post=1892274"}],"version-history":[{"count":0,"href":"https:\/\/analyse.optim.biz\/index.php?rest_route=\/wp\/v2\/posts\/1892274\/revisions"}],"wp:attachment":[{"href":"https:\/\/analyse.optim.biz\/index.php?rest_route=%2Fwp%2Fv2%2Fmedia&parent=1892274"}],"wp:term":[{"taxonomy":"category","embeddable":true,"href":"https:\/\/analyse.optim.biz\/index.php?rest_route=%2Fwp%2Fv2%2Fcategories&post=1892274"},{"taxonomy":"post_tag","embeddable":true,"href":"https:\/\/analyse.optim.biz\/index.php?rest_route=%2Fwp%2Fv2%2Ftags&post=1892274"}],"curies":[{"name":"wp","href":"https:\/\/api.w.org\/{rel}","templated":true}]}}