{"id":1892273,"date":"2026-04-20T05:56:05","date_gmt":"2026-04-20T02:56:05","guid":{"rendered":"https:\/\/analyse.optim.biz\/?p=1892273"},"modified":"2026-04-20T05:56:05","modified_gmt":"2026-04-20T02:56:05","slug":"rumen-radev-a-castigat-alegerile-din-bulgaria-un-lider-din-tabara-conservatorilor-anti-migratie-si-critic-al-ue-cu-deschidere-fata-de-rusia","status":"publish","type":"post","link":"https:\/\/analyse.optim.biz\/?p=1892273","title":{"rendered":"Rumen Radev a c\u00e2\u0219tigat alegerile din Bulgaria: un lider din tab\u0103ra conservatorilor, anti-migra\u021bie \u0219i critic al UE, cu deschidere fa\u021b\u0103 de Rusia"},"content":{"rendered":"<p>[analyse_image type=&#8221;featured&#8221; src=&#8221;https:\/\/ortodoxinfo.ro\/wp-content\/uploads\/2026\/04\/rumen-radev-a-castigat-alegerile-din-bulgaria-un-lider-din-tabara-conservatorilor-anti-migratie-si-c.jpeg&#8221;]<\/p>\n<article id=\"post-222421\" class=\"post-222421 post type-post status-publish format-standard has-post-thumbnail category-suveranism\">\n<header class=\"single-header\">\n<h1 class=\"s-title fw-headline\">Rumen Radev a c\u00e2\u0219tigat alegerile din Bulgaria: un lider din tab\u0103ra conservatorilor, anti-migra\u021bie \u0219i critic al UE, cu deschidere fa\u021b\u0103 de Rusia<\/h1>\n<div class=\"single-meta meta-s-default yes-0\">\n<div class=\"smeta-in\"><a class=\"meta-el meta-avatar\" href=\"https:\/\/ortodoxinfo.ro\/author\/redactor\/\"><img loading=\"lazy\" decoding=\"async\" alt=\"OrtodoxINFO\" src=\"https:\/\/secure.gravatar.com\/avatar\/21010332354a182ce4de6016685c5586f21c51866d0ec5bc8ef383240b3c3e02?s=120&amp;r=g\" class=\"avatar avatar-120 photo\" height=\"120\" width=\"120\"><\/a><\/p>\n<div class=\"smeta-sec\">\n<div class=\"p-meta\">\n<div class=\"meta-inner is-meta\"><span class=\"meta-el meta-date\"><time datetime=\"2026-04-20T08:56:05+03:00\">20 aprilie 2026<\/time><\/span><span class=\"meta-el meta-category meta-bold\"><a class=\"meta-separate category-20289\" href=\"https:\/\/ortodoxinfo.ro\/category\/suveranism\/\">Suveranism<\/a><\/span><span class=\"meta-el meta-view\">3.5k vizualiz\u0103ri\t\t<\/span><span class=\"meta-el meta-comment mobile-last-meta tablet-last-meta\"><a href=\"https:\/\/ortodoxinfo.ro\/2026\/04\/20\/rumen-radev-a-castigat-alegerile-din-bulgaria-un-lider-din-tabara-conservatorilor-anti-migratie-si-critic-al-ue-cu-deschidere-fata-de-rusia\/#respond\">Comentarii<\/a><\/span><\/div>\n<\/div>\n<\/div>\n<\/div>\n<div class=\"smeta-extra\">\n<div class=\"t-shared-sec tooltips-n has-read-meta is-color\">\n<div class=\"t-shared-header is-meta\"><span class=\"share-label\">Share<\/span><\/div>\n<\/div>\n<div class=\"single-right-meta single-time-read is-meta\"><span class=\"meta-el meta-read\">5 Min Read<\/span><\/div>\n<\/div>\n<\/div>\n<\/header>\n<div class=\"grid-container\">\n<div class=\"s-ct\">\n<div class=\"s-feat-outer\">\n<div class=\"s-feat\">\n<div class=\"featured-lightbox-trigger\" data-source=\"https:\/\/ortodoxinfo.ro\/wp-content\/uploads\/2026\/04\/rumen-radev-a-castigat-alegerile-din-bulgaria-un-lider-din-tabara-conservatorilor-anti-migratie-si-c.jpeg\" data-caption data-attribution><img fetchpriority=\"high\" decoding=\"async\" width=\"860\" height=\"452\" src=\"https:\/\/ortodoxinfo.ro\/wp-content\/uploads\/2026\/04\/rumen-radev-a-castigat-alegerile-din-bulgaria-un-lider-din-tabara-conservatorilor-anti-migratie-si-c-860x452.jpeg\" class=\"attachment-foxiz_crop_o1 size-foxiz_crop_o1 wp-post-image\" alt loading=\"eager\"><\/div>\n<\/div>\n<\/div>\n<div class=\"s-ct-wrap has-lsl\">\n<div class=\"s-ct-inner\">\n<div class=\"l-shared-sec-outer show-mobile\">\n<div class=\"l-shared-sec\">\n<div class=\"l-shared-header meta-text\"><span class=\"share-label\">SHARE<\/span><\/div>\n<\/div>\n<\/div>\n<div class=\"e-ct-outer\">\n<div class=\"entry-content rbct clearfix is-highlight-shares\">\n<p><strong>Fostul pre\u0219edinte Rumen Radev a c\u00e2\u0219tigat alegerile legislative din Bulgaria cu 38% din voturi, consolid\u00e2nd ascensiunea unei tabere politice apropiate de cea a lui Viktor Orb\u00e1n \u00een Ungaria \u0219i Robert Fico \u00een Slovacia. Sus\u021bin\u0103tor al unor politici restrictive \u00een materie de migra\u021bie, critic al direc\u021biei actuale a Uniunii Europene \u0219i favorabil relu\u0103rii unui dialog pragmatic cu Moscova, Radev \u00ee\u0219i asum\u0103 o linie politic\u0103 aflat\u0103 \u00een opozi\u021bie direct\u0103 cu mainstream-ul pro-european de la Bruxelles. Rezultatul deschide o perioad\u0103 de incertitudine politic\u0103, \u00een care noul lider trebuie s\u0103 construiasc\u0103 o majoritate parlamentar\u0103 \u00eentr-un peisaj profund fragmentat, conform <a href=\"https:\/\/www.letemps.ch\/monde\/l-ex-president-roumen-radev-sort-en-tete-des-elections-legislatives-en-bulgarie-le-pays-fait-face-a-une-nouvelle-equation-politique\" target=\"_blank\" rel=\"noopener\">Le Temps<\/a>.<\/strong><\/p>\n<div class=\"inline-single-ad ad_single_index alignfull\">\n<div class=\"ad-wrap ad-script-wrap\">\n<div class=\"ad-script non-adsense edge-padding\">\n<div>\n\u203c\ufe0f\u203c\ufe0f NU recunoa\u0219tem ca pre\u0219edinte al Rom\u00e2niei pe marioneta retard\u0103 Nicu\u0219or Dan! Rom\u00e2ni, boicota\u021bi aceast\u0103 f\u0103c\u0103tur\u0103, care ne face \u021bara de r\u00e2s! NU rom\u00e2nii l-au votat pe Nicusoro\u0219 &#8211; cu unele excep\u021bii de persoane infantile, manipulabile \u0219i chiar idioate &#8211; ci l-au ajutat Maia Soro\u0219, Emanuel Macrou \u0219i tr\u0103d\u0103torii de la B.E.C. \u0219i CCR!<br \/>\n La \u00eenchisoare cu cei care au fraudat alegerile!\n<\/div>\n<\/div>\n<\/div>\n<\/div>\n<p>Cu 38% din voturi, coali\u021bia lui Rumen Radev \u00eei devanseaz\u0103 net pe rivali la finalul celui de-al optulea scrutin din ultimii cinci ani. \u00cens\u0103 liderul cu pozi\u021bii pro-ruse \u0219i anti-elite va fi nevoit s\u0103 g\u0103seasc\u0103 alia\u021bi pentru a guverna cel mai s\u0103rac stat membru al Uniunii Europene.<\/p>\n<p>Coali\u021bia <em>Bulgaria Democrat\u0103<\/em>, condus\u0103 de fostul pre\u0219edinte Rumen Radev, s-a clasat deta\u0219at pe primul loc la alegerile legislative de duminic\u0103, cu 38% din voturi, potrivit sondajelor la ie\u0219irea de la urne. Forma\u021biunea trebuie acum s\u0103 \u00ee\u0219i asigure o majoritate \u00een parlamentul format din 240 de locuri.<\/p>\n<p>Conservatorii (GERB) ai fostului premier Boiko Borisov, afla\u021bi la conducerea guvernului precedent, s-au situat pe locul al doilea cu 16% din voturi, urma\u021bi de liberalii din PP-DB (14%).<\/p>\n<p>Rezultatul redeseneaz\u0103 configura\u021bia politic\u0103 necesar\u0103 form\u0103rii unui guvern \u00een aceast\u0103 \u021bar\u0103 balcanic\u0103, aflat\u0103 la al optulea scrutin \u00een cinci ani, chiar dac\u0103 Rumen Radev, \u00een v\u00e2rst\u0103 de 62 de ani, nu a desemnat \u00eenc\u0103 niciun partener de coali\u021bie. La sediul partidului s\u0103u, acesta a fost \u00eent\u00e2mpinat de aplauzele echipei sale. \u201eA ob\u021binut de dou\u0103 ori mai mult sprijin dec\u00e2t GERB, care \u00eenregistreaz\u0103 un scor mult mai slab dec\u00e2t se a\u0219tepta\u201d, a declarat pentru AFP Boryana Dimitrova, de la institutul de sondare Alpha Research.<\/p>\n<p>Potrivit acesteia, discu\u021biile privind scenariile de guvernare vor fi posibile doar dup\u0103 clarificarea num\u0103rului de partide care trec pragul electoral de 4% pentru intrarea \u00een noul parlament. Radev \u201ea atras o parte din electoratul partidului pro-Kremlin Vazrazhdane\u201d, datorit\u0103 pozi\u021biilor sale pro-ruse \u0219i anti-elite, a explicat politologul Teodor Slavev pentru AFP.<\/p>\n<p>Fost general al for\u021belor aeriene, Radev \u00ee\u0219i propune s\u0103 pun\u0103 cap\u0103t crizei politice care afecteaz\u0103 din 2021 cel mai s\u0103rac stat membru al Uniunii Europene. Proteste masive anticorup\u021bie au dus atunci la c\u0103derea conservatorului Boiko Borisov, aflat la putere timp de aproape zece ani, iar de atunci s-au succedat guverne fragile de coali\u021bie.<\/p>\n<p><strong>\u201eRela\u021bii pragmatice\u201d cu Moscova<\/strong><\/p>\n<p>Rumen Radev a sus\u021binut deschis manifesta\u021biile, iar dup\u0103 ce a votat la Sofia a declarat c\u0103 Bulgaria are \u201eo \u0219ans\u0103 istoric\u0103 de a rupe definitiv cu modelul oligarhic\u201d. Favorabil relu\u0103rii dialogului cu Moscova, el a afirmat \u0219i c\u0103 \u00ee\u0219i dore\u0219te \u201erela\u021bii pragmatice cu Rusia, bazate pe respect reciproc\u201d.<\/p>\n<p>La conducerea statului \u00eentre 2017 \u0219i 2026, acesta a demisionat \u00een ianuarie pentru a candida la legislative. Critic al politicii energetice a UE, el a declarat c\u0103 \u00eemp\u0103rt\u0103\u0219e\u0219te pozi\u021biile Ungariei \u0219i Slovaciei privind livr\u0103rile de arme c\u0103tre Ucraina, consider\u00e2nd c\u0103 \u201enu vede interesul pentru o \u021bar\u0103 s\u0103rac\u0103 de a pl\u0103ti acest cost\u201d.<\/p>\n<p>Totu\u0219i, a \u021binut s\u0103 precizeze vineri, la televiziunea bTV, c\u0103 nu va \u201eimpune veto\u201d la Bruxelles, con\u0219tient de beneficiile apartenen\u021bei Bulgariei, stat cu 6,5 milioane de locuitori, la blocul comunitar din 2007.<\/p>\n<p><strong>Formarea unei majorit\u0103\u021bi r\u0103m\u00e2ne incert\u0103<\/strong><\/p>\n<p>Radev, care trebuie acum s\u0103 construiasc\u0103 o majoritate \u00een parlamentul de 240 de locuri, a exclus \u00eenainte de alegeri o alian\u021b\u0103 cu Boiko Borisov, invoc\u00e2nd \u201edezacorduri privind corup\u021bia\u201d. \u00cen ceea ce prive\u0219te PP-DB, el nu respinge complet colaborarea, dar nu \u00eemp\u0103rt\u0103\u0219e\u0219te viziunea sa asupra \u201eproblemelor geopolitice\u201d, a subliniat Boryana Dimitrova.<\/p>\n<p>Dup\u0103 ce a votat \u00een ora\u0219ul natal Bankya, din apropierea Sofiei, Boiko Borisov a reamintit \u201epozi\u021bia extrem de pro-european\u0103\u201d a partidului s\u0103u, subliniind sprijinul pentru Ucraina \u0219i pentru Bruxelles.<\/p>\n<p>\u00cen ultimele s\u0103pt\u0103m\u00e2ni, poli\u021bia a intensificat opera\u021biunile \u0219i a confiscat peste un milion de euro, bani despre care autorit\u0103\u021bile sus\u021bin c\u0103 erau destina\u021bi influen\u021b\u0103rii votului. Sute de persoane au fost arestate, inclusiv consilieri locali \u0219i primari. Forma\u021biunile politice au \u00eendemnat aleg\u0103torii s\u0103 participe masiv la vot pentru a reduce impactul voturilor cump\u0103rate.<\/p>\n<\/div>\n<\/div>\n<\/div>\n<div class=\"e-shared-sec entry-sec\">\n<div class=\"e-shared-header h4\"><span>Distribuie<\/span><\/div>\n<div class=\"rbbsl tooltips-n effect-fadeout is-bg\"><a class=\"share-action share-trigger icon-facebook\" aria-label=\"Share on Facebook\" href=\"https:\/\/www.facebook.com\/sharer.php?u=https%3A%2F%2Fortodoxinfo.ro%2F2026%2F04%2F20%2Frumen-radev-a-castigat-alegerile-din-bulgaria-un-lider-din-tabara-conservatorilor-anti-migratie-si-critic-al-ue-cu-deschidere-fata-de-rusia%2F\" data-title=\"Facebook\" rel=\"nofollow\"><span>Facebook<\/span><\/a><a class=\"share-action share-trigger icon-twitter\" aria-label=\"Share on X\" href=\"https:\/\/twitter.com\/intent\/tweet?text=Rumen+Radev+a+c%C3%A2%C8%99tigat+alegerile+din+Bulgaria%3A+un+lider+din+tab%C4%83ra+conservatorilor%2C+anti-migra%C8%9Bie+%C8%99i+critic+al+UE%2C+cu+deschidere+fa%C8%9B%C4%83+de+Rusia&amp;url=https%3A%2F%2Fortodoxinfo.ro%2F2026%2F04%2F20%2Frumen-radev-a-castigat-alegerile-din-bulgaria-un-lider-din-tabara-conservatorilor-anti-migratie-si-critic-al-ue-cu-deschidere-fata-de-rusia%2F&amp;via=ortodoxinforo\" data-title=\"X\" rel=\"nofollow\"><span>X<\/span><\/a><a class=\"share-action icon-whatsapp is-web\" aria-label=\"Share on Whatsapp\" href=\"https:\/\/web.whatsapp.com\/send?text=Rumen+Radev+a+c%C3%A2%C8%99tigat+alegerile+din+Bulgaria%3A+un+lider+din+tab%C4%83ra+conservatorilor%2C+anti-migra%C8%9Bie+%C8%99i+critic+al+UE%2C+cu+deschidere+fa%C8%9B%C4%83+de+Rusia%20%E2%98%9E%20https%3A%2F%2Fortodoxinfo.ro%2F2026%2F04%2F20%2Frumen-radev-a-castigat-alegerile-din-bulgaria-un-lider-din-tabara-conservatorilor-anti-migratie-si-critic-al-ue-cu-deschidere-fata-de-rusia%2F\" target=\"_blank\" data-title=\"WhatsApp\" rel=\"nofollow\"><span>Whatsapp<\/span><\/a><a class=\"share-action icon-whatsapp is-mobile\" aria-label=\"Share on Whatsapp\" href=\"\/\/send?text=Rumen+Radev+a+c%C3%A2%C8%99tigat+alegerile+din+Bulgaria%3A+un+lider+din+tab%C4%83ra+conservatorilor%2C+anti-migra%C8%9Bie+%C8%99i+critic+al+UE%2C+cu+deschidere+fa%C8%9B%C4%83+de+Rusia%20%E2%98%9E%20https%3A%2F%2Fortodoxinfo.ro%2F2026%2F04%2F20%2Frumen-radev-a-castigat-alegerile-din-bulgaria-un-lider-din-tabara-conservatorilor-anti-migratie-si-critic-al-ue-cu-deschidere-fata-de-rusia%2F\" target=\"_blank\" data-title=\"WhatsApp\" rel=\"nofollow\"><span>Whatsapp<\/span><\/a><a class=\"share-action share-trigger icon-telegram\" aria-label=\"Share on Telegram\" href=\"https:\/\/t.me\/share\/?url=https%3A%2F%2Fortodoxinfo.ro%2F2026%2F04%2F20%2Frumen-radev-a-castigat-alegerile-din-bulgaria-un-lider-din-tabara-conservatorilor-anti-migratie-si-critic-al-ue-cu-deschidere-fata-de-rusia%2F&amp;text=Rumen+Radev+a+c%C3%A2%C8%99tigat+alegerile+din+Bulgaria%3A+un+lider+din+tab%C4%83ra+conservatorilor%2C+anti-migra%C8%9Bie+%C8%99i+critic+al+UE%2C+cu+deschidere+fa%C8%9B%C4%83+de+Rusia\" data-title=\"Telegram\" rel=\"nofollow\"><span>Telegram<\/span><\/a><a class=\"share-action icon-copy copy-trigger\" aria-label=\"Copy Link\" href=\"https:\/\/ortodoxinfo.ro\/2026\/04\/20\/rumen-radev-a-castigat-alegerile-din-bulgaria-un-lider-din-tabara-conservatorilor-anti-migratie-si-critic-al-ue-cu-deschidere-fata-de-rusia\/\" data-copied=\"Copied!\" data-link=\"https:\/\/ortodoxinfo.ro\/2026\/04\/20\/rumen-radev-a-castigat-alegerile-din-bulgaria-un-lider-din-tabara-conservatorilor-anti-migratie-si-critic-al-ue-cu-deschidere-fata-de-rusia\/\" rel=\"nofollow\" data-copy=\"Copy Link\"><span>Copy Link<\/span><\/a><a class=\"share-action icon-print\" aria-label=\"Print\" rel=\"nofollow\" data-title=\"Print\"><span>Print<\/span><\/a><\/div>\n<\/div>\n<\/div>\n<div id=\"tabs\" class=\"dntplgn_form_wrapper\"><span><\/p>\n<h2>\u0218tirile sunt sub cenzur\u0103! Sprijini\u021bi OrtodoxINFO!<\/h2>\n<p>Guvernul nu dore\u0219te aflarea adev\u0103rului despre lovitura de stat \u0219i \u00eengenuncherea Rom\u00e2niei. \u00cencerc\u0103m s\u0103 men\u021binem viu acest site \u0219i s\u0103 v\u0103 punem la dispozi\u021bie informa\u021bii care s\u0103 fac\u0103 lumin\u0103 \u00een cea mai mare provocare pe care o tr\u0103im. Jurnalismul independent al portalului OrtodoxINFO func\u021bioneaz\u0103 strict cu ajutorul cititorilor.<br \/>\nNe pute\u021bi sprijini printr-o <b><a href=\"https:\/\/ortodoxinfo.ro\/donatii\/\">dona\u021bie bancar\u0103<\/a> sau prin PayPal, complet\u00e2nd formularul de mai jos.<\/b><\/span><\/p>\n<ul>\n<li><a href=\"https:\/\/ortodoxinfo.ro\/2026\/04\/20\/rumen-radev-a-castigat-alegerile-din-bulgaria-un-lider-din-tabara-conservatorilor-anti-migratie-si-critic-al-ue-cu-deschidere-fata-de-rusia\/#tabs-1\">Dona\u021bie lunar\u0103<\/a><\/li>\n<li><a href=\"https:\/\/ortodoxinfo.ro\/2026\/04\/20\/rumen-radev-a-castigat-alegerile-din-bulgaria-un-lider-din-tabara-conservatorilor-anti-migratie-si-critic-al-ue-cu-deschidere-fata-de-rusia\/#tabs-2\">Doar acum<\/a><\/li>\n<\/ul>\n<div id=\"tabs-1\"><img loading=\"lazy\" decoding=\"async\" alt border=\"0\" src=\"https:\/\/www.paypalobjects.com\/en_US\/i\/scr\/pixel.gif\" width=\"1\" height=\"1\"><\/div>\n<div id=\"tabs-2\">\n<p>\t\t     \u20ac<\/p>\n<p>\t\t    <img loading=\"lazy\" decoding=\"async\" alt border=\"0\" src=\"https:\/\/www.paypalobjects.com\/en_US\/i\/scr\/pixel.gif\" width=\"1\" height=\"1\"><\/div>\n<p>Mul\u021bumim celor care ne-au ajutat p\u00e2n\u0103 acum!\n\t<\/p><\/div>\n<div class=\"comment-box-wrap entry-sec\">\n<div class=\"comment-box-header\"><span class=\"h3\">Las\u0103 un comentariu<\/span><\/div>\n<div class=\"comment-holder no-comment\">\n<div id=\"comments\" class=\"comments-area\">\n<div id=\"respond\" class=\"comment-respond\">\n<h3 id=\"reply-title\" class=\"comment-reply-title\">Las\u0103 un r\u0103spuns <small><a rel=\"nofollow\" id=\"cancel-comment-reply-link\" href=\"https:\/\/ortodoxinfo.ro\/2026\/04\/20\/rumen-radev-a-castigat-alegerile-din-bulgaria-un-lider-din-tabara-conservatorilor-anti-migratie-si-critic-al-ue-cu-deschidere-fata-de-rusia\/#respond\">Anuleaz\u0103 r\u0103spunsul<\/a><\/small><\/h3>\n<p class=\"comment-notes\"><span id=\"email-notes\">Adresa ta de email nu va fi publicat\u0103.<\/span><span class=\"required-field-message\">C\u00e2mpurile obligatorii sunt marcate cu <span class=\"required\">*<\/span><\/span><\/p>\n<\/div>\n<\/div>\n<\/div>\n<\/div>\n<\/div>\n<div class=\"sidebar-wrap single-sidebar\">\n<div class=\"sidebar-inner clearfix\">\n<div id=\"widget-post-2\" class=\"widget rb-section w-sidebar clearfix widget-post\">\n<div class=\"block-h widget-heading heading-layout-1\">\n<div class=\"heading-inner\">\n<h4 class=\"heading-title\"><span>Articole recente<\/span><\/h4>\n<\/div>\n<\/div>\n<div class=\"widget-p-listing\">\n<div class=\"p-wrap p-small p-list-small-2\" data-pid=\"222469\">\n<div class=\"feat-holder\">\n<div class=\"p-featured ratio-v1\"><a class=\"p-flink\" href=\"https:\/\/ortodoxinfo.ro\/2026\/04\/20\/teheranul-a-anuntat-ca-nu-mai-participa-la-negocierile-de-pace-de-la-islamabad-trump-lanseaza-noi-amenintari\/\" title=\"Teheranul a anun\u021bat c\u0103 nu mai particip\u0103 la negocierile de pace de la Islamabad. Trump lanseaz\u0103 noi amenin\u021b\u0103ri\"><img decoding=\"async\" width=\"150\" height=\"150\" src=\"https:\/\/ortodoxinfo.ro\/wp-content\/uploads\/2026\/04\/teheranul-a-anun-at-c-nu-mai-particip-la-negocierile-de-pace-de-la-islamabad-trump-lanseaz-noi-ameni-150x150.jpeg\" class=\"featured-img wp-post-image\" alt loading=\"lazy\"><\/a><\/div>\n<\/div>\n<div class=\"p-content\">\n<h5 class=\"entry-title\"><a class=\"p-url\" href=\"https:\/\/ortodoxinfo.ro\/2026\/04\/20\/teheranul-a-anuntat-ca-nu-mai-participa-la-negocierile-de-pace-de-la-islamabad-trump-lanseaza-noi-amenintari\/\" rel=\"bookmark\">Teheranul a anun\u021bat c\u0103 nu mai particip\u0103 la negocierile de pace de la Islamabad. Trump lanseaz\u0103 noi amenin\u021b\u0103ri<\/a><\/h5>\n<div class=\"p-meta\">\n<div class=\"meta-inner is-meta\"><span class=\"meta-el meta-date\"><time datetime=\"2026-04-20T10:34:08+03:00\">20 aprilie 2026<\/time><\/span><span class=\"meta-el meta-category meta-bold\"><a class=\"meta-separate category-20293\" href=\"https:\/\/ortodoxinfo.ro\/category\/anti-sistem\/al-iii-lea-razboi-mondial\/iran\/\">IRAN<\/a><\/span><span class=\"meta-el meta-view\">4.3k vizualiz\u0103ri\t\t<\/span><\/div>\n<\/div>\n<\/div>\n<\/div>\n<div class=\"p-wrap p-small p-list-small-2\" data-pid=\"222436\">\n<div class=\"feat-holder\">\n<div class=\"p-featured ratio-v1\"><a class=\"p-flink\" href=\"https:\/\/ortodoxinfo.ro\/2026\/04\/20\/disperarea-maxima-la-paris-macron-a-convocat-o-reuniune-la-elysee-pentru-a-rupe-europa-de-sua\/\" title=\"Disperarea maxim\u0103 la Paris: Macron a convocat o reuniune la \u00c9lys\u00e9e pentru a rupe Europa de SUA\"><img decoding=\"async\" width=\"150\" height=\"150\" src=\"https:\/\/ortodoxinfo.ro\/wp-content\/uploads\/2026\/04\/MDCUMWC4MT72ORSXC6CGFNKDRI-150x150.jpg\" class=\"featured-img wp-post-image\" alt loading=\"lazy\"><\/a><\/div>\n<\/div>\n<div class=\"p-content\">\n<h5 class=\"entry-title\"><a class=\"p-url\" href=\"https:\/\/ortodoxinfo.ro\/2026\/04\/20\/disperarea-maxima-la-paris-macron-a-convocat-o-reuniune-la-elysee-pentru-a-rupe-europa-de-sua\/\" rel=\"bookmark\">Disperarea maxim\u0103 la Paris: Macron a convocat o reuniune la \u00c9lys\u00e9e pentru a rupe Europa de SUA<\/a><\/h5>\n<div class=\"p-meta\">\n<div class=\"meta-inner is-meta\"><span class=\"meta-el meta-date\"><time datetime=\"2026-04-20T09:08:04+03:00\">20 aprilie 2026<\/time><\/span><span class=\"meta-el meta-category meta-bold\"><a class=\"meta-separate category-1538\" href=\"https:\/\/ortodoxinfo.ro\/category\/anti-sistem\/uniunea-europeana\/\">Uniunea european\u0103<\/a><\/span><span class=\"meta-el meta-view\">5.6k vizualiz\u0103ri\t\t<\/span><\/div>\n<\/div>\n<\/div>\n<\/div>\n<div class=\"p-wrap p-small p-list-small-2\" data-pid=\"222412\">\n<div class=\"feat-holder\">\n<div class=\"p-featured ratio-v1\"><a class=\"p-flink\" href=\"https:\/\/ortodoxinfo.ro\/2026\/04\/20\/operatiunea-nepalezii-guvernul-a-descoperit-ca-a-dat-vize-de-munca-pentru-imigratie-ilegala-si-teroristi\/\" title=\"Opera\u021biunea \u201dnepalezii\u201d. Guvernul a descoperit c\u0103 a dat vize de munc\u0103 pentru imigra\u021bie ilegal\u0103 \u0219i TERORI\u0218TI\"><img decoding=\"async\" width=\"150\" height=\"150\" src=\"https:\/\/ortodoxinfo.ro\/wp-content\/uploads\/2026\/04\/migg.webp-150x150.webp\" class=\"featured-img wp-post-image\" alt loading=\"lazy\"><\/a><\/div>\n<\/div>\n<div class=\"p-content\">\n<h5 class=\"entry-title\"><a class=\"p-url\" href=\"https:\/\/ortodoxinfo.ro\/2026\/04\/20\/operatiunea-nepalezii-guvernul-a-descoperit-ca-a-dat-vize-de-munca-pentru-imigratie-ilegala-si-teroristi\/\" rel=\"bookmark\">Opera\u021biunea \u201dnepalezii\u201d. Guvernul a descoperit c\u0103 a dat vize de munc\u0103 pentru imigra\u021bie ilegal\u0103 \u0219i TERORI\u0218TI<\/a><\/h5>\n<div class=\"p-meta\">\n<div class=\"meta-inner is-meta\"><span class=\"meta-el meta-date\"><time datetime=\"2026-04-20T08:57:46+03:00\">20 aprilie 2026<\/time><\/span><span class=\"meta-el meta-category meta-bold\"><a class=\"meta-separate category-1933\" href=\"https:\/\/ortodoxinfo.ro\/category\/anti-sistem\/globalizare\/refugiati\/\">Refugia\u021bi<\/a><\/span><span class=\"meta-el meta-view\">8.7k vizualiz\u0103ri\t\t<\/span><\/div>\n<\/div>\n<\/div>\n<\/div>\n<div class=\"p-wrap p-small p-list-small-2\" data-pid=\"222377\">\n<div class=\"feat-holder\">\n<div class=\"p-featured ratio-v1\"><a class=\"p-flink\" href=\"https:\/\/ortodoxinfo.ro\/2026\/04\/19\/ce-ne-a-salvat-ce-a-incetat-sa-ne-mai-salveze-credinta-si-natalitate\/\" title=\"Ce ne-a salvat, ce a \u00eencetat s\u0103 ne mai salveze? Credin\u021b\u0103 \u0219i natalitate\"><img decoding=\"async\" width=\"150\" height=\"150\" src=\"https:\/\/ortodoxinfo.ro\/wp-content\/uploads\/2026\/04\/Festivalul-familiei-sept-2021-foto-Silviu-Cluci-redim_4912-150x150.jpg\" class=\"featured-img wp-post-image\" alt loading=\"lazy\"><\/a><\/div>\n<\/div>\n<div class=\"p-content\">\n<h5 class=\"entry-title\"><a class=\"p-url\" href=\"https:\/\/ortodoxinfo.ro\/2026\/04\/19\/ce-ne-a-salvat-ce-a-incetat-sa-ne-mai-salveze-credinta-si-natalitate\/\" rel=\"bookmark\">Ce ne-a salvat, ce a \u00eencetat s\u0103 ne mai salveze? Credin\u021b\u0103 \u0219i natalitate<\/a><\/h5>\n<div class=\"p-meta\">\n<div class=\"meta-inner is-meta\"><span class=\"meta-el meta-date\"><time datetime=\"2026-04-19T22:30:28+03:00\">19 aprilie 2026<\/time><\/span><span class=\"meta-el meta-category meta-bold\"><a class=\"meta-separate category-19866\" href=\"https:\/\/ortodoxinfo.ro\/category\/lupta-pentru-romania\/\">Lupt\u0103 pentru Rom\u00e2nia<\/a><\/span><span class=\"meta-el meta-view\">4.8k vizualiz\u0103ri\t\t<\/span><\/div>\n<\/div>\n<\/div>\n<\/div>\n<\/div>\n<\/div>\n<div id=\"custom_html-2\" class=\"widget_text widget rb-section w-sidebar clearfix widget_custom_html\">\n<div class=\"block-h widget-heading heading-layout-1\">\n<div class=\"heading-inner\">\n<h4 class=\"heading-title\"><span>DONA\u021aII \u00een cont bancar<\/span><\/h4>\n<\/div>\n<\/div>\n<div class=\"textwidget custom-html-widget\">\n<table class=\"donatii\">\n<tbody>\n<tr>\n<th colspan=\"2\"><strong><span>ASMIB<\/span><\/strong><\/th>\n<\/tr>\n<tr>\n<th>Cont LEI<\/th>\n<td>RO67CECEB00030RON2081955<\/td>\n<\/tr>\n<tr>\n<th>Cont EURO<\/th>\n<td>RO33CECEB000C1EUR2081978<\/td>\n<\/tr>\n<tr>\n<th>Cod SWIFT<\/th>\n<td>CECEROBU<\/td>\n<\/tr>\n<tr>\n<th colspan=\"2\"><strong>CEC BANK SA<\/strong><\/th>\n<\/tr>\n<\/tbody>\n<\/table>\n<\/div>\n<\/div>\n<\/div>\n<\/div>\n<\/div>\n<\/article>\n<div class=\"entry-content rbct clearfix is-highlight-shares\">\n<p><strong>Fostul pre\u0219edinte Rumen Radev a c\u00e2\u0219tigat alegerile legislative din Bulgaria cu 38% din voturi, consolid\u00e2nd ascensiunea unei tabere politice apropiate de cea a lui Viktor Orb\u00e1n \u00een Ungaria \u0219i Robert Fico \u00een Slovacia. Sus\u021bin\u0103tor al unor politici restrictive \u00een materie de migra\u021bie, critic al direc\u021biei actuale a Uniunii Europene \u0219i favorabil relu\u0103rii unui dialog pragmatic cu Moscova, Radev \u00ee\u0219i asum\u0103 o linie politic\u0103 aflat\u0103 \u00een opozi\u021bie direct\u0103 cu mainstream-ul pro-european de la Bruxelles. Rezultatul deschide o perioad\u0103 de incertitudine politic\u0103, \u00een care noul lider trebuie s\u0103 construiasc\u0103 o majoritate parlamentar\u0103 \u00eentr-un peisaj profund fragmentat, conform <a href=\"https:\/\/www.letemps.ch\/monde\/l-ex-president-roumen-radev-sort-en-tete-des-elections-legislatives-en-bulgarie-le-pays-fait-face-a-une-nouvelle-equation-politique\" target=\"_blank\" rel=\"noopener\">Le Temps<\/a>.<\/strong><\/p>\n<div class=\"inline-single-ad ad_single_index alignfull\">\n<div class=\"ad-wrap ad-script-wrap\">\n<div class=\"ad-script non-adsense edge-padding\">\n<div>\n\u203c\ufe0f\u203c\ufe0f NU recunoa\u0219tem ca pre\u0219edinte al Rom\u00e2niei pe marioneta retard\u0103 Nicu\u0219or Dan! Rom\u00e2ni, boicota\u021bi aceast\u0103 f\u0103c\u0103tur\u0103, care ne face \u021bara de r\u00e2s! NU rom\u00e2nii l-au votat pe Nicusoro\u0219 &#8211; cu unele excep\u021bii de persoane infantile, manipulabile \u0219i chiar idioate &#8211; ci l-au ajutat Maia Soro\u0219, Emanuel Macrou \u0219i tr\u0103d\u0103torii de la B.E.C. \u0219i CCR!<br \/>\n La \u00eenchisoare cu cei care au fraudat alegerile!\n<\/div>\n<\/div>\n<\/div>\n<\/div>\n<p>Cu 38% din voturi, coali\u021bia lui Rumen Radev \u00eei devanseaz\u0103 net pe rivali la finalul celui de-al optulea scrutin din ultimii cinci ani. \u00cens\u0103 liderul cu pozi\u021bii pro-ruse \u0219i anti-elite va fi nevoit s\u0103 g\u0103seasc\u0103 alia\u021bi pentru a guverna cel mai s\u0103rac stat membru al Uniunii Europene.<\/p>\n<p>Coali\u021bia <em>Bulgaria Democrat\u0103<\/em>, condus\u0103 de fostul pre\u0219edinte Rumen Radev, s-a clasat deta\u0219at pe primul loc la alegerile legislative de duminic\u0103, cu 38% din voturi, potrivit sondajelor la ie\u0219irea de la urne. Forma\u021biunea trebuie acum s\u0103 \u00ee\u0219i asigure o majoritate \u00een parlamentul format din 240 de locuri.<\/p>\n<p>Conservatorii (GERB) ai fostului premier Boiko Borisov, afla\u021bi la conducerea guvernului precedent, s-au situat pe locul al doilea cu 16% din voturi, urma\u021bi de liberalii din PP-DB (14%).<\/p>\n<p>Rezultatul redeseneaz\u0103 configura\u021bia politic\u0103 necesar\u0103 form\u0103rii unui guvern \u00een aceast\u0103 \u021bar\u0103 balcanic\u0103, aflat\u0103 la al optulea scrutin \u00een cinci ani, chiar dac\u0103 Rumen Radev, \u00een v\u00e2rst\u0103 de 62 de ani, nu a desemnat \u00eenc\u0103 niciun partener de coali\u021bie. La sediul partidului s\u0103u, acesta a fost \u00eent\u00e2mpinat de aplauzele echipei sale. \u201eA ob\u021binut de dou\u0103 ori mai mult sprijin dec\u00e2t GERB, care \u00eenregistreaz\u0103 un scor mult mai slab dec\u00e2t se a\u0219tepta\u201d, a declarat pentru AFP Boryana Dimitrova, de la institutul de sondare Alpha Research.<\/p>\n<p>Potrivit acesteia, discu\u021biile privind scenariile de guvernare vor fi posibile doar dup\u0103 clarificarea num\u0103rului de partide care trec pragul electoral de 4% pentru intrarea \u00een noul parlament. Radev \u201ea atras o parte din electoratul partidului pro-Kremlin Vazrazhdane\u201d, datorit\u0103 pozi\u021biilor sale pro-ruse \u0219i anti-elite, a explicat politologul Teodor Slavev pentru AFP.<\/p>\n<p>Fost general al for\u021belor aeriene, Radev \u00ee\u0219i propune s\u0103 pun\u0103 cap\u0103t crizei politice care afecteaz\u0103 din 2021 cel mai s\u0103rac stat membru al Uniunii Europene. Proteste masive anticorup\u021bie au dus atunci la c\u0103derea conservatorului Boiko Borisov, aflat la putere timp de aproape zece ani, iar de atunci s-au succedat guverne fragile de coali\u021bie.<\/p>\n<p><strong>\u201eRela\u021bii pragmatice\u201d cu Moscova<\/strong><\/p>\n<p>Rumen Radev a sus\u021binut deschis manifesta\u021biile, iar dup\u0103 ce a votat la Sofia a declarat c\u0103 Bulgaria are \u201eo \u0219ans\u0103 istoric\u0103 de a rupe definitiv cu modelul oligarhic\u201d. Favorabil relu\u0103rii dialogului cu Moscova, el a afirmat \u0219i c\u0103 \u00ee\u0219i dore\u0219te \u201erela\u021bii pragmatice cu Rusia, bazate pe respect reciproc\u201d.<\/p>\n<p>La conducerea statului \u00eentre 2017 \u0219i 2026, acesta a demisionat \u00een ianuarie pentru a candida la legislative. Critic al politicii energetice a UE, el a declarat c\u0103 \u00eemp\u0103rt\u0103\u0219e\u0219te pozi\u021biile Ungariei \u0219i Slovaciei privind livr\u0103rile de arme c\u0103tre Ucraina, consider\u00e2nd c\u0103 \u201enu vede interesul pentru o \u021bar\u0103 s\u0103rac\u0103 de a pl\u0103ti acest cost\u201d.<\/p>\n<p>Totu\u0219i, a \u021binut s\u0103 precizeze vineri, la televiziunea bTV, c\u0103 nu va \u201eimpune veto\u201d la Bruxelles, con\u0219tient de beneficiile apartenen\u021bei Bulgariei, stat cu 6,5 milioane de locuitori, la blocul comunitar din 2007.<\/p>\n<p><strong>Formarea unei majorit\u0103\u021bi r\u0103m\u00e2ne incert\u0103<\/strong><\/p>\n<p>Radev, care trebuie acum s\u0103 construiasc\u0103 o majoritate \u00een parlamentul de 240 de locuri, a exclus \u00eenainte de alegeri o alian\u021b\u0103 cu Boiko Borisov, invoc\u00e2nd \u201edezacorduri privind corup\u021bia\u201d. \u00cen ceea ce prive\u0219te PP-DB, el nu respinge complet colaborarea, dar nu \u00eemp\u0103rt\u0103\u0219e\u0219te viziunea sa asupra \u201eproblemelor geopolitice\u201d, a subliniat Boryana Dimitrova.<\/p>\n<p>Dup\u0103 ce a votat \u00een ora\u0219ul natal Bankya, din apropierea Sofiei, Boiko Borisov a reamintit \u201epozi\u021bia extrem de pro-european\u0103\u201d a partidului s\u0103u, subliniind sprijinul pentru Ucraina \u0219i pentru Bruxelles.<\/p>\n<p>\u00cen ultimele s\u0103pt\u0103m\u00e2ni, poli\u021bia a intensificat opera\u021biunile \u0219i a confiscat peste un milion de euro, bani despre care autorit\u0103\u021bile sus\u021bin c\u0103 erau destina\u021bi influen\u021b\u0103rii votului. Sute de persoane au fost arestate, inclusiv consilieri locali \u0219i primari. Forma\u021biunile politice au \u00eendemnat aleg\u0103torii s\u0103 participe masiv la vot pentru a reduce impactul voturilor cump\u0103rate.<\/p>\n<\/div>\n<p>[analyse_source url=&#8221;https:\/\/ortodoxinfo.ro\/2026\/04\/20\/rumen-radev-a-castigat-alegerile-din-bulgaria-un-lider-din-tabara-conservatorilor-anti-migratie-si-critic-al-ue-cu-deschidere-fata-de-rusia\/&#8221;]<\/p>\n","protected":false},"excerpt":{"rendered":"<p>[analyse_image type=&#8221;featured&#8221; src=&#8221;https:\/\/ortodoxinfo.ro\/wp-content\/uploads\/2026\/04\/rumen-radev-a-castigat-alegerile-din-bulgaria-un-lider-din-tabara-conservatorilor-anti-migratie-si-c.jpeg&#8221;] Rumen Radev a c\u00e2\u0219tigat alegerile din Bulgaria: un lider din tab\u0103ra conservatorilor, anti-migra\u021bie \u0219i critic al UE, cu deschidere fa\u021b\u0103 de Rusia 20 aprilie 2026Suveranism3.5k vizualiz\u0103ri Comentarii Share 5 Min Read SHARE Fostul pre\u0219edinte Rumen Radev a c\u00e2\u0219tigat alegerile legislative din Bulgaria cu 38% din voturi, consolid\u00e2nd ascensiunea unei tabere politice apropiate [&hellip;]<\/p>\n","protected":false},"author":1,"featured_media":0,"comment_status":"open","ping_status":"","sticky":false,"template":"","format":"standard","meta":{"footnotes":""},"categories":[89],"tags":[226,94],"class_list":["post-1892273","post","type-post","status-publish","format-standard","hentry","category-romania","tag-crawlmanager","tag-ortodoxinfo-ro"],"_links":{"self":[{"href":"https:\/\/analyse.optim.biz\/index.php?rest_route=\/wp\/v2\/posts\/1892273","targetHints":{"allow":["GET"]}}],"collection":[{"href":"https:\/\/analyse.optim.biz\/index.php?rest_route=\/wp\/v2\/posts"}],"about":[{"href":"https:\/\/analyse.optim.biz\/index.php?rest_route=\/wp\/v2\/types\/post"}],"author":[{"embeddable":true,"href":"https:\/\/analyse.optim.biz\/index.php?rest_route=\/wp\/v2\/users\/1"}],"replies":[{"embeddable":true,"href":"https:\/\/analyse.optim.biz\/index.php?rest_route=%2Fwp%2Fv2%2Fcomments&post=1892273"}],"version-history":[{"count":0,"href":"https:\/\/analyse.optim.biz\/index.php?rest_route=\/wp\/v2\/posts\/1892273\/revisions"}],"wp:attachment":[{"href":"https:\/\/analyse.optim.biz\/index.php?rest_route=%2Fwp%2Fv2%2Fmedia&parent=1892273"}],"wp:term":[{"taxonomy":"category","embeddable":true,"href":"https:\/\/analyse.optim.biz\/index.php?rest_route=%2Fwp%2Fv2%2Fcategories&post=1892273"},{"taxonomy":"post_tag","embeddable":true,"href":"https:\/\/analyse.optim.biz\/index.php?rest_route=%2Fwp%2Fv2%2Ftags&post=1892273"}],"curies":[{"name":"wp","href":"https:\/\/api.w.org\/{rel}","templated":true}]}}