{"id":1892067,"date":"2026-04-20T07:53:20","date_gmt":"2026-04-20T04:53:20","guid":{"rendered":"https:\/\/analyse.optim.biz\/?p=1892067"},"modified":"2026-04-20T07:53:20","modified_gmt":"2026-04-20T04:53:20","slug":"psd-a-decis-intrebarea-care-se-va-pune-la-referendumul-privind-iesirea-de-la-guvernare","status":"publish","type":"post","link":"https:\/\/analyse.optim.biz\/?p=1892067","title":{"rendered":"PSD a decis \u00eentrebarea care se va pune la referendumul privind ie\u0219irea de la guvernare"},"content":{"rendered":"<p>[analyse_image type=&#8221;featured&#8221; src=&#8221;https:\/\/focustim.ro\/wp-content\/uploads\/2025\/05\/sorin-grindeanu.jpeg&#8221;]<\/p>\n<article id=\"post-40020\" class=\"penci-single-artcontent noloaddisqus post-40020 post type-post status-publish format-standard has-post-thumbnail hentry category-actualitate category-administratie category-featured category-politica tag-guvernare tag-sorin-grindeanu penci-post-item\">\n<header class=\"entry-header penci-entry-header penci-title-\">\n<div class=\"penci-entry-categories\"><span class=\"penci-cat-links\"><a href=\"https:\/\/focustim.ro\/category\/actualitate\/\" rel=\"category tag\">Actualitate<\/a><a href=\"https:\/\/focustim.ro\/category\/administratie\/\" rel=\"category tag\">Administra\u021bie<\/a><a href=\"https:\/\/focustim.ro\/category\/featured\/\" rel=\"category tag\">Featured<\/a><a href=\"https:\/\/focustim.ro\/category\/politica\/\" rel=\"category tag\">Politic\u0103<\/a><\/span><\/div>\n<h1 class=\"entry-title penci-entry-title penci-title-\">PSD a decis \u00eentrebarea care se va pune la referendumul privind ie\u0219irea de la guvernare<\/h1>\n<div class=\"entry-meta penci-entry-meta\"><span class=\"entry-meta-item penci-posted-on\"><time class=\"entry-date published\" datetime=\"2026-04-20T10:53:20+03:00\">20\/04\/2026<\/time><time class=\"updated\" datetime=\"2026-04-20T10:53:26+03:00\">20\/04\/2026<\/time><\/span><span class=\"entry-meta-item penci-comment-count\"><a class=\"penci_pmeta-link\" href=\"https:\/\/focustim.ro\/psd-a-decis-intrebarea-care-se-va-pune-la-referendumul-privind-iesirea-de-la-guvernare\/#respond\">0<\/a><\/span><\/div>\n<p><span class=\"penci-social-buttons penci-social-share-footer\"><span class=\"penci-social-share-text\">Distribuie<\/span><a href=\"https:\/\/focustim.ro\/psd-a-decis-intrebarea-care-se-va-pune-la-referendumul-privind-iesirea-de-la-guvernare\/\" class=\"penci-post-like penci_post-meta_item  single-like-button penci-social-item like\" data-post_id=\"40020\" title=\"Like\" data-like=\"Like\" data-unlike=\"Unlike\"><span class=\"penci-share-number\">0<\/span><\/a><\/span><\/header>\n<div class=\"entry-media penci-entry-media\">\n<div class=\"post-format-meta \">\n<div class=\"post-image penci-standard-format\"><img decoding=\"async\" width=\"884\" height=\"500\" src=\"https:\/\/focustim.ro\/wp-content\/uploads\/2025\/05\/sorin-grindeanu.jpeg\" class=\"attachment-penci-thumb-960-auto size-penci-thumb-960-auto wp-post-image\" alt loading=\"lazy\"><\/div>\n<\/div>\n<\/div>\n<div class=\"penci-entry-content entry-content\">\n<p><strong>PSD a decis care va fi \u00eentrebarea pe care o va pune membrilor s\u0103i pe tema ie\u0219irii de la guvernare. Social \u2013 democra\u021bii au, ast\u0103zi, de la ora 18, un congres \u00een care vor decide dac\u0103 ies de la guvernare sau dac\u0103 vor merge mai departe \u00een actuala formul\u0103, \u00een coali\u021bia cu PNL, USR \u0219i UDMR \u0219i cu Ilie Bolojan premier.<\/strong><\/p>\n<p><strong>Care este \u00eentrebarea<\/strong><\/p>\n<p>\u00a0\u201eAv\u00e2nd \u00een vedere pr\u0103bu\u015firea economico-social\u0103 din ultimele 10 luni \u015fi lipsa dialogului real \u00een Coali\u0163ie, considera\u0163i c\u0103 PSD ar trebui s\u0103 \u00eei retrag\u0103 sprijinul politic premierului Ilie Bolojan\u201d, aceasta este \u00eentrebarea la care social-democra\u0163ii urmeaz\u0103 s\u0103 r\u0103spund\u0103 \u00een cadrul referendumului intern de luni.<\/p>\n<p><strong>Ce spune Sorin Grindeanu despre consultare<\/strong><\/p>\n<p>Pre\u0219edintele\u00a0PSD, Sorin Grindeanu, a vorbit duminic\u0103 sear\u0103, la Antena 3, despre consultarea intern\u0103 a partidului de luni, 20 aprilie, \u0219i despre tensiunile din coali\u021bia de guvernare, av\u00e2nd \u00een vedere c\u0103 urmeaz\u0103 un vot decisiv privind viitorul Guvernului.<\/p>\n<p>\u201eSimt nevoia s\u0103 spun c\u00e2teva lucruri. Unul, dac\u0103 am da timpul \u00eenapoi, \u00een urm\u0103, cu dou\u0103 sau trei s\u0103pt\u0103m\u00e2ni, mul\u021bi dintre cei care acum spun c\u0103 avem deja un rezultat \u0219tiut, spuneau pe la televizoare, prietenii \u00een general de ai no\u0219tri, c\u0103 nu face\u00a0PSD-ul nicio consultare.\u201d, a declarat acesta.<\/p>\n<p>\u201eUite c\u0103 ajungem \u0219i am ajuns \u00een aceast\u0103 situa\u021bie \u0219i \u00een acest punct, noi spun\u00e2nd c\u0103 vom merge \u00eenainte, c\u0103 vom face aceast\u0103 consultare nu pentru\u00a0PSD, ci pentru rom\u00e2ni. Rom\u00e2nii spun, \u00een acest moment, c\u0103 ne \u00eendrept\u0103m \u00eentr-o direc\u021bie gre\u0219it\u0103. Eu cred c\u0103 e responsabilitatea principalului partid de guvernare, \u0219i anume a Partidului Social-Democrat, care d\u0103 p\u00e2n\u0103 la urm\u0103 45% \u0219i are 45% din ponderea acestei coali\u021bii s\u0103 schimbe lucrurile\u201d, a spus Grindeanu.<\/p>\n<div class=\"sharedaddy sd-sharing-enabled\">\n<div class=\"robots-nocontent sd-block sd-social sd-social-icon-text sd-sharing\">\n<h3 class=\"sd-title\">Partajeaz\u0103 asta:<\/h3>\n<div class=\"sd-content\">\n<ul>\n<li class=\"share-twitter\"><a rel=\"nofollow noopener noreferrer\" data-shared=\"sharing-twitter-40020\" class=\"share-twitter sd-button share-icon\" href=\"https:\/\/focustim.ro\/psd-a-decis-intrebarea-care-se-va-pune-la-referendumul-privind-iesirea-de-la-guvernare\/?share=twitter\" target=\"_blank\" title=\"D\u0103 clic pentru a partaja pe Twitter\"><span>Twitter<\/span><\/a><\/li>\n<li class=\"share-facebook\"><a rel=\"nofollow noopener noreferrer\" data-shared=\"sharing-facebook-40020\" class=\"share-facebook sd-button share-icon\" href=\"https:\/\/focustim.ro\/psd-a-decis-intrebarea-care-se-va-pune-la-referendumul-privind-iesirea-de-la-guvernare\/?share=facebook\" target=\"_blank\" title=\"D\u0103 clic pentru a partaja pe Facebook\"><span>Facebook<\/span><\/a><\/li>\n<li class=\"share-end\"><\/ul>\n<\/div>\n<\/div>\n<\/div>\n<div class=\"sharedaddy sd-block sd-like jetpack-likes-widget-wrapper jetpack-likes-widget-unloaded\" id=\"like-post-wrapper-167025405-40020-69e5eb7514fc0\" data-src=\"https:\/\/widgets.wp.com\/likes\/#blog_id=167025405&amp;post_id=40020&amp;origin=focustim.ro&amp;obj_id=167025405-40020-69e5eb7514fc0\" data-name=\"like-post-frame-167025405-40020-69e5eb7514fc0\" data-title=\"Apreciaz\u0103 sau republic\u0103\">\n<h3 class=\"sd-title\">Apreciaz\u0103:<\/h3>\n<div class=\"likes-widget-placeholder post-likes-widget-placeholder\"><span class=\"button\"><span>Apreciere<\/span><\/span><span class=\"loading\">\u00cencarc&#8230;<\/span><\/div>\n<\/div>\n<\/div>\n<footer class=\"penci-entry-footer\">\n<div class=\"penci-source-via-tags-wrap\"><span class=\"tags-links penci-tags-links\"><a href=\"https:\/\/focustim.ro\/tag\/guvernare\/\" rel=\"tag\">guvernare<\/a><a href=\"https:\/\/focustim.ro\/tag\/sorin-grindeanu\/\" rel=\"tag\">Sorin Grindeanu<\/a><\/span><\/div>\n<p><span class=\"penci-social-buttons penci-social-share-footer\"><span class=\"penci-social-share-text\">Distribuie<\/span><a href=\"https:\/\/focustim.ro\/psd-a-decis-intrebarea-care-se-va-pune-la-referendumul-privind-iesirea-de-la-guvernare\/\" class=\"penci-post-like penci_post-meta_item  single-like-button penci-social-item like\" data-post_id=\"40020\" title=\"Like\" data-like=\"Like\" data-unlike=\"Unlike\"><span class=\"penci-share-number\">0<\/span><\/a><\/span><\/footer>\n<\/article>\n<div class=\"penci-entry-content entry-content\">\n<p><strong>PSD a decis care va fi \u00eentrebarea pe care o va pune membrilor s\u0103i pe tema ie\u0219irii de la guvernare. Social \u2013 democra\u021bii au, ast\u0103zi, de la ora 18, un congres \u00een care vor decide dac\u0103 ies de la guvernare sau dac\u0103 vor merge mai departe \u00een actuala formul\u0103, \u00een coali\u021bia cu PNL, USR \u0219i UDMR \u0219i cu Ilie Bolojan premier.<\/strong><\/p>\n<p><strong>Care este \u00eentrebarea<\/strong><\/p>\n<p>\u00a0\u201eAv\u00e2nd \u00een vedere pr\u0103bu\u015firea economico-social\u0103 din ultimele 10 luni \u015fi lipsa dialogului real \u00een Coali\u0163ie, considera\u0163i c\u0103 PSD ar trebui s\u0103 \u00eei retrag\u0103 sprijinul politic premierului Ilie Bolojan\u201d, aceasta este \u00eentrebarea la care social-democra\u0163ii urmeaz\u0103 s\u0103 r\u0103spund\u0103 \u00een cadrul referendumului intern de luni.<\/p>\n<p><strong>Ce spune Sorin Grindeanu despre consultare<\/strong><\/p>\n<p>Pre\u0219edintele\u00a0PSD, Sorin Grindeanu, a vorbit duminic\u0103 sear\u0103, la Antena 3, despre consultarea intern\u0103 a partidului de luni, 20 aprilie, \u0219i despre tensiunile din coali\u021bia de guvernare, av\u00e2nd \u00een vedere c\u0103 urmeaz\u0103 un vot decisiv privind viitorul Guvernului.<\/p>\n<p>\u201eSimt nevoia s\u0103 spun c\u00e2teva lucruri. Unul, dac\u0103 am da timpul \u00eenapoi, \u00een urm\u0103, cu dou\u0103 sau trei s\u0103pt\u0103m\u00e2ni, mul\u021bi dintre cei care acum spun c\u0103 avem deja un rezultat \u0219tiut, spuneau pe la televizoare, prietenii \u00een general de ai no\u0219tri, c\u0103 nu face\u00a0PSD-ul nicio consultare.\u201d, a declarat acesta.<\/p>\n<p>\u201eUite c\u0103 ajungem \u0219i am ajuns \u00een aceast\u0103 situa\u021bie \u0219i \u00een acest punct, noi spun\u00e2nd c\u0103 vom merge \u00eenainte, c\u0103 vom face aceast\u0103 consultare nu pentru\u00a0PSD, ci pentru rom\u00e2ni. Rom\u00e2nii spun, \u00een acest moment, c\u0103 ne \u00eendrept\u0103m \u00eentr-o direc\u021bie gre\u0219it\u0103. Eu cred c\u0103 e responsabilitatea principalului partid de guvernare, \u0219i anume a Partidului Social-Democrat, care d\u0103 p\u00e2n\u0103 la urm\u0103 45% \u0219i are 45% din ponderea acestei coali\u021bii s\u0103 schimbe lucrurile\u201d, a spus Grindeanu.<\/p>\n<div class=\"sharedaddy sd-sharing-enabled\">\n<div class=\"robots-nocontent sd-block sd-social sd-social-icon-text sd-sharing\">\n<h3 class=\"sd-title\">Partajeaz\u0103 asta:<\/h3>\n<div class=\"sd-content\">\n<ul>\n<li class=\"share-twitter\"><a rel=\"nofollow noopener noreferrer\" data-shared=\"sharing-twitter-40020\" class=\"share-twitter sd-button share-icon\" href=\"https:\/\/focustim.ro\/psd-a-decis-intrebarea-care-se-va-pune-la-referendumul-privind-iesirea-de-la-guvernare\/?share=twitter\" target=\"_blank\" title=\"D\u0103 clic pentru a partaja pe Twitter\"><span>Twitter<\/span><\/a><\/li>\n<li class=\"share-facebook\"><a rel=\"nofollow noopener noreferrer\" data-shared=\"sharing-facebook-40020\" class=\"share-facebook sd-button share-icon\" href=\"https:\/\/focustim.ro\/psd-a-decis-intrebarea-care-se-va-pune-la-referendumul-privind-iesirea-de-la-guvernare\/?share=facebook\" target=\"_blank\" title=\"D\u0103 clic pentru a partaja pe Facebook\"><span>Facebook<\/span><\/a><\/li>\n<li class=\"share-end\"><\/ul>\n<\/div>\n<\/div>\n<\/div>\n<div class=\"sharedaddy sd-block sd-like jetpack-likes-widget-wrapper jetpack-likes-widget-unloaded\" id=\"like-post-wrapper-167025405-40020-69e5eb7514fc0\" data-src=\"https:\/\/widgets.wp.com\/likes\/#blog_id=167025405&amp;post_id=40020&amp;origin=focustim.ro&amp;obj_id=167025405-40020-69e5eb7514fc0\" data-name=\"like-post-frame-167025405-40020-69e5eb7514fc0\" data-title=\"Apreciaz\u0103 sau republic\u0103\">\n<h3 class=\"sd-title\">Apreciaz\u0103:<\/h3>\n<div class=\"likes-widget-placeholder post-likes-widget-placeholder\"><span class=\"button\"><span>Apreciere<\/span><\/span><span class=\"loading\">\u00cencarc&#8230;<\/span><\/div>\n<\/div>\n<\/div>\n<p>[analyse_source url=&#8221;https:\/\/focustim.ro\/psd-a-decis-intrebarea-care-se-va-pune-la-referendumul-privind-iesirea-de-la-guvernare\/&#8221;]<\/p>\n","protected":false},"excerpt":{"rendered":"<p>[analyse_image type=&#8221;featured&#8221; src=&#8221;https:\/\/focustim.ro\/wp-content\/uploads\/2025\/05\/sorin-grindeanu.jpeg&#8221;] ActualitateAdministra\u021bieFeaturedPolitic\u0103 PSD a decis \u00eentrebarea care se va pune la referendumul privind ie\u0219irea de la guvernare 20\/04\/202620\/04\/20260 Distribuie0 PSD a decis care va fi \u00eentrebarea pe care o va pune membrilor s\u0103i pe tema ie\u0219irii de la guvernare. Social \u2013 democra\u021bii au, ast\u0103zi, de la ora 18, un congres \u00een care vor [&hellip;]<\/p>\n","protected":false},"author":1,"featured_media":0,"comment_status":"open","ping_status":"","sticky":false,"template":"","format":"standard","meta":{"footnotes":""},"categories":[89],"tags":[226,197],"class_list":["post-1892067","post","type-post","status-publish","format-standard","hentry","category-romania","tag-crawlmanager","tag-focustim-ro"],"_links":{"self":[{"href":"https:\/\/analyse.optim.biz\/index.php?rest_route=\/wp\/v2\/posts\/1892067","targetHints":{"allow":["GET"]}}],"collection":[{"href":"https:\/\/analyse.optim.biz\/index.php?rest_route=\/wp\/v2\/posts"}],"about":[{"href":"https:\/\/analyse.optim.biz\/index.php?rest_route=\/wp\/v2\/types\/post"}],"author":[{"embeddable":true,"href":"https:\/\/analyse.optim.biz\/index.php?rest_route=\/wp\/v2\/users\/1"}],"replies":[{"embeddable":true,"href":"https:\/\/analyse.optim.biz\/index.php?rest_route=%2Fwp%2Fv2%2Fcomments&post=1892067"}],"version-history":[{"count":0,"href":"https:\/\/analyse.optim.biz\/index.php?rest_route=\/wp\/v2\/posts\/1892067\/revisions"}],"wp:attachment":[{"href":"https:\/\/analyse.optim.biz\/index.php?rest_route=%2Fwp%2Fv2%2Fmedia&parent=1892067"}],"wp:term":[{"taxonomy":"category","embeddable":true,"href":"https:\/\/analyse.optim.biz\/index.php?rest_route=%2Fwp%2Fv2%2Fcategories&post=1892067"},{"taxonomy":"post_tag","embeddable":true,"href":"https:\/\/analyse.optim.biz\/index.php?rest_route=%2Fwp%2Fv2%2Ftags&post=1892067"}],"curies":[{"name":"wp","href":"https:\/\/api.w.org\/{rel}","templated":true}]}}