{"id":1892055,"date":"2026-04-20T09:58:46","date_gmt":"2026-04-20T06:58:46","guid":{"rendered":"https:\/\/analyse.optim.biz\/?p=1892055"},"modified":"2026-04-20T09:58:46","modified_gmt":"2026-04-20T06:58:46","slug":"upu-suceava-intra-in-renovare-si-modernizare-timp-de-30-de-zile-spitalul-face-apel-la-responsabilitate-mergeti-la-urgente-doar-pentru-cazuri-grave","status":"publish","type":"post","link":"https:\/\/analyse.optim.biz\/?p=1892055","title":{"rendered":"UPU Suceava intr\u0103 \u00een renovare \u0219i modernizare timp de 30 de zile. Spitalul face apel la responsabilitate: merge\u021bi la Urgen\u021be doar pentru cazuri grave"},"content":{"rendered":"<p>[analyse_image type=&#8221;featured&#8221; src=&#8221;https:\/\/www.newsbucovina.ro\/wp-content\/uploads\/2017\/08\/upu-spital-2.jpghttps:\/\/cdn.newsbucovina.ro\/wp-content\/uploads\/2017\/08\/upu-spital-2.jpg&#8221;]<\/p>\n<div class=\"td-post-content tagdiv-type\">\n<div class=\"td-a-rec td-a-rec-id-content_top  tdi_3 td_block_template_1\"><strong>Intr\u0103 acum \u0219i \u00een grupul de <\/p>\n<div class=\"wp-block-button\"><a class=\"wp-block-button__link wp-element-button\" href=\"https:\/\/t.me\/+TH8wcfnp8fw5NWI0\">Telegram News Bucovina<\/a><\/div>\n<p><\/strong><\/div>\n<p>Spitalul Clinic Jude\u021bean de Urgen\u021b\u0103 \u201eSf. Ioan cel Nou\u201d Suceava anun\u021b\u0103 c\u0103, \u00eencep\u00e2nd din aceast\u0103 perioad\u0103, Unitatea de Primiri Urgen\u021be (UPU) va intra \u00eentr-un amplu proces de renovare \u0219i modernizare, care va dura aproximativ <strong>30 de zile<\/strong>.<\/p>\n<figure class=\"wp-block-image size-large\"><a href=\"https:\/\/cdn.newsbucovina.ro\/wp-content\/uploads\/2019\/09\/upu-spital-2.jpg\"><img loading=\"lazy\" decoding=\"async\" width=\"1024\" height=\"683\" src=\"https:\/\/cdn.newsbucovina.ro\/wp-content\/uploads\/2019\/09\/upu-spital-2-1024x683.jpg.webp\" alt class=\"wp-image-260758\"><\/a><\/figure>\n<p>Lucr\u0103rile sunt esen\u021biale pentru cre\u0219terea calit\u0103\u021bii actului medical, optimizarea fluxurilor de pacien\u021bi, cre\u0219terea siguran\u021bei \u0219i alinierea la standardele moderne de func\u021bionare a unei unit\u0103\u021bi de urgen\u021b\u0103. Pe durata renov\u0103rii, activitatea UPU va continua f\u0103r\u0103 \u00eentrerupere, \u00eens\u0103 \u00een primele <strong>10 zile<\/strong> nivelul de zgomot va fi ridicat din cauza lucr\u0103rilor de construc\u021bie.<\/p>\n<p>\u201eNe cerem scuze anticipat pacien\u021bilor, apar\u021bin\u0103torilor \u0219i personalului medical pentru acest inconvenient temporar\u201d, se arat\u0103 \u00een comunicatul Spitalului Jude\u021bean Suceava.<\/p>\n<p>Pentru a evita aglomerarea inutil\u0103 a UPU \u0219i pentru a asigura interven\u021bia rapid\u0103 \u00een cazurile reale de urgen\u021b\u0103 major\u0103, conducerea spitalului face un apel ferm c\u0103tre suceveni:<\/p>\n<p><strong>Adresa\u021bi-v\u0103 Unit\u0103\u021bii de Primiri Urgen\u021be doar pentru situa\u021bii excep\u021bionale<\/strong>, cum ar fi:<\/p>\n<ul class=\"wp-block-list\">\n<li>accidente grave<\/li>\n<li>dureri intense<\/li>\n<li>dificult\u0103\u021bi respiratorii severe<\/li>\n<li>pierderi de con\u0219tien\u021b\u0103<\/li>\n<li>alte st\u0103ri care pun via\u021ba \u00een pericol<\/li>\n<\/ul>\n<p><strong>Pentru cazurile care nu reprezint\u0103 urgen\u021be majore<\/strong>, Spitalul recomand\u0103 cu insisten\u021b\u0103 urm\u0103toarele alternative:<\/p>\n<ul class=\"wp-block-list\">\n<li>Medicul de familie<\/li>\n<li>Centrele de permanen\u021b\u0103 din jude\u021b<\/li>\n<li>Cabinetele medicale de specialitate din ambulatoriu<\/li>\n<\/ul>\n<p>\u201eAceast\u0103 abordare contribuie direct la men\u021binerea unui flux eficient \u00een UPU \u0219i la asigurarea interven\u021biei rapide pentru cazurile grave, unde fiecare minut conteaz\u0103\u201d, precizeaz\u0103 reprezentan\u021bii spitalului.<\/p>\n<p>Conducerea Spitalului Clinic Jude\u021bean de Urgen\u021b\u0103 Suceava mul\u021bume\u0219te anticipat pentru \u00een\u021belegerea \u0219i responsabilitatea cet\u0103\u021benilor \u0219i \u00ee\u0219i cere scuze pentru eventualele inconveniente create pe durata lucr\u0103rilor. Eforturile sunt concentrate pe finalizarea c\u00e2t mai rapid\u0103 a renov\u0103rii, astfel \u00eenc\u00e2t UPU s\u0103 ofere servicii medicale la standarde moderne \u0219i condi\u021bii \u00eembun\u0103t\u0103\u021bite at\u00e2t pentru pacien\u021bi, c\u00e2t \u0219i pentru personalul medical.<\/p>\n<div class=\"td-a-rec td-a-rec-id-content_bottom  tdi_4 td_block_template_1\"><strong>Intr\u0103 acum \u0219i \u00een grupul de <\/p>\n<div class=\"wp-block-button\"><a class=\"wp-block-button__link wp-element-button\" href=\"https:\/\/t.me\/+TH8wcfnp8fw5NWI0\">Telegram News Bucovina<\/a><\/div>\n<p><\/strong><\/div>\n<\/div>\n<div class=\"td-post-content tagdiv-type\">\n<div class=\"td-a-rec td-a-rec-id-content_top  tdi_3 td_block_template_1\"><strong>Intr\u0103 acum \u0219i \u00een grupul de <\/p>\n<div class=\"wp-block-button\"><a class=\"wp-block-button__link wp-element-button\" href=\"https:\/\/t.me\/+TH8wcfnp8fw5NWI0\">Telegram News Bucovina<\/a><\/div>\n<p><\/strong><\/div>\n<p>Spitalul Clinic Jude\u021bean de Urgen\u021b\u0103 \u201eSf. Ioan cel Nou\u201d Suceava anun\u021b\u0103 c\u0103, \u00eencep\u00e2nd din aceast\u0103 perioad\u0103, Unitatea de Primiri Urgen\u021be (UPU) va intra \u00eentr-un amplu proces de renovare \u0219i modernizare, care va dura aproximativ <strong>30 de zile<\/strong>.<\/p>\n<figure class=\"wp-block-image size-large\"><a href=\"https:\/\/cdn.newsbucovina.ro\/wp-content\/uploads\/2019\/09\/upu-spital-2.jpg\"><img loading=\"lazy\" decoding=\"async\" width=\"1024\" height=\"683\" src=\"https:\/\/cdn.newsbucovina.ro\/wp-content\/uploads\/2019\/09\/upu-spital-2-1024x683.jpg.webp\" alt class=\"wp-image-260758\"><\/a><\/figure>\n<p>Lucr\u0103rile sunt esen\u021biale pentru cre\u0219terea calit\u0103\u021bii actului medical, optimizarea fluxurilor de pacien\u021bi, cre\u0219terea siguran\u021bei \u0219i alinierea la standardele moderne de func\u021bionare a unei unit\u0103\u021bi de urgen\u021b\u0103. Pe durata renov\u0103rii, activitatea UPU va continua f\u0103r\u0103 \u00eentrerupere, \u00eens\u0103 \u00een primele <strong>10 zile<\/strong> nivelul de zgomot va fi ridicat din cauza lucr\u0103rilor de construc\u021bie.<\/p>\n<p>\u201eNe cerem scuze anticipat pacien\u021bilor, apar\u021bin\u0103torilor \u0219i personalului medical pentru acest inconvenient temporar\u201d, se arat\u0103 \u00een comunicatul Spitalului Jude\u021bean Suceava.<\/p>\n<p>Pentru a evita aglomerarea inutil\u0103 a UPU \u0219i pentru a asigura interven\u021bia rapid\u0103 \u00een cazurile reale de urgen\u021b\u0103 major\u0103, conducerea spitalului face un apel ferm c\u0103tre suceveni:<\/p>\n<p><strong>Adresa\u021bi-v\u0103 Unit\u0103\u021bii de Primiri Urgen\u021be doar pentru situa\u021bii excep\u021bionale<\/strong>, cum ar fi:<\/p>\n<ul class=\"wp-block-list\">\n<li>accidente grave<\/li>\n<li>dureri intense<\/li>\n<li>dificult\u0103\u021bi respiratorii severe<\/li>\n<li>pierderi de con\u0219tien\u021b\u0103<\/li>\n<li>alte st\u0103ri care pun via\u021ba \u00een pericol<\/li>\n<\/ul>\n<p><strong>Pentru cazurile care nu reprezint\u0103 urgen\u021be majore<\/strong>, Spitalul recomand\u0103 cu insisten\u021b\u0103 urm\u0103toarele alternative:<\/p>\n<ul class=\"wp-block-list\">\n<li>Medicul de familie<\/li>\n<li>Centrele de permanen\u021b\u0103 din jude\u021b<\/li>\n<li>Cabinetele medicale de specialitate din ambulatoriu<\/li>\n<\/ul>\n<p>\u201eAceast\u0103 abordare contribuie direct la men\u021binerea unui flux eficient \u00een UPU \u0219i la asigurarea interven\u021biei rapide pentru cazurile grave, unde fiecare minut conteaz\u0103\u201d, precizeaz\u0103 reprezentan\u021bii spitalului.<\/p>\n<p>Conducerea Spitalului Clinic Jude\u021bean de Urgen\u021b\u0103 Suceava mul\u021bume\u0219te anticipat pentru \u00een\u021belegerea \u0219i responsabilitatea cet\u0103\u021benilor \u0219i \u00ee\u0219i cere scuze pentru eventualele inconveniente create pe durata lucr\u0103rilor. Eforturile sunt concentrate pe finalizarea c\u00e2t mai rapid\u0103 a renov\u0103rii, astfel \u00eenc\u00e2t UPU s\u0103 ofere servicii medicale la standarde moderne \u0219i condi\u021bii \u00eembun\u0103t\u0103\u021bite at\u00e2t pentru pacien\u021bi, c\u00e2t \u0219i pentru personalul medical.<\/p>\n<div class=\"td-a-rec td-a-rec-id-content_bottom  tdi_4 td_block_template_1\"><strong>Intr\u0103 acum \u0219i \u00een grupul de <\/p>\n<div class=\"wp-block-button\"><a class=\"wp-block-button__link wp-element-button\" href=\"https:\/\/t.me\/+TH8wcfnp8fw5NWI0\">Telegram News Bucovina<\/a><\/div>\n<p><\/strong><\/div>\n<\/div>\n<p>[analyse_source url=&#8221;https:\/\/www.newsbucovina.ro\/actualitate\/436563\/upu-suceava-intra-in-renovare-si-modernizare-timp-de-30-de-zile-spitalul-face-apel-la-responsabilitate-mergeti-la-urgente-doar-pentru-cazuri-grave&#8221;]<\/p>\n","protected":false},"excerpt":{"rendered":"<p>[analyse_image type=&#8221;featured&#8221; src=&#8221;https:\/\/www.newsbucovina.ro\/wp-content\/uploads\/2017\/08\/upu-spital-2.jpghttps:\/\/cdn.newsbucovina.ro\/wp-content\/uploads\/2017\/08\/upu-spital-2.jpg&#8221;] Intr\u0103 acum \u0219i \u00een grupul de Telegram News Bucovina Spitalul Clinic Jude\u021bean de Urgen\u021b\u0103 \u201eSf. Ioan cel Nou\u201d Suceava anun\u021b\u0103 c\u0103, \u00eencep\u00e2nd din aceast\u0103 perioad\u0103, Unitatea de Primiri Urgen\u021be (UPU) va intra \u00eentr-un amplu proces de renovare \u0219i modernizare, care va dura aproximativ 30 de zile. Lucr\u0103rile sunt esen\u021biale pentru cre\u0219terea calit\u0103\u021bii [&hellip;]<\/p>\n","protected":false},"author":1,"featured_media":0,"comment_status":"open","ping_status":"","sticky":false,"template":"","format":"standard","meta":{"footnotes":""},"categories":[89],"tags":[226,165],"class_list":["post-1892055","post","type-post","status-publish","format-standard","hentry","category-romania","tag-crawlmanager","tag-newsbucovina-ro"],"_links":{"self":[{"href":"https:\/\/analyse.optim.biz\/index.php?rest_route=\/wp\/v2\/posts\/1892055","targetHints":{"allow":["GET"]}}],"collection":[{"href":"https:\/\/analyse.optim.biz\/index.php?rest_route=\/wp\/v2\/posts"}],"about":[{"href":"https:\/\/analyse.optim.biz\/index.php?rest_route=\/wp\/v2\/types\/post"}],"author":[{"embeddable":true,"href":"https:\/\/analyse.optim.biz\/index.php?rest_route=\/wp\/v2\/users\/1"}],"replies":[{"embeddable":true,"href":"https:\/\/analyse.optim.biz\/index.php?rest_route=%2Fwp%2Fv2%2Fcomments&post=1892055"}],"version-history":[{"count":0,"href":"https:\/\/analyse.optim.biz\/index.php?rest_route=\/wp\/v2\/posts\/1892055\/revisions"}],"wp:attachment":[{"href":"https:\/\/analyse.optim.biz\/index.php?rest_route=%2Fwp%2Fv2%2Fmedia&parent=1892055"}],"wp:term":[{"taxonomy":"category","embeddable":true,"href":"https:\/\/analyse.optim.biz\/index.php?rest_route=%2Fwp%2Fv2%2Fcategories&post=1892055"},{"taxonomy":"post_tag","embeddable":true,"href":"https:\/\/analyse.optim.biz\/index.php?rest_route=%2Fwp%2Fv2%2Ftags&post=1892055"}],"curies":[{"name":"wp","href":"https:\/\/api.w.org\/{rel}","templated":true}]}}