{"id":1892054,"date":"2026-04-20T09:30:23","date_gmt":"2026-04-20T06:30:23","guid":{"rendered":"https:\/\/analyse.optim.biz\/?p=1892054"},"modified":"2026-04-20T09:30:23","modified_gmt":"2026-04-20T06:30:23","slug":"destinatia-anului-2026-suceava-vatra-dornei-tara-dornelor-cazinoul-bailor-cetatea-de-scaun-a-sucevei-si-muzeul-bucovinei-in-lupta-finala-pentru-titlu","status":"publish","type":"post","link":"https:\/\/analyse.optim.biz\/?p=1892054","title":{"rendered":"Destina\u021bia Anului 2026: Suceava, Vatra Dornei, \u021aara Dornelor, Cazinoul B\u0103ilor, Cetatea de Scaun a Sucevei \u0219i Muzeul Bucovinei \u2013 \u00een lupta final\u0103 pentru titlu!"},"content":{"rendered":"<p>[analyse_image type=&#8221;featured&#8221; src=&#8221;https:\/\/www.newsbucovina.ro\/wp-content\/uploads\/2026\/04\/vatra-dornei.jpeghttps:\/\/cdn.newsbucovina.ro\/wp-content\/uploads\/2026\/04\/vatra-dornei.jpeg&#8221;]<\/p>\n<div class=\"td-post-content tagdiv-type\">\n<div class=\"td-a-rec td-a-rec-id-content_top  tdi_3 td_block_template_1\"><strong>Intr\u0103 acum \u0219i \u00een grupul de <\/p>\n<div class=\"wp-block-button\"><a class=\"wp-block-button__link wp-element-button\" href=\"https:\/\/t.me\/+TH8wcfnp8fw5NWI0\">Telegram News Bucovina<\/a><\/div>\n<p><\/strong><\/div>\n<p>Cu doar 6 zile \u00eenainte de \u00eencheierea votului, competi\u021bia <strong>Destina\u021bia Anului\u00ae 2026<\/strong> este extrem de str\u00e2ns\u0103. Peste <strong>250.000 de voturi<\/strong> au fost deja exprimate, iar mai multe destina\u021bii din jude\u021bul Suceava se afl\u0103 \u00een plutonul frunta\u0219 la nivel na\u021bional, av\u00e2nd \u0219anse reale s\u0103 urce pe podium.<\/p>\n<div class=\"wp-block-image\">\n<figure class=\"aligncenter size-large\"><a href=\"https:\/\/cdn.newsbucovina.ro\/wp-content\/uploads\/2026\/04\/vatra-dornei.jpeg\"><img loading=\"lazy\" decoding=\"async\" width=\"1024\" height=\"794\" src=\"https:\/\/cdn.newsbucovina.ro\/wp-content\/uploads\/2026\/04\/vatra-dornei-1024x794.jpeg\" alt class=\"wp-image-435822\"><\/a><\/figure>\n<\/div>\n<p>Iat\u0103 situa\u021bia actual\u0103 a destina\u021biilor sucevene aflate \u00een competi\u021bie:<\/p>\n<p><strong>Ora\u0219e care inspir\u0103<\/strong><\/p>\n<ul class=\"wp-block-list\">\n<li><strong>Suceava<\/strong> \u2013 se afl\u0103 \u00eentr-o lupt\u0103 str\u00e2ns\u0103 al\u0103turi de Cluj-Napoca, Ia\u0219i, Sighi\u0219oara \u0219i Timi\u0219oara. Dup\u0103 ce Sibiu a c\u00e2\u0219tigat titlul \u00een 2024, Suceava are ocazia s\u0103 demonstreze c\u0103 capitala Bucovinei merit\u0103 recunoa\u0219terea na\u021bional\u0103.<\/li>\n<\/ul>\n<p><strong>Sta\u021biuni turistice<\/strong><\/p>\n<ul class=\"wp-block-list\">\n<li><strong>Vatra Dornei<\/strong> \u2013 una dintre favoritele categoriei, al\u0103turi de B\u0103ile Felix, Bor\u0219a, Jurilovca, R\u00e2\u0219nov \u0219i Sinaia. Sta\u021biunea montan\u0103 din \u021aara Dornelor atrage prin combina\u021bia unic\u0103 de natur\u0103, aer curat \u0219i tradi\u021bie.<\/li>\n<\/ul>\n<p><strong>T\u0103r\u00e2muri fermecate<\/strong><\/p>\n<ul class=\"wp-block-list\">\n<li><strong>\u021aara Dornelor<\/strong> \u2013 se afl\u0103 \u00een topul categoriei, al\u0103turi de Bran-Moieciu-Fundata, Clisura Dun\u0103rii, \u021ainutul Rar\u0103ului \u0219i \u021ainutul Transalpina. Regiunea este recunoscut\u0103 pentru peisajele montane spectaculoase, tradi\u021biile autentice \u0219i ospitalitatea dornean\u0103.<\/li>\n<\/ul>\n<p><strong>Sanctuare ale istoriei<\/strong><\/p>\n<ul class=\"wp-block-list\">\n<li><strong>Cetatea de Scaun a Sucevei<\/strong> \u2013 una dintre cele mai importante fort\u0103re\u021be medievale din Rom\u00e2nia, aflat\u0103 \u00een competi\u021bie cu Castelul Pele\u0219, Cetatea Alba Iulia \u0219i Cetatea Sighi\u0219oarei.<\/li>\n<\/ul>\n<p><strong>T\u0103r\u00e2mul cunoa\u0219terii<\/strong><\/p>\n<ul class=\"wp-block-list\">\n<li><strong>Muzeul Bucovinei<\/strong> \u2013 se afl\u0103 \u00een plutonul frunta\u0219 al categoriei dedicate muzeelor \u0219i experien\u021belor educa\u021bionale, al\u0103turi de Muzeul Na\u021bional al Unirii din Alba Iulia, Muzeul Brukenthal din Sibiu \u0219i Muzeul Antipa din Bucure\u0219ti.<\/li>\n<\/ul>\n<p><strong>Landmarks<\/strong><\/p>\n<ul class=\"wp-block-list\">\n<li><strong>Centrul Muzeal \u201eCazinoul B\u0103ilor\u201d din Vatra Dornei<\/strong> \u2013 recunoscut ca unul dintre cele mai frumoase repere arhitecturale ale sta\u021biunii, concureaz\u0103 cu Ansamblul Br\u00e2ncu\u0219i, Bastionul Maria Terezia \u0219i Cazinoul din Constan\u021ba.<\/li>\n<\/ul>\n<p>Competi\u021bia Destina\u021bia Anului\u00ae 2026 combin\u0103 <strong>votul publicului<\/strong>, evaluarea unui juriu na\u021bional de speciali\u0219ti, cercetarea sociologic\u0103 privind notorietatea destina\u021biilor \u0219i analiza criteriilor de dezvoltare turistic\u0103 \u0219i sustenabilitate. Rezultatul final va fi anun\u021bat \u00een cadrul Galei Destina\u021bia Anului, care va avea loc pe <strong>14 mai 2026<\/strong> la Cazinoul din Constan\u021ba.<\/p>\n<p>Ministrul Economiei, Digitaliz\u0103rii, Antreprenoriatului \u0219i Turismului, <strong>Irineu Dar\u0103u<\/strong>, a declarat: \u201ePe l\u00e2ng\u0103 destina\u021bii atractive, turismul are \u0219i un rol strategic pentru economia Rom\u00e2niei. Destina\u021bia Anului este proiectul care ne arat\u0103 c\u0103 acolo unde exist\u0103 implicare local\u0103 \u0219i viziune, rezultatele apar. Este o competi\u021bie cu tradi\u021bie, care ajut\u0103 Rom\u00e2nia s\u0103-\u0219i valorifice mai bine poten\u021bialul turistic.\u201d<\/p>\n<p><strong>Votul este deschis p\u00e2n\u0103 pe 25 aprilie 2026!<\/strong><\/p>\n<p>Dac\u0103 vrei ca <strong>Suceava<\/strong>, <strong>Vatra Dornei<\/strong>, <strong>\u021aara Dornelor<\/strong>, <strong>Cetatea de Scaun a Sucevei<\/strong>, <strong>Muzeul Bucovinei<\/strong> sau <strong>Cazinoul B\u0103ilor din Vatra Dornei<\/strong> s\u0103 urce pe podium, acum este momentul s\u0103 votezi!<\/p>\n<p><strong>Voteaz\u0103 aici:<\/strong><a href=\"http:\/\/www.destinatiaanului.ro\/competitia\/voteaza\" target=\"_blank\" rel=\"noreferrer noopener\">www.destinatiaanului.ro\/competitia\/voteaza<\/a><\/p>\n<p>Fiecare vot conteaz\u0103! Sus\u021bine destina\u021biile din Bucovina \u0219i ajut\u0103-le s\u0103 devin\u0103 <strong>Destina\u021bia Anului 2026<\/strong>!<\/p>\n<div class=\"td-a-rec td-a-rec-id-content_bottom  tdi_4 td_block_template_1\"><strong>Intr\u0103 acum \u0219i \u00een grupul de <\/p>\n<div class=\"wp-block-button\"><a class=\"wp-block-button__link wp-element-button\" href=\"https:\/\/t.me\/+TH8wcfnp8fw5NWI0\">Telegram News Bucovina<\/a><\/div>\n<p><\/strong><\/div>\n<\/div>\n<div class=\"td-post-content tagdiv-type\">\n<div class=\"td-a-rec td-a-rec-id-content_top  tdi_3 td_block_template_1\"><strong>Intr\u0103 acum \u0219i \u00een grupul de <\/p>\n<div class=\"wp-block-button\"><a class=\"wp-block-button__link wp-element-button\" href=\"https:\/\/t.me\/+TH8wcfnp8fw5NWI0\">Telegram News Bucovina<\/a><\/div>\n<p><\/strong><\/div>\n<p>Cu doar 6 zile \u00eenainte de \u00eencheierea votului, competi\u021bia <strong>Destina\u021bia Anului\u00ae 2026<\/strong> este extrem de str\u00e2ns\u0103. Peste <strong>250.000 de voturi<\/strong> au fost deja exprimate, iar mai multe destina\u021bii din jude\u021bul Suceava se afl\u0103 \u00een plutonul frunta\u0219 la nivel na\u021bional, av\u00e2nd \u0219anse reale s\u0103 urce pe podium.<\/p>\n<div class=\"wp-block-image\">\n<figure class=\"aligncenter size-large\"><a href=\"https:\/\/cdn.newsbucovina.ro\/wp-content\/uploads\/2026\/04\/vatra-dornei.jpeg\"><img loading=\"lazy\" decoding=\"async\" width=\"1024\" height=\"794\" src=\"https:\/\/cdn.newsbucovina.ro\/wp-content\/uploads\/2026\/04\/vatra-dornei-1024x794.jpeg\" alt class=\"wp-image-435822\"><\/a><\/figure>\n<\/div>\n<p>Iat\u0103 situa\u021bia actual\u0103 a destina\u021biilor sucevene aflate \u00een competi\u021bie:<\/p>\n<p><strong>Ora\u0219e care inspir\u0103<\/strong><\/p>\n<ul class=\"wp-block-list\">\n<li><strong>Suceava<\/strong> \u2013 se afl\u0103 \u00eentr-o lupt\u0103 str\u00e2ns\u0103 al\u0103turi de Cluj-Napoca, Ia\u0219i, Sighi\u0219oara \u0219i Timi\u0219oara. Dup\u0103 ce Sibiu a c\u00e2\u0219tigat titlul \u00een 2024, Suceava are ocazia s\u0103 demonstreze c\u0103 capitala Bucovinei merit\u0103 recunoa\u0219terea na\u021bional\u0103.<\/li>\n<\/ul>\n<p><strong>Sta\u021biuni turistice<\/strong><\/p>\n<ul class=\"wp-block-list\">\n<li><strong>Vatra Dornei<\/strong> \u2013 una dintre favoritele categoriei, al\u0103turi de B\u0103ile Felix, Bor\u0219a, Jurilovca, R\u00e2\u0219nov \u0219i Sinaia. Sta\u021biunea montan\u0103 din \u021aara Dornelor atrage prin combina\u021bia unic\u0103 de natur\u0103, aer curat \u0219i tradi\u021bie.<\/li>\n<\/ul>\n<p><strong>T\u0103r\u00e2muri fermecate<\/strong><\/p>\n<ul class=\"wp-block-list\">\n<li><strong>\u021aara Dornelor<\/strong> \u2013 se afl\u0103 \u00een topul categoriei, al\u0103turi de Bran-Moieciu-Fundata, Clisura Dun\u0103rii, \u021ainutul Rar\u0103ului \u0219i \u021ainutul Transalpina. Regiunea este recunoscut\u0103 pentru peisajele montane spectaculoase, tradi\u021biile autentice \u0219i ospitalitatea dornean\u0103.<\/li>\n<\/ul>\n<p><strong>Sanctuare ale istoriei<\/strong><\/p>\n<ul class=\"wp-block-list\">\n<li><strong>Cetatea de Scaun a Sucevei<\/strong> \u2013 una dintre cele mai importante fort\u0103re\u021be medievale din Rom\u00e2nia, aflat\u0103 \u00een competi\u021bie cu Castelul Pele\u0219, Cetatea Alba Iulia \u0219i Cetatea Sighi\u0219oarei.<\/li>\n<\/ul>\n<p><strong>T\u0103r\u00e2mul cunoa\u0219terii<\/strong><\/p>\n<ul class=\"wp-block-list\">\n<li><strong>Muzeul Bucovinei<\/strong> \u2013 se afl\u0103 \u00een plutonul frunta\u0219 al categoriei dedicate muzeelor \u0219i experien\u021belor educa\u021bionale, al\u0103turi de Muzeul Na\u021bional al Unirii din Alba Iulia, Muzeul Brukenthal din Sibiu \u0219i Muzeul Antipa din Bucure\u0219ti.<\/li>\n<\/ul>\n<p><strong>Landmarks<\/strong><\/p>\n<ul class=\"wp-block-list\">\n<li><strong>Centrul Muzeal \u201eCazinoul B\u0103ilor\u201d din Vatra Dornei<\/strong> \u2013 recunoscut ca unul dintre cele mai frumoase repere arhitecturale ale sta\u021biunii, concureaz\u0103 cu Ansamblul Br\u00e2ncu\u0219i, Bastionul Maria Terezia \u0219i Cazinoul din Constan\u021ba.<\/li>\n<\/ul>\n<p>Competi\u021bia Destina\u021bia Anului\u00ae 2026 combin\u0103 <strong>votul publicului<\/strong>, evaluarea unui juriu na\u021bional de speciali\u0219ti, cercetarea sociologic\u0103 privind notorietatea destina\u021biilor \u0219i analiza criteriilor de dezvoltare turistic\u0103 \u0219i sustenabilitate. Rezultatul final va fi anun\u021bat \u00een cadrul Galei Destina\u021bia Anului, care va avea loc pe <strong>14 mai 2026<\/strong> la Cazinoul din Constan\u021ba.<\/p>\n<p>Ministrul Economiei, Digitaliz\u0103rii, Antreprenoriatului \u0219i Turismului, <strong>Irineu Dar\u0103u<\/strong>, a declarat: \u201ePe l\u00e2ng\u0103 destina\u021bii atractive, turismul are \u0219i un rol strategic pentru economia Rom\u00e2niei. Destina\u021bia Anului este proiectul care ne arat\u0103 c\u0103 acolo unde exist\u0103 implicare local\u0103 \u0219i viziune, rezultatele apar. Este o competi\u021bie cu tradi\u021bie, care ajut\u0103 Rom\u00e2nia s\u0103-\u0219i valorifice mai bine poten\u021bialul turistic.\u201d<\/p>\n<p><strong>Votul este deschis p\u00e2n\u0103 pe 25 aprilie 2026!<\/strong><\/p>\n<p>Dac\u0103 vrei ca <strong>Suceava<\/strong>, <strong>Vatra Dornei<\/strong>, <strong>\u021aara Dornelor<\/strong>, <strong>Cetatea de Scaun a Sucevei<\/strong>, <strong>Muzeul Bucovinei<\/strong> sau <strong>Cazinoul B\u0103ilor din Vatra Dornei<\/strong> s\u0103 urce pe podium, acum este momentul s\u0103 votezi!<\/p>\n<p><strong>Voteaz\u0103 aici:<\/strong><a href=\"http:\/\/www.destinatiaanului.ro\/competitia\/voteaza\" target=\"_blank\" rel=\"noreferrer noopener\">www.destinatiaanului.ro\/competitia\/voteaza<\/a><\/p>\n<p>Fiecare vot conteaz\u0103! Sus\u021bine destina\u021biile din Bucovina \u0219i ajut\u0103-le s\u0103 devin\u0103 <strong>Destina\u021bia Anului 2026<\/strong>!<\/p>\n<div class=\"td-a-rec td-a-rec-id-content_bottom  tdi_4 td_block_template_1\"><strong>Intr\u0103 acum \u0219i \u00een grupul de <\/p>\n<div class=\"wp-block-button\"><a class=\"wp-block-button__link wp-element-button\" href=\"https:\/\/t.me\/+TH8wcfnp8fw5NWI0\">Telegram News Bucovina<\/a><\/div>\n<p><\/strong><\/div>\n<\/div>\n<p>[analyse_source url=&#8221;https:\/\/www.newsbucovina.ro\/actualitate\/436555\/destinatia-anului-2026-suceava-vatra-dornei-tara-dornelor-cazinoul-bailor-cetatea-de-scaun-a-sucevei-si-muzeul-bucovinei-in-lupta-finala-pentru-titlu&#8221;]<\/p>\n","protected":false},"excerpt":{"rendered":"<p>[analyse_image type=&#8221;featured&#8221; src=&#8221;https:\/\/www.newsbucovina.ro\/wp-content\/uploads\/2026\/04\/vatra-dornei.jpeghttps:\/\/cdn.newsbucovina.ro\/wp-content\/uploads\/2026\/04\/vatra-dornei.jpeg&#8221;] Intr\u0103 acum \u0219i \u00een grupul de Telegram News Bucovina Cu doar 6 zile \u00eenainte de \u00eencheierea votului, competi\u021bia Destina\u021bia Anului\u00ae 2026 este extrem de str\u00e2ns\u0103. Peste 250.000 de voturi au fost deja exprimate, iar mai multe destina\u021bii din jude\u021bul Suceava se afl\u0103 \u00een plutonul frunta\u0219 la nivel na\u021bional, av\u00e2nd \u0219anse reale s\u0103 [&hellip;]<\/p>\n","protected":false},"author":1,"featured_media":0,"comment_status":"open","ping_status":"","sticky":false,"template":"","format":"standard","meta":{"footnotes":""},"categories":[89],"tags":[226,165],"class_list":["post-1892054","post","type-post","status-publish","format-standard","hentry","category-romania","tag-crawlmanager","tag-newsbucovina-ro"],"_links":{"self":[{"href":"https:\/\/analyse.optim.biz\/index.php?rest_route=\/wp\/v2\/posts\/1892054","targetHints":{"allow":["GET"]}}],"collection":[{"href":"https:\/\/analyse.optim.biz\/index.php?rest_route=\/wp\/v2\/posts"}],"about":[{"href":"https:\/\/analyse.optim.biz\/index.php?rest_route=\/wp\/v2\/types\/post"}],"author":[{"embeddable":true,"href":"https:\/\/analyse.optim.biz\/index.php?rest_route=\/wp\/v2\/users\/1"}],"replies":[{"embeddable":true,"href":"https:\/\/analyse.optim.biz\/index.php?rest_route=%2Fwp%2Fv2%2Fcomments&post=1892054"}],"version-history":[{"count":0,"href":"https:\/\/analyse.optim.biz\/index.php?rest_route=\/wp\/v2\/posts\/1892054\/revisions"}],"wp:attachment":[{"href":"https:\/\/analyse.optim.biz\/index.php?rest_route=%2Fwp%2Fv2%2Fmedia&parent=1892054"}],"wp:term":[{"taxonomy":"category","embeddable":true,"href":"https:\/\/analyse.optim.biz\/index.php?rest_route=%2Fwp%2Fv2%2Fcategories&post=1892054"},{"taxonomy":"post_tag","embeddable":true,"href":"https:\/\/analyse.optim.biz\/index.php?rest_route=%2Fwp%2Fv2%2Ftags&post=1892054"}],"curies":[{"name":"wp","href":"https:\/\/api.w.org\/{rel}","templated":true}]}}