{"id":1892052,"date":"2026-04-20T08:57:48","date_gmt":"2026-04-20T05:57:48","guid":{"rendered":"https:\/\/analyse.optim.biz\/?p=1892052"},"modified":"2026-04-20T08:57:48","modified_gmt":"2026-04-20T05:57:48","slug":"primarul-din-mitocu-dragomirnei-trimis-in-judecata-pentru-violenta-in-familie-loviri-si-lipsire-de-libertate","status":"publish","type":"post","link":"https:\/\/analyse.optim.biz\/?p=1892052","title":{"rendered":"Primarul din Mitocu Dragomirnei, trimis \u00een judecat\u0103 pentru violen\u021b\u0103 \u00een familie, loviri \u0219i lipsire de libertate"},"content":{"rendered":"<p>[analyse_image type=&#8221;featured&#8221; src=&#8221;https:\/\/www.newsbucovina.ro\/wp-content\/uploads\/2026\/02\/Screenshot.pnghttps:\/\/cdn.newsbucovina.ro\/wp-content\/uploads\/2026\/02\/Screenshot.png&#8221;]<\/p>\n<div class=\"td-post-content tagdiv-type\">\n<div class=\"td-a-rec td-a-rec-id-content_top  tdi_3 td_block_template_1\"><strong>Intr\u0103 acum \u0219i \u00een grupul de <\/p>\n<div class=\"wp-block-button\"><a class=\"wp-block-button__link wp-element-button\" href=\"https:\/\/t.me\/+TH8wcfnp8fw5NWI0\">Telegram News Bucovina<\/a><\/div>\n<p><\/strong><\/div>\n<p>Prim-procurorul Parchetului de pe l\u00e2ng\u0103 Judec\u0103toria Suceava a anun\u021bat finalizarea cercet\u0103rilor \u0219i trimiterea \u00een judecat\u0103 a unui b\u0103rbat acuzat de violen\u021b\u0103 \u00een familie, lovire sau alte violen\u021be \u0219i dou\u0103 infrac\u021biuni de lipsire de libertate \u00een mod ilegal.<\/p>\n<figure class=\"wp-block-image size-large\"><a href=\"https:\/\/cdn.newsbucovina.ro\/wp-content\/uploads\/2026\/02\/Screenshot.png\"><img loading=\"lazy\" decoding=\"async\" width=\"1024\" height=\"513\" src=\"https:\/\/cdn.newsbucovina.ro\/wp-content\/uploads\/2026\/02\/Screenshot-1024x513.png\" alt class=\"wp-image-431167\"><\/a><\/figure>\n<p>Potrivit rechizitoriului, faptele au avut loc \u00een noaptea de 29 ianuarie 2026, \u00een jurul orei 01:30, \u00een locuin\u021ba situat\u0103 pe raza comunei Mitocu Dragomirnei.<\/p>\n<p>Potrivit anchetei, b\u0103rbatul, Radu Reziuc, primarul comunei Mitocu Dragomirnei, ar fi exercitat acte de violen\u021b\u0103 fizic\u0103 asupra concubinei sale, lovind-o cu pumnii \u0219i picioarele peste cap \u0219i corp, cauz\u00e2ndu-i leziuni traumatice care au necesitat 5-6 zile de \u00eengrijiri medicale.<\/p>\n<p>Totodat\u0103, b\u0103rbatul ar fi agresat-o \u0219i pe fiica concubinei sale, lovind-o cu picioarele peste corp \u0219i cu o arm\u0103 cu poten\u021bial letal (pistol) \u00een zona capului, provoc\u00e2ndu-i leziuni ce au necesitat 8-9 zile de \u00eengrijiri medicale.<\/p>\n<p>Dup\u0103 agresiuni, inculpatul le-ar fi \u00eempiedicat pe cele dou\u0103 persoane v\u0103t\u0103mate s\u0103 p\u0103r\u0103seasc\u0103 imobilul p\u00e2n\u0103 diminea\u021ba, \u00een jurul orei 07:00.<\/p>\n<p>Prin ordonan\u021ba din 25 februarie 2026, Parchetul de pe l\u00e2ng\u0103 Judec\u0103toria Suceava a dispus punerea \u00een mi\u0219care a ac\u021biunii penale fa\u021b\u0103 de inculpat pentru s\u0103v\u00e2r\u0219irea infrac\u021biunilor de:<\/p>\n<ul class=\"wp-block-list\">\n<li>violen\u021b\u0103 \u00een familie,<\/li>\n<li>lovire sau alte violen\u021be,<\/li>\n<li>dou\u0103 infrac\u021biuni de lipsire de libertate \u00een mod ilegal.<\/li>\n<\/ul>\n<p>Ini\u021bial, Judec\u0103toria Suceava a dispus arestarea preventiv\u0103 a inculpatului (26 februarie 2026), \u00eens\u0103 Tribunalul Suceava a admis contesta\u021bia \u0219i a \u00eenlocuit m\u0103sura cu arestul la domiciliu (2 martie 2026). Ulterior, m\u0103sura arestului la domiciliu a fost prelungit\u0103 prin \u00eencheierea din 23 martie 2026.<\/p>\n<p>Procurorii au finalizat cercet\u0103rile \u0219i au \u00eentocmit rechizitoriul, inculpatul fiind trimis \u00een judecat\u0103 pentru toate faptele men\u021bionate.<\/p>\n<p>Cazul va fi solu\u021bionat de Judec\u0103toria Suceava.<\/p>\n<div class=\"td-a-rec td-a-rec-id-content_bottom  tdi_4 td_block_template_1\"><strong>Intr\u0103 acum \u0219i \u00een grupul de <\/p>\n<div class=\"wp-block-button\"><a class=\"wp-block-button__link wp-element-button\" href=\"https:\/\/t.me\/+TH8wcfnp8fw5NWI0\">Telegram News Bucovina<\/a><\/div>\n<p><\/strong><\/div>\n<\/div>\n<div class=\"td-post-content tagdiv-type\">\n<div class=\"td-a-rec td-a-rec-id-content_top  tdi_3 td_block_template_1\"><strong>Intr\u0103 acum \u0219i \u00een grupul de <\/p>\n<div class=\"wp-block-button\"><a class=\"wp-block-button__link wp-element-button\" href=\"https:\/\/t.me\/+TH8wcfnp8fw5NWI0\">Telegram News Bucovina<\/a><\/div>\n<p><\/strong><\/div>\n<p>Prim-procurorul Parchetului de pe l\u00e2ng\u0103 Judec\u0103toria Suceava a anun\u021bat finalizarea cercet\u0103rilor \u0219i trimiterea \u00een judecat\u0103 a unui b\u0103rbat acuzat de violen\u021b\u0103 \u00een familie, lovire sau alte violen\u021be \u0219i dou\u0103 infrac\u021biuni de lipsire de libertate \u00een mod ilegal.<\/p>\n<figure class=\"wp-block-image size-large\"><a href=\"https:\/\/cdn.newsbucovina.ro\/wp-content\/uploads\/2026\/02\/Screenshot.png\"><img loading=\"lazy\" decoding=\"async\" width=\"1024\" height=\"513\" src=\"https:\/\/cdn.newsbucovina.ro\/wp-content\/uploads\/2026\/02\/Screenshot-1024x513.png\" alt class=\"wp-image-431167\"><\/a><\/figure>\n<p>Potrivit rechizitoriului, faptele au avut loc \u00een noaptea de 29 ianuarie 2026, \u00een jurul orei 01:30, \u00een locuin\u021ba situat\u0103 pe raza comunei Mitocu Dragomirnei.<\/p>\n<p>Potrivit anchetei, b\u0103rbatul, Radu Reziuc, primarul comunei Mitocu Dragomirnei, ar fi exercitat acte de violen\u021b\u0103 fizic\u0103 asupra concubinei sale, lovind-o cu pumnii \u0219i picioarele peste cap \u0219i corp, cauz\u00e2ndu-i leziuni traumatice care au necesitat 5-6 zile de \u00eengrijiri medicale.<\/p>\n<p>Totodat\u0103, b\u0103rbatul ar fi agresat-o \u0219i pe fiica concubinei sale, lovind-o cu picioarele peste corp \u0219i cu o arm\u0103 cu poten\u021bial letal (pistol) \u00een zona capului, provoc\u00e2ndu-i leziuni ce au necesitat 8-9 zile de \u00eengrijiri medicale.<\/p>\n<p>Dup\u0103 agresiuni, inculpatul le-ar fi \u00eempiedicat pe cele dou\u0103 persoane v\u0103t\u0103mate s\u0103 p\u0103r\u0103seasc\u0103 imobilul p\u00e2n\u0103 diminea\u021ba, \u00een jurul orei 07:00.<\/p>\n<p>Prin ordonan\u021ba din 25 februarie 2026, Parchetul de pe l\u00e2ng\u0103 Judec\u0103toria Suceava a dispus punerea \u00een mi\u0219care a ac\u021biunii penale fa\u021b\u0103 de inculpat pentru s\u0103v\u00e2r\u0219irea infrac\u021biunilor de:<\/p>\n<ul class=\"wp-block-list\">\n<li>violen\u021b\u0103 \u00een familie,<\/li>\n<li>lovire sau alte violen\u021be,<\/li>\n<li>dou\u0103 infrac\u021biuni de lipsire de libertate \u00een mod ilegal.<\/li>\n<\/ul>\n<p>Ini\u021bial, Judec\u0103toria Suceava a dispus arestarea preventiv\u0103 a inculpatului (26 februarie 2026), \u00eens\u0103 Tribunalul Suceava a admis contesta\u021bia \u0219i a \u00eenlocuit m\u0103sura cu arestul la domiciliu (2 martie 2026). Ulterior, m\u0103sura arestului la domiciliu a fost prelungit\u0103 prin \u00eencheierea din 23 martie 2026.<\/p>\n<p>Procurorii au finalizat cercet\u0103rile \u0219i au \u00eentocmit rechizitoriul, inculpatul fiind trimis \u00een judecat\u0103 pentru toate faptele men\u021bionate.<\/p>\n<p>Cazul va fi solu\u021bionat de Judec\u0103toria Suceava.<\/p>\n<div class=\"td-a-rec td-a-rec-id-content_bottom  tdi_4 td_block_template_1\"><strong>Intr\u0103 acum \u0219i \u00een grupul de <\/p>\n<div class=\"wp-block-button\"><a class=\"wp-block-button__link wp-element-button\" href=\"https:\/\/t.me\/+TH8wcfnp8fw5NWI0\">Telegram News Bucovina<\/a><\/div>\n<p><\/strong><\/div>\n<\/div>\n<p>[analyse_source url=&#8221;https:\/\/www.newsbucovina.ro\/actualitate\/436538\/primarul-din-mitocu-dragomirnei-trimis-in-judecata-pentru-violenta-in-familie-loviri-si-lipsire-de-libertate&#8221;]<\/p>\n","protected":false},"excerpt":{"rendered":"<p>[analyse_image type=&#8221;featured&#8221; src=&#8221;https:\/\/www.newsbucovina.ro\/wp-content\/uploads\/2026\/02\/Screenshot.pnghttps:\/\/cdn.newsbucovina.ro\/wp-content\/uploads\/2026\/02\/Screenshot.png&#8221;] Intr\u0103 acum \u0219i \u00een grupul de Telegram News Bucovina Prim-procurorul Parchetului de pe l\u00e2ng\u0103 Judec\u0103toria Suceava a anun\u021bat finalizarea cercet\u0103rilor \u0219i trimiterea \u00een judecat\u0103 a unui b\u0103rbat acuzat de violen\u021b\u0103 \u00een familie, lovire sau alte violen\u021be \u0219i dou\u0103 infrac\u021biuni de lipsire de libertate \u00een mod ilegal. Potrivit rechizitoriului, faptele au avut loc [&hellip;]<\/p>\n","protected":false},"author":1,"featured_media":0,"comment_status":"open","ping_status":"","sticky":false,"template":"","format":"standard","meta":{"footnotes":""},"categories":[89],"tags":[226,165],"class_list":["post-1892052","post","type-post","status-publish","format-standard","hentry","category-romania","tag-crawlmanager","tag-newsbucovina-ro"],"_links":{"self":[{"href":"https:\/\/analyse.optim.biz\/index.php?rest_route=\/wp\/v2\/posts\/1892052","targetHints":{"allow":["GET"]}}],"collection":[{"href":"https:\/\/analyse.optim.biz\/index.php?rest_route=\/wp\/v2\/posts"}],"about":[{"href":"https:\/\/analyse.optim.biz\/index.php?rest_route=\/wp\/v2\/types\/post"}],"author":[{"embeddable":true,"href":"https:\/\/analyse.optim.biz\/index.php?rest_route=\/wp\/v2\/users\/1"}],"replies":[{"embeddable":true,"href":"https:\/\/analyse.optim.biz\/index.php?rest_route=%2Fwp%2Fv2%2Fcomments&post=1892052"}],"version-history":[{"count":0,"href":"https:\/\/analyse.optim.biz\/index.php?rest_route=\/wp\/v2\/posts\/1892052\/revisions"}],"wp:attachment":[{"href":"https:\/\/analyse.optim.biz\/index.php?rest_route=%2Fwp%2Fv2%2Fmedia&parent=1892052"}],"wp:term":[{"taxonomy":"category","embeddable":true,"href":"https:\/\/analyse.optim.biz\/index.php?rest_route=%2Fwp%2Fv2%2Fcategories&post=1892052"},{"taxonomy":"post_tag","embeddable":true,"href":"https:\/\/analyse.optim.biz\/index.php?rest_route=%2Fwp%2Fv2%2Ftags&post=1892052"}],"curies":[{"name":"wp","href":"https:\/\/api.w.org\/{rel}","templated":true}]}}