{"id":1892049,"date":"2026-04-20T09:21:38","date_gmt":"2026-04-20T06:21:38","guid":{"rendered":"https:\/\/analyse.optim.biz\/?p=1892049"},"modified":"2026-04-20T09:21:38","modified_gmt":"2026-04-20T06:21:38","slug":"olimpiada-nationala-de-limbi-romanice-2026-suceava-revine-cu-9-distinctii-de-la-focsani","status":"publish","type":"post","link":"https:\/\/analyse.optim.biz\/?p=1892049","title":{"rendered":"Olimpiada Na\u021bional\u0103 de Limbi Romanice 2026: Suceava revine cu 9 distinc\u021bii de la Foc\u0219ani"},"content":{"rendered":"<p>[analyse_image type=&#8221;featured&#8221; src=&#8221;https:\/\/www.newsbucovina.ro\/wp-content\/uploads\/2026\/04\/WhatsApp-Image-2026-04-20-at-09.26.55-5.jpeghttps:\/\/cdn.newsbucovina.ro\/wp-content\/uploads\/2026\/04\/WhatsApp-Image-2026-04-20-at-09.26.55-5.jpeg&#8221;]<\/p>\n<div class=\"td-post-content tagdiv-type\">\n<div class=\"td-a-rec td-a-rec-id-content_top  tdi_3 td_block_template_1\"><strong>Intr\u0103 acum \u0219i \u00een grupul de <\/p>\n<div class=\"wp-block-button\"><a class=\"wp-block-button__link wp-element-button\" href=\"https:\/\/t.me\/+TH8wcfnp8fw5NWI0\">Telegram News Bucovina<\/a><\/div>\n<p><\/strong><\/div>\n<p>Lotul jude\u021bului Suceava a ob\u021binut rezultate excelente la etapa na\u021bional\u0103 a Olimpiadei de Limbi Romanice (limba italian\u0103 \u0219i limba spaniol\u0103), care s-a desf\u0103\u0219urat \u00een perioada 6-10 aprilie 2026 la Foc\u0219ani. Din 14 elevi participan\u021bi (7 la italian\u0103 \u0219i 7 la spaniol\u0103), sucevenii s-au \u00eentors cu <strong>9 distinc\u021bii<\/strong> acordate de Ministerul Educa\u021biei \u0219i Cercet\u0103rii \u0219i de Inspectoratul \u0218colar Jude\u021bean Vrancea.<\/p>\n<figure class=\"wp-block-image size-large\"><a href=\"https:\/\/cdn.newsbucovina.ro\/wp-content\/uploads\/2026\/04\/WhatsApp-Image-2026-04-20-at-09.26.55-5.jpeg\"><img loading=\"lazy\" decoding=\"async\" width=\"1024\" height=\"576\" src=\"https:\/\/cdn.newsbucovina.ro\/wp-content\/uploads\/2026\/04\/WhatsApp-Image-2026-04-20-at-09.26.55-5-1024x576.jpeg\" alt class=\"wp-image-436553\"><\/a><\/figure>\n<p><strong>Rezultate la limba italian\u0103:<\/strong><\/p>\n<p><strong>Premii \u0219i men\u021biuni acordate de Ministerul Educa\u021biei \u0219i Cercet\u0103rii:<\/strong><\/p>\n<ul class=\"wp-block-list\">\n<li><strong>Premiul I<\/strong> \u2013 Romaniuc Delia Lucre\u021bia, clasa a X-a (intensiv\/bilingv), Liceul Teoretic \u201eIon Luca\u201d Vatra Dornei<\/li>\n<li><strong>Premiul al III-lea<\/strong> \u2013 Bure\u0219cu Bianca Ioana, clasa a VIII-a (intensiv), \u0218coala Gimnazial\u0103 Nr. 1 Suceava<\/li>\n<li><strong>Premiul al III-lea<\/strong> \u2013 \u0218tirbu Parascheva, clasa a XII-a (intensiv\/bilingv), Colegiul Economic \u201eDimitrie Cantemir\u201d Suceava (prof. \u00eendrum\u0103tor Maxim Irina Natalia Daniela)<\/li>\n<li><strong>Men\u021biune<\/strong> \u2013 Semian Erica-Ioana, clasa a XI-a (intensiv\/bilingv), Colegiul Na\u021bional \u201eMihai Eminescu\u201d Suceava (prof. \u00eendrum\u0103tor Nichifor Cornelia)<\/li>\n<\/ul>\n<p><strong>Men\u021biuni speciale acordate de Inspectoratul \u0218colar Jude\u021bean Vrancea:<\/strong><\/p>\n<ul class=\"wp-block-list\">\n<li>Men\u021biune special\u0103 \u2013 Pu\u0219ca\u0219 Diana Maria, clasa a VII-a (intensiv), \u0218coala Gimnazial\u0103 Nr. 4 Suceava<\/li>\n<li>Men\u021biune special\u0103 \u2013 Ple\u0219escu Samuel Andrei, clasa a XII-a (intensiv\/bilingv), Colegiul Economic \u201eDimitrie Cantemir\u201d Suceava (prof. \u00eendrum\u0103tor Maxim Irina Natalia Daniela)<\/li>\n<\/ul>\n<p><strong>Rezultate la limba spaniol\u0103:<\/strong><\/p>\n<p><strong>Premii \u0219i men\u021biuni acordate de Ministerul Educa\u021biei \u0219i Cercet\u0103rii:<\/strong><\/p>\n<ul class=\"wp-block-list\">\n<li><strong>Premiul al III-lea<\/strong> \u2013 Negur\u0103 David Rare\u0219, clasa a IX-a (intensiv\/bilingv), Colegiul Na\u021bional \u201eMihai Eminescu\u201d Suceava (prof. \u00eendrum\u0103tor dr. Nu\u021bu Silvia Corina)<\/li>\n<li><strong>Premiul al III-lea<\/strong> \u2013 Kirkin Popinceanu Alessandra, clasa a XII-a (intensiv\/bilingv), Colegiul de Art\u0103 \u201eCiprian Porumbescu\u201d Suceava<\/li>\n<li><strong>Men\u021biune<\/strong> \u2013 Kirkin Popinceanu Sophie Elizabeth, clasa a VII-a (intensiv), Colegiul de Art\u0103 \u201eCiprian Porumbescu\u201d Suceava<\/li>\n<\/ul>\n<p>Lotul jude\u021bului Suceava a fost \u00eenso\u021bit de prof. <strong>Irina Natalia Daniela Maxim<\/strong> de la Colegiul Economic \u201eDimitrie Cantemir\u201d Suceava. Din Comisia Central\u0103 a olimpiadei a f\u0103cut parte, \u00een calitate de membru evaluator pentru limba spaniol\u0103, prof. <strong>Ancu\u021ba Norocel<\/strong> de la Colegiul Na\u021bional \u201ePetru Rare\u0219\u201d Suceava. Coordonarea lotului a fost asigurat\u0103 de inspectorul \u0219colar pentru limbi moderne, prof. dr. <strong>Constantin Tiron<\/strong>.<\/p>\n<div class=\"td-a-rec td-a-rec-id-content_bottom  tdi_4 td_block_template_1\"><strong>Intr\u0103 acum \u0219i \u00een grupul de <\/p>\n<div class=\"wp-block-button\"><a class=\"wp-block-button__link wp-element-button\" href=\"https:\/\/t.me\/+TH8wcfnp8fw5NWI0\">Telegram News Bucovina<\/a><\/div>\n<p><\/strong><\/div>\n<\/div>\n<div class=\"td-post-content tagdiv-type\">\n<div class=\"td-a-rec td-a-rec-id-content_top  tdi_3 td_block_template_1\"><strong>Intr\u0103 acum \u0219i \u00een grupul de <\/p>\n<div class=\"wp-block-button\"><a class=\"wp-block-button__link wp-element-button\" href=\"https:\/\/t.me\/+TH8wcfnp8fw5NWI0\">Telegram News Bucovina<\/a><\/div>\n<p><\/strong><\/div>\n<p>Lotul jude\u021bului Suceava a ob\u021binut rezultate excelente la etapa na\u021bional\u0103 a Olimpiadei de Limbi Romanice (limba italian\u0103 \u0219i limba spaniol\u0103), care s-a desf\u0103\u0219urat \u00een perioada 6-10 aprilie 2026 la Foc\u0219ani. Din 14 elevi participan\u021bi (7 la italian\u0103 \u0219i 7 la spaniol\u0103), sucevenii s-au \u00eentors cu <strong>9 distinc\u021bii<\/strong> acordate de Ministerul Educa\u021biei \u0219i Cercet\u0103rii \u0219i de Inspectoratul \u0218colar Jude\u021bean Vrancea.<\/p>\n<figure class=\"wp-block-image size-large\"><a href=\"https:\/\/cdn.newsbucovina.ro\/wp-content\/uploads\/2026\/04\/WhatsApp-Image-2026-04-20-at-09.26.55-5.jpeg\"><img loading=\"lazy\" decoding=\"async\" width=\"1024\" height=\"576\" src=\"https:\/\/cdn.newsbucovina.ro\/wp-content\/uploads\/2026\/04\/WhatsApp-Image-2026-04-20-at-09.26.55-5-1024x576.jpeg\" alt class=\"wp-image-436553\"><\/a><\/figure>\n<p><strong>Rezultate la limba italian\u0103:<\/strong><\/p>\n<p><strong>Premii \u0219i men\u021biuni acordate de Ministerul Educa\u021biei \u0219i Cercet\u0103rii:<\/strong><\/p>\n<ul class=\"wp-block-list\">\n<li><strong>Premiul I<\/strong> \u2013 Romaniuc Delia Lucre\u021bia, clasa a X-a (intensiv\/bilingv), Liceul Teoretic \u201eIon Luca\u201d Vatra Dornei<\/li>\n<li><strong>Premiul al III-lea<\/strong> \u2013 Bure\u0219cu Bianca Ioana, clasa a VIII-a (intensiv), \u0218coala Gimnazial\u0103 Nr. 1 Suceava<\/li>\n<li><strong>Premiul al III-lea<\/strong> \u2013 \u0218tirbu Parascheva, clasa a XII-a (intensiv\/bilingv), Colegiul Economic \u201eDimitrie Cantemir\u201d Suceava (prof. \u00eendrum\u0103tor Maxim Irina Natalia Daniela)<\/li>\n<li><strong>Men\u021biune<\/strong> \u2013 Semian Erica-Ioana, clasa a XI-a (intensiv\/bilingv), Colegiul Na\u021bional \u201eMihai Eminescu\u201d Suceava (prof. \u00eendrum\u0103tor Nichifor Cornelia)<\/li>\n<\/ul>\n<p><strong>Men\u021biuni speciale acordate de Inspectoratul \u0218colar Jude\u021bean Vrancea:<\/strong><\/p>\n<ul class=\"wp-block-list\">\n<li>Men\u021biune special\u0103 \u2013 Pu\u0219ca\u0219 Diana Maria, clasa a VII-a (intensiv), \u0218coala Gimnazial\u0103 Nr. 4 Suceava<\/li>\n<li>Men\u021biune special\u0103 \u2013 Ple\u0219escu Samuel Andrei, clasa a XII-a (intensiv\/bilingv), Colegiul Economic \u201eDimitrie Cantemir\u201d Suceava (prof. \u00eendrum\u0103tor Maxim Irina Natalia Daniela)<\/li>\n<\/ul>\n<p><strong>Rezultate la limba spaniol\u0103:<\/strong><\/p>\n<p><strong>Premii \u0219i men\u021biuni acordate de Ministerul Educa\u021biei \u0219i Cercet\u0103rii:<\/strong><\/p>\n<ul class=\"wp-block-list\">\n<li><strong>Premiul al III-lea<\/strong> \u2013 Negur\u0103 David Rare\u0219, clasa a IX-a (intensiv\/bilingv), Colegiul Na\u021bional \u201eMihai Eminescu\u201d Suceava (prof. \u00eendrum\u0103tor dr. Nu\u021bu Silvia Corina)<\/li>\n<li><strong>Premiul al III-lea<\/strong> \u2013 Kirkin Popinceanu Alessandra, clasa a XII-a (intensiv\/bilingv), Colegiul de Art\u0103 \u201eCiprian Porumbescu\u201d Suceava<\/li>\n<li><strong>Men\u021biune<\/strong> \u2013 Kirkin Popinceanu Sophie Elizabeth, clasa a VII-a (intensiv), Colegiul de Art\u0103 \u201eCiprian Porumbescu\u201d Suceava<\/li>\n<\/ul>\n<p>Lotul jude\u021bului Suceava a fost \u00eenso\u021bit de prof. <strong>Irina Natalia Daniela Maxim<\/strong> de la Colegiul Economic \u201eDimitrie Cantemir\u201d Suceava. Din Comisia Central\u0103 a olimpiadei a f\u0103cut parte, \u00een calitate de membru evaluator pentru limba spaniol\u0103, prof. <strong>Ancu\u021ba Norocel<\/strong> de la Colegiul Na\u021bional \u201ePetru Rare\u0219\u201d Suceava. Coordonarea lotului a fost asigurat\u0103 de inspectorul \u0219colar pentru limbi moderne, prof. dr. <strong>Constantin Tiron<\/strong>.<\/p>\n<div class=\"td-a-rec td-a-rec-id-content_bottom  tdi_4 td_block_template_1\"><strong>Intr\u0103 acum \u0219i \u00een grupul de <\/p>\n<div class=\"wp-block-button\"><a class=\"wp-block-button__link wp-element-button\" href=\"https:\/\/t.me\/+TH8wcfnp8fw5NWI0\">Telegram News Bucovina<\/a><\/div>\n<p><\/strong><\/div>\n<\/div>\n<p>[analyse_source url=&#8221;https:\/\/www.newsbucovina.ro\/actualitate\/436552\/olimpiada-nationala-de-limbi-romanice-2026-suceava-revine-cu-9-distinctii-de-la-focsani&#8221;]<\/p>\n","protected":false},"excerpt":{"rendered":"<p>[analyse_image type=&#8221;featured&#8221; src=&#8221;https:\/\/www.newsbucovina.ro\/wp-content\/uploads\/2026\/04\/WhatsApp-Image-2026-04-20-at-09.26.55-5.jpeghttps:\/\/cdn.newsbucovina.ro\/wp-content\/uploads\/2026\/04\/WhatsApp-Image-2026-04-20-at-09.26.55-5.jpeg&#8221;] Intr\u0103 acum \u0219i \u00een grupul de Telegram News Bucovina Lotul jude\u021bului Suceava a ob\u021binut rezultate excelente la etapa na\u021bional\u0103 a Olimpiadei de Limbi Romanice (limba italian\u0103 \u0219i limba spaniol\u0103), care s-a desf\u0103\u0219urat \u00een perioada 6-10 aprilie 2026 la Foc\u0219ani. Din 14 elevi participan\u021bi (7 la italian\u0103 \u0219i 7 la spaniol\u0103), sucevenii s-au [&hellip;]<\/p>\n","protected":false},"author":1,"featured_media":0,"comment_status":"open","ping_status":"","sticky":false,"template":"","format":"standard","meta":{"footnotes":""},"categories":[89],"tags":[226,165],"class_list":["post-1892049","post","type-post","status-publish","format-standard","hentry","category-romania","tag-crawlmanager","tag-newsbucovina-ro"],"_links":{"self":[{"href":"https:\/\/analyse.optim.biz\/index.php?rest_route=\/wp\/v2\/posts\/1892049","targetHints":{"allow":["GET"]}}],"collection":[{"href":"https:\/\/analyse.optim.biz\/index.php?rest_route=\/wp\/v2\/posts"}],"about":[{"href":"https:\/\/analyse.optim.biz\/index.php?rest_route=\/wp\/v2\/types\/post"}],"author":[{"embeddable":true,"href":"https:\/\/analyse.optim.biz\/index.php?rest_route=\/wp\/v2\/users\/1"}],"replies":[{"embeddable":true,"href":"https:\/\/analyse.optim.biz\/index.php?rest_route=%2Fwp%2Fv2%2Fcomments&post=1892049"}],"version-history":[{"count":0,"href":"https:\/\/analyse.optim.biz\/index.php?rest_route=\/wp\/v2\/posts\/1892049\/revisions"}],"wp:attachment":[{"href":"https:\/\/analyse.optim.biz\/index.php?rest_route=%2Fwp%2Fv2%2Fmedia&parent=1892049"}],"wp:term":[{"taxonomy":"category","embeddable":true,"href":"https:\/\/analyse.optim.biz\/index.php?rest_route=%2Fwp%2Fv2%2Fcategories&post=1892049"},{"taxonomy":"post_tag","embeddable":true,"href":"https:\/\/analyse.optim.biz\/index.php?rest_route=%2Fwp%2Fv2%2Ftags&post=1892049"}],"curies":[{"name":"wp","href":"https:\/\/api.w.org\/{rel}","templated":true}]}}