{"id":1892047,"date":"2026-04-20T09:08:14","date_gmt":"2026-04-20T06:08:14","guid":{"rendered":"https:\/\/analyse.optim.biz\/?p=1892047"},"modified":"2026-04-20T09:08:14","modified_gmt":"2026-04-20T06:08:14","slug":"vocatia-contabila-celebrata-la-suceava-la-etapa-judeteana-a-concursului-de-cultura-si-educatie-financiar-contabila","status":"publish","type":"post","link":"https:\/\/analyse.optim.biz\/?p=1892047","title":{"rendered":"Voca\u021bia contabil\u0103 celebrat\u0103 la Suceava la etapa jude\u021bean\u0103 a Concursului de cultur\u0103 \u0219i educa\u021bie financiar-contabil\u0103"},"content":{"rendered":"<p>[analyse_image type=&#8221;featured&#8221; src=&#8221;https:\/\/www.newsbucovina.ro\/wp-content\/uploads\/2026\/04\/WhatsApp-Image-2026-04-20-at-08.17.28.jpeghttps:\/\/cdn.newsbucovina.ro\/wp-content\/uploads\/2026\/04\/WhatsApp-Image-2026-04-20-at-08.17.28.jpeg&#8221;]<\/p>\n<div class=\"td-post-content tagdiv-type\">\n<div class=\"td-a-rec td-a-rec-id-content_top  tdi_3 td_block_template_1\"><strong>Intr\u0103 acum \u0219i \u00een grupul de <\/p>\n<div class=\"wp-block-button\"><a class=\"wp-block-button__link wp-element-button\" href=\"https:\/\/t.me\/+TH8wcfnp8fw5NWI0\">Telegram News Bucovina<\/a><\/div>\n<p><\/strong><\/div>\n<p>Colegiul Economic \u201eDimitrie Cantemir\u201d Suceava a g\u0103zduit, s\u00e2mb\u0103t\u0103, etapa jude\u021bean\u0103 a celei de-a IV-a edi\u021bii a Concursului de cultur\u0103 \u0219i educa\u021bie financiar-contabil\u0103, un eveniment care a reunit elevi pasiona\u021bi de domeniul economic din mai multe unit\u0103\u021bi de \u00eenv\u0103\u021b\u0103m\u00e2nt sucevene.<\/p>\n<figure class=\"wp-block-image size-large\"><a href=\"https:\/\/cdn.newsbucovina.ro\/wp-content\/uploads\/2026\/04\/WhatsApp-Image-2026-04-20-at-08.17.28.jpeg\"><img loading=\"lazy\" decoding=\"async\" width=\"1024\" height=\"561\" src=\"https:\/\/cdn.newsbucovina.ro\/wp-content\/uploads\/2026\/04\/WhatsApp-Image-2026-04-20-at-08.17.28-1024x561.jpeg\" alt class=\"wp-image-436544\"><\/a><\/figure>\n<p>Competi\u021bia, organizat\u0103 pentru elevii filierei tehnologice, profil servicii (domeniile Economic, Comer\u021b \u0219i Turism \u0219i Alimenta\u021bie), a oferit un cadru competitiv stimulator, pun\u00e2nd accent pe g\u00e2ndirea logic\u0103, analiza datelor financiare, \u00een\u021belegerea mecanismelor contabile \u0219i aplicarea practic\u0103 a cuno\u0219tin\u021belor teoretice.<\/p>\n<p>La start s-au aliniat elevi de la trei unit\u0103\u021bi de \u00eenv\u0103\u021b\u0103m\u00e2nt cu profil economic din jude\u021b:<\/p>\n<ul class=\"wp-block-list\">\n<li>Colegiul Economic \u201eDimitrie Cantemir\u201d Suceava,<\/li>\n<li>Colegiul \u201eAndronic Motrescu\u201d R\u0103d\u0103u\u021bi,<\/li>\n<li>Colegiul \u201eAlexandru cel Bun\u201d Gura Humorului.<\/li>\n<\/ul>\n<p>Evenimentul s-a desf\u0103\u0219urat cu sprijinul Inspectoratului \u0218colar Jude\u021bean Suceava, \u00een parteneriat cu Corpul Exper\u021bilor Contabili \u0219i Contabililor Autoriza\u021bi din Rom\u00e2nia (CECCAR) \u2013 Filiala Suceava, consolid\u00e2nd leg\u0103tura esen\u021bial\u0103 \u00eentre mediul educa\u021bional \u0219i cel profesional.<\/p>\n<p><strong>Clasamentul final al etapei jude\u021bene:<\/strong><\/p>\n<ul class=\"wp-block-list\">\n<li><strong>Locul I<\/strong> \u2013 \u0218erban Mario Andrei, Colegiul Economic \u201eDimitrie Cantemir\u201d Suceava (prof. coordonator Stafie Gabriela)<\/li>\n<li><strong>Locul II<\/strong> \u2013 Mammadhuseynov Sabina, Colegiul Economic \u201eDimitrie Cantemir\u201d Suceava (prof. coordonator \u0218om\u00eetc\u0103 Alina)<\/li>\n<li><strong>Locul III<\/strong> \u2013 Ichim Miguel Mikhail, Colegiul \u201eAndronic Motrescu\u201d R\u0103d\u0103u\u021bi (prof. coordonatori Baharnicean Simona \u0219i Berinde Viru\u021ba)<\/li>\n<li><strong>Men\u021biune<\/strong> \u2013 Ursu Iuliana Natalia, Colegiul Economic \u201eDimitrie Cantemir\u201d Suceava (prof. coordonator C\u00eerlan Mihaela)<\/li>\n<\/ul>\n<p>Elevii clasa\u021bi pe primele dou\u0103 locuri \u2013 \u0218erban Mario Andrei \u0219i Mammadhuseynov Sabina \u2013 vor reprezenta jude\u021bul Suceava la etapa na\u021bional\u0103 a concursului.<\/p>\n<p>CECCAR Filiala Suceava a oferit premii speciale elevilor cu rezultate foarte bune, \u00eencuraj\u00e2nd performan\u021ba \u0219i seriozitatea \u00een domeniul financiar-contabil.<\/p>\n<p>Etapa jude\u021bean\u0103 a fost coordonat\u0103 de inspectorul \u0219colar prof. Dumitru-Gavril Ursulean.<\/p>\n<p>Concursul de cultur\u0103 \u0219i educa\u021bie financiar-contabil\u0103 nu reprezint\u0103 doar o competi\u021bie, ci \u0219i o oportunitate real\u0103 pentru elevi de a se apropia de realit\u0103\u021bile meseriei de economist sau contabil, de a-\u0219i descoperi voca\u021bia \u0219i de a face primii pa\u0219i spre o carier\u0103 de succes \u00een domeniul economic.<\/p>\n<p>Prin colaborarea str\u00e2ns\u0103 dintre \u0219coli \u0219i organiza\u021biile profesionale, acest tip de concurs contribuie la formarea unei genera\u021bii de tineri bine preg\u0103ti\u021bi, responsabili \u0219i conecta\u021bi la cerin\u021bele pie\u021bei muncii.<\/p>\n<div class=\"td-a-rec td-a-rec-id-content_bottom  tdi_4 td_block_template_1\"><strong>Intr\u0103 acum \u0219i \u00een grupul de <\/p>\n<div class=\"wp-block-button\"><a class=\"wp-block-button__link wp-element-button\" href=\"https:\/\/t.me\/+TH8wcfnp8fw5NWI0\">Telegram News Bucovina<\/a><\/div>\n<p><\/strong><\/div>\n<\/div>\n<div class=\"td-post-content tagdiv-type\">\n<div class=\"td-a-rec td-a-rec-id-content_top  tdi_3 td_block_template_1\"><strong>Intr\u0103 acum \u0219i \u00een grupul de <\/p>\n<div class=\"wp-block-button\"><a class=\"wp-block-button__link wp-element-button\" href=\"https:\/\/t.me\/+TH8wcfnp8fw5NWI0\">Telegram News Bucovina<\/a><\/div>\n<p><\/strong><\/div>\n<p>Colegiul Economic \u201eDimitrie Cantemir\u201d Suceava a g\u0103zduit, s\u00e2mb\u0103t\u0103, etapa jude\u021bean\u0103 a celei de-a IV-a edi\u021bii a Concursului de cultur\u0103 \u0219i educa\u021bie financiar-contabil\u0103, un eveniment care a reunit elevi pasiona\u021bi de domeniul economic din mai multe unit\u0103\u021bi de \u00eenv\u0103\u021b\u0103m\u00e2nt sucevene.<\/p>\n<figure class=\"wp-block-image size-large\"><a href=\"https:\/\/cdn.newsbucovina.ro\/wp-content\/uploads\/2026\/04\/WhatsApp-Image-2026-04-20-at-08.17.28.jpeg\"><img loading=\"lazy\" decoding=\"async\" width=\"1024\" height=\"561\" src=\"https:\/\/cdn.newsbucovina.ro\/wp-content\/uploads\/2026\/04\/WhatsApp-Image-2026-04-20-at-08.17.28-1024x561.jpeg\" alt class=\"wp-image-436544\"><\/a><\/figure>\n<p>Competi\u021bia, organizat\u0103 pentru elevii filierei tehnologice, profil servicii (domeniile Economic, Comer\u021b \u0219i Turism \u0219i Alimenta\u021bie), a oferit un cadru competitiv stimulator, pun\u00e2nd accent pe g\u00e2ndirea logic\u0103, analiza datelor financiare, \u00een\u021belegerea mecanismelor contabile \u0219i aplicarea practic\u0103 a cuno\u0219tin\u021belor teoretice.<\/p>\n<p>La start s-au aliniat elevi de la trei unit\u0103\u021bi de \u00eenv\u0103\u021b\u0103m\u00e2nt cu profil economic din jude\u021b:<\/p>\n<ul class=\"wp-block-list\">\n<li>Colegiul Economic \u201eDimitrie Cantemir\u201d Suceava,<\/li>\n<li>Colegiul \u201eAndronic Motrescu\u201d R\u0103d\u0103u\u021bi,<\/li>\n<li>Colegiul \u201eAlexandru cel Bun\u201d Gura Humorului.<\/li>\n<\/ul>\n<p>Evenimentul s-a desf\u0103\u0219urat cu sprijinul Inspectoratului \u0218colar Jude\u021bean Suceava, \u00een parteneriat cu Corpul Exper\u021bilor Contabili \u0219i Contabililor Autoriza\u021bi din Rom\u00e2nia (CECCAR) \u2013 Filiala Suceava, consolid\u00e2nd leg\u0103tura esen\u021bial\u0103 \u00eentre mediul educa\u021bional \u0219i cel profesional.<\/p>\n<p><strong>Clasamentul final al etapei jude\u021bene:<\/strong><\/p>\n<ul class=\"wp-block-list\">\n<li><strong>Locul I<\/strong> \u2013 \u0218erban Mario Andrei, Colegiul Economic \u201eDimitrie Cantemir\u201d Suceava (prof. coordonator Stafie Gabriela)<\/li>\n<li><strong>Locul II<\/strong> \u2013 Mammadhuseynov Sabina, Colegiul Economic \u201eDimitrie Cantemir\u201d Suceava (prof. coordonator \u0218om\u00eetc\u0103 Alina)<\/li>\n<li><strong>Locul III<\/strong> \u2013 Ichim Miguel Mikhail, Colegiul \u201eAndronic Motrescu\u201d R\u0103d\u0103u\u021bi (prof. coordonatori Baharnicean Simona \u0219i Berinde Viru\u021ba)<\/li>\n<li><strong>Men\u021biune<\/strong> \u2013 Ursu Iuliana Natalia, Colegiul Economic \u201eDimitrie Cantemir\u201d Suceava (prof. coordonator C\u00eerlan Mihaela)<\/li>\n<\/ul>\n<p>Elevii clasa\u021bi pe primele dou\u0103 locuri \u2013 \u0218erban Mario Andrei \u0219i Mammadhuseynov Sabina \u2013 vor reprezenta jude\u021bul Suceava la etapa na\u021bional\u0103 a concursului.<\/p>\n<p>CECCAR Filiala Suceava a oferit premii speciale elevilor cu rezultate foarte bune, \u00eencuraj\u00e2nd performan\u021ba \u0219i seriozitatea \u00een domeniul financiar-contabil.<\/p>\n<p>Etapa jude\u021bean\u0103 a fost coordonat\u0103 de inspectorul \u0219colar prof. Dumitru-Gavril Ursulean.<\/p>\n<p>Concursul de cultur\u0103 \u0219i educa\u021bie financiar-contabil\u0103 nu reprezint\u0103 doar o competi\u021bie, ci \u0219i o oportunitate real\u0103 pentru elevi de a se apropia de realit\u0103\u021bile meseriei de economist sau contabil, de a-\u0219i descoperi voca\u021bia \u0219i de a face primii pa\u0219i spre o carier\u0103 de succes \u00een domeniul economic.<\/p>\n<p>Prin colaborarea str\u00e2ns\u0103 dintre \u0219coli \u0219i organiza\u021biile profesionale, acest tip de concurs contribuie la formarea unei genera\u021bii de tineri bine preg\u0103ti\u021bi, responsabili \u0219i conecta\u021bi la cerin\u021bele pie\u021bei muncii.<\/p>\n<div class=\"td-a-rec td-a-rec-id-content_bottom  tdi_4 td_block_template_1\"><strong>Intr\u0103 acum \u0219i \u00een grupul de <\/p>\n<div class=\"wp-block-button\"><a class=\"wp-block-button__link wp-element-button\" href=\"https:\/\/t.me\/+TH8wcfnp8fw5NWI0\">Telegram News Bucovina<\/a><\/div>\n<p><\/strong><\/div>\n<\/div>\n<p>[analyse_source url=&#8221;https:\/\/www.newsbucovina.ro\/actualitate\/436543\/vocatia-contabila-celebrata-la-suceava-la-etapa-judeteana-a-concursului-de-cultura-si-educatie-financiar-contabila&#8221;]<\/p>\n","protected":false},"excerpt":{"rendered":"<p>[analyse_image type=&#8221;featured&#8221; src=&#8221;https:\/\/www.newsbucovina.ro\/wp-content\/uploads\/2026\/04\/WhatsApp-Image-2026-04-20-at-08.17.28.jpeghttps:\/\/cdn.newsbucovina.ro\/wp-content\/uploads\/2026\/04\/WhatsApp-Image-2026-04-20-at-08.17.28.jpeg&#8221;] Intr\u0103 acum \u0219i \u00een grupul de Telegram News Bucovina Colegiul Economic \u201eDimitrie Cantemir\u201d Suceava a g\u0103zduit, s\u00e2mb\u0103t\u0103, etapa jude\u021bean\u0103 a celei de-a IV-a edi\u021bii a Concursului de cultur\u0103 \u0219i educa\u021bie financiar-contabil\u0103, un eveniment care a reunit elevi pasiona\u021bi de domeniul economic din mai multe unit\u0103\u021bi de \u00eenv\u0103\u021b\u0103m\u00e2nt sucevene. Competi\u021bia, organizat\u0103 pentru elevii [&hellip;]<\/p>\n","protected":false},"author":1,"featured_media":0,"comment_status":"open","ping_status":"","sticky":false,"template":"","format":"standard","meta":{"footnotes":""},"categories":[89],"tags":[226,165],"class_list":["post-1892047","post","type-post","status-publish","format-standard","hentry","category-romania","tag-crawlmanager","tag-newsbucovina-ro"],"_links":{"self":[{"href":"https:\/\/analyse.optim.biz\/index.php?rest_route=\/wp\/v2\/posts\/1892047","targetHints":{"allow":["GET"]}}],"collection":[{"href":"https:\/\/analyse.optim.biz\/index.php?rest_route=\/wp\/v2\/posts"}],"about":[{"href":"https:\/\/analyse.optim.biz\/index.php?rest_route=\/wp\/v2\/types\/post"}],"author":[{"embeddable":true,"href":"https:\/\/analyse.optim.biz\/index.php?rest_route=\/wp\/v2\/users\/1"}],"replies":[{"embeddable":true,"href":"https:\/\/analyse.optim.biz\/index.php?rest_route=%2Fwp%2Fv2%2Fcomments&post=1892047"}],"version-history":[{"count":0,"href":"https:\/\/analyse.optim.biz\/index.php?rest_route=\/wp\/v2\/posts\/1892047\/revisions"}],"wp:attachment":[{"href":"https:\/\/analyse.optim.biz\/index.php?rest_route=%2Fwp%2Fv2%2Fmedia&parent=1892047"}],"wp:term":[{"taxonomy":"category","embeddable":true,"href":"https:\/\/analyse.optim.biz\/index.php?rest_route=%2Fwp%2Fv2%2Fcategories&post=1892047"},{"taxonomy":"post_tag","embeddable":true,"href":"https:\/\/analyse.optim.biz\/index.php?rest_route=%2Fwp%2Fv2%2Ftags&post=1892047"}],"curies":[{"name":"wp","href":"https:\/\/api.w.org\/{rel}","templated":true}]}}