{"id":1892046,"date":"2026-04-20T09:02:01","date_gmt":"2026-04-20T06:02:01","guid":{"rendered":"https:\/\/analyse.optim.biz\/?p=1892046"},"modified":"2026-04-20T09:02:01","modified_gmt":"2026-04-20T06:02:01","slug":"cupa-romaniei-la-cros-2026-sportivii-de-la-csm-dorna-vatra-dornei-cuceresc-doua-medalii-de-aur-la-stauceni","status":"publish","type":"post","link":"https:\/\/analyse.optim.biz\/?p=1892046","title":{"rendered":"Cupa Rom\u00e2niei la cros 2026: Sportivii de la CSM Dorna Vatra-Dornei cuceresc dou\u0103 medalii de aur la St\u0103uceni"},"content":{"rendered":"<p>[analyse_image type=&#8221;featured&#8221; src=&#8221;https:\/\/www.newsbucovina.ro\/wp-content\/uploads\/2026\/04\/672688871_26171951732488099_1551316445321191301_n.jpghttps:\/\/cdn.newsbucovina.ro\/wp-content\/uploads\/2026\/04\/672688871_26171951732488099_1551316445321191301_n.jpg&#8221;]<\/p>\n<div class=\"td-post-content tagdiv-type\">\n<div class=\"td-a-rec td-a-rec-id-content_top  tdi_3 td_block_template_1\"><strong>Intr\u0103 acum \u0219i \u00een grupul de <\/p>\n<div class=\"wp-block-button\"><a class=\"wp-block-button__link wp-element-button\" href=\"https:\/\/t.me\/+TH8wcfnp8fw5NWI0\">Telegram News Bucovina<\/a><\/div>\n<p><\/strong><\/div>\n<p>Peste 300 de atle\u021bi din \u00eentreaga \u021bar\u0103 au participat duminic\u0103 la Cupa Rom\u00e2niei la cros, competi\u021bie organizat\u0103 de Federa\u021bia Rom\u00e2n\u0103 de Atletism \u00een colaborare cu Asocia\u021bia Jude\u021bean\u0103 de Atletism. Pentru prima dat\u0103 dup\u0103 mul\u021bi ani, competi\u021bia nu s-a mai desf\u0103\u0219urat \u00een P\u0103durea Rediu, organizatorii aleg\u00e2nd comuna St\u0103uceni ca loca\u021bie pentru aceast\u0103 etap\u0103 important\u0103.<\/p>\n<figure class=\"wp-block-image size-large\"><a href=\"https:\/\/cdn.newsbucovina.ro\/wp-content\/uploads\/2026\/04\/672688871_26171951732488099_1551316445321191301_n.jpg\"><img loading=\"lazy\" decoding=\"async\" width=\"1024\" height=\"576\" src=\"https:\/\/cdn.newsbucovina.ro\/wp-content\/uploads\/2026\/04\/672688871_26171951732488099_1551316445321191301_n-1024x576.jpg\" alt class=\"wp-image-436541\"><\/a><\/figure>\n<p>La start s-au aliniat sportivi de la categoria U14 p\u00e2n\u0103 la seniori, iar printre participan\u021bi s-au remarcat \u0219i atle\u021bii de la CSM Dorna Vatra-Dornei, care au reu\u0219it o performan\u021b\u0103 excelent\u0103.<\/p>\n<p><strong>Rezultatele ob\u021binute de sportivii dorneni:<\/strong><\/p>\n<ul class=\"wp-block-list\">\n<li><strong>Medalie de aur individual<\/strong> la categoria Tineret: <strong>Drago\u0219 Negoi\u021ba<\/strong><\/li>\n<li><strong>Medalie de aur pe echipe<\/strong> la categoria Tineret: echipa format\u0103 din <strong>Drago\u0219 Negoi\u021ba, Pr\u00e2sneac Alexandru, Bodea Petru \u0219i Ciobanu Andrei<\/strong><\/li>\n<\/ul>\n<p>La categoria U16 b\u0103ie\u021bi, echipa CSM Dorna Vatra-Dornei a ocupat locul al 4-lea, prin componen\u021ba: Zara Casian, Pardau Sergiu \u0219i Candrea Darius Ilie.<\/p>\n<p>Antrenorul <strong>Pr\u00e2sneac Cristian<\/strong> a declarat la finalul competi\u021biei:<\/p>\n<p>\u201eVreau s\u0103 felicit sportivii pentru d\u0103ruirea cu care au luptat \u00een aceast\u0103 competi\u021bie, reu\u0219ind s\u0103 aduc\u0103 culorile clubului dornean pe cea mai \u00eenalt\u0103 treapt\u0103 a podiumului \u0219i aduc\u00e2nd dou\u0103 medalii de aur \u00een Bucovina. A\u0219 vrea s\u0103 mul\u021bumesc, de asemenea, celor care ne finan\u021beaz\u0103 \u2013 Consiliul Local Vatra-Dornei \u0219i conducerea clubului CSM Dorna Vatra-Dornei \u2013 pentru c\u0103 sprijin\u0103 ace\u0219ti sportivi s\u0103 fie ambasadorii comunit\u0103\u021bii noastre.\u201d<\/p>\n<div class=\"td-a-rec td-a-rec-id-content_bottom  tdi_4 td_block_template_1\"><strong>Intr\u0103 acum \u0219i \u00een grupul de <\/p>\n<div class=\"wp-block-button\"><a class=\"wp-block-button__link wp-element-button\" href=\"https:\/\/t.me\/+TH8wcfnp8fw5NWI0\">Telegram News Bucovina<\/a><\/div>\n<p><\/strong><\/div>\n<\/div>\n<div class=\"td-post-content tagdiv-type\">\n<div class=\"td-a-rec td-a-rec-id-content_top  tdi_3 td_block_template_1\"><strong>Intr\u0103 acum \u0219i \u00een grupul de <\/p>\n<div class=\"wp-block-button\"><a class=\"wp-block-button__link wp-element-button\" href=\"https:\/\/t.me\/+TH8wcfnp8fw5NWI0\">Telegram News Bucovina<\/a><\/div>\n<p><\/strong><\/div>\n<p>Peste 300 de atle\u021bi din \u00eentreaga \u021bar\u0103 au participat duminic\u0103 la Cupa Rom\u00e2niei la cros, competi\u021bie organizat\u0103 de Federa\u021bia Rom\u00e2n\u0103 de Atletism \u00een colaborare cu Asocia\u021bia Jude\u021bean\u0103 de Atletism. Pentru prima dat\u0103 dup\u0103 mul\u021bi ani, competi\u021bia nu s-a mai desf\u0103\u0219urat \u00een P\u0103durea Rediu, organizatorii aleg\u00e2nd comuna St\u0103uceni ca loca\u021bie pentru aceast\u0103 etap\u0103 important\u0103.<\/p>\n<figure class=\"wp-block-image size-large\"><a href=\"https:\/\/cdn.newsbucovina.ro\/wp-content\/uploads\/2026\/04\/672688871_26171951732488099_1551316445321191301_n.jpg\"><img loading=\"lazy\" decoding=\"async\" width=\"1024\" height=\"576\" src=\"https:\/\/cdn.newsbucovina.ro\/wp-content\/uploads\/2026\/04\/672688871_26171951732488099_1551316445321191301_n-1024x576.jpg\" alt class=\"wp-image-436541\"><\/a><\/figure>\n<p>La start s-au aliniat sportivi de la categoria U14 p\u00e2n\u0103 la seniori, iar printre participan\u021bi s-au remarcat \u0219i atle\u021bii de la CSM Dorna Vatra-Dornei, care au reu\u0219it o performan\u021b\u0103 excelent\u0103.<\/p>\n<p><strong>Rezultatele ob\u021binute de sportivii dorneni:<\/strong><\/p>\n<ul class=\"wp-block-list\">\n<li><strong>Medalie de aur individual<\/strong> la categoria Tineret: <strong>Drago\u0219 Negoi\u021ba<\/strong><\/li>\n<li><strong>Medalie de aur pe echipe<\/strong> la categoria Tineret: echipa format\u0103 din <strong>Drago\u0219 Negoi\u021ba, Pr\u00e2sneac Alexandru, Bodea Petru \u0219i Ciobanu Andrei<\/strong><\/li>\n<\/ul>\n<p>La categoria U16 b\u0103ie\u021bi, echipa CSM Dorna Vatra-Dornei a ocupat locul al 4-lea, prin componen\u021ba: Zara Casian, Pardau Sergiu \u0219i Candrea Darius Ilie.<\/p>\n<p>Antrenorul <strong>Pr\u00e2sneac Cristian<\/strong> a declarat la finalul competi\u021biei:<\/p>\n<p>\u201eVreau s\u0103 felicit sportivii pentru d\u0103ruirea cu care au luptat \u00een aceast\u0103 competi\u021bie, reu\u0219ind s\u0103 aduc\u0103 culorile clubului dornean pe cea mai \u00eenalt\u0103 treapt\u0103 a podiumului \u0219i aduc\u00e2nd dou\u0103 medalii de aur \u00een Bucovina. A\u0219 vrea s\u0103 mul\u021bumesc, de asemenea, celor care ne finan\u021beaz\u0103 \u2013 Consiliul Local Vatra-Dornei \u0219i conducerea clubului CSM Dorna Vatra-Dornei \u2013 pentru c\u0103 sprijin\u0103 ace\u0219ti sportivi s\u0103 fie ambasadorii comunit\u0103\u021bii noastre.\u201d<\/p>\n<div class=\"td-a-rec td-a-rec-id-content_bottom  tdi_4 td_block_template_1\"><strong>Intr\u0103 acum \u0219i \u00een grupul de <\/p>\n<div class=\"wp-block-button\"><a class=\"wp-block-button__link wp-element-button\" href=\"https:\/\/t.me\/+TH8wcfnp8fw5NWI0\">Telegram News Bucovina<\/a><\/div>\n<p><\/strong><\/div>\n<\/div>\n<p>[analyse_source url=&#8221;https:\/\/www.newsbucovina.ro\/actualitate\/436540\/cupa-romaniei-la-cros-2026-sportivii-de-la-csm-dorna-vatra-dornei-cuceresc-doua-medalii-de-aur-la-stauceni&#8221;]<\/p>\n","protected":false},"excerpt":{"rendered":"<p>[analyse_image type=&#8221;featured&#8221; src=&#8221;https:\/\/www.newsbucovina.ro\/wp-content\/uploads\/2026\/04\/672688871_26171951732488099_1551316445321191301_n.jpghttps:\/\/cdn.newsbucovina.ro\/wp-content\/uploads\/2026\/04\/672688871_26171951732488099_1551316445321191301_n.jpg&#8221;] Intr\u0103 acum \u0219i \u00een grupul de Telegram News Bucovina Peste 300 de atle\u021bi din \u00eentreaga \u021bar\u0103 au participat duminic\u0103 la Cupa Rom\u00e2niei la cros, competi\u021bie organizat\u0103 de Federa\u021bia Rom\u00e2n\u0103 de Atletism \u00een colaborare cu Asocia\u021bia Jude\u021bean\u0103 de Atletism. Pentru prima dat\u0103 dup\u0103 mul\u021bi ani, competi\u021bia nu s-a mai desf\u0103\u0219urat \u00een P\u0103durea Rediu, [&hellip;]<\/p>\n","protected":false},"author":1,"featured_media":0,"comment_status":"open","ping_status":"","sticky":false,"template":"","format":"standard","meta":{"footnotes":""},"categories":[89],"tags":[226,165],"class_list":["post-1892046","post","type-post","status-publish","format-standard","hentry","category-romania","tag-crawlmanager","tag-newsbucovina-ro"],"_links":{"self":[{"href":"https:\/\/analyse.optim.biz\/index.php?rest_route=\/wp\/v2\/posts\/1892046","targetHints":{"allow":["GET"]}}],"collection":[{"href":"https:\/\/analyse.optim.biz\/index.php?rest_route=\/wp\/v2\/posts"}],"about":[{"href":"https:\/\/analyse.optim.biz\/index.php?rest_route=\/wp\/v2\/types\/post"}],"author":[{"embeddable":true,"href":"https:\/\/analyse.optim.biz\/index.php?rest_route=\/wp\/v2\/users\/1"}],"replies":[{"embeddable":true,"href":"https:\/\/analyse.optim.biz\/index.php?rest_route=%2Fwp%2Fv2%2Fcomments&post=1892046"}],"version-history":[{"count":0,"href":"https:\/\/analyse.optim.biz\/index.php?rest_route=\/wp\/v2\/posts\/1892046\/revisions"}],"wp:attachment":[{"href":"https:\/\/analyse.optim.biz\/index.php?rest_route=%2Fwp%2Fv2%2Fmedia&parent=1892046"}],"wp:term":[{"taxonomy":"category","embeddable":true,"href":"https:\/\/analyse.optim.biz\/index.php?rest_route=%2Fwp%2Fv2%2Fcategories&post=1892046"},{"taxonomy":"post_tag","embeddable":true,"href":"https:\/\/analyse.optim.biz\/index.php?rest_route=%2Fwp%2Fv2%2Ftags&post=1892046"}],"curies":[{"name":"wp","href":"https:\/\/api.w.org\/{rel}","templated":true}]}}