{"id":1892045,"date":"2026-04-20T08:49:06","date_gmt":"2026-04-20T05:49:06","guid":{"rendered":"https:\/\/analyse.optim.biz\/?p=1892045"},"modified":"2026-04-20T08:49:06","modified_gmt":"2026-04-20T05:49:06","slug":"olimpiada-nationala-de-istorie-2026-lotul-judetului-suceava-revine-cu-un-premiu-i-un-premiu-ii-si-patru-mentiuni-de-la-oradea","status":"publish","type":"post","link":"https:\/\/analyse.optim.biz\/?p=1892045","title":{"rendered":"Olimpiada Na\u021bional\u0103 de Istorie 2026: Lotul jude\u021bului Suceava revine cu un premiu I, un premiu II \u0219i patru men\u021biuni de la Oradea"},"content":{"rendered":"<p>[analyse_image type=&#8221;featured&#8221; src=&#8221;https:\/\/www.newsbucovina.ro\/wp-content\/uploads\/2026\/04\/Olimpiada-istorie1.jpeghttps:\/\/cdn.newsbucovina.ro\/wp-content\/uploads\/2026\/04\/Olimpiada-istorie1.jpeg&#8221;]<\/p>\n<div class=\"td-post-content tagdiv-type\">\n<div class=\"td-a-rec td-a-rec-id-content_top  tdi_3 td_block_template_1\"><strong>Intr\u0103 acum \u0219i \u00een grupul de <\/p>\n<div class=\"wp-block-button\"><a class=\"wp-block-button__link wp-element-button\" href=\"https:\/\/t.me\/+TH8wcfnp8fw5NWI0\">Telegram News Bucovina<\/a><\/div>\n<p><\/strong><\/div>\n<p>Lotul olimpic al jude\u021bului Suceava a ob\u021binut rezultate foarte bune la etapa na\u021bional\u0103 a Olimpiadei de Istorie, care s-a desf\u0103\u0219urat \u00een perioada 15-18 aprilie 2026 la Oradea. Elevii suceveni au cucerit un premiu I, un premiu II \u0219i patru men\u021biuni, reconfirm\u00e2nd valoarea \u0219colii sucevene de istorie.<\/p>\n<figure class=\"wp-block-image size-large\"><a href=\"https:\/\/cdn.newsbucovina.ro\/wp-content\/uploads\/2026\/04\/Olimpiada-istorie1.jpeg\"><img loading=\"lazy\" decoding=\"async\" width=\"1024\" height=\"576\" src=\"https:\/\/cdn.newsbucovina.ro\/wp-content\/uploads\/2026\/04\/Olimpiada-istorie1-1024x576.jpeg\" alt class=\"wp-image-436536\"><\/a><\/figure>\n<p><strong>Rezultatele detaliate ale lotului sucevean sunt urm\u0103toarele:<\/strong><\/p>\n<p><strong>Clasa a VIII-a<\/strong><\/p>\n<ul class=\"wp-block-list\">\n<li><strong>Premiul I<\/strong>: Rusu D. Flavia, \u0218coala Gimnazial\u0103 \u201eMihai Eminescu\u201d R\u0103d\u0103u\u021bi, profesor \u00eendrum\u0103tor Nadia Male\u0219<\/li>\n<li>Men\u021biune: Sfirschi Nicoleta Ana, \u0218coala Gimnazial\u0103 \u201eDimitrie Cantemir\u201d R\u0103d\u0103u\u021bi, profesor \u00eendrum\u0103tor Ionel Mitrofan<\/li>\n<\/ul>\n<p><strong>Clasa a IX-a<\/strong><\/p>\n<ul class=\"wp-block-list\">\n<li>Men\u021biune: Cioroianu C. Daria Elena, Colegiul Na\u021bional \u201eNicu Gane\u201d F\u0103lticeni, profesor \u00eendrum\u0103tor Ben\u021ba Codrin<\/li>\n<\/ul>\n<p><strong>Clasa a X-a<\/strong><\/p>\n<ul class=\"wp-block-list\">\n<li><strong>Premiul al II-lea<\/strong>: Grigora\u0219 D. Luca, Colegiul Na\u021bional \u201eNicu Gane\u201d F\u0103lticeni, profesor \u00eendrum\u0103tor Irina Zaharia<\/li>\n<\/ul>\n<p><strong>Clasa a XI-a<\/strong><\/p>\n<ul class=\"wp-block-list\">\n<li>Men\u021biune: Leonte \u0218tefan, Colegiul Na\u021bional \u201e\u0218tefan cel Mare\u201d Suceava, profesor \u00eendrum\u0103tor Didina Petri\u0219or<\/li>\n<\/ul>\n<p><strong>Clasa a XII-a<\/strong><\/p>\n<ul class=\"wp-block-list\">\n<li>Men\u021biune: Mihalescu G. Luca-\u0218tefan, Colegiul Na\u021bional \u201eEudoxiu Hurmuzachi\u201d R\u0103d\u0103u\u021bi, profesor \u00eendrum\u0103tor Gabriela Pogorevici<\/li>\n<\/ul>\n<p>Aceste performan\u021be confirm\u0103 \u00eenc\u0103 o dat\u0103 calitatea actului educa\u021bional din jude\u021bul Suceava \u0219i pasiunea elevilor pentru studiul istoriei. Un rol esen\u021bial \u00een ob\u021binerea rezultatelor l-au avut profesorii \u00eendrum\u0103tori, precum \u0219i Centrul de Excelen\u021b\u0103 pentru disciplina Istorie (clasele a IX-a \u0219i a X-a), ini\u021biat de inspectorul \u0219colar prof. dr. Daniel Hrenciuc \u0219i coordonat de prof. Didina Petri\u0219or.<\/p>\n<p>Centrul de Excelen\u021b\u0103 ofer\u0103 elevilor pasiona\u021bi de istorie cadrul necesar pentru a-\u0219i dezvolta \u0219i aprofunda competen\u021bele specifice disciplinei, iar rezultatele de la olimpiada na\u021bional\u0103 reprezint\u0103 o validare concret\u0103 a muncii sus\u021binute at\u00e2t de elevi, c\u00e2t \u0219i de cadrele didactice.<\/p>\n<p>\u201e\u0218coala sucevean\u0103 de istorie \u00ee\u0219i asum\u0103 un rol educa\u021bional \u0219i formativ fundamental, iar aceste premii demonstreaz\u0103 c\u0103 efortul constant \u0219i dedicarea profesorilor dau roade\u201d, au transmis reprezentan\u021bii Inspectoratului \u0218colar Jude\u021bean Suceava.<\/p>\n<div class=\"td-a-rec td-a-rec-id-content_bottom  tdi_4 td_block_template_1\"><strong>Intr\u0103 acum \u0219i \u00een grupul de <\/p>\n<div class=\"wp-block-button\"><a class=\"wp-block-button__link wp-element-button\" href=\"https:\/\/t.me\/+TH8wcfnp8fw5NWI0\">Telegram News Bucovina<\/a><\/div>\n<p><\/strong><\/div>\n<\/div>\n<div class=\"td-post-content tagdiv-type\">\n<div class=\"td-a-rec td-a-rec-id-content_top  tdi_3 td_block_template_1\"><strong>Intr\u0103 acum \u0219i \u00een grupul de <\/p>\n<div class=\"wp-block-button\"><a class=\"wp-block-button__link wp-element-button\" href=\"https:\/\/t.me\/+TH8wcfnp8fw5NWI0\">Telegram News Bucovina<\/a><\/div>\n<p><\/strong><\/div>\n<p>Lotul olimpic al jude\u021bului Suceava a ob\u021binut rezultate foarte bune la etapa na\u021bional\u0103 a Olimpiadei de Istorie, care s-a desf\u0103\u0219urat \u00een perioada 15-18 aprilie 2026 la Oradea. Elevii suceveni au cucerit un premiu I, un premiu II \u0219i patru men\u021biuni, reconfirm\u00e2nd valoarea \u0219colii sucevene de istorie.<\/p>\n<figure class=\"wp-block-image size-large\"><a href=\"https:\/\/cdn.newsbucovina.ro\/wp-content\/uploads\/2026\/04\/Olimpiada-istorie1.jpeg\"><img loading=\"lazy\" decoding=\"async\" width=\"1024\" height=\"576\" src=\"https:\/\/cdn.newsbucovina.ro\/wp-content\/uploads\/2026\/04\/Olimpiada-istorie1-1024x576.jpeg\" alt class=\"wp-image-436536\"><\/a><\/figure>\n<p><strong>Rezultatele detaliate ale lotului sucevean sunt urm\u0103toarele:<\/strong><\/p>\n<p><strong>Clasa a VIII-a<\/strong><\/p>\n<ul class=\"wp-block-list\">\n<li><strong>Premiul I<\/strong>: Rusu D. Flavia, \u0218coala Gimnazial\u0103 \u201eMihai Eminescu\u201d R\u0103d\u0103u\u021bi, profesor \u00eendrum\u0103tor Nadia Male\u0219<\/li>\n<li>Men\u021biune: Sfirschi Nicoleta Ana, \u0218coala Gimnazial\u0103 \u201eDimitrie Cantemir\u201d R\u0103d\u0103u\u021bi, profesor \u00eendrum\u0103tor Ionel Mitrofan<\/li>\n<\/ul>\n<p><strong>Clasa a IX-a<\/strong><\/p>\n<ul class=\"wp-block-list\">\n<li>Men\u021biune: Cioroianu C. Daria Elena, Colegiul Na\u021bional \u201eNicu Gane\u201d F\u0103lticeni, profesor \u00eendrum\u0103tor Ben\u021ba Codrin<\/li>\n<\/ul>\n<p><strong>Clasa a X-a<\/strong><\/p>\n<ul class=\"wp-block-list\">\n<li><strong>Premiul al II-lea<\/strong>: Grigora\u0219 D. Luca, Colegiul Na\u021bional \u201eNicu Gane\u201d F\u0103lticeni, profesor \u00eendrum\u0103tor Irina Zaharia<\/li>\n<\/ul>\n<p><strong>Clasa a XI-a<\/strong><\/p>\n<ul class=\"wp-block-list\">\n<li>Men\u021biune: Leonte \u0218tefan, Colegiul Na\u021bional \u201e\u0218tefan cel Mare\u201d Suceava, profesor \u00eendrum\u0103tor Didina Petri\u0219or<\/li>\n<\/ul>\n<p><strong>Clasa a XII-a<\/strong><\/p>\n<ul class=\"wp-block-list\">\n<li>Men\u021biune: Mihalescu G. Luca-\u0218tefan, Colegiul Na\u021bional \u201eEudoxiu Hurmuzachi\u201d R\u0103d\u0103u\u021bi, profesor \u00eendrum\u0103tor Gabriela Pogorevici<\/li>\n<\/ul>\n<p>Aceste performan\u021be confirm\u0103 \u00eenc\u0103 o dat\u0103 calitatea actului educa\u021bional din jude\u021bul Suceava \u0219i pasiunea elevilor pentru studiul istoriei. Un rol esen\u021bial \u00een ob\u021binerea rezultatelor l-au avut profesorii \u00eendrum\u0103tori, precum \u0219i Centrul de Excelen\u021b\u0103 pentru disciplina Istorie (clasele a IX-a \u0219i a X-a), ini\u021biat de inspectorul \u0219colar prof. dr. Daniel Hrenciuc \u0219i coordonat de prof. Didina Petri\u0219or.<\/p>\n<p>Centrul de Excelen\u021b\u0103 ofer\u0103 elevilor pasiona\u021bi de istorie cadrul necesar pentru a-\u0219i dezvolta \u0219i aprofunda competen\u021bele specifice disciplinei, iar rezultatele de la olimpiada na\u021bional\u0103 reprezint\u0103 o validare concret\u0103 a muncii sus\u021binute at\u00e2t de elevi, c\u00e2t \u0219i de cadrele didactice.<\/p>\n<p>\u201e\u0218coala sucevean\u0103 de istorie \u00ee\u0219i asum\u0103 un rol educa\u021bional \u0219i formativ fundamental, iar aceste premii demonstreaz\u0103 c\u0103 efortul constant \u0219i dedicarea profesorilor dau roade\u201d, au transmis reprezentan\u021bii Inspectoratului \u0218colar Jude\u021bean Suceava.<\/p>\n<div class=\"td-a-rec td-a-rec-id-content_bottom  tdi_4 td_block_template_1\"><strong>Intr\u0103 acum \u0219i \u00een grupul de <\/p>\n<div class=\"wp-block-button\"><a class=\"wp-block-button__link wp-element-button\" href=\"https:\/\/t.me\/+TH8wcfnp8fw5NWI0\">Telegram News Bucovina<\/a><\/div>\n<p><\/strong><\/div>\n<\/div>\n<p>[analyse_source url=&#8221;https:\/\/www.newsbucovina.ro\/actualitate\/436535\/olimpiada-nationala-de-istorie-2026-lotul-judetului-suceava-revine-cu-un-premiu-i-un-premiu-ii-si-patru-mentiuni-de-la-oradea&#8221;]<\/p>\n","protected":false},"excerpt":{"rendered":"<p>[analyse_image type=&#8221;featured&#8221; src=&#8221;https:\/\/www.newsbucovina.ro\/wp-content\/uploads\/2026\/04\/Olimpiada-istorie1.jpeghttps:\/\/cdn.newsbucovina.ro\/wp-content\/uploads\/2026\/04\/Olimpiada-istorie1.jpeg&#8221;] Intr\u0103 acum \u0219i \u00een grupul de Telegram News Bucovina Lotul olimpic al jude\u021bului Suceava a ob\u021binut rezultate foarte bune la etapa na\u021bional\u0103 a Olimpiadei de Istorie, care s-a desf\u0103\u0219urat \u00een perioada 15-18 aprilie 2026 la Oradea. Elevii suceveni au cucerit un premiu I, un premiu II \u0219i patru men\u021biuni, reconfirm\u00e2nd valoarea \u0219colii [&hellip;]<\/p>\n","protected":false},"author":1,"featured_media":0,"comment_status":"open","ping_status":"","sticky":false,"template":"","format":"standard","meta":{"footnotes":""},"categories":[89],"tags":[226,165],"class_list":["post-1892045","post","type-post","status-publish","format-standard","hentry","category-romania","tag-crawlmanager","tag-newsbucovina-ro"],"_links":{"self":[{"href":"https:\/\/analyse.optim.biz\/index.php?rest_route=\/wp\/v2\/posts\/1892045","targetHints":{"allow":["GET"]}}],"collection":[{"href":"https:\/\/analyse.optim.biz\/index.php?rest_route=\/wp\/v2\/posts"}],"about":[{"href":"https:\/\/analyse.optim.biz\/index.php?rest_route=\/wp\/v2\/types\/post"}],"author":[{"embeddable":true,"href":"https:\/\/analyse.optim.biz\/index.php?rest_route=\/wp\/v2\/users\/1"}],"replies":[{"embeddable":true,"href":"https:\/\/analyse.optim.biz\/index.php?rest_route=%2Fwp%2Fv2%2Fcomments&post=1892045"}],"version-history":[{"count":0,"href":"https:\/\/analyse.optim.biz\/index.php?rest_route=\/wp\/v2\/posts\/1892045\/revisions"}],"wp:attachment":[{"href":"https:\/\/analyse.optim.biz\/index.php?rest_route=%2Fwp%2Fv2%2Fmedia&parent=1892045"}],"wp:term":[{"taxonomy":"category","embeddable":true,"href":"https:\/\/analyse.optim.biz\/index.php?rest_route=%2Fwp%2Fv2%2Fcategories&post=1892045"},{"taxonomy":"post_tag","embeddable":true,"href":"https:\/\/analyse.optim.biz\/index.php?rest_route=%2Fwp%2Fv2%2Ftags&post=1892045"}],"curies":[{"name":"wp","href":"https:\/\/api.w.org\/{rel}","templated":true}]}}