{"id":1892041,"date":"2026-04-20T09:12:41","date_gmt":"2026-04-20T06:12:41","guid":{"rendered":"https:\/\/analyse.optim.biz\/?p=1892041"},"modified":"2026-04-20T09:12:41","modified_gmt":"2026-04-20T06:12:41","slug":"voluntarii-asociatiei-tinerilor-ortodocsi-suceveni-atos-au-ajutat-zeci-de-familii-nevoiase-si-batrani-singuri-inainte-de-pasti-prin-campania-ne-pasa-va-suntem-alaturi","status":"publish","type":"post","link":"https:\/\/analyse.optim.biz\/?p=1892041","title":{"rendered":"Voluntarii Asocia\u021biei Tinerilor Ortodoc\u0219i Suceveni (ATOS) au ajutat zeci de familii nevoia\u0219e \u0219i b\u0103tr\u00e2ni singuri \u00eenainte de Pa\u0219ti prin campania \u201eNe pas\u0103! V\u0103 suntem al\u0103turi!\u201d"},"content":{"rendered":"<p>[analyse_image type=&#8221;featured&#8221; src=&#8221;https:\/\/www.newsbucovina.ro\/wp-content\/uploads\/2026\/04\/PHOTO-2026-04-16-21-55-40-3.jpghttps:\/\/cdn.newsbucovina.ro\/wp-content\/uploads\/2026\/04\/PHOTO-2026-04-16-21-55-40-3.jpg&#8221;]<\/p>\n<div class=\"td-post-content tagdiv-type\">\n<div class=\"td-a-rec td-a-rec-id-content_top  tdi_3 td_block_template_1\"><strong>Intr\u0103 acum \u0219i \u00een grupul de <\/p>\n<div class=\"wp-block-button\"><a class=\"wp-block-button__link wp-element-button\" href=\"https:\/\/t.me\/+TH8wcfnp8fw5NWI0\">Telegram News Bucovina<\/a><\/div>\n<p><\/strong><\/div>\n<p>Timp de o lun\u0103, \u00eentre 20 martie \u0219i 11 aprilie 2026, voluntarii Asocia\u021biei Tinerilor Ortodoc\u0219i Suceveni (ATOS) au derulat cu d\u0103ruire campania \u201eNe pas\u0103! V\u0103 suntem al\u0103turi!\u201d, oferind sprijin concret persoanelor vulnerabile din jude\u021bul Suceava.<\/p>\n<figure class=\"wp-block-image size-large\"><a href=\"https:\/\/cdn.newsbucovina.ro\/wp-content\/uploads\/2026\/04\/PHOTO-2026-04-16-21-55-40-3.jpg\"><img loading=\"lazy\" decoding=\"async\" width=\"1024\" height=\"576\" src=\"https:\/\/cdn.newsbucovina.ro\/wp-content\/uploads\/2026\/04\/PHOTO-2026-04-16-21-55-40-3-1024x576.jpg\" alt class=\"wp-image-436547\"><\/a><\/figure>\n<p>Campania, ajuns\u0103 la a \u0219aptea edi\u021bie, a debutat \u00een martie 2020, \u00een plin\u0103 pandemie, c\u00e2nd ora\u0219ul Suceava se afla \u00een carantin\u0103. Anul acesta, \u00eenainte de S\u0103rb\u0103torile Sfintelor Pa\u0219ti, tinerii au colectat alimente \u0219i haine pentru copii, preg\u0103tind \u0219i distribuind <strong>100 de pachete<\/strong> cu produse de baz\u0103.<\/p>\n<p>Beneficiarii au fost:<\/p>\n<ul class=\"wp-block-list\">\n<li>Familii nevoia\u0219e \u0219i numeroase din Suceava (blocul 48 din fa\u021ba Colegiului Na\u021bional \u201eMihai Eminescu\u201d \u0219i blocul social de l\u00e2ng\u0103 Inspectoratul \u0218colar Jude\u021bean),<\/li>\n<li>Persoane din comunele P\u0103tr\u0103u\u021bi, Mitoc, Ad\u00e2ncata \u0219i Mu\u0219eni\u021ba.<\/li>\n<\/ul>\n<p>Un accent deosebit a fost pus pe localitatea <strong>Mu\u0219eni\u021ba<\/strong>, aflat\u0103 la grani\u021ba cu Ucraina, unde tr\u0103iesc \u00eempreun\u0103 rom\u00e2ni, ru\u0219i lipoveni \u0219i ucraineni. Aici, voluntarii ATOS au colaborat cu doamna Maria Cernovschi \u0219i cu oameni de bine din zona Siret\u2013R\u0103d\u0103u\u021bi, reu\u0219ind s\u0103 ofere pachete consistente familiilor cu mul\u021bi copii, b\u0103tr\u00e2nilor singuri \u0219i persoanelor bolnave.<\/p>\n<p>O parte important\u0103 a alimentelor str\u00e2nse a fost direc\u021bionat\u0103 c\u0103tre:<\/p>\n<ul class=\"wp-block-list\">\n<li><strong>C\u0103minul de b\u0103tr\u00e2ni \u201eSf. Ioan cel Nou de la Suceava\u201d<\/strong> (85 de beneficiari),<\/li>\n<li>M\u0103n\u0103stirile I\u021bcani, Mir\u0103u\u021bi \u0219i \u201eSf. Ioan cel Nou\u201d din Suceava.<\/li>\n<\/ul>\n<p>Pr. Justinian-Remus A. Cojocar, coordonatorul ATOS, a transmis: \u201eMul\u021bumim Bunului Dumnezeu pentru c\u0103 ne-a d\u0103ruit s\u0103n\u0103tate \u0219i putere s\u0103 ducem la bun sf\u00e2r\u0219it aceast\u0103 lucrare! Mul\u021bumim \u00cenaltpreasfin\u021bitului P\u0103rinte Calinic, Arhiepiscopul Sucevei \u0219i R\u0103d\u0103u\u021bilor, pentru binecuv\u00e2ntare \u0219i \u00eencredere! Mul\u021bumim B\u0103ncii pentru Alimente \u2013 prin Asocia\u021bia Teona Ariana Suceava \u2013 \u0219i tuturor tinerilor no\u0219tri voluntari pentru osteneala \u0219i jertfa lor plin\u0103 de dragoste.\u201d<\/p>\n<p>Campania \u201eNe pas\u0103! V\u0103 suntem al\u0103turi!\u201d demonstreaz\u0103 \u00eenc\u0103 o dat\u0103 c\u0103 solidaritatea \u0219i implicarea tinerilor pot aduce alinare real\u0103 celor afla\u021bi \u00een nevoie, mai ales \u00een perioada Sfintelor Pa\u0219ti, c\u00e2nd gesturile de milostenie cap\u0103t\u0103 o \u00eensemn\u0103tate \u0219i mai profund\u0103.<\/p>\n<p>Asocia\u021bia Tinerilor Ortodoc\u0219i Suceveni \u00ee\u0219i propune s\u0103 continue \u0219i \u00een viitor astfel de ac\u021biuni, r\u0103m\u00e2n\u00e2nd un exemplu de voluntariat autentic \u0219i de credin\u021b\u0103 pus\u0103 \u00een fapt\u0103 \u00een Bucovina.<\/p>\n<div class=\"td-a-rec td-a-rec-id-content_bottom  tdi_4 td_block_template_1\"><strong>Intr\u0103 acum \u0219i \u00een grupul de <\/p>\n<div class=\"wp-block-button\"><a class=\"wp-block-button__link wp-element-button\" href=\"https:\/\/t.me\/+TH8wcfnp8fw5NWI0\">Telegram News Bucovina<\/a><\/div>\n<p><\/strong><\/div>\n<\/div>\n<div class=\"td-post-content tagdiv-type\">\n<div class=\"td-a-rec td-a-rec-id-content_top  tdi_3 td_block_template_1\"><strong>Intr\u0103 acum \u0219i \u00een grupul de <\/p>\n<div class=\"wp-block-button\"><a class=\"wp-block-button__link wp-element-button\" href=\"https:\/\/t.me\/+TH8wcfnp8fw5NWI0\">Telegram News Bucovina<\/a><\/div>\n<p><\/strong><\/div>\n<p>Timp de o lun\u0103, \u00eentre 20 martie \u0219i 11 aprilie 2026, voluntarii Asocia\u021biei Tinerilor Ortodoc\u0219i Suceveni (ATOS) au derulat cu d\u0103ruire campania \u201eNe pas\u0103! V\u0103 suntem al\u0103turi!\u201d, oferind sprijin concret persoanelor vulnerabile din jude\u021bul Suceava.<\/p>\n<figure class=\"wp-block-image size-large\"><a href=\"https:\/\/cdn.newsbucovina.ro\/wp-content\/uploads\/2026\/04\/PHOTO-2026-04-16-21-55-40-3.jpg\"><img loading=\"lazy\" decoding=\"async\" width=\"1024\" height=\"576\" src=\"https:\/\/cdn.newsbucovina.ro\/wp-content\/uploads\/2026\/04\/PHOTO-2026-04-16-21-55-40-3-1024x576.jpg\" alt class=\"wp-image-436547\"><\/a><\/figure>\n<p>Campania, ajuns\u0103 la a \u0219aptea edi\u021bie, a debutat \u00een martie 2020, \u00een plin\u0103 pandemie, c\u00e2nd ora\u0219ul Suceava se afla \u00een carantin\u0103. Anul acesta, \u00eenainte de S\u0103rb\u0103torile Sfintelor Pa\u0219ti, tinerii au colectat alimente \u0219i haine pentru copii, preg\u0103tind \u0219i distribuind <strong>100 de pachete<\/strong> cu produse de baz\u0103.<\/p>\n<p>Beneficiarii au fost:<\/p>\n<ul class=\"wp-block-list\">\n<li>Familii nevoia\u0219e \u0219i numeroase din Suceava (blocul 48 din fa\u021ba Colegiului Na\u021bional \u201eMihai Eminescu\u201d \u0219i blocul social de l\u00e2ng\u0103 Inspectoratul \u0218colar Jude\u021bean),<\/li>\n<li>Persoane din comunele P\u0103tr\u0103u\u021bi, Mitoc, Ad\u00e2ncata \u0219i Mu\u0219eni\u021ba.<\/li>\n<\/ul>\n<p>Un accent deosebit a fost pus pe localitatea <strong>Mu\u0219eni\u021ba<\/strong>, aflat\u0103 la grani\u021ba cu Ucraina, unde tr\u0103iesc \u00eempreun\u0103 rom\u00e2ni, ru\u0219i lipoveni \u0219i ucraineni. Aici, voluntarii ATOS au colaborat cu doamna Maria Cernovschi \u0219i cu oameni de bine din zona Siret\u2013R\u0103d\u0103u\u021bi, reu\u0219ind s\u0103 ofere pachete consistente familiilor cu mul\u021bi copii, b\u0103tr\u00e2nilor singuri \u0219i persoanelor bolnave.<\/p>\n<p>O parte important\u0103 a alimentelor str\u00e2nse a fost direc\u021bionat\u0103 c\u0103tre:<\/p>\n<ul class=\"wp-block-list\">\n<li><strong>C\u0103minul de b\u0103tr\u00e2ni \u201eSf. Ioan cel Nou de la Suceava\u201d<\/strong> (85 de beneficiari),<\/li>\n<li>M\u0103n\u0103stirile I\u021bcani, Mir\u0103u\u021bi \u0219i \u201eSf. Ioan cel Nou\u201d din Suceava.<\/li>\n<\/ul>\n<p>Pr. Justinian-Remus A. Cojocar, coordonatorul ATOS, a transmis: \u201eMul\u021bumim Bunului Dumnezeu pentru c\u0103 ne-a d\u0103ruit s\u0103n\u0103tate \u0219i putere s\u0103 ducem la bun sf\u00e2r\u0219it aceast\u0103 lucrare! Mul\u021bumim \u00cenaltpreasfin\u021bitului P\u0103rinte Calinic, Arhiepiscopul Sucevei \u0219i R\u0103d\u0103u\u021bilor, pentru binecuv\u00e2ntare \u0219i \u00eencredere! Mul\u021bumim B\u0103ncii pentru Alimente \u2013 prin Asocia\u021bia Teona Ariana Suceava \u2013 \u0219i tuturor tinerilor no\u0219tri voluntari pentru osteneala \u0219i jertfa lor plin\u0103 de dragoste.\u201d<\/p>\n<p>Campania \u201eNe pas\u0103! V\u0103 suntem al\u0103turi!\u201d demonstreaz\u0103 \u00eenc\u0103 o dat\u0103 c\u0103 solidaritatea \u0219i implicarea tinerilor pot aduce alinare real\u0103 celor afla\u021bi \u00een nevoie, mai ales \u00een perioada Sfintelor Pa\u0219ti, c\u00e2nd gesturile de milostenie cap\u0103t\u0103 o \u00eensemn\u0103tate \u0219i mai profund\u0103.<\/p>\n<p>Asocia\u021bia Tinerilor Ortodoc\u0219i Suceveni \u00ee\u0219i propune s\u0103 continue \u0219i \u00een viitor astfel de ac\u021biuni, r\u0103m\u00e2n\u00e2nd un exemplu de voluntariat autentic \u0219i de credin\u021b\u0103 pus\u0103 \u00een fapt\u0103 \u00een Bucovina.<\/p>\n<div class=\"td-a-rec td-a-rec-id-content_bottom  tdi_4 td_block_template_1\"><strong>Intr\u0103 acum \u0219i \u00een grupul de <\/p>\n<div class=\"wp-block-button\"><a class=\"wp-block-button__link wp-element-button\" href=\"https:\/\/t.me\/+TH8wcfnp8fw5NWI0\">Telegram News Bucovina<\/a><\/div>\n<p><\/strong><\/div>\n<\/div>\n<p>[analyse_source url=&#8221;https:\/\/www.newsbucovina.ro\/social\/436546\/voluntarii-asociatiei-tinerilor-ortodocsi-suceveni-atos-au-ajutat-zeci-de-familii-nevoiase-si-batrani-singuri-inainte-de-pasti-prin-campania-ne-pasa-va-suntem-alaturi&#8221;]<\/p>\n","protected":false},"excerpt":{"rendered":"<p>[analyse_image type=&#8221;featured&#8221; src=&#8221;https:\/\/www.newsbucovina.ro\/wp-content\/uploads\/2026\/04\/PHOTO-2026-04-16-21-55-40-3.jpghttps:\/\/cdn.newsbucovina.ro\/wp-content\/uploads\/2026\/04\/PHOTO-2026-04-16-21-55-40-3.jpg&#8221;] Intr\u0103 acum \u0219i \u00een grupul de Telegram News Bucovina Timp de o lun\u0103, \u00eentre 20 martie \u0219i 11 aprilie 2026, voluntarii Asocia\u021biei Tinerilor Ortodoc\u0219i Suceveni (ATOS) au derulat cu d\u0103ruire campania \u201eNe pas\u0103! V\u0103 suntem al\u0103turi!\u201d, oferind sprijin concret persoanelor vulnerabile din jude\u021bul Suceava. Campania, ajuns\u0103 la a \u0219aptea edi\u021bie, a debutat [&hellip;]<\/p>\n","protected":false},"author":1,"featured_media":0,"comment_status":"open","ping_status":"","sticky":false,"template":"","format":"standard","meta":{"footnotes":""},"categories":[89],"tags":[226,165],"class_list":["post-1892041","post","type-post","status-publish","format-standard","hentry","category-romania","tag-crawlmanager","tag-newsbucovina-ro"],"_links":{"self":[{"href":"https:\/\/analyse.optim.biz\/index.php?rest_route=\/wp\/v2\/posts\/1892041","targetHints":{"allow":["GET"]}}],"collection":[{"href":"https:\/\/analyse.optim.biz\/index.php?rest_route=\/wp\/v2\/posts"}],"about":[{"href":"https:\/\/analyse.optim.biz\/index.php?rest_route=\/wp\/v2\/types\/post"}],"author":[{"embeddable":true,"href":"https:\/\/analyse.optim.biz\/index.php?rest_route=\/wp\/v2\/users\/1"}],"replies":[{"embeddable":true,"href":"https:\/\/analyse.optim.biz\/index.php?rest_route=%2Fwp%2Fv2%2Fcomments&post=1892041"}],"version-history":[{"count":0,"href":"https:\/\/analyse.optim.biz\/index.php?rest_route=\/wp\/v2\/posts\/1892041\/revisions"}],"wp:attachment":[{"href":"https:\/\/analyse.optim.biz\/index.php?rest_route=%2Fwp%2Fv2%2Fmedia&parent=1892041"}],"wp:term":[{"taxonomy":"category","embeddable":true,"href":"https:\/\/analyse.optim.biz\/index.php?rest_route=%2Fwp%2Fv2%2Fcategories&post=1892041"},{"taxonomy":"post_tag","embeddable":true,"href":"https:\/\/analyse.optim.biz\/index.php?rest_route=%2Fwp%2Fv2%2Ftags&post=1892041"}],"curies":[{"name":"wp","href":"https:\/\/api.w.org\/{rel}","templated":true}]}}