{"id":1892039,"date":"2026-04-19T10:28:01","date_gmt":"2026-04-19T07:28:01","guid":{"rendered":"https:\/\/analyse.optim.biz\/?p=1892039"},"modified":"2026-04-19T10:28:01","modified_gmt":"2026-04-19T07:28:01","slug":"doi-copii-accidentati-cu-trotinete-electrice-in-aceeasi-seara-in-judetul-suceava-ambii-au-ajuns-la-scju-suceava-pentru-tratament-de-specialitate","status":"publish","type":"post","link":"https:\/\/analyse.optim.biz\/?p=1892039","title":{"rendered":"Doi copii accidenta\u021bi cu trotinete electrice \u00een aceea\u0219i sear\u0103 \u00een jude\u021bul Suceava: Ambii au ajuns la SCJU Suceava pentru tratament de specialitate"},"content":{"rendered":"<p>[analyse_image type=&#8221;featured&#8221; src=&#8221;https:\/\/www.newsbucovina.ro\/wp-content\/uploads\/2022\/07\/trotineta.jpghttps:\/\/cdn.newsbucovina.ro\/wp-content\/uploads\/2022\/07\/trotineta.jpg&#8221;]<\/p>\n<div class=\"td-post-content tagdiv-type\">\n<div class=\"td-a-rec td-a-rec-id-content_top  tdi_3 td_block_template_1\"><strong>Intr\u0103 acum \u0219i \u00een grupul de <\/p>\n<div class=\"wp-block-button\"><a class=\"wp-block-button__link wp-element-button\" href=\"https:\/\/t.me\/+TH8wcfnp8fw5NWI0\">Telegram News Bucovina<\/a><\/div>\n<p><\/strong><\/div>\n<p>\u00cen interval de aproximativ o or\u0103 \u0219i jum\u0103tate, vineri sear\u0103, doi adolescen\u021bi cu v\u00e2rste de 15 \u0219i respectiv 16 ani au suferit accidente separate dup\u0103 ce s-au dezechilibrat \u0219i au c\u0103zut de pe trotinetele electrice pe care le conduceau. Ambele victime au necesitat \u00eengrijiri medicale, ambele ajung\u00e2nd la Spitalul Jude\u021bean Suceava, .<\/p>\n<figure class=\"wp-block-image size-large\"><a href=\"https:\/\/cdn.newsbucovina.ro\/wp-content\/uploads\/2022\/07\/trotineta.jpg\"><img loading=\"lazy\" decoding=\"async\" width=\"1024\" height=\"578\" src=\"https:\/\/cdn.newsbucovina.ro\/wp-content\/uploads\/2022\/07\/trotineta-1024x578.jpg.webp\" alt class=\"wp-image-347857\"><\/a><\/figure>\n<p>Primul incident a avut loc \u00een jurul orei 20:00, pe strada Islazului din comuna Stulpicani. Astfel, o adolescent\u0103 de 15 ani s-a dezechilibrat \u00een timp ce se deplasa cu trotinet\u0103 electric\u0103 \u0219i a c\u0103zut pe carosabil, \u00een dreptul unei locuin\u021be. Mama acesteia a solicitat o ambulan\u021b\u0103 care a transportat-o pe adolescent\u0103 la Unitatea de Primiri Urgen\u021be a Spitalului Jude\u021bean Suceava. Acolo a fost diagnosticat\u0103 cu traumatism la um\u0103rul drept \u0219i traumatism cranio-cerebral (TCC) \u0219i a r\u0103mas internat\u0103 pentru \u00eengrijiri medicale de specialitate.<\/p>\n<p>Poli\u021bi\u0219tii din cadrul Compartimentului Rutier al Poli\u021biei Ora\u0219ului Gura Humorului, sesiza\u021bi ulterior prin UPU Suceava, au constatat c\u0103 nu a fost implicat niciun alt vehicul \u00een eveniment. Mama minorei a declarat c\u0103 fiica sa nu a fost victima unui accident rutier \u0219i nu dore\u0219te s\u0103 depun\u0103 pl\u00e2ngere penal\u0103. Din primele verific\u0103ri, poli\u021bi\u0219tii au stabilit c\u0103 accidentul s-a produs din cauza faptului c\u0103 minora nu a adaptat viteza la condi\u021biile de drum.<\/p>\n<p>Al doilea accident s-a produs \u00een jurul orei 21:30, pe strada \u0218tefan cel Mare din comuna Marginea unde un adolescent \u00een v\u00e2rst\u0103 de 16 ani, s-a dezechilibrat \u00een timp ce conducea o trotinet\u0103 electric\u0103 \u0219i a c\u0103zut, suferind leziuni la nivelul genunchiului drept.<\/p>\n<p>Dup\u0103 ce s-a \u00eentors acas\u0103, mama sa l-a transportat la Spitalul Municipal R\u0103d\u0103u\u021bi. Acolo a fost diagnosticat cu politraumatism prin c\u0103dere \u0219i a fost transferat la Spitalul Jude\u021bean Suceava pentru investiga\u021bii suplimentare.<\/p>\n<p>\u00cen acest caz, poli\u021bi\u0219tii din cadrul Sec\u021biei 3 Poli\u021bie Rural\u0103 Marginea au \u00eentocmit dosar penal sub aspectul s\u0103v\u00e2r\u0219irii infrac\u021biunii de \u201ev\u0103t\u0103mare corporal\u0103 din culp\u0103\u201d.<\/p>\n<figure class=\"wp-block-embed is-type-video is-provider-youtube wp-block-embed-youtube wp-embed-aspect-16-9 wp-has-aspect-ratio\">\n<div class=\"wp-block-embed__wrapper\">\n<div class=\"youtube-embed\" data-video_id=\"Y_YGnvSxPg0\"><iframe loading=\"lazy\" title=\"Zmeii din Republica R\u0103d\u0103u\u021bi lovesc din nou!! Blonda de la Poli\u021bie vs. Bruneta de pe \"strasse\"!!\" width=\"696\" height=\"392\" src=\"https:\/\/www.youtube.com\/embed\/Y_YGnvSxPg0?start=36&amp;feature=oembed\" frameborder allow=\"accelerometer; autoplay; clipboard-write; encrypted-media; gyroscope; picture-in-picture; web-share\" referrerpolicy=\"strict-origin-when-cross-origin\" allowfullscreen><\/iframe><\/div>\n<\/div>\n<\/figure>\n<div class=\"td-a-rec td-a-rec-id-content_bottom  tdi_4 td_block_template_1\"><strong>Intr\u0103 acum \u0219i \u00een grupul de <\/p>\n<div class=\"wp-block-button\"><a class=\"wp-block-button__link wp-element-button\" href=\"https:\/\/t.me\/+TH8wcfnp8fw5NWI0\">Telegram News Bucovina<\/a><\/div>\n<p><\/strong><\/div>\n<\/div>\n<div class=\"td-post-content tagdiv-type\">\n<div class=\"td-a-rec td-a-rec-id-content_top  tdi_3 td_block_template_1\"><strong>Intr\u0103 acum \u0219i \u00een grupul de <\/p>\n<div class=\"wp-block-button\"><a class=\"wp-block-button__link wp-element-button\" href=\"https:\/\/t.me\/+TH8wcfnp8fw5NWI0\">Telegram News Bucovina<\/a><\/div>\n<p><\/strong><\/div>\n<p>\u00cen interval de aproximativ o or\u0103 \u0219i jum\u0103tate, vineri sear\u0103, doi adolescen\u021bi cu v\u00e2rste de 15 \u0219i respectiv 16 ani au suferit accidente separate dup\u0103 ce s-au dezechilibrat \u0219i au c\u0103zut de pe trotinetele electrice pe care le conduceau. Ambele victime au necesitat \u00eengrijiri medicale, ambele ajung\u00e2nd la Spitalul Jude\u021bean Suceava, .<\/p>\n<figure class=\"wp-block-image size-large\"><a href=\"https:\/\/cdn.newsbucovina.ro\/wp-content\/uploads\/2022\/07\/trotineta.jpg\"><img loading=\"lazy\" decoding=\"async\" width=\"1024\" height=\"578\" src=\"https:\/\/cdn.newsbucovina.ro\/wp-content\/uploads\/2022\/07\/trotineta-1024x578.jpg.webp\" alt class=\"wp-image-347857\"><\/a><\/figure>\n<p>Primul incident a avut loc \u00een jurul orei 20:00, pe strada Islazului din comuna Stulpicani. Astfel, o adolescent\u0103 de 15 ani s-a dezechilibrat \u00een timp ce se deplasa cu trotinet\u0103 electric\u0103 \u0219i a c\u0103zut pe carosabil, \u00een dreptul unei locuin\u021be. Mama acesteia a solicitat o ambulan\u021b\u0103 care a transportat-o pe adolescent\u0103 la Unitatea de Primiri Urgen\u021be a Spitalului Jude\u021bean Suceava. Acolo a fost diagnosticat\u0103 cu traumatism la um\u0103rul drept \u0219i traumatism cranio-cerebral (TCC) \u0219i a r\u0103mas internat\u0103 pentru \u00eengrijiri medicale de specialitate.<\/p>\n<p>Poli\u021bi\u0219tii din cadrul Compartimentului Rutier al Poli\u021biei Ora\u0219ului Gura Humorului, sesiza\u021bi ulterior prin UPU Suceava, au constatat c\u0103 nu a fost implicat niciun alt vehicul \u00een eveniment. Mama minorei a declarat c\u0103 fiica sa nu a fost victima unui accident rutier \u0219i nu dore\u0219te s\u0103 depun\u0103 pl\u00e2ngere penal\u0103. Din primele verific\u0103ri, poli\u021bi\u0219tii au stabilit c\u0103 accidentul s-a produs din cauza faptului c\u0103 minora nu a adaptat viteza la condi\u021biile de drum.<\/p>\n<p>Al doilea accident s-a produs \u00een jurul orei 21:30, pe strada \u0218tefan cel Mare din comuna Marginea unde un adolescent \u00een v\u00e2rst\u0103 de 16 ani, s-a dezechilibrat \u00een timp ce conducea o trotinet\u0103 electric\u0103 \u0219i a c\u0103zut, suferind leziuni la nivelul genunchiului drept.<\/p>\n<p>Dup\u0103 ce s-a \u00eentors acas\u0103, mama sa l-a transportat la Spitalul Municipal R\u0103d\u0103u\u021bi. Acolo a fost diagnosticat cu politraumatism prin c\u0103dere \u0219i a fost transferat la Spitalul Jude\u021bean Suceava pentru investiga\u021bii suplimentare.<\/p>\n<p>\u00cen acest caz, poli\u021bi\u0219tii din cadrul Sec\u021biei 3 Poli\u021bie Rural\u0103 Marginea au \u00eentocmit dosar penal sub aspectul s\u0103v\u00e2r\u0219irii infrac\u021biunii de \u201ev\u0103t\u0103mare corporal\u0103 din culp\u0103\u201d.<\/p>\n<figure class=\"wp-block-embed is-type-video is-provider-youtube wp-block-embed-youtube wp-embed-aspect-16-9 wp-has-aspect-ratio\">\n<div class=\"wp-block-embed__wrapper\">\n<div class=\"youtube-embed\" data-video_id=\"Y_YGnvSxPg0\"><iframe loading=\"lazy\" title=\"Zmeii din Republica R\u0103d\u0103u\u021bi lovesc din nou!! Blonda de la Poli\u021bie vs. Bruneta de pe \"strasse\"!!\" width=\"696\" height=\"392\" src=\"https:\/\/www.youtube.com\/embed\/Y_YGnvSxPg0?start=36&amp;feature=oembed\" frameborder allow=\"accelerometer; autoplay; clipboard-write; encrypted-media; gyroscope; picture-in-picture; web-share\" referrerpolicy=\"strict-origin-when-cross-origin\" allowfullscreen><\/iframe><\/div>\n<\/div>\n<\/figure>\n<div class=\"td-a-rec td-a-rec-id-content_bottom  tdi_4 td_block_template_1\"><strong>Intr\u0103 acum \u0219i \u00een grupul de <\/p>\n<div class=\"wp-block-button\"><a class=\"wp-block-button__link wp-element-button\" href=\"https:\/\/t.me\/+TH8wcfnp8fw5NWI0\">Telegram News Bucovina<\/a><\/div>\n<p><\/strong><\/div>\n<\/div>\n<p>[analyse_source url=&#8221;https:\/\/www.newsbucovina.ro\/social\/436483\/doi-copii-accidentati-cu-trotinete-electrice-in-aceeasi-seara-in-judetul-suceava-ambii-au-ajuns-la-scju-suceava-pentru-tratament-de-specialitate&#8221;]<\/p>\n","protected":false},"excerpt":{"rendered":"<p>[analyse_image type=&#8221;featured&#8221; src=&#8221;https:\/\/www.newsbucovina.ro\/wp-content\/uploads\/2022\/07\/trotineta.jpghttps:\/\/cdn.newsbucovina.ro\/wp-content\/uploads\/2022\/07\/trotineta.jpg&#8221;] Intr\u0103 acum \u0219i \u00een grupul de Telegram News Bucovina \u00cen interval de aproximativ o or\u0103 \u0219i jum\u0103tate, vineri sear\u0103, doi adolescen\u021bi cu v\u00e2rste de 15 \u0219i respectiv 16 ani au suferit accidente separate dup\u0103 ce s-au dezechilibrat \u0219i au c\u0103zut de pe trotinetele electrice pe care le conduceau. Ambele victime au necesitat [&hellip;]<\/p>\n","protected":false},"author":1,"featured_media":0,"comment_status":"open","ping_status":"","sticky":false,"template":"","format":"standard","meta":{"footnotes":""},"categories":[89],"tags":[226,165],"class_list":["post-1892039","post","type-post","status-publish","format-standard","hentry","category-romania","tag-crawlmanager","tag-newsbucovina-ro"],"_links":{"self":[{"href":"https:\/\/analyse.optim.biz\/index.php?rest_route=\/wp\/v2\/posts\/1892039","targetHints":{"allow":["GET"]}}],"collection":[{"href":"https:\/\/analyse.optim.biz\/index.php?rest_route=\/wp\/v2\/posts"}],"about":[{"href":"https:\/\/analyse.optim.biz\/index.php?rest_route=\/wp\/v2\/types\/post"}],"author":[{"embeddable":true,"href":"https:\/\/analyse.optim.biz\/index.php?rest_route=\/wp\/v2\/users\/1"}],"replies":[{"embeddable":true,"href":"https:\/\/analyse.optim.biz\/index.php?rest_route=%2Fwp%2Fv2%2Fcomments&post=1892039"}],"version-history":[{"count":0,"href":"https:\/\/analyse.optim.biz\/index.php?rest_route=\/wp\/v2\/posts\/1892039\/revisions"}],"wp:attachment":[{"href":"https:\/\/analyse.optim.biz\/index.php?rest_route=%2Fwp%2Fv2%2Fmedia&parent=1892039"}],"wp:term":[{"taxonomy":"category","embeddable":true,"href":"https:\/\/analyse.optim.biz\/index.php?rest_route=%2Fwp%2Fv2%2Fcategories&post=1892039"},{"taxonomy":"post_tag","embeddable":true,"href":"https:\/\/analyse.optim.biz\/index.php?rest_route=%2Fwp%2Fv2%2Ftags&post=1892039"}],"curies":[{"name":"wp","href":"https:\/\/api.w.org\/{rel}","templated":true}]}}