{"id":1892034,"date":"2026-04-19T10:09:27","date_gmt":"2026-04-19T07:09:27","guid":{"rendered":"https:\/\/analyse.optim.biz\/?p=1892034"},"modified":"2026-04-19T10:09:27","modified_gmt":"2026-04-19T07:09:27","slug":"barbat-retinut-pentru-24-de-ore-dupa-ce-a-agresat-o-persoana-cu-un-cutter-in-ipotesti","status":"publish","type":"post","link":"https:\/\/analyse.optim.biz\/?p=1892034","title":{"rendered":"B\u0103rbat re\u021binut pentru 24 de ore dup\u0103 ce a agresat o persoan\u0103 cu un cutter \u00een Ipote\u0219ti"},"content":{"rendered":"<p>[analyse_image type=&#8221;featured&#8221; src=&#8221;https:\/\/www.newsbucovina.ro\/wp-content\/uploads\/2018\/11\/cutter-amenintare.jpghttps:\/\/cdn.newsbucovina.ro\/wp-content\/uploads\/2018\/11\/cutter-amenintare.jpg&#8221;]<\/p>\n<div class=\"td-post-content tagdiv-type\">\n<div class=\"td-a-rec td-a-rec-id-content_top  tdi_3 td_block_template_1\"><strong>Intr\u0103 acum \u0219i \u00een grupul de <\/p>\n<div class=\"wp-block-button\"><a class=\"wp-block-button__link wp-element-button\" href=\"https:\/\/t.me\/+TH8wcfnp8fw5NWI0\">Telegram News Bucovina<\/a><\/div>\n<p><\/strong><\/div>\n<p>Poli\u021bi\u0219tii din cadrul Sec\u021biei de Poli\u021bie Rural\u0103 nr. 2 Ipote\u0219ti au dispus re\u021binerea pentru 24 de ore a unui b\u0103rbat din localitatea Ti\u0219\u0103u\u021bi, suspectat de amenin\u021bare \u0219i lovire sau alte violen\u021be, dup\u0103 ce ar fi agresat o alt\u0103 persoan\u0103 cu un cutter, provoc\u00e2ndu-i o plag\u0103 superficial\u0103 la nivelul fe\u021bei.<\/p>\n<figure class=\"wp-block-image size-full\"><a href=\"https:\/\/cdn.newsbucovina.ro\/wp-content\/uploads\/2018\/11\/cutter-amenintare.jpg\"><img loading=\"lazy\" decoding=\"async\" width=\"960\" height=\"640\" src=\"https:\/\/cdn.newsbucovina.ro\/wp-content\/uploads\/2018\/11\/cutter-amenintare.jpg.webp\" alt class=\"wp-image-236554\"><\/a><\/figure>\n<p>\u00cen continuarea cercet\u0103rilor efectuate \u00een cazul sesizat pe 15 aprilie 2026, poli\u021bi\u0219tii au dispus efectuarea \u00een continuare a urm\u0103ririi penale fa\u021b\u0103 de suspect pentru s\u0103v\u00e2r\u0219irea infrac\u021biunilor de \u201eamenin\u021bare\u201d \u0219i \u201elovire sau alte violen\u021be\u201d \u00een concurs de infrac\u021biuni.<\/p>\n<p>Suspectul a fost audiat cu respectarea drepturilor \u0219i garan\u021biilor procesuale, dup\u0103 care, prin ordonan\u021b\u0103, a fost dispus\u0103 m\u0103sura re\u021binerii pe o perioad\u0103 de 24 de ore. B\u0103rbatul a fost introdus \u00een Arestul Inspectoratului de Poli\u021bie Jude\u021bean Suceava.<\/p>\n<p>Reamintim c\u0103 incidentul a avut loc \u00een seara de 15 aprilie 2026, \u00een jurul orei 23:30, \u00een localitatea Ti\u0219\u0103u\u021bi, comuna Ipote\u0219ti. Cei doi b\u0103rba\u021bi, \u00eempreun\u0103 cu alte persoane, consumaser\u0103 b\u0103uturi alcoolice la un bar din zon\u0103. Ulterior, s-au deplasat \u00een sta\u021bia de oprire a mijloacelor de transport \u00een comun de pe strada M\u0103r\u0103\u0219e\u0219ti, unde au \u00eenceput s\u0103-\u0219i adreseze reciproc injurii \u0219i expresii jignitoare.<\/p>\n<p>Scandalul a continuat \u00een fa\u021ba locuin\u021bei suspectului de pe aceea\u0219i strad\u0103. La un moment dat, mama suspectului a ie\u0219it \u00een curte, iar victima i-ar fi adresat \u0219i ei injurii. \u00cen acel context, suspectul a ie\u0219it pe drumul public cu un cutter \u00een m\u00e2n\u0103 \u0219i l-a agresat pe cel\u0103lalt b\u0103rbat, provoc\u00e2ndu-i o plag\u0103 superficial\u0103 la nivelul fe\u021bei.<\/p>\n<p>La fa\u021ba locului s-a deplasat un echipaj al Serviciului de Ambulan\u021b\u0103 Jude\u021bean Suceava, care l-a transportat pe cel agresat la spital pentru acordarea de \u00eengrijiri medicale. Acesta nu a necesitat internare.<\/p>\n<p>Cercet\u0103rile continu\u0103 sub aspectul s\u0103v\u00e2r\u0219irii infrac\u021biunii de lovire sau alte violen\u021be, poli\u021bi\u0219tii urm\u00e2nd s\u0103 stabileasc\u0103 toate \u00eemprejur\u0103rile producerii incidentului \u0219i s\u0103 propun\u0103 solu\u021bii procedurale.<\/p>\n<figure class=\"wp-block-embed is-type-video is-provider-youtube wp-block-embed-youtube wp-embed-aspect-16-9 wp-has-aspect-ratio\">\n<div class=\"wp-block-embed__wrapper\">\n<div class=\"youtube-embed\" data-video_id=\"Y_YGnvSxPg0\"><iframe loading=\"lazy\" title=\"Zmeii din Republica R\u0103d\u0103u\u021bi lovesc din nou!! Blonda de la Poli\u021bie vs. Bruneta de pe \"strasse\"!!\" width=\"696\" height=\"392\" src=\"https:\/\/www.youtube.com\/embed\/Y_YGnvSxPg0?start=36&amp;feature=oembed\" frameborder allow=\"accelerometer; autoplay; clipboard-write; encrypted-media; gyroscope; picture-in-picture; web-share\" referrerpolicy=\"strict-origin-when-cross-origin\" allowfullscreen><\/iframe><\/div>\n<\/div>\n<\/figure>\n<div class=\"td-a-rec td-a-rec-id-content_bottom  tdi_4 td_block_template_1\"><strong>Intr\u0103 acum \u0219i \u00een grupul de <\/p>\n<div class=\"wp-block-button\"><a class=\"wp-block-button__link wp-element-button\" href=\"https:\/\/t.me\/+TH8wcfnp8fw5NWI0\">Telegram News Bucovina<\/a><\/div>\n<p><\/strong><\/div>\n<\/div>\n<div class=\"td-post-content tagdiv-type\">\n<div class=\"td-a-rec td-a-rec-id-content_top  tdi_3 td_block_template_1\"><strong>Intr\u0103 acum \u0219i \u00een grupul de <\/p>\n<div class=\"wp-block-button\"><a class=\"wp-block-button__link wp-element-button\" href=\"https:\/\/t.me\/+TH8wcfnp8fw5NWI0\">Telegram News Bucovina<\/a><\/div>\n<p><\/strong><\/div>\n<p>Poli\u021bi\u0219tii din cadrul Sec\u021biei de Poli\u021bie Rural\u0103 nr. 2 Ipote\u0219ti au dispus re\u021binerea pentru 24 de ore a unui b\u0103rbat din localitatea Ti\u0219\u0103u\u021bi, suspectat de amenin\u021bare \u0219i lovire sau alte violen\u021be, dup\u0103 ce ar fi agresat o alt\u0103 persoan\u0103 cu un cutter, provoc\u00e2ndu-i o plag\u0103 superficial\u0103 la nivelul fe\u021bei.<\/p>\n<figure class=\"wp-block-image size-full\"><a href=\"https:\/\/cdn.newsbucovina.ro\/wp-content\/uploads\/2018\/11\/cutter-amenintare.jpg\"><img loading=\"lazy\" decoding=\"async\" width=\"960\" height=\"640\" src=\"https:\/\/cdn.newsbucovina.ro\/wp-content\/uploads\/2018\/11\/cutter-amenintare.jpg.webp\" alt class=\"wp-image-236554\"><\/a><\/figure>\n<p>\u00cen continuarea cercet\u0103rilor efectuate \u00een cazul sesizat pe 15 aprilie 2026, poli\u021bi\u0219tii au dispus efectuarea \u00een continuare a urm\u0103ririi penale fa\u021b\u0103 de suspect pentru s\u0103v\u00e2r\u0219irea infrac\u021biunilor de \u201eamenin\u021bare\u201d \u0219i \u201elovire sau alte violen\u021be\u201d \u00een concurs de infrac\u021biuni.<\/p>\n<p>Suspectul a fost audiat cu respectarea drepturilor \u0219i garan\u021biilor procesuale, dup\u0103 care, prin ordonan\u021b\u0103, a fost dispus\u0103 m\u0103sura re\u021binerii pe o perioad\u0103 de 24 de ore. B\u0103rbatul a fost introdus \u00een Arestul Inspectoratului de Poli\u021bie Jude\u021bean Suceava.<\/p>\n<p>Reamintim c\u0103 incidentul a avut loc \u00een seara de 15 aprilie 2026, \u00een jurul orei 23:30, \u00een localitatea Ti\u0219\u0103u\u021bi, comuna Ipote\u0219ti. Cei doi b\u0103rba\u021bi, \u00eempreun\u0103 cu alte persoane, consumaser\u0103 b\u0103uturi alcoolice la un bar din zon\u0103. Ulterior, s-au deplasat \u00een sta\u021bia de oprire a mijloacelor de transport \u00een comun de pe strada M\u0103r\u0103\u0219e\u0219ti, unde au \u00eenceput s\u0103-\u0219i adreseze reciproc injurii \u0219i expresii jignitoare.<\/p>\n<p>Scandalul a continuat \u00een fa\u021ba locuin\u021bei suspectului de pe aceea\u0219i strad\u0103. La un moment dat, mama suspectului a ie\u0219it \u00een curte, iar victima i-ar fi adresat \u0219i ei injurii. \u00cen acel context, suspectul a ie\u0219it pe drumul public cu un cutter \u00een m\u00e2n\u0103 \u0219i l-a agresat pe cel\u0103lalt b\u0103rbat, provoc\u00e2ndu-i o plag\u0103 superficial\u0103 la nivelul fe\u021bei.<\/p>\n<p>La fa\u021ba locului s-a deplasat un echipaj al Serviciului de Ambulan\u021b\u0103 Jude\u021bean Suceava, care l-a transportat pe cel agresat la spital pentru acordarea de \u00eengrijiri medicale. Acesta nu a necesitat internare.<\/p>\n<p>Cercet\u0103rile continu\u0103 sub aspectul s\u0103v\u00e2r\u0219irii infrac\u021biunii de lovire sau alte violen\u021be, poli\u021bi\u0219tii urm\u00e2nd s\u0103 stabileasc\u0103 toate \u00eemprejur\u0103rile producerii incidentului \u0219i s\u0103 propun\u0103 solu\u021bii procedurale.<\/p>\n<figure class=\"wp-block-embed is-type-video is-provider-youtube wp-block-embed-youtube wp-embed-aspect-16-9 wp-has-aspect-ratio\">\n<div class=\"wp-block-embed__wrapper\">\n<div class=\"youtube-embed\" data-video_id=\"Y_YGnvSxPg0\"><iframe loading=\"lazy\" title=\"Zmeii din Republica R\u0103d\u0103u\u021bi lovesc din nou!! Blonda de la Poli\u021bie vs. Bruneta de pe \"strasse\"!!\" width=\"696\" height=\"392\" src=\"https:\/\/www.youtube.com\/embed\/Y_YGnvSxPg0?start=36&amp;feature=oembed\" frameborder allow=\"accelerometer; autoplay; clipboard-write; encrypted-media; gyroscope; picture-in-picture; web-share\" referrerpolicy=\"strict-origin-when-cross-origin\" allowfullscreen><\/iframe><\/div>\n<\/div>\n<\/figure>\n<div class=\"td-a-rec td-a-rec-id-content_bottom  tdi_4 td_block_template_1\"><strong>Intr\u0103 acum \u0219i \u00een grupul de <\/p>\n<div class=\"wp-block-button\"><a class=\"wp-block-button__link wp-element-button\" href=\"https:\/\/t.me\/+TH8wcfnp8fw5NWI0\">Telegram News Bucovina<\/a><\/div>\n<p><\/strong><\/div>\n<\/div>\n<p>[analyse_source url=&#8221;https:\/\/www.newsbucovina.ro\/social\/436479\/barbat-retinut-pentru-24-de-ore-dupa-ce-a-agresat-o-persoana-cu-un-cutter-in-ipotesti&#8221;]<\/p>\n","protected":false},"excerpt":{"rendered":"<p>[analyse_image type=&#8221;featured&#8221; src=&#8221;https:\/\/www.newsbucovina.ro\/wp-content\/uploads\/2018\/11\/cutter-amenintare.jpghttps:\/\/cdn.newsbucovina.ro\/wp-content\/uploads\/2018\/11\/cutter-amenintare.jpg&#8221;] Intr\u0103 acum \u0219i \u00een grupul de Telegram News Bucovina Poli\u021bi\u0219tii din cadrul Sec\u021biei de Poli\u021bie Rural\u0103 nr. 2 Ipote\u0219ti au dispus re\u021binerea pentru 24 de ore a unui b\u0103rbat din localitatea Ti\u0219\u0103u\u021bi, suspectat de amenin\u021bare \u0219i lovire sau alte violen\u021be, dup\u0103 ce ar fi agresat o alt\u0103 persoan\u0103 cu un cutter, provoc\u00e2ndu-i [&hellip;]<\/p>\n","protected":false},"author":1,"featured_media":0,"comment_status":"open","ping_status":"","sticky":false,"template":"","format":"standard","meta":{"footnotes":""},"categories":[89],"tags":[226,165],"class_list":["post-1892034","post","type-post","status-publish","format-standard","hentry","category-romania","tag-crawlmanager","tag-newsbucovina-ro"],"_links":{"self":[{"href":"https:\/\/analyse.optim.biz\/index.php?rest_route=\/wp\/v2\/posts\/1892034","targetHints":{"allow":["GET"]}}],"collection":[{"href":"https:\/\/analyse.optim.biz\/index.php?rest_route=\/wp\/v2\/posts"}],"about":[{"href":"https:\/\/analyse.optim.biz\/index.php?rest_route=\/wp\/v2\/types\/post"}],"author":[{"embeddable":true,"href":"https:\/\/analyse.optim.biz\/index.php?rest_route=\/wp\/v2\/users\/1"}],"replies":[{"embeddable":true,"href":"https:\/\/analyse.optim.biz\/index.php?rest_route=%2Fwp%2Fv2%2Fcomments&post=1892034"}],"version-history":[{"count":0,"href":"https:\/\/analyse.optim.biz\/index.php?rest_route=\/wp\/v2\/posts\/1892034\/revisions"}],"wp:attachment":[{"href":"https:\/\/analyse.optim.biz\/index.php?rest_route=%2Fwp%2Fv2%2Fmedia&parent=1892034"}],"wp:term":[{"taxonomy":"category","embeddable":true,"href":"https:\/\/analyse.optim.biz\/index.php?rest_route=%2Fwp%2Fv2%2Fcategories&post=1892034"},{"taxonomy":"post_tag","embeddable":true,"href":"https:\/\/analyse.optim.biz\/index.php?rest_route=%2Fwp%2Fv2%2Ftags&post=1892034"}],"curies":[{"name":"wp","href":"https:\/\/api.w.org\/{rel}","templated":true}]}}