{"id":1892032,"date":"2026-04-19T10:04:40","date_gmt":"2026-04-19T07:04:40","guid":{"rendered":"https:\/\/analyse.optim.biz\/?p=1892032"},"modified":"2026-04-19T10:04:40","modified_gmt":"2026-04-19T07:04:40","slug":"sofer-fara-permis-prins-din-nou-la-volan-retinut-pentru-24-de-ore-dupa-ce-a-incercat-sa-fuga-de-politie-in-frasin","status":"publish","type":"post","link":"https:\/\/analyse.optim.biz\/?p=1892032","title":{"rendered":"\u0218ofer f\u0103r\u0103 permis, prins din nou la volan, re\u021binut pentru 24 de ore dup\u0103 ce a \u00eencercat s\u0103 fug\u0103 de poli\u021bie \u00een Frasin"},"content":{"rendered":"<p>[analyse_image type=&#8221;featured&#8221; src=&#8221;https:\/\/www.newsbucovina.ro\/wp-content\/uploads\/2026\/02\/politia-1.pnghttps:\/\/cdn.newsbucovina.ro\/wp-content\/uploads\/2026\/02\/politia-1.png&#8221;]<\/p>\n<div class=\"td-post-content tagdiv-type\">\n<div class=\"td-a-rec td-a-rec-id-content_top  tdi_3 td_block_template_1\"><strong>Intr\u0103 acum \u0219i \u00een grupul de <\/p>\n<div class=\"wp-block-button\"><a class=\"wp-block-button__link wp-element-button\" href=\"https:\/\/t.me\/+TH8wcfnp8fw5NWI0\">Telegram News Bucovina<\/a><\/div>\n<p><\/strong><\/div>\n<p>Un t\u00e2n\u0103r de 20 de ani din comuna Stulpicani, care a condus un autoturism Audi f\u0103r\u0103 permis de conducere \u0219i a \u00eencercat s\u0103 se sustrag\u0103 controlului poli\u021biei, a fost re\u021binut pentru 24 de ore de c\u0103tre poli\u021bi\u0219tii din Frasin. B\u0103rbatul este cunoscut pentru conducere f\u0103r\u0103 permis, fiind judecat anterior pentru aceea\u0219i fapt\u0103.<\/p>\n<div class=\"wp-block-image\">\n<figure class=\"aligncenter size-full\"><a href=\"https:\/\/cdn.newsbucovina.ro\/wp-content\/uploads\/2026\/02\/politia-1.png\"><img loading=\"lazy\" decoding=\"async\" width=\"918\" height=\"505\" src=\"https:\/\/cdn.newsbucovina.ro\/wp-content\/uploads\/2026\/02\/politia-1.png\" alt class=\"wp-image-432206\"><\/a><\/figure>\n<\/div>\n<p>\u00cen continuarea cercet\u0103rilor efectuate dup\u0103 evenimentul din seara de 17 aprilie, poli\u021bi\u0219tii Ora\u0219ului Frasin au dispus, vineri, 18 aprilie 2026, continuarea urm\u0103ririi penale fa\u021b\u0103 de \u0219oferul implicat pentru s\u0103v\u00e2r\u0219irea infrac\u021biunii de \u201econducere a unui vehicul f\u0103r\u0103 permis de conducere\u201d, fapt\u0103 prev\u0103zut\u0103 \u0219i pedepsit\u0103 de art. 335 alin. (1) din Codul Penal. M\u0103sura a fost confirmat\u0103 de Parchetul de pe l\u00e2ng\u0103 Judec\u0103toria Gura Humorului.<\/p>\n<p>Potrivit anchetei, \u00een data de 17 aprilie, \u00een jurul orei 22:30, pe DJ 177A, pe direc\u021bia Frasin \u2013 Stulpicani, t\u00e2n\u0103rul a ignorat semnalul regulamentar de oprire dat de un echipaj de poli\u021bie. Dup\u0103 ce a fost blocat pe o uli\u021b\u0103 lateral\u0103, acesta a s\u0103rit de la volan pe bancheta din spate a autoturismului, \u00eencerc\u00e2nd s\u0103 evite identificarea. Ulterior, a recunoscut c\u0103 a ac\u021bionat astfel deoarece nu de\u021bine permis de conducere valabil \u2013 aspect confirmat \u0219i prin verific\u0103rile din bazele de date ale Poli\u021biei Rom\u00e2ne.<\/p>\n<p>Deoarece nu este la prima abatere de acest gen (\u00een decembrie 2025 a fost trimis \u00een judecat\u0103 pentru aceea\u0219i infrac\u021biune), poli\u021bi\u0219tii au dispus m\u0103sura preventiv\u0103 a re\u021binerii pe o perioad\u0103 de 24 de ore, \u00eencep\u00e2nd cu ora 17:30 a zilei de 18 aprilie \u0219i p\u00e2n\u0103 la ora 17:30 a zilei de 19 aprilie 2026. B\u0103rbatul a fost \u00eencarcerat \u00een Centrul de Re\u021binere \u0219i Arestare Preventiv\u0103 al Inspectoratului de Poli\u021bie Jude\u021bean Suceava.<\/p>\n<p>Cercet\u0103rile continu\u0103 sub coordonarea Parchetului de pe l\u00e2ng\u0103 Judec\u0103toria Gura Humorului, urm\u00e2nd ca poli\u021bi\u0219tii s\u0103 fac\u0103 propunere procedural\u0103 \u00een cauz\u0103.<\/p>\n<figure class=\"wp-block-embed is-type-video is-provider-youtube wp-block-embed-youtube wp-embed-aspect-16-9 wp-has-aspect-ratio\">\n<div class=\"wp-block-embed__wrapper\">\n<div class=\"youtube-embed\" data-video_id=\"Y_YGnvSxPg0\"><iframe loading=\"lazy\" title=\"Zmeii din Republica R\u0103d\u0103u\u021bi lovesc din nou!! Blonda de la Poli\u021bie vs. Bruneta de pe \"strasse\"!!\" width=\"696\" height=\"392\" src=\"https:\/\/www.youtube.com\/embed\/Y_YGnvSxPg0?start=36&amp;feature=oembed\" frameborder allow=\"accelerometer; autoplay; clipboard-write; encrypted-media; gyroscope; picture-in-picture; web-share\" referrerpolicy=\"strict-origin-when-cross-origin\" allowfullscreen><\/iframe><\/div>\n<\/div>\n<\/figure>\n<div class=\"td-a-rec td-a-rec-id-content_bottom  tdi_4 td_block_template_1\"><strong>Intr\u0103 acum \u0219i \u00een grupul de <\/p>\n<div class=\"wp-block-button\"><a class=\"wp-block-button__link wp-element-button\" href=\"https:\/\/t.me\/+TH8wcfnp8fw5NWI0\">Telegram News Bucovina<\/a><\/div>\n<p><\/strong><\/div>\n<\/div>\n<div class=\"td-post-content tagdiv-type\">\n<div class=\"td-a-rec td-a-rec-id-content_top  tdi_3 td_block_template_1\"><strong>Intr\u0103 acum \u0219i \u00een grupul de <\/p>\n<div class=\"wp-block-button\"><a class=\"wp-block-button__link wp-element-button\" href=\"https:\/\/t.me\/+TH8wcfnp8fw5NWI0\">Telegram News Bucovina<\/a><\/div>\n<p><\/strong><\/div>\n<p>Un t\u00e2n\u0103r de 20 de ani din comuna Stulpicani, care a condus un autoturism Audi f\u0103r\u0103 permis de conducere \u0219i a \u00eencercat s\u0103 se sustrag\u0103 controlului poli\u021biei, a fost re\u021binut pentru 24 de ore de c\u0103tre poli\u021bi\u0219tii din Frasin. B\u0103rbatul este cunoscut pentru conducere f\u0103r\u0103 permis, fiind judecat anterior pentru aceea\u0219i fapt\u0103.<\/p>\n<div class=\"wp-block-image\">\n<figure class=\"aligncenter size-full\"><a href=\"https:\/\/cdn.newsbucovina.ro\/wp-content\/uploads\/2026\/02\/politia-1.png\"><img loading=\"lazy\" decoding=\"async\" width=\"918\" height=\"505\" src=\"https:\/\/cdn.newsbucovina.ro\/wp-content\/uploads\/2026\/02\/politia-1.png\" alt class=\"wp-image-432206\"><\/a><\/figure>\n<\/div>\n<p>\u00cen continuarea cercet\u0103rilor efectuate dup\u0103 evenimentul din seara de 17 aprilie, poli\u021bi\u0219tii Ora\u0219ului Frasin au dispus, vineri, 18 aprilie 2026, continuarea urm\u0103ririi penale fa\u021b\u0103 de \u0219oferul implicat pentru s\u0103v\u00e2r\u0219irea infrac\u021biunii de \u201econducere a unui vehicul f\u0103r\u0103 permis de conducere\u201d, fapt\u0103 prev\u0103zut\u0103 \u0219i pedepsit\u0103 de art. 335 alin. (1) din Codul Penal. M\u0103sura a fost confirmat\u0103 de Parchetul de pe l\u00e2ng\u0103 Judec\u0103toria Gura Humorului.<\/p>\n<p>Potrivit anchetei, \u00een data de 17 aprilie, \u00een jurul orei 22:30, pe DJ 177A, pe direc\u021bia Frasin \u2013 Stulpicani, t\u00e2n\u0103rul a ignorat semnalul regulamentar de oprire dat de un echipaj de poli\u021bie. Dup\u0103 ce a fost blocat pe o uli\u021b\u0103 lateral\u0103, acesta a s\u0103rit de la volan pe bancheta din spate a autoturismului, \u00eencerc\u00e2nd s\u0103 evite identificarea. Ulterior, a recunoscut c\u0103 a ac\u021bionat astfel deoarece nu de\u021bine permis de conducere valabil \u2013 aspect confirmat \u0219i prin verific\u0103rile din bazele de date ale Poli\u021biei Rom\u00e2ne.<\/p>\n<p>Deoarece nu este la prima abatere de acest gen (\u00een decembrie 2025 a fost trimis \u00een judecat\u0103 pentru aceea\u0219i infrac\u021biune), poli\u021bi\u0219tii au dispus m\u0103sura preventiv\u0103 a re\u021binerii pe o perioad\u0103 de 24 de ore, \u00eencep\u00e2nd cu ora 17:30 a zilei de 18 aprilie \u0219i p\u00e2n\u0103 la ora 17:30 a zilei de 19 aprilie 2026. B\u0103rbatul a fost \u00eencarcerat \u00een Centrul de Re\u021binere \u0219i Arestare Preventiv\u0103 al Inspectoratului de Poli\u021bie Jude\u021bean Suceava.<\/p>\n<p>Cercet\u0103rile continu\u0103 sub coordonarea Parchetului de pe l\u00e2ng\u0103 Judec\u0103toria Gura Humorului, urm\u00e2nd ca poli\u021bi\u0219tii s\u0103 fac\u0103 propunere procedural\u0103 \u00een cauz\u0103.<\/p>\n<figure class=\"wp-block-embed is-type-video is-provider-youtube wp-block-embed-youtube wp-embed-aspect-16-9 wp-has-aspect-ratio\">\n<div class=\"wp-block-embed__wrapper\">\n<div class=\"youtube-embed\" data-video_id=\"Y_YGnvSxPg0\"><iframe loading=\"lazy\" title=\"Zmeii din Republica R\u0103d\u0103u\u021bi lovesc din nou!! Blonda de la Poli\u021bie vs. Bruneta de pe \"strasse\"!!\" width=\"696\" height=\"392\" src=\"https:\/\/www.youtube.com\/embed\/Y_YGnvSxPg0?start=36&amp;feature=oembed\" frameborder allow=\"accelerometer; autoplay; clipboard-write; encrypted-media; gyroscope; picture-in-picture; web-share\" referrerpolicy=\"strict-origin-when-cross-origin\" allowfullscreen><\/iframe><\/div>\n<\/div>\n<\/figure>\n<div class=\"td-a-rec td-a-rec-id-content_bottom  tdi_4 td_block_template_1\"><strong>Intr\u0103 acum \u0219i \u00een grupul de <\/p>\n<div class=\"wp-block-button\"><a class=\"wp-block-button__link wp-element-button\" href=\"https:\/\/t.me\/+TH8wcfnp8fw5NWI0\">Telegram News Bucovina<\/a><\/div>\n<p><\/strong><\/div>\n<\/div>\n<p>[analyse_source url=&#8221;https:\/\/www.newsbucovina.ro\/social\/436477\/sofer-fara-permis-prins-din-nou-la-volan-retinut-pentru-24-de-ore-dupa-ce-a-incercat-sa-fuga-de-politie-in-frasin&#8221;]<\/p>\n","protected":false},"excerpt":{"rendered":"<p>[analyse_image type=&#8221;featured&#8221; src=&#8221;https:\/\/www.newsbucovina.ro\/wp-content\/uploads\/2026\/02\/politia-1.pnghttps:\/\/cdn.newsbucovina.ro\/wp-content\/uploads\/2026\/02\/politia-1.png&#8221;] Intr\u0103 acum \u0219i \u00een grupul de Telegram News Bucovina Un t\u00e2n\u0103r de 20 de ani din comuna Stulpicani, care a condus un autoturism Audi f\u0103r\u0103 permis de conducere \u0219i a \u00eencercat s\u0103 se sustrag\u0103 controlului poli\u021biei, a fost re\u021binut pentru 24 de ore de c\u0103tre poli\u021bi\u0219tii din Frasin. B\u0103rbatul este cunoscut pentru [&hellip;]<\/p>\n","protected":false},"author":1,"featured_media":0,"comment_status":"open","ping_status":"","sticky":false,"template":"","format":"standard","meta":{"footnotes":""},"categories":[89],"tags":[226,165],"class_list":["post-1892032","post","type-post","status-publish","format-standard","hentry","category-romania","tag-crawlmanager","tag-newsbucovina-ro"],"_links":{"self":[{"href":"https:\/\/analyse.optim.biz\/index.php?rest_route=\/wp\/v2\/posts\/1892032","targetHints":{"allow":["GET"]}}],"collection":[{"href":"https:\/\/analyse.optim.biz\/index.php?rest_route=\/wp\/v2\/posts"}],"about":[{"href":"https:\/\/analyse.optim.biz\/index.php?rest_route=\/wp\/v2\/types\/post"}],"author":[{"embeddable":true,"href":"https:\/\/analyse.optim.biz\/index.php?rest_route=\/wp\/v2\/users\/1"}],"replies":[{"embeddable":true,"href":"https:\/\/analyse.optim.biz\/index.php?rest_route=%2Fwp%2Fv2%2Fcomments&post=1892032"}],"version-history":[{"count":0,"href":"https:\/\/analyse.optim.biz\/index.php?rest_route=\/wp\/v2\/posts\/1892032\/revisions"}],"wp:attachment":[{"href":"https:\/\/analyse.optim.biz\/index.php?rest_route=%2Fwp%2Fv2%2Fmedia&parent=1892032"}],"wp:term":[{"taxonomy":"category","embeddable":true,"href":"https:\/\/analyse.optim.biz\/index.php?rest_route=%2Fwp%2Fv2%2Fcategories&post=1892032"},{"taxonomy":"post_tag","embeddable":true,"href":"https:\/\/analyse.optim.biz\/index.php?rest_route=%2Fwp%2Fv2%2Ftags&post=1892032"}],"curies":[{"name":"wp","href":"https:\/\/api.w.org\/{rel}","templated":true}]}}