{"id":1892030,"date":"2026-04-20T04:34:05","date_gmt":"2026-04-20T01:34:05","guid":{"rendered":"https:\/\/analyse.optim.biz\/?p=1892030"},"modified":"2026-04-20T04:34:05","modified_gmt":"2026-04-20T01:34:05","slug":"senatorul-psd-ioan-stan-succes-diplomatic-major-pentru-romania-anda-filip-prima-femeie-aleasa-secretar-general-al-uniunii-interparlamentare-uip","status":"publish","type":"post","link":"https:\/\/analyse.optim.biz\/?p=1892030","title":{"rendered":"Senatorul PSD Ioan Stan: Succes diplomatic major pentru Rom\u00e2nia-Anda Filip, prima femeie aleas\u0103 Secretar General al Uniunii Interparlamentare (UIP)"},"content":{"rendered":"<p>[analyse_image type=&#8221;featured&#8221; src=&#8221;https:\/\/www.newsbucovina.ro\/wp-content\/uploads\/2026\/04\/anda-filip.jpghttps:\/\/cdn.newsbucovina.ro\/wp-content\/uploads\/2026\/04\/anda-filip.jpg&#8221;]<\/p>\n<div class=\"td-post-content tagdiv-type\">\n<div class=\"td-a-rec td-a-rec-id-content_top  tdi_3 td_block_template_1\"><strong>Intr\u0103 acum \u0219i \u00een grupul de <\/p>\n<div class=\"wp-block-button\"><a class=\"wp-block-button__link wp-element-button\" href=\"https:\/\/t.me\/+TH8wcfnp8fw5NWI0\">Telegram News Bucovina<\/a><\/div>\n<p><\/strong><\/div>\n<p>Rom\u00e2nia a \u00eenregistrat un succes diplomatic de excep\u021bie pe plan interna\u021bional. Excelen\u021ba Sa Anda Filip, ambasador \u0219i reprezentant permanent al Rom\u00e2niei la Oficiul Na\u021biunilor Unite de la Geneva, a fost aleas\u0103 Secretar General al Uniunii Interparlamentare (UIP), \u00een cadrul celei de-a 152-a sesiuni a Adun\u0103rii Interparlamentare, desf\u0103\u0219urat\u0103 la Istanbul.<\/p>\n<figure class=\"wp-block-image size-large\"><a href=\"https:\/\/cdn.newsbucovina.ro\/wp-content\/uploads\/2026\/04\/anda-filip.jpg\"><img loading=\"lazy\" decoding=\"async\" width=\"1024\" height=\"576\" src=\"https:\/\/cdn.newsbucovina.ro\/wp-content\/uploads\/2026\/04\/anda-filip-1024x576.jpg\" alt class=\"wp-image-436533\"><\/a><\/figure>\n<p>Anda Filip a ob\u021binut peste 70% din voturi (229 de voturi din 321 exprimate), devenind astfel prima femeie care ocup\u0103 aceast\u0103 func\u021bie \u00een istoria de 137 de ani a organiza\u021biei ce reune\u0219te 183 de parlamente na\u021bionale \u0219i 15 membri asocia\u021bi. Ea \u00eel va succeda pe Martin Chungong, al c\u0103rui mandat se \u00eencheie la 30 iunie 2026.<\/p>\n<p>Alegerea sa confirm\u0103 recunoa\u0219terea interna\u021bional\u0103 a profesionalismului diplomatic rom\u00e2nesc \u0219i capacitatea Rom\u00e2niei de a promova dialogul, cooperarea \u0219i valorile democratice la nivel global.<\/p>\n<p>Senatorul <strong>Ioan Stan<\/strong>, pre\u0219edinte al Uniunii Interparlamentare a Rom\u00e2niei \u0219i senator PSD de Suceava, a subliniat importan\u021ba acestui demers: \u201eAceast\u0103 reu\u0219it\u0103 este consecin\u021ba unui efort sus\u021binut de promovare, desf\u0103\u0219urat at\u00e2t la nivel na\u021bional, c\u00e2t \u0219i \u00een cadrul Adun\u0103rii Interparlamentare. Delega\u021bia Rom\u00e2niei, pe care am avut onoarea s\u0103 o conduc, a contribuit activ la consolidarea sprijinului interna\u021bional pentru candidatura doamnei Anda Filip.\u201d<\/p>\n<p>Implicarea delega\u021biei rom\u00e2ne a fost apreciat\u0103 \u0219i de Pre\u0219edintele Senatului, domnul Mircea Abrudean, precum \u0219i de Ministrul Afacerilor Externe, doamna Oana \u021aoiu, care au eviden\u021biat eficien\u021ba unei ac\u021biuni coerente \u0219i bine coordonate \u00een plan diplomatic.<\/p>\n<p>Prin aceast\u0103 performan\u021b\u0103, Rom\u00e2nia \u00ee\u0219i reconfirm\u0103 locul printre reperele majore ale diploma\u021biei interna\u021bionale, al\u0103tur\u00e2ndu-se unor personalit\u0103\u021bi istorice precum Nicolae Titulescu (pre\u0219edinte al Ligii Na\u021biunilor \u00een 1930-1931) \u0219i Corneliu M\u0103nescu (pre\u0219edinte al celei de-a XXII-a sesiuni a Adun\u0103rii Generale a ONU \u00een 1967).<\/p>\n<p>Senatorul Ioan Stan a declarat: \u201eAceast\u0103 reu\u0219it\u0103 consolideaz\u0103 statutul Rom\u00e2niei de partener credibil \u0219i activ \u00een diploma\u021bia interna\u021bional\u0103. Ea reflect\u0103 capacitatea institu\u021biilor rom\u00e2ne\u0219ti de a ac\u021biona unitar \u0219i profesionist \u00een promovarea intereselor na\u021bionale \u0219i confirm\u0103 rolul constructiv pe care \u021bara noastr\u0103 \u00eel joac\u0103 \u00een consolidarea dialogului \u0219i cooper\u0103rii la nivel global.\u201d<\/p>\n<p>Anda Filip are o vast\u0103 experien\u021b\u0103 \u00een cadrul UIP, unde a ocupat timp de peste 20 de ani pozi\u021bii importante, inclusiv cea de Director pentru Parlamentele Membre \u0219i Rela\u021bii Externe. Anterior, a servit ca diplomat \u00een Ministerul Afacerilor Externe al Rom\u00e2niei, fiind ambasador \u0219i purt\u0103tor de cuv\u00e2nt.<\/p>\n<p>Aceast\u0103 alegere istoric\u0103 reprezint\u0103 o recunoa\u0219tere important\u0103 pentru diploma\u021bia rom\u00e2neasc\u0103 \u0219i un motiv de m\u00e2ndrie na\u021bional\u0103, demonstr\u00e2nd c\u0103 Rom\u00e2nia poate ob\u021bine pozi\u021bii de top \u00een organiza\u021biile interna\u021bionale prin profesionalism, perseveren\u021b\u0103 \u0219i ac\u021biune coordonat\u0103.<\/p>\n<div class=\"td-a-rec td-a-rec-id-content_bottom  tdi_4 td_block_template_1\"><strong>Intr\u0103 acum \u0219i \u00een grupul de <\/p>\n<div class=\"wp-block-button\"><a class=\"wp-block-button__link wp-element-button\" href=\"https:\/\/t.me\/+TH8wcfnp8fw5NWI0\">Telegram News Bucovina<\/a><\/div>\n<p><\/strong><\/div>\n<\/div>\n<div class=\"td-post-content tagdiv-type\">\n<div class=\"td-a-rec td-a-rec-id-content_top  tdi_3 td_block_template_1\"><strong>Intr\u0103 acum \u0219i \u00een grupul de <\/p>\n<div class=\"wp-block-button\"><a class=\"wp-block-button__link wp-element-button\" href=\"https:\/\/t.me\/+TH8wcfnp8fw5NWI0\">Telegram News Bucovina<\/a><\/div>\n<p><\/strong><\/div>\n<p>Rom\u00e2nia a \u00eenregistrat un succes diplomatic de excep\u021bie pe plan interna\u021bional. Excelen\u021ba Sa Anda Filip, ambasador \u0219i reprezentant permanent al Rom\u00e2niei la Oficiul Na\u021biunilor Unite de la Geneva, a fost aleas\u0103 Secretar General al Uniunii Interparlamentare (UIP), \u00een cadrul celei de-a 152-a sesiuni a Adun\u0103rii Interparlamentare, desf\u0103\u0219urat\u0103 la Istanbul.<\/p>\n<figure class=\"wp-block-image size-large\"><a href=\"https:\/\/cdn.newsbucovina.ro\/wp-content\/uploads\/2026\/04\/anda-filip.jpg\"><img loading=\"lazy\" decoding=\"async\" width=\"1024\" height=\"576\" src=\"https:\/\/cdn.newsbucovina.ro\/wp-content\/uploads\/2026\/04\/anda-filip-1024x576.jpg\" alt class=\"wp-image-436533\"><\/a><\/figure>\n<p>Anda Filip a ob\u021binut peste 70% din voturi (229 de voturi din 321 exprimate), devenind astfel prima femeie care ocup\u0103 aceast\u0103 func\u021bie \u00een istoria de 137 de ani a organiza\u021biei ce reune\u0219te 183 de parlamente na\u021bionale \u0219i 15 membri asocia\u021bi. Ea \u00eel va succeda pe Martin Chungong, al c\u0103rui mandat se \u00eencheie la 30 iunie 2026.<\/p>\n<p>Alegerea sa confirm\u0103 recunoa\u0219terea interna\u021bional\u0103 a profesionalismului diplomatic rom\u00e2nesc \u0219i capacitatea Rom\u00e2niei de a promova dialogul, cooperarea \u0219i valorile democratice la nivel global.<\/p>\n<p>Senatorul <strong>Ioan Stan<\/strong>, pre\u0219edinte al Uniunii Interparlamentare a Rom\u00e2niei \u0219i senator PSD de Suceava, a subliniat importan\u021ba acestui demers: \u201eAceast\u0103 reu\u0219it\u0103 este consecin\u021ba unui efort sus\u021binut de promovare, desf\u0103\u0219urat at\u00e2t la nivel na\u021bional, c\u00e2t \u0219i \u00een cadrul Adun\u0103rii Interparlamentare. Delega\u021bia Rom\u00e2niei, pe care am avut onoarea s\u0103 o conduc, a contribuit activ la consolidarea sprijinului interna\u021bional pentru candidatura doamnei Anda Filip.\u201d<\/p>\n<p>Implicarea delega\u021biei rom\u00e2ne a fost apreciat\u0103 \u0219i de Pre\u0219edintele Senatului, domnul Mircea Abrudean, precum \u0219i de Ministrul Afacerilor Externe, doamna Oana \u021aoiu, care au eviden\u021biat eficien\u021ba unei ac\u021biuni coerente \u0219i bine coordonate \u00een plan diplomatic.<\/p>\n<p>Prin aceast\u0103 performan\u021b\u0103, Rom\u00e2nia \u00ee\u0219i reconfirm\u0103 locul printre reperele majore ale diploma\u021biei interna\u021bionale, al\u0103tur\u00e2ndu-se unor personalit\u0103\u021bi istorice precum Nicolae Titulescu (pre\u0219edinte al Ligii Na\u021biunilor \u00een 1930-1931) \u0219i Corneliu M\u0103nescu (pre\u0219edinte al celei de-a XXII-a sesiuni a Adun\u0103rii Generale a ONU \u00een 1967).<\/p>\n<p>Senatorul Ioan Stan a declarat: \u201eAceast\u0103 reu\u0219it\u0103 consolideaz\u0103 statutul Rom\u00e2niei de partener credibil \u0219i activ \u00een diploma\u021bia interna\u021bional\u0103. Ea reflect\u0103 capacitatea institu\u021biilor rom\u00e2ne\u0219ti de a ac\u021biona unitar \u0219i profesionist \u00een promovarea intereselor na\u021bionale \u0219i confirm\u0103 rolul constructiv pe care \u021bara noastr\u0103 \u00eel joac\u0103 \u00een consolidarea dialogului \u0219i cooper\u0103rii la nivel global.\u201d<\/p>\n<p>Anda Filip are o vast\u0103 experien\u021b\u0103 \u00een cadrul UIP, unde a ocupat timp de peste 20 de ani pozi\u021bii importante, inclusiv cea de Director pentru Parlamentele Membre \u0219i Rela\u021bii Externe. Anterior, a servit ca diplomat \u00een Ministerul Afacerilor Externe al Rom\u00e2niei, fiind ambasador \u0219i purt\u0103tor de cuv\u00e2nt.<\/p>\n<p>Aceast\u0103 alegere istoric\u0103 reprezint\u0103 o recunoa\u0219tere important\u0103 pentru diploma\u021bia rom\u00e2neasc\u0103 \u0219i un motiv de m\u00e2ndrie na\u021bional\u0103, demonstr\u00e2nd c\u0103 Rom\u00e2nia poate ob\u021bine pozi\u021bii de top \u00een organiza\u021biile interna\u021bionale prin profesionalism, perseveren\u021b\u0103 \u0219i ac\u021biune coordonat\u0103.<\/p>\n<div class=\"td-a-rec td-a-rec-id-content_bottom  tdi_4 td_block_template_1\"><strong>Intr\u0103 acum \u0219i \u00een grupul de <\/p>\n<div class=\"wp-block-button\"><a class=\"wp-block-button__link wp-element-button\" href=\"https:\/\/t.me\/+TH8wcfnp8fw5NWI0\">Telegram News Bucovina<\/a><\/div>\n<p><\/strong><\/div>\n<\/div>\n<p>[analyse_source url=&#8221;https:\/\/www.newsbucovina.ro\/featured\/436532\/senatorul-psd-ioan-stan-succes-diplomatic-major-pentru-romania-anda-filip-prima-femeie-aleasa-secretar-general-al-uniunii-interparlamentare-uip&#8221;]<\/p>\n","protected":false},"excerpt":{"rendered":"<p>[analyse_image type=&#8221;featured&#8221; src=&#8221;https:\/\/www.newsbucovina.ro\/wp-content\/uploads\/2026\/04\/anda-filip.jpghttps:\/\/cdn.newsbucovina.ro\/wp-content\/uploads\/2026\/04\/anda-filip.jpg&#8221;] Intr\u0103 acum \u0219i \u00een grupul de Telegram News Bucovina Rom\u00e2nia a \u00eenregistrat un succes diplomatic de excep\u021bie pe plan interna\u021bional. Excelen\u021ba Sa Anda Filip, ambasador \u0219i reprezentant permanent al Rom\u00e2niei la Oficiul Na\u021biunilor Unite de la Geneva, a fost aleas\u0103 Secretar General al Uniunii Interparlamentare (UIP), \u00een cadrul celei de-a 152-a sesiuni [&hellip;]<\/p>\n","protected":false},"author":1,"featured_media":0,"comment_status":"open","ping_status":"","sticky":false,"template":"","format":"standard","meta":{"footnotes":""},"categories":[89],"tags":[226,165],"class_list":["post-1892030","post","type-post","status-publish","format-standard","hentry","category-romania","tag-crawlmanager","tag-newsbucovina-ro"],"_links":{"self":[{"href":"https:\/\/analyse.optim.biz\/index.php?rest_route=\/wp\/v2\/posts\/1892030","targetHints":{"allow":["GET"]}}],"collection":[{"href":"https:\/\/analyse.optim.biz\/index.php?rest_route=\/wp\/v2\/posts"}],"about":[{"href":"https:\/\/analyse.optim.biz\/index.php?rest_route=\/wp\/v2\/types\/post"}],"author":[{"embeddable":true,"href":"https:\/\/analyse.optim.biz\/index.php?rest_route=\/wp\/v2\/users\/1"}],"replies":[{"embeddable":true,"href":"https:\/\/analyse.optim.biz\/index.php?rest_route=%2Fwp%2Fv2%2Fcomments&post=1892030"}],"version-history":[{"count":0,"href":"https:\/\/analyse.optim.biz\/index.php?rest_route=\/wp\/v2\/posts\/1892030\/revisions"}],"wp:attachment":[{"href":"https:\/\/analyse.optim.biz\/index.php?rest_route=%2Fwp%2Fv2%2Fmedia&parent=1892030"}],"wp:term":[{"taxonomy":"category","embeddable":true,"href":"https:\/\/analyse.optim.biz\/index.php?rest_route=%2Fwp%2Fv2%2Fcategories&post=1892030"},{"taxonomy":"post_tag","embeddable":true,"href":"https:\/\/analyse.optim.biz\/index.php?rest_route=%2Fwp%2Fv2%2Ftags&post=1892030"}],"curies":[{"name":"wp","href":"https:\/\/api.w.org\/{rel}","templated":true}]}}