{"id":1892029,"date":"2026-04-19T06:53:12","date_gmt":"2026-04-19T03:53:12","guid":{"rendered":"https:\/\/analyse.optim.biz\/?p=1892029"},"modified":"2026-04-19T06:53:12","modified_gmt":"2026-04-19T03:53:12","slug":"foaie-verde-din-bucovina-critica-intentia-guvernului-de-privatizare-a-unor-companii-nationale-vor-sa-vanda-ce-ne-a-mai-ramas-adica-sarea-apa-padurea-motivand-ca-nu-au-bani","status":"publish","type":"post","link":"https:\/\/analyse.optim.biz\/?p=1892029","title":{"rendered":"Foaie Verde din Bucovina critic\u0103 inten\u021bia Guvernului de privatizare a unor companii na\u021bionale: Vor s\u0103 v\u00e2nd\u0103 ce ne-a mai r\u0103mas, adic\u0103 sarea, apa, p\u0103durea, motiv\u00e2nd c\u0103 nu au bani"},"content":{"rendered":"<p>[analyse_image type=&#8221;featured&#8221; src=&#8221;https:\/\/www.newsbucovina.ro\/wp-content\/uploads\/2015\/05\/Acibotarita.jpghttps:\/\/cdn.newsbucovina.ro\/wp-content\/uploads\/2015\/05\/Acibotarita.jpg&#8221;]<\/p>\n<div class=\"td-post-content tagdiv-type\">\n<div class=\"td-a-rec td-a-rec-id-content_top  tdi_3 td_block_template_1\"><strong>Intr\u0103 acum \u0219i \u00een grupul de <\/p>\n<div class=\"wp-block-button\"><a class=\"wp-block-button__link wp-element-button\" href=\"https:\/\/t.me\/+TH8wcfnp8fw5NWI0\">Telegram News Bucovina<\/a><\/div>\n<p><\/strong><\/div>\n<p>Asocia\u021bia Foaie Verde din Bucovina atrage aten\u021bia asupra importan\u021bei p\u0103str\u0103rii identit\u0103\u021bii na\u021bionale \u0219i a valorilor cre\u0219tine ortodoxe ale poporului rom\u00e2n, \u00een contextul actualelor dezbateri politice privind privatiz\u0103ri ale unor companii na\u021bionale care gestioneaz\u0103 resursele naturale ale \u021b\u0103rii.<\/p>\n<div class=\"wp-block-image\">\n<figure class=\"aligncenter size-full\"><a href=\"https:\/\/cdn.newsbucovina.ro\/wp-content\/uploads\/2015\/05\/Acibotarita.jpg\"><img loading=\"lazy\" decoding=\"async\" width=\"640\" height=\"480\" src=\"https:\/\/cdn.newsbucovina.ro\/wp-content\/uploads\/2015\/05\/Acibotarita.jpg.webp\" alt class=\"wp-image-128003\"><\/a><\/figure>\n<\/div>\n<p>\u00centr-un comunicat de pres\u0103, organiza\u021bia subliniaz\u0103 c\u0103 \u201efrumuse\u021bea unui popor const\u0103 \u0219i \u00een credin\u021ba acestuia\u201d \u0219i c\u0103 \u201enu po\u021bi avea un viitor puternic dac\u0103 nu \u00ee\u021bi p\u0103strezi credin\u021ba \u00een Bunul Dumnezeu\u201d. Potrivit sursei, na\u021biunea rom\u00e2n\u0103 este una cre\u0219tin-ortodox\u0103, iar omogenitatea sa a fost men\u021binut\u0103 de-a lungul istoriei doar \u00een jurul Bisericii \u0219i al credin\u021bei.<\/p>\n<p>Foaie Verde din Bucovina critic\u0103 dur orientarea unor politicieni pe care \u00eei acuz\u0103 c\u0103 vor s\u0103 \u00eenstr\u0103ineze ultimele resurse naturale ale Rom\u00e2niei \u2013 sarea, apa \u0219i p\u0103durea \u2013 sub motiva\u021bia lipsei de bani. Organiza\u021bia face referire direct\u0103 la prim-ministrul Ilie Bolojan, pe care \u00eel nume\u0219te sarcastic \u201eIlie S\u0103r\u0103cie\u201d, \u0219i la \u201eo parte dintre politicienii de mucava\u201d, acuz\u00e2ndu-i c\u0103 ac\u021bioneaz\u0103 fie pentru finan\u021barea unor confrunt\u0103ri armate, fie pentru a \u00eendeplini ordine venite de la Bruxelles.<\/p>\n<p>\u201e\u00cen trecut, poporul rom\u00e2n nu \u0219i-a v\u00e2ndut bunurile, nu \u0219i-a \u00eenstr\u0103inat credin\u021ba a\u0219a cum vor s\u0103 o fac\u0103 noii liberali, social-democra\u021bi, vechii unguri sau necredincio\u0219ii care sarcastic vor s\u0103 \u2018salveze Rom\u00e2nia\u2019 prin sacrificarea valorilor \u00eenc\u0103 r\u0103mase \u00een patrimoniul Rom\u00e2niei\u201d, se arat\u0103 \u00een comunicatul semnat de Dan Acibot\u0103ri\u021b\u0103, coordonatorul activit\u0103\u021bii Foaie Verde din Bucovina.<\/p>\n<p>Organiza\u021bia bucovinean\u0103 subliniaz\u0103 c\u0103 p\u0103strarea credin\u021bei \u0219i a patrimoniului natural reprezint\u0103 baza identit\u0103\u021bii na\u021bionale \u0219i cheile unui viitor solid pentru genera\u021biile viitoare. \u201eNu trebuie doar s\u0103 p\u0103str\u0103m trecutul, ci \u0219i s\u0103 cre\u0103m ceva nou \u2013 ceva ce vom putea l\u0103sa genera\u021biilor viitoare\u201d, transmit reprezentan\u021bii Foaie Verde, relu\u00e2nd ideea c\u0103 sacrificarea valorilor tradi\u021bionale nu reprezint\u0103 o solu\u021bie viabil\u0103 pentru dezvoltarea Rom\u00e2niei.<\/p>\n<figure class=\"wp-block-embed is-type-video is-provider-youtube wp-block-embed-youtube wp-embed-aspect-16-9 wp-has-aspect-ratio\">\n<div class=\"wp-block-embed__wrapper\">\n<div class=\"youtube-embed\" data-video_id=\"Y_YGnvSxPg0\"><iframe loading=\"lazy\" title=\"Zmeii din Republica R\u0103d\u0103u\u021bi lovesc din nou!! Blonda de la Poli\u021bie vs. Bruneta de pe \"strasse\"!!\" width=\"696\" height=\"392\" src=\"https:\/\/www.youtube.com\/embed\/Y_YGnvSxPg0?start=36&amp;feature=oembed\" frameborder allow=\"accelerometer; autoplay; clipboard-write; encrypted-media; gyroscope; picture-in-picture; web-share\" referrerpolicy=\"strict-origin-when-cross-origin\" allowfullscreen><\/iframe><\/div>\n<\/div>\n<\/figure>\n<div class=\"td-a-rec td-a-rec-id-content_bottom  tdi_4 td_block_template_1\"><strong>Intr\u0103 acum \u0219i \u00een grupul de <\/p>\n<div class=\"wp-block-button\"><a class=\"wp-block-button__link wp-element-button\" href=\"https:\/\/t.me\/+TH8wcfnp8fw5NWI0\">Telegram News Bucovina<\/a><\/div>\n<p><\/strong><\/div>\n<\/div>\n<div class=\"td-post-content tagdiv-type\">\n<div class=\"td-a-rec td-a-rec-id-content_top  tdi_3 td_block_template_1\"><strong>Intr\u0103 acum \u0219i \u00een grupul de <\/p>\n<div class=\"wp-block-button\"><a class=\"wp-block-button__link wp-element-button\" href=\"https:\/\/t.me\/+TH8wcfnp8fw5NWI0\">Telegram News Bucovina<\/a><\/div>\n<p><\/strong><\/div>\n<p>Asocia\u021bia Foaie Verde din Bucovina atrage aten\u021bia asupra importan\u021bei p\u0103str\u0103rii identit\u0103\u021bii na\u021bionale \u0219i a valorilor cre\u0219tine ortodoxe ale poporului rom\u00e2n, \u00een contextul actualelor dezbateri politice privind privatiz\u0103ri ale unor companii na\u021bionale care gestioneaz\u0103 resursele naturale ale \u021b\u0103rii.<\/p>\n<div class=\"wp-block-image\">\n<figure class=\"aligncenter size-full\"><a href=\"https:\/\/cdn.newsbucovina.ro\/wp-content\/uploads\/2015\/05\/Acibotarita.jpg\"><img loading=\"lazy\" decoding=\"async\" width=\"640\" height=\"480\" src=\"https:\/\/cdn.newsbucovina.ro\/wp-content\/uploads\/2015\/05\/Acibotarita.jpg.webp\" alt class=\"wp-image-128003\"><\/a><\/figure>\n<\/div>\n<p>\u00centr-un comunicat de pres\u0103, organiza\u021bia subliniaz\u0103 c\u0103 \u201efrumuse\u021bea unui popor const\u0103 \u0219i \u00een credin\u021ba acestuia\u201d \u0219i c\u0103 \u201enu po\u021bi avea un viitor puternic dac\u0103 nu \u00ee\u021bi p\u0103strezi credin\u021ba \u00een Bunul Dumnezeu\u201d. Potrivit sursei, na\u021biunea rom\u00e2n\u0103 este una cre\u0219tin-ortodox\u0103, iar omogenitatea sa a fost men\u021binut\u0103 de-a lungul istoriei doar \u00een jurul Bisericii \u0219i al credin\u021bei.<\/p>\n<p>Foaie Verde din Bucovina critic\u0103 dur orientarea unor politicieni pe care \u00eei acuz\u0103 c\u0103 vor s\u0103 \u00eenstr\u0103ineze ultimele resurse naturale ale Rom\u00e2niei \u2013 sarea, apa \u0219i p\u0103durea \u2013 sub motiva\u021bia lipsei de bani. Organiza\u021bia face referire direct\u0103 la prim-ministrul Ilie Bolojan, pe care \u00eel nume\u0219te sarcastic \u201eIlie S\u0103r\u0103cie\u201d, \u0219i la \u201eo parte dintre politicienii de mucava\u201d, acuz\u00e2ndu-i c\u0103 ac\u021bioneaz\u0103 fie pentru finan\u021barea unor confrunt\u0103ri armate, fie pentru a \u00eendeplini ordine venite de la Bruxelles.<\/p>\n<p>\u201e\u00cen trecut, poporul rom\u00e2n nu \u0219i-a v\u00e2ndut bunurile, nu \u0219i-a \u00eenstr\u0103inat credin\u021ba a\u0219a cum vor s\u0103 o fac\u0103 noii liberali, social-democra\u021bi, vechii unguri sau necredincio\u0219ii care sarcastic vor s\u0103 \u2018salveze Rom\u00e2nia\u2019 prin sacrificarea valorilor \u00eenc\u0103 r\u0103mase \u00een patrimoniul Rom\u00e2niei\u201d, se arat\u0103 \u00een comunicatul semnat de Dan Acibot\u0103ri\u021b\u0103, coordonatorul activit\u0103\u021bii Foaie Verde din Bucovina.<\/p>\n<p>Organiza\u021bia bucovinean\u0103 subliniaz\u0103 c\u0103 p\u0103strarea credin\u021bei \u0219i a patrimoniului natural reprezint\u0103 baza identit\u0103\u021bii na\u021bionale \u0219i cheile unui viitor solid pentru genera\u021biile viitoare. \u201eNu trebuie doar s\u0103 p\u0103str\u0103m trecutul, ci \u0219i s\u0103 cre\u0103m ceva nou \u2013 ceva ce vom putea l\u0103sa genera\u021biilor viitoare\u201d, transmit reprezentan\u021bii Foaie Verde, relu\u00e2nd ideea c\u0103 sacrificarea valorilor tradi\u021bionale nu reprezint\u0103 o solu\u021bie viabil\u0103 pentru dezvoltarea Rom\u00e2niei.<\/p>\n<figure class=\"wp-block-embed is-type-video is-provider-youtube wp-block-embed-youtube wp-embed-aspect-16-9 wp-has-aspect-ratio\">\n<div class=\"wp-block-embed__wrapper\">\n<div class=\"youtube-embed\" data-video_id=\"Y_YGnvSxPg0\"><iframe loading=\"lazy\" title=\"Zmeii din Republica R\u0103d\u0103u\u021bi lovesc din nou!! Blonda de la Poli\u021bie vs. Bruneta de pe \"strasse\"!!\" width=\"696\" height=\"392\" src=\"https:\/\/www.youtube.com\/embed\/Y_YGnvSxPg0?start=36&amp;feature=oembed\" frameborder allow=\"accelerometer; autoplay; clipboard-write; encrypted-media; gyroscope; picture-in-picture; web-share\" referrerpolicy=\"strict-origin-when-cross-origin\" allowfullscreen><\/iframe><\/div>\n<\/div>\n<\/figure>\n<div class=\"td-a-rec td-a-rec-id-content_bottom  tdi_4 td_block_template_1\"><strong>Intr\u0103 acum \u0219i \u00een grupul de <\/p>\n<div class=\"wp-block-button\"><a class=\"wp-block-button__link wp-element-button\" href=\"https:\/\/t.me\/+TH8wcfnp8fw5NWI0\">Telegram News Bucovina<\/a><\/div>\n<p><\/strong><\/div>\n<\/div>\n<p>[analyse_source url=&#8221;https:\/\/www.newsbucovina.ro\/politica\/436467\/foaie-verde-din-bucovina-critica-intentia-guvernului-de-privatizare-a-unor-companii-nationale-vor-sa-vanda-ce-ne-a-mai-ramas-adica-sarea-apa-padurea-motivand-ca-nu-au-bani&#8221;]<\/p>\n","protected":false},"excerpt":{"rendered":"<p>[analyse_image type=&#8221;featured&#8221; src=&#8221;https:\/\/www.newsbucovina.ro\/wp-content\/uploads\/2015\/05\/Acibotarita.jpghttps:\/\/cdn.newsbucovina.ro\/wp-content\/uploads\/2015\/05\/Acibotarita.jpg&#8221;] Intr\u0103 acum \u0219i \u00een grupul de Telegram News Bucovina Asocia\u021bia Foaie Verde din Bucovina atrage aten\u021bia asupra importan\u021bei p\u0103str\u0103rii identit\u0103\u021bii na\u021bionale \u0219i a valorilor cre\u0219tine ortodoxe ale poporului rom\u00e2n, \u00een contextul actualelor dezbateri politice privind privatiz\u0103ri ale unor companii na\u021bionale care gestioneaz\u0103 resursele naturale ale \u021b\u0103rii. \u00centr-un comunicat de pres\u0103, organiza\u021bia subliniaz\u0103 [&hellip;]<\/p>\n","protected":false},"author":1,"featured_media":0,"comment_status":"open","ping_status":"","sticky":false,"template":"","format":"standard","meta":{"footnotes":""},"categories":[89],"tags":[226,165],"class_list":["post-1892029","post","type-post","status-publish","format-standard","hentry","category-romania","tag-crawlmanager","tag-newsbucovina-ro"],"_links":{"self":[{"href":"https:\/\/analyse.optim.biz\/index.php?rest_route=\/wp\/v2\/posts\/1892029","targetHints":{"allow":["GET"]}}],"collection":[{"href":"https:\/\/analyse.optim.biz\/index.php?rest_route=\/wp\/v2\/posts"}],"about":[{"href":"https:\/\/analyse.optim.biz\/index.php?rest_route=\/wp\/v2\/types\/post"}],"author":[{"embeddable":true,"href":"https:\/\/analyse.optim.biz\/index.php?rest_route=\/wp\/v2\/users\/1"}],"replies":[{"embeddable":true,"href":"https:\/\/analyse.optim.biz\/index.php?rest_route=%2Fwp%2Fv2%2Fcomments&post=1892029"}],"version-history":[{"count":0,"href":"https:\/\/analyse.optim.biz\/index.php?rest_route=\/wp\/v2\/posts\/1892029\/revisions"}],"wp:attachment":[{"href":"https:\/\/analyse.optim.biz\/index.php?rest_route=%2Fwp%2Fv2%2Fmedia&parent=1892029"}],"wp:term":[{"taxonomy":"category","embeddable":true,"href":"https:\/\/analyse.optim.biz\/index.php?rest_route=%2Fwp%2Fv2%2Fcategories&post=1892029"},{"taxonomy":"post_tag","embeddable":true,"href":"https:\/\/analyse.optim.biz\/index.php?rest_route=%2Fwp%2Fv2%2Ftags&post=1892029"}],"curies":[{"name":"wp","href":"https:\/\/api.w.org\/{rel}","templated":true}]}}