{"id":1892028,"date":"2026-04-20T09:36:52","date_gmt":"2026-04-20T06:36:52","guid":{"rendered":"https:\/\/analyse.optim.biz\/?p=1892028"},"modified":"2026-04-20T09:36:52","modified_gmt":"2026-04-20T06:36:52","slug":"primarul-de-radauti-bogdan-loghin-primul-sustinator-al-lui-ilie-bolojan-la-mitingul-din-piata-victoriei","status":"publish","type":"post","link":"https:\/\/analyse.optim.biz\/?p=1892028","title":{"rendered":"Primarul de R\u0103d\u0103u\u021bi, Bogdan Loghin, primul sus\u021bin\u0103tor al lui Ilie Bolojan la mitingul din Pia\u021ba Victoriei"},"content":{"rendered":"<p>[analyse_image type=&#8221;featured&#8221; src=&#8221;https:\/\/www.newsbucovina.ro\/wp-content\/uploads\/2026\/04\/674026943_1634191901178045_6688856823954959400_n.jpghttps:\/\/cdn.newsbucovina.ro\/wp-content\/uploads\/2026\/04\/674026943_1634191901178045_6688856823954959400_n.jpg&#8221;]<\/p>\n<div class=\"td-post-content tagdiv-type\">\n<div class=\"td-a-rec td-a-rec-id-content_top  tdi_3 td_block_template_1\"><strong>Intr\u0103 acum \u0219i \u00een grupul de <\/p>\n<div class=\"wp-block-button\"><a class=\"wp-block-button__link wp-element-button\" href=\"https:\/\/t.me\/+TH8wcfnp8fw5NWI0\">Telegram News Bucovina<\/a><\/div>\n<p><\/strong><\/div>\n<p>Primul sus\u021bin\u0103tor al premierului Ilie Bolojan a sosit deja \u00een Pia\u021ba Victoriei, fiind primarul municipiului R\u0103d\u0103u\u021bi, Bogdan Loghin.<\/p>\n<div class=\"wp-block-image\">\n<figure class=\"aligncenter size-full\"><a href=\"https:\/\/cdn.newsbucovina.ro\/wp-content\/uploads\/2026\/04\/674026943_1634191901178045_6688856823954959400_n.jpg\"><img loading=\"lazy\" decoding=\"async\" width=\"843\" height=\"474\" src=\"https:\/\/cdn.newsbucovina.ro\/wp-content\/uploads\/2026\/04\/674026943_1634191901178045_6688856823954959400_n.jpg\" alt class=\"wp-image-436558\"><\/a><\/figure>\n<\/div>\n<p>Gestul s\u0103u simbolic anticipeaz\u0103 mitingul de sus\u021binere anun\u021bat pentru luni, 20 aprilie, ora 18:00, \u00een contextul crizei politice majore declan\u0219ate de inten\u021bia PSD de a retrage sprijinul politic pentru actualul Guvern.<\/p>\n<p>Pe fondul tensiunilor tot mai acute din coali\u021bie, PSD urmeaz\u0103 s\u0103 decid\u0103 luni, 20 aprilie, retragerea sprijinului politic acordat premierului Ilie Bolojan. Surse din partid indic\u0103 faptul c\u0103 social-democra\u021bii inten\u021bioneaz\u0103 s\u0103-i acorde un ultimatum de 24-72 de ore pentru demisie, iar \u00een caz de refuz, mini\u0219trii PSD vor p\u0103r\u0103si Executivul. Premierul Bolojan a declarat public c\u0103 <strong>nu va demisiona<\/strong>, indiferent de decizia PSD.<\/p>\n<p>\u00cen acest context tensionat, sus\u021bin\u0103torii premierului au \u00eenceput mobilizarea. Un miting de sus\u021binere pentru Ilie Bolojan este programat luni sear\u0103 \u00een Pia\u021ba Victoriei, la ora 18:00. Primul care a r\u0103spuns apelului a fost primarul din R\u0103d\u0103u\u021bi, Bogdan Loghin, care a ajuns deja \u00een fa\u021ba Guvernului, demonstr\u00e2nd sprijinul pentru actualul mod de guvernare.<\/p>\n<p>Manifesta\u021bia de luni se anun\u021b\u0103 a fi un test important pentru gradul de mobilizare a celor care sus\u021bin direc\u021bia promovat\u0103 de Ilie Bolojan. Pe re\u021belele de socializare au ap\u0103rut deja grupuri \u0219i mesaje de \u00eencurajare, iar organizatorii sper\u0103 la o prezen\u021b\u0103 numeroas\u0103 care s\u0103 arate c\u0103 premierul se bucur\u0103 de sus\u021binere popular\u0103 dincolo de calculele politice de la nivel central.<\/p>\n<p>Ilie Bolojan a transmis recent c\u0103 nu este vorba doar despre persoana sa, ci despre un anumit mod de guvernare bazat pe responsabilitate, reforme \u0219i transparen\u021b\u0103.<\/p>\n<div class=\"td-a-rec td-a-rec-id-content_bottom  tdi_4 td_block_template_1\"><strong>Intr\u0103 acum \u0219i \u00een grupul de <\/p>\n<div class=\"wp-block-button\"><a class=\"wp-block-button__link wp-element-button\" href=\"https:\/\/t.me\/+TH8wcfnp8fw5NWI0\">Telegram News Bucovina<\/a><\/div>\n<p><\/strong><\/div>\n<\/div>\n<div class=\"td-post-content tagdiv-type\">\n<div class=\"td-a-rec td-a-rec-id-content_top  tdi_3 td_block_template_1\"><strong>Intr\u0103 acum \u0219i \u00een grupul de <\/p>\n<div class=\"wp-block-button\"><a class=\"wp-block-button__link wp-element-button\" href=\"https:\/\/t.me\/+TH8wcfnp8fw5NWI0\">Telegram News Bucovina<\/a><\/div>\n<p><\/strong><\/div>\n<p>Primul sus\u021bin\u0103tor al premierului Ilie Bolojan a sosit deja \u00een Pia\u021ba Victoriei, fiind primarul municipiului R\u0103d\u0103u\u021bi, Bogdan Loghin.<\/p>\n<div class=\"wp-block-image\">\n<figure class=\"aligncenter size-full\"><a href=\"https:\/\/cdn.newsbucovina.ro\/wp-content\/uploads\/2026\/04\/674026943_1634191901178045_6688856823954959400_n.jpg\"><img loading=\"lazy\" decoding=\"async\" width=\"843\" height=\"474\" src=\"https:\/\/cdn.newsbucovina.ro\/wp-content\/uploads\/2026\/04\/674026943_1634191901178045_6688856823954959400_n.jpg\" alt class=\"wp-image-436558\"><\/a><\/figure>\n<\/div>\n<p>Gestul s\u0103u simbolic anticipeaz\u0103 mitingul de sus\u021binere anun\u021bat pentru luni, 20 aprilie, ora 18:00, \u00een contextul crizei politice majore declan\u0219ate de inten\u021bia PSD de a retrage sprijinul politic pentru actualul Guvern.<\/p>\n<p>Pe fondul tensiunilor tot mai acute din coali\u021bie, PSD urmeaz\u0103 s\u0103 decid\u0103 luni, 20 aprilie, retragerea sprijinului politic acordat premierului Ilie Bolojan. Surse din partid indic\u0103 faptul c\u0103 social-democra\u021bii inten\u021bioneaz\u0103 s\u0103-i acorde un ultimatum de 24-72 de ore pentru demisie, iar \u00een caz de refuz, mini\u0219trii PSD vor p\u0103r\u0103si Executivul. Premierul Bolojan a declarat public c\u0103 <strong>nu va demisiona<\/strong>, indiferent de decizia PSD.<\/p>\n<p>\u00cen acest context tensionat, sus\u021bin\u0103torii premierului au \u00eenceput mobilizarea. Un miting de sus\u021binere pentru Ilie Bolojan este programat luni sear\u0103 \u00een Pia\u021ba Victoriei, la ora 18:00. Primul care a r\u0103spuns apelului a fost primarul din R\u0103d\u0103u\u021bi, Bogdan Loghin, care a ajuns deja \u00een fa\u021ba Guvernului, demonstr\u00e2nd sprijinul pentru actualul mod de guvernare.<\/p>\n<p>Manifesta\u021bia de luni se anun\u021b\u0103 a fi un test important pentru gradul de mobilizare a celor care sus\u021bin direc\u021bia promovat\u0103 de Ilie Bolojan. Pe re\u021belele de socializare au ap\u0103rut deja grupuri \u0219i mesaje de \u00eencurajare, iar organizatorii sper\u0103 la o prezen\u021b\u0103 numeroas\u0103 care s\u0103 arate c\u0103 premierul se bucur\u0103 de sus\u021binere popular\u0103 dincolo de calculele politice de la nivel central.<\/p>\n<p>Ilie Bolojan a transmis recent c\u0103 nu este vorba doar despre persoana sa, ci despre un anumit mod de guvernare bazat pe responsabilitate, reforme \u0219i transparen\u021b\u0103.<\/p>\n<div class=\"td-a-rec td-a-rec-id-content_bottom  tdi_4 td_block_template_1\"><strong>Intr\u0103 acum \u0219i \u00een grupul de <\/p>\n<div class=\"wp-block-button\"><a class=\"wp-block-button__link wp-element-button\" href=\"https:\/\/t.me\/+TH8wcfnp8fw5NWI0\">Telegram News Bucovina<\/a><\/div>\n<p><\/strong><\/div>\n<\/div>\n<p>[analyse_source url=&#8221;https:\/\/www.newsbucovina.ro\/featured\/436557\/primarul-de-radauti-bogdan-loghin-primul-sustinator-al-lui-ilie-bolojan-la-mitingul-din-piata-victoriei&#8221;]<\/p>\n","protected":false},"excerpt":{"rendered":"<p>[analyse_image type=&#8221;featured&#8221; src=&#8221;https:\/\/www.newsbucovina.ro\/wp-content\/uploads\/2026\/04\/674026943_1634191901178045_6688856823954959400_n.jpghttps:\/\/cdn.newsbucovina.ro\/wp-content\/uploads\/2026\/04\/674026943_1634191901178045_6688856823954959400_n.jpg&#8221;] Intr\u0103 acum \u0219i \u00een grupul de Telegram News Bucovina Primul sus\u021bin\u0103tor al premierului Ilie Bolojan a sosit deja \u00een Pia\u021ba Victoriei, fiind primarul municipiului R\u0103d\u0103u\u021bi, Bogdan Loghin. Gestul s\u0103u simbolic anticipeaz\u0103 mitingul de sus\u021binere anun\u021bat pentru luni, 20 aprilie, ora 18:00, \u00een contextul crizei politice majore declan\u0219ate de inten\u021bia PSD de a [&hellip;]<\/p>\n","protected":false},"author":1,"featured_media":0,"comment_status":"open","ping_status":"","sticky":false,"template":"","format":"standard","meta":{"footnotes":""},"categories":[89],"tags":[226,165],"class_list":["post-1892028","post","type-post","status-publish","format-standard","hentry","category-romania","tag-crawlmanager","tag-newsbucovina-ro"],"_links":{"self":[{"href":"https:\/\/analyse.optim.biz\/index.php?rest_route=\/wp\/v2\/posts\/1892028","targetHints":{"allow":["GET"]}}],"collection":[{"href":"https:\/\/analyse.optim.biz\/index.php?rest_route=\/wp\/v2\/posts"}],"about":[{"href":"https:\/\/analyse.optim.biz\/index.php?rest_route=\/wp\/v2\/types\/post"}],"author":[{"embeddable":true,"href":"https:\/\/analyse.optim.biz\/index.php?rest_route=\/wp\/v2\/users\/1"}],"replies":[{"embeddable":true,"href":"https:\/\/analyse.optim.biz\/index.php?rest_route=%2Fwp%2Fv2%2Fcomments&post=1892028"}],"version-history":[{"count":0,"href":"https:\/\/analyse.optim.biz\/index.php?rest_route=\/wp\/v2\/posts\/1892028\/revisions"}],"wp:attachment":[{"href":"https:\/\/analyse.optim.biz\/index.php?rest_route=%2Fwp%2Fv2%2Fmedia&parent=1892028"}],"wp:term":[{"taxonomy":"category","embeddable":true,"href":"https:\/\/analyse.optim.biz\/index.php?rest_route=%2Fwp%2Fv2%2Fcategories&post=1892028"},{"taxonomy":"post_tag","embeddable":true,"href":"https:\/\/analyse.optim.biz\/index.php?rest_route=%2Fwp%2Fv2%2Ftags&post=1892028"}],"curies":[{"name":"wp","href":"https:\/\/api.w.org\/{rel}","templated":true}]}}