{"id":189163,"date":"2014-12-31T22:50:55","date_gmt":"2014-12-31T19:50:55","guid":{"rendered":"https:\/\/analyse.optim.biz\/?p=189163"},"modified":"2014-12-31T22:50:55","modified_gmt":"2014-12-31T19:50:55","slug":"victor-ponta-ureaza-la-multi-ani-si-celor-care-au-facebook-si-celor-care-nu-au","status":"publish","type":"post","link":"https:\/\/analyse.optim.biz\/?p=189163","title":{"rendered":"Victor Ponta ureaz\u0103 la mul\u021bi ani \u0219i celor care au Facebook, \u0219i celor care nu au"},"content":{"rendered":"<div class=\"entry data-app-meta data-app-meta-article\" data-embed-base-url-canonical=\"https:\/\/www.digi24.ro\/embed\/stiri\/actualitate\/politica\/victor-ponta-ureaza-la-multi-ani-si-celor-care-au-facebook-si-celor-care-nu-au-341641\">\n<div class=\"fb-post\">\n<div class=\"fb-xfbml-parse-ignore\"><a href=\"https:\/\/www.facebook.com\/victor.ponta\/posts\/880977418608813:0\" data-skip-linkfix=\"1\">Post<\/a> by <a href=\"https:\/\/www.facebook.com\/victor.ponta\" data-skip-linkfix=\"1\">Victor Ponta<\/a>.<\/div>\n<\/div>\n<p data-index=\"2\">&#8220;La mul\u0163i ani tuturor &#8211; \u015fi cei care au Facebook \u015fi celor care nu au, \u015fi celor care ne simpatizeaz\u0103 \u015fi celor care ne ur\u0103sc! Sigur 2015 va fi un an bun!&#8221;, scrie Victor Ponta <a href=\"https:\/\/www.facebook.com\/victor.ponta\/photos\/a.629582500414974.1073741913.150967671609795\/880976975275524\/?type=1\" target=\"_blank\" data-skip-linkfix=\"1\" rel=\"noopener\">pe Facebook<\/a>.<\/p>\n<p data-index=\"3\">El \u00ee\u015fi \u00eenso\u0163e\u015fte mesajul cu o fotografie \u00een care apare al\u0103turi de familie.<\/p>\n<p data-index=\"4\">\u00cen camera \u00een care se afl\u0103 premierul cu familia, prezentat\u0103 \u00een fotografie, apar \u00eensemnele complexului turistic cu profil militar Arsenal Park al fra\u0163ilor Cristescu, din Or\u0103\u015ftie, locul \u00een care PSD a organizat Comitetul Executiv Na\u0163ional \u00een vara acestui an \u015fi \u00een care Victor Ponta \u015fi-a petrecut Revelionul anul trecut, scrie Mediafax.<\/p>\n<\/div>\n<p> Source URL: https:\/\/www.digi24.ro\/stiri\/actualitate\/politica\/victor-ponta-ureaza-la-multi-ani-si-celor-care-au-facebook-si-celor-care-nu-au-341641<\/p>\n","protected":false},"excerpt":{"rendered":"<p>Post by Victor Ponta. &#8220;La mul\u0163i ani tuturor &#8211; \u015fi cei care au Facebook \u015fi celor care nu au, \u015fi celor care ne simpatizeaz\u0103 \u015fi celor care ne ur\u0103sc! Sigur 2015 va fi un an bun!&#8221;, scrie Victor Ponta pe Facebook. El \u00ee\u015fi \u00eenso\u0163e\u015fte mesajul cu o fotografie \u00een care apare al\u0103turi de familie. \u00cen [&hellip;]<\/p>\n","protected":false},"author":1,"featured_media":189164,"comment_status":"open","ping_status":"","sticky":false,"template":"","format":"standard","meta":{"footnotes":""},"categories":[2],"tags":[11],"class_list":["post-189163","post","type-post","status-publish","format-standard","has-post-thumbnail","hentry","category-politics","tag-digi24"],"_links":{"self":[{"href":"https:\/\/analyse.optim.biz\/index.php?rest_route=\/wp\/v2\/posts\/189163","targetHints":{"allow":["GET"]}}],"collection":[{"href":"https:\/\/analyse.optim.biz\/index.php?rest_route=\/wp\/v2\/posts"}],"about":[{"href":"https:\/\/analyse.optim.biz\/index.php?rest_route=\/wp\/v2\/types\/post"}],"author":[{"embeddable":true,"href":"https:\/\/analyse.optim.biz\/index.php?rest_route=\/wp\/v2\/users\/1"}],"replies":[{"embeddable":true,"href":"https:\/\/analyse.optim.biz\/index.php?rest_route=%2Fwp%2Fv2%2Fcomments&post=189163"}],"version-history":[{"count":0,"href":"https:\/\/analyse.optim.biz\/index.php?rest_route=\/wp\/v2\/posts\/189163\/revisions"}],"wp:featuredmedia":[{"embeddable":true,"href":"https:\/\/analyse.optim.biz\/index.php?rest_route=\/wp\/v2\/media\/189164"}],"wp:attachment":[{"href":"https:\/\/analyse.optim.biz\/index.php?rest_route=%2Fwp%2Fv2%2Fmedia&parent=189163"}],"wp:term":[{"taxonomy":"category","embeddable":true,"href":"https:\/\/analyse.optim.biz\/index.php?rest_route=%2Fwp%2Fv2%2Fcategories&post=189163"},{"taxonomy":"post_tag","embeddable":true,"href":"https:\/\/analyse.optim.biz\/index.php?rest_route=%2Fwp%2Fv2%2Ftags&post=189163"}],"curies":[{"name":"wp","href":"https:\/\/api.w.org\/{rel}","templated":true}]}}