{"id":1891620,"date":"2026-04-19T08:50:19","date_gmt":"2026-04-19T05:50:19","guid":{"rendered":"https:\/\/analyse.optim.biz\/?p=1891620"},"modified":"2026-04-19T08:50:19","modified_gmt":"2026-04-19T05:50:19","slug":"europa-intre-preventie-si-panica-scrisoarea-comisarului-dan-jorgensen-de-acum-o-luna-avertiza-asupra-riscurilor-reale-ale-crizei-energetice-din-orientul-mijlociu","status":"publish","type":"post","link":"https:\/\/analyse.optim.biz\/?p=1891620","title":{"rendered":"Europa \u00eentre preven\u021bie \u0219i panic\u0103: Scrisoarea comisarului Dan J\u00f8rgensen, de acum o lun\u0103, avertiza asupra riscurilor reale ale crizei energetice din Orientul Mijlociu"},"content":{"rendered":"<p>[analyse_image type=&#8221;featured&#8221; src=&#8221;https:\/\/www.newsbucovina.ro\/wp-content\/uploads\/2026\/02\/dumitru-chisalita.jpghttps:\/\/cdn.newsbucovina.ro\/wp-content\/uploads\/2026\/02\/dumitru-chisalita.jpg&#8221;]<\/p>\n<div class=\"td-post-content tagdiv-type\">\n<div class=\"td-a-rec td-a-rec-id-content_top  tdi_3 td_block_template_1\"><strong>Intr\u0103 acum \u0219i \u00een grupul de <\/p>\n<div class=\"wp-block-button\"><a class=\"wp-block-button__link wp-element-button\" href=\"https:\/\/t.me\/+TH8wcfnp8fw5NWI0\">Telegram News Bucovina<\/a><\/div>\n<p><\/strong><\/div>\n<p>Scrisoarea trimis\u0103 la sf\u00e2r\u0219itul lunii martie de comisarul european pentru Energie, <strong>Dan J\u00f8rgensen<\/strong>, c\u0103tre mini\u0219trii energiei din statele membre UE nu era un simplu apel la calm, ci o schimbare de paradigm\u0103: de la reac\u021bia la criz\u0103, spre preven\u021bie strategic\u0103. La o lun\u0103 distan\u021b\u0103, mesajul s\u0103u cap\u0103t\u0103 o relevan\u021b\u0103 \u0219i mai mare pe fondul pre\u021burilor volatile la petrol \u0219i gaze, generate de conflictul din Orientul Mijlociu.<\/p>\n<div class=\"wp-block-image\">\n<figure class=\"aligncenter size-full\"><a href=\"https:\/\/cdn.newsbucovina.ro\/wp-content\/uploads\/2026\/02\/dumitru-chisalita.jpg\"><img loading=\"lazy\" decoding=\"async\" width=\"639\" height=\"359\" src=\"https:\/\/cdn.newsbucovina.ro\/wp-content\/uploads\/2026\/02\/dumitru-chisalita.jpg\" alt class=\"wp-image-432216\"><\/a><\/figure>\n<\/div>\n<p>Scrisoarea nu anun\u021ba o penurie imediat\u0103 de combustibili, ci atr\u0103gea aten\u021bia asupra riscului real ca escaladarea r\u0103zboiului din Golf s\u0103 perturbe rutele energetice globale, \u00een special transporturile maritime prin zone sensibile. Comisarul sublinia c\u0103 Europa, de\u0219i mult mai bine preg\u0103tit\u0103 dec\u00e2t \u00een 2022 (c\u00e2nd dependen\u021ba de gazul rusesc a creat o criz\u0103 existen\u021bial\u0103), nu trebuie s\u0103 repete gre\u0219elile trecutului. Mesajul central: \u201eMai bine s\u0103 fim preg\u0103ti\u021bi dec\u00e2t s\u0103 regret\u0103m\u201d.<\/p>\n<p>J\u00f8rgensen insista asupra sectorului transporturilor \u2013 cel mai mare consumator de petrol \u0219i cel mai greu de substituit rapid. Reducerea voluntar\u0103 a cererii aici (prin m\u0103suri precum deplas\u0103ri mai pu\u021bine cu ma\u0219ina sau avionul, prioritizarea transportului esen\u021bial) ar elibera resurse pentru sectoare critice: industrie, s\u0103n\u0103tate, securitate \u0219i agricultur\u0103. Recomand\u0103rile includeau am\u00e2narea mentenan\u021bei neesen\u021biale la rafin\u0103rii, cre\u0219terea utiliz\u0103rii biocombustibililor \u0219i coordonarea strict\u0103 la nivel european pentru a evita r\u0103spunsuri na\u021bionale fragmentate.<\/p>\n<p>Anali\u0219tii noteaz\u0103 c\u0103 scrisoarea dep\u0103\u0219ea simpla gestionare a pre\u021burilor. Ea punea \u00een discu\u021bie o dilem\u0103 profund\u0103: logica pie\u021bei libere func\u021bioneaz\u0103 bine \u00een crize limitate, dar \u0219ocurile geopolitice majore necesit\u0103 interven\u021bie coordonat\u0103 \u0219i, uneori, sacrificii preventive. A le cere europenilor \u201es\u0103 c\u0103l\u0103toreasc\u0103 mai pu\u021bin\u201d \u00eentr-un spa\u021biu construit pe libertatea de mi\u0219care reprezint\u0103 o provocare politic\u0103 sensibil\u0103, mai ales dup\u0103 oboseala acumulat\u0103 din pandemie, infla\u021bie \u0219i criza energetic\u0103 din 2022.<\/p>\n<p><strong>Rom\u00e2nia nu este izolat\u0103 de aceste riscuri.<\/strong> Economia noastr\u0103, transportul rutier de m\u0103rfuri, agricultura \u0219i lan\u021burile de aprovizionare cu alimente depind puternic de benzin\u0103 \u0219i motorin\u0103. Orice perturbare prelungit\u0103 a importurilor din regiunea Golfului (de unde Europa ob\u021bine o parte important\u0103 din kerosen \u0219i motorin\u0103) s-ar resim\u021bi rapid la pomp\u0103, \u00een costurile logistice \u0219i, indirect, \u00een pre\u021burile la raft.<\/p>\n<p><strong>Prof. dr. ing. Dumitru Chis\u0103li\u021b\u0103<\/strong>, pre\u0219edinte al Asocia\u021biei Energia Inteligent\u0103 (AEI) \u0219i expert tehnic judiciar autorizat \u00een domeniul petrolului \u0219i gazelor, atrage aten\u021bia c\u0103 prosperitatea modern\u0103 depinde de resurse care nu sunt nici infinite, nici garantate. \u201eFie economisim acum, fie pl\u0103tim mult mai scump mai t\u00e2rziu\u201d, subliniaz\u0103 specialistul.<\/p>\n<p>Asocia\u021bia Energia Inteligent\u0103 propune Guvernului Rom\u00e2niei adoptarea urgent\u0103 a unui <strong>Plan na\u021bional de r\u0103spuns la criza carburan\u021bilor<\/strong>. Acesta nu ar presupune restric\u021bii arbitrare sau panic\u0103, ci preg\u0103tire lucid\u0103: reducerea risipei, modernizarea logisticii, prioritizarea consumului esen\u021bial \u0219i investi\u021bii \u00een eficien\u021b\u0103 energetic\u0103. Chis\u0103li\u021b\u0103 remarc\u0103 faptul c\u0103 o parte din consumul actual este ineficient \u2013 trafic intens, deplas\u0103ri inutile, dependen\u021b\u0103 exagerat\u0103 de automobilul individual \u2013 \u0219i c\u0103 o criz\u0103 poate deveni oportunitate pentru un sistem de transport mai modern \u0219i rezilient.<\/p>\n<p>Planul na\u021bional ar trebui s\u0103 combine transparen\u021b\u0103, m\u0103suri \u021bintite pentru sectoarele vulnerabile (transport public, agricultur\u0103, distribu\u021bie alimentar\u0103) \u0219i responsabilitate colectiv\u0103. Succesul s\u0103u depinde at\u00e2t de deciziile guvernamentale, c\u00e2t \u0219i de \u00een\u021belegerea cet\u0103\u021benilor c\u0103 fiecare gest de eficien\u021b\u0103 energetic\u0103 conteaz\u0103 \u00een echilibrul na\u021bional.<\/p>\n<p>La o lun\u0103 de la scrisoarea lui J\u00f8rgensen, Europa se afl\u0103 \u00een fa\u021ba unui test strategic: poate ac\u021biona preventiv, \u00eenainte ca problema s\u0103 devin\u0103 vizibil\u0103 \u0219i costisitoare, sau va a\u0219tepta din nou s\u0103 fie for\u021bat\u0103 de evenimente? Pentru Rom\u00e2nia, r\u0103spunsul la aceast\u0103 provocare nu este doar o chestiune economic\u0103, ci una de securitate na\u021bional\u0103 pe termen lung.<\/p>\n<p>Criza actual\u0103 reaminte\u0219te lec\u021bia dur\u0103 din 2022: dependen\u021ba energetic\u0103 r\u0103m\u00e2ne o vulnerabilitate major\u0103, chiar \u0219i dup\u0103 eforturile de diversificare. Statele care \u00eenva\u021b\u0103 s\u0103 \u00ee\u0219i gestioneze inteligent resursele vor fi cele mai reziliente. Cele care ignor\u0103 semnalele de avertizare risc\u0103 s\u0103 pl\u0103teasc\u0103 un pre\u021b mult mai mare atunci c\u00e2nd \u0219ocul love\u0219te cu adev\u0103rat.<\/p>\n<figure class=\"wp-block-embed is-type-video is-provider-youtube wp-block-embed-youtube wp-embed-aspect-16-9 wp-has-aspect-ratio\">\n<div class=\"wp-block-embed__wrapper\">\n<div class=\"youtube-embed\" data-video_id=\"Y_YGnvSxPg0\"><iframe loading=\"lazy\" title=\"Zmeii din Republica R\u0103d\u0103u\u021bi lovesc din nou!! Blonda de la Poli\u021bie vs. Bruneta de pe \"strasse\"!!\" width=\"696\" height=\"392\" src=\"https:\/\/www.youtube.com\/embed\/Y_YGnvSxPg0?start=36&amp;feature=oembed\" frameborder allow=\"accelerometer; autoplay; clipboard-write; encrypted-media; gyroscope; picture-in-picture; web-share\" referrerpolicy=\"strict-origin-when-cross-origin\" allowfullscreen><\/iframe><\/div>\n<\/div>\n<\/figure>\n<div class=\"td-a-rec td-a-rec-id-content_bottom  tdi_4 td_block_template_1\"><strong>Intr\u0103 acum \u0219i \u00een grupul de <\/p>\n<div class=\"wp-block-button\"><a class=\"wp-block-button__link wp-element-button\" href=\"https:\/\/t.me\/+TH8wcfnp8fw5NWI0\">Telegram News Bucovina<\/a><\/div>\n<p><\/strong><\/div>\n<\/div>\n<div class=\"td-post-content tagdiv-type\">\n<div class=\"td-a-rec td-a-rec-id-content_top  tdi_3 td_block_template_1\"><strong>Intr\u0103 acum \u0219i \u00een grupul de <\/p>\n<div class=\"wp-block-button\"><a class=\"wp-block-button__link wp-element-button\" href=\"https:\/\/t.me\/+TH8wcfnp8fw5NWI0\">Telegram News Bucovina<\/a><\/div>\n<p><\/strong><\/div>\n<p>Scrisoarea trimis\u0103 la sf\u00e2r\u0219itul lunii martie de comisarul european pentru Energie, <strong>Dan J\u00f8rgensen<\/strong>, c\u0103tre mini\u0219trii energiei din statele membre UE nu era un simplu apel la calm, ci o schimbare de paradigm\u0103: de la reac\u021bia la criz\u0103, spre preven\u021bie strategic\u0103. La o lun\u0103 distan\u021b\u0103, mesajul s\u0103u cap\u0103t\u0103 o relevan\u021b\u0103 \u0219i mai mare pe fondul pre\u021burilor volatile la petrol \u0219i gaze, generate de conflictul din Orientul Mijlociu.<\/p>\n<div class=\"wp-block-image\">\n<figure class=\"aligncenter size-full\"><a href=\"https:\/\/cdn.newsbucovina.ro\/wp-content\/uploads\/2026\/02\/dumitru-chisalita.jpg\"><img loading=\"lazy\" decoding=\"async\" width=\"639\" height=\"359\" src=\"https:\/\/cdn.newsbucovina.ro\/wp-content\/uploads\/2026\/02\/dumitru-chisalita.jpg\" alt class=\"wp-image-432216\"><\/a><\/figure>\n<\/div>\n<p>Scrisoarea nu anun\u021ba o penurie imediat\u0103 de combustibili, ci atr\u0103gea aten\u021bia asupra riscului real ca escaladarea r\u0103zboiului din Golf s\u0103 perturbe rutele energetice globale, \u00een special transporturile maritime prin zone sensibile. Comisarul sublinia c\u0103 Europa, de\u0219i mult mai bine preg\u0103tit\u0103 dec\u00e2t \u00een 2022 (c\u00e2nd dependen\u021ba de gazul rusesc a creat o criz\u0103 existen\u021bial\u0103), nu trebuie s\u0103 repete gre\u0219elile trecutului. Mesajul central: \u201eMai bine s\u0103 fim preg\u0103ti\u021bi dec\u00e2t s\u0103 regret\u0103m\u201d.<\/p>\n<p>J\u00f8rgensen insista asupra sectorului transporturilor \u2013 cel mai mare consumator de petrol \u0219i cel mai greu de substituit rapid. Reducerea voluntar\u0103 a cererii aici (prin m\u0103suri precum deplas\u0103ri mai pu\u021bine cu ma\u0219ina sau avionul, prioritizarea transportului esen\u021bial) ar elibera resurse pentru sectoare critice: industrie, s\u0103n\u0103tate, securitate \u0219i agricultur\u0103. Recomand\u0103rile includeau am\u00e2narea mentenan\u021bei neesen\u021biale la rafin\u0103rii, cre\u0219terea utiliz\u0103rii biocombustibililor \u0219i coordonarea strict\u0103 la nivel european pentru a evita r\u0103spunsuri na\u021bionale fragmentate.<\/p>\n<p>Anali\u0219tii noteaz\u0103 c\u0103 scrisoarea dep\u0103\u0219ea simpla gestionare a pre\u021burilor. Ea punea \u00een discu\u021bie o dilem\u0103 profund\u0103: logica pie\u021bei libere func\u021bioneaz\u0103 bine \u00een crize limitate, dar \u0219ocurile geopolitice majore necesit\u0103 interven\u021bie coordonat\u0103 \u0219i, uneori, sacrificii preventive. A le cere europenilor \u201es\u0103 c\u0103l\u0103toreasc\u0103 mai pu\u021bin\u201d \u00eentr-un spa\u021biu construit pe libertatea de mi\u0219care reprezint\u0103 o provocare politic\u0103 sensibil\u0103, mai ales dup\u0103 oboseala acumulat\u0103 din pandemie, infla\u021bie \u0219i criza energetic\u0103 din 2022.<\/p>\n<p><strong>Rom\u00e2nia nu este izolat\u0103 de aceste riscuri.<\/strong> Economia noastr\u0103, transportul rutier de m\u0103rfuri, agricultura \u0219i lan\u021burile de aprovizionare cu alimente depind puternic de benzin\u0103 \u0219i motorin\u0103. Orice perturbare prelungit\u0103 a importurilor din regiunea Golfului (de unde Europa ob\u021bine o parte important\u0103 din kerosen \u0219i motorin\u0103) s-ar resim\u021bi rapid la pomp\u0103, \u00een costurile logistice \u0219i, indirect, \u00een pre\u021burile la raft.<\/p>\n<p><strong>Prof. dr. ing. Dumitru Chis\u0103li\u021b\u0103<\/strong>, pre\u0219edinte al Asocia\u021biei Energia Inteligent\u0103 (AEI) \u0219i expert tehnic judiciar autorizat \u00een domeniul petrolului \u0219i gazelor, atrage aten\u021bia c\u0103 prosperitatea modern\u0103 depinde de resurse care nu sunt nici infinite, nici garantate. \u201eFie economisim acum, fie pl\u0103tim mult mai scump mai t\u00e2rziu\u201d, subliniaz\u0103 specialistul.<\/p>\n<p>Asocia\u021bia Energia Inteligent\u0103 propune Guvernului Rom\u00e2niei adoptarea urgent\u0103 a unui <strong>Plan na\u021bional de r\u0103spuns la criza carburan\u021bilor<\/strong>. Acesta nu ar presupune restric\u021bii arbitrare sau panic\u0103, ci preg\u0103tire lucid\u0103: reducerea risipei, modernizarea logisticii, prioritizarea consumului esen\u021bial \u0219i investi\u021bii \u00een eficien\u021b\u0103 energetic\u0103. Chis\u0103li\u021b\u0103 remarc\u0103 faptul c\u0103 o parte din consumul actual este ineficient \u2013 trafic intens, deplas\u0103ri inutile, dependen\u021b\u0103 exagerat\u0103 de automobilul individual \u2013 \u0219i c\u0103 o criz\u0103 poate deveni oportunitate pentru un sistem de transport mai modern \u0219i rezilient.<\/p>\n<p>Planul na\u021bional ar trebui s\u0103 combine transparen\u021b\u0103, m\u0103suri \u021bintite pentru sectoarele vulnerabile (transport public, agricultur\u0103, distribu\u021bie alimentar\u0103) \u0219i responsabilitate colectiv\u0103. Succesul s\u0103u depinde at\u00e2t de deciziile guvernamentale, c\u00e2t \u0219i de \u00een\u021belegerea cet\u0103\u021benilor c\u0103 fiecare gest de eficien\u021b\u0103 energetic\u0103 conteaz\u0103 \u00een echilibrul na\u021bional.<\/p>\n<p>La o lun\u0103 de la scrisoarea lui J\u00f8rgensen, Europa se afl\u0103 \u00een fa\u021ba unui test strategic: poate ac\u021biona preventiv, \u00eenainte ca problema s\u0103 devin\u0103 vizibil\u0103 \u0219i costisitoare, sau va a\u0219tepta din nou s\u0103 fie for\u021bat\u0103 de evenimente? Pentru Rom\u00e2nia, r\u0103spunsul la aceast\u0103 provocare nu este doar o chestiune economic\u0103, ci una de securitate na\u021bional\u0103 pe termen lung.<\/p>\n<p>Criza actual\u0103 reaminte\u0219te lec\u021bia dur\u0103 din 2022: dependen\u021ba energetic\u0103 r\u0103m\u00e2ne o vulnerabilitate major\u0103, chiar \u0219i dup\u0103 eforturile de diversificare. Statele care \u00eenva\u021b\u0103 s\u0103 \u00ee\u0219i gestioneze inteligent resursele vor fi cele mai reziliente. Cele care ignor\u0103 semnalele de avertizare risc\u0103 s\u0103 pl\u0103teasc\u0103 un pre\u021b mult mai mare atunci c\u00e2nd \u0219ocul love\u0219te cu adev\u0103rat.<\/p>\n<figure class=\"wp-block-embed is-type-video is-provider-youtube wp-block-embed-youtube wp-embed-aspect-16-9 wp-has-aspect-ratio\">\n<div class=\"wp-block-embed__wrapper\">\n<div class=\"youtube-embed\" data-video_id=\"Y_YGnvSxPg0\"><iframe loading=\"lazy\" title=\"Zmeii din Republica R\u0103d\u0103u\u021bi lovesc din nou!! Blonda de la Poli\u021bie vs. Bruneta de pe \"strasse\"!!\" width=\"696\" height=\"392\" src=\"https:\/\/www.youtube.com\/embed\/Y_YGnvSxPg0?start=36&amp;feature=oembed\" frameborder allow=\"accelerometer; autoplay; clipboard-write; encrypted-media; gyroscope; picture-in-picture; web-share\" referrerpolicy=\"strict-origin-when-cross-origin\" allowfullscreen><\/iframe><\/div>\n<\/div>\n<\/figure>\n<div class=\"td-a-rec td-a-rec-id-content_bottom  tdi_4 td_block_template_1\"><strong>Intr\u0103 acum \u0219i \u00een grupul de <\/p>\n<div class=\"wp-block-button\"><a class=\"wp-block-button__link wp-element-button\" href=\"https:\/\/t.me\/+TH8wcfnp8fw5NWI0\">Telegram News Bucovina<\/a><\/div>\n<p><\/strong><\/div>\n<\/div>\n<p>[analyse_source url=&#8221;https:\/\/www.newsbucovina.ro\/opinii\/436472\/europa-intre-preventie-si-panica-scrisoarea-comisarului-dan-jorgensen-de-acum-o-luna-avertiza-asupra-riscurilor-reale-ale-crizei-energetice-din-orientul-mijlociu&#8221;]<\/p>\n","protected":false},"excerpt":{"rendered":"<p>[analyse_image type=&#8221;featured&#8221; src=&#8221;https:\/\/www.newsbucovina.ro\/wp-content\/uploads\/2026\/02\/dumitru-chisalita.jpghttps:\/\/cdn.newsbucovina.ro\/wp-content\/uploads\/2026\/02\/dumitru-chisalita.jpg&#8221;] Intr\u0103 acum \u0219i \u00een grupul de Telegram News Bucovina Scrisoarea trimis\u0103 la sf\u00e2r\u0219itul lunii martie de comisarul european pentru Energie, Dan J\u00f8rgensen, c\u0103tre mini\u0219trii energiei din statele membre UE nu era un simplu apel la calm, ci o schimbare de paradigm\u0103: de la reac\u021bia la criz\u0103, spre preven\u021bie strategic\u0103. La o lun\u0103 [&hellip;]<\/p>\n","protected":false},"author":1,"featured_media":0,"comment_status":"open","ping_status":"","sticky":false,"template":"","format":"standard","meta":{"footnotes":""},"categories":[89],"tags":[226,165],"class_list":["post-1891620","post","type-post","status-publish","format-standard","hentry","category-romania","tag-crawlmanager","tag-newsbucovina-ro"],"_links":{"self":[{"href":"https:\/\/analyse.optim.biz\/index.php?rest_route=\/wp\/v2\/posts\/1891620","targetHints":{"allow":["GET"]}}],"collection":[{"href":"https:\/\/analyse.optim.biz\/index.php?rest_route=\/wp\/v2\/posts"}],"about":[{"href":"https:\/\/analyse.optim.biz\/index.php?rest_route=\/wp\/v2\/types\/post"}],"author":[{"embeddable":true,"href":"https:\/\/analyse.optim.biz\/index.php?rest_route=\/wp\/v2\/users\/1"}],"replies":[{"embeddable":true,"href":"https:\/\/analyse.optim.biz\/index.php?rest_route=%2Fwp%2Fv2%2Fcomments&post=1891620"}],"version-history":[{"count":0,"href":"https:\/\/analyse.optim.biz\/index.php?rest_route=\/wp\/v2\/posts\/1891620\/revisions"}],"wp:attachment":[{"href":"https:\/\/analyse.optim.biz\/index.php?rest_route=%2Fwp%2Fv2%2Fmedia&parent=1891620"}],"wp:term":[{"taxonomy":"category","embeddable":true,"href":"https:\/\/analyse.optim.biz\/index.php?rest_route=%2Fwp%2Fv2%2Fcategories&post=1891620"},{"taxonomy":"post_tag","embeddable":true,"href":"https:\/\/analyse.optim.biz\/index.php?rest_route=%2Fwp%2Fv2%2Ftags&post=1891620"}],"curies":[{"name":"wp","href":"https:\/\/api.w.org\/{rel}","templated":true}]}}