{"id":189149,"date":"2015-01-01T09:47:35","date_gmt":"2015-01-01T06:47:35","guid":{"rendered":"https:\/\/analyse.optim.biz\/?p=189149"},"modified":"2015-01-01T09:47:35","modified_gmt":"2015-01-01T06:47:35","slug":"retrospectiva-2014-politicienii-spun-lucruri-trasnite","status":"publish","type":"post","link":"https:\/\/analyse.optim.biz\/?p=189149","title":{"rendered":"RETROSPECTIV\u0102 2014 | Politicienii spun lucruri tr\u0103snite"},"content":{"rendered":"<div class=\"entry data-app-meta data-app-meta-article\" data-embed-base-url-canonical=\"https:\/\/www.digi24.ro\/embed\/stiri\/actualitate\/politica\/retrospectiva-2014-politicienii-spun-lucruri-trasnite-341706\">\n<p data-index=\"1\">Un exemplu gr\u0103itor de &#8220;dialog civilizat&#8221; \u00een legislativul rom\u00e2nesc: \u00a0<\/p>\n<p data-index=\"2\"><span lang=\"en-US\">-Doamn\u0103, ce dori\u0163i? Procedur\u0103, ce dori\u0163i? Microfonul 2. dac\u0103 nu e procedur\u0103, v\u0103 tai microfonul!<\/span><\/p>\n<p data-index=\"3\"><span lang=\"en-US\">-O s\u0103 fac propunerea s\u0103 desfiin\u0163\u0103m aceste microfoane, c\u0103 m\u0103 simt ca o dizeoz\u0103 la o nunt\u0103!\u00a0<\/span><\/p>\n<p data-index=\"4\"><span lang=\"en-US\">-V\u0103 mul\u0163umesc mult dna senator, nu e procedur\u0103. \u00cenchide\u0163i v\u0103 rog microfonul!&#8230;<\/span><\/p>\n<p data-index=\"5\">De departe, cele mai penibile situa\u0163ii s-au petrecut \u00een Parlament, locul unde ale\u015fii ar fi trebuit s\u0103 voteze legi. Limbajul deputa\u0163ilor \u015fi senatorilor a fost destul de colorat, mai ales atunci c\u00e2nd s-a dezb\u0103tut problema migra\u0163iei politice a primarilor \u015fi consilierilor jude\u0163eni \u015fi locali.<\/p>\n<p data-index=\"6\"><strong>Alin Ti\u015fe<\/strong>,senator PDL: &#8220;<em>sunt prostituate politice<\/em>&#8220;<\/p>\n<p data-index=\"7\"><strong>Puiu Ha\u015fotti<\/strong>, liderul senatorilor PNL :&#8221; <em>Ace\u015fti trasei\u015fti politici, primarii, care au practicat vagabondajul politic, au fost momi\u0163i pentru doi argin\u0163i&#8221;<\/em>.<\/p>\n<p data-index=\"8\"><strong>Cristian Dumitrescu,<\/strong>\u00a0vicepre\u015fedintele Senatului : &#8220;<em>\u00cemi cer scuze eu pentru ideea c\u0103 cel care se deplaseaz\u0103 de la un partid la altul este un vagabond<\/em>&#8220;<\/p>\n<p data-index=\"9\"><strong>Tudor Barbu,\u00a0<\/strong>senator PNL: &#8220;<em>Discut\u0103m a\u015fa cum s-a spus despre una dintre cele mai abominabile decizii luate de un Guvern postdecembrist.<\/em>&#8220;<\/p>\n<p data-index=\"10\"><strong>Ilie S\u00e2rbu,\u00a0<\/strong>liderul senatorilor PSD: &#8220;\u00cen ce categorie sunte\u0163i ? La prostitu\u0163ie , la vagabonzi, la tr\u0103d\u0103tori?&#8221;<\/p>\n<p data-index=\"11\">\u00cen Camera Deputa\u0163ilor, pre\u015fedintele <strong>Valeriu Zgonea<\/strong> le-a dat colegilor s\u0103i o lec\u0163ie de logic\u0103 atunci c\u00e2nd cearta pe func\u0163iile de conducere era \u00een toi: &#8220;<em>\u00cen grupul conservator a ap\u0103rut un vagon nou de ardei, acum c\u0103 e toamn\u0103, ardei gras. \u015ei atunci ardeiul \u0103sta gras aduce beneficii Partidului Conservator. Noi trebuie s\u0103 vedem care este ponderea \u015fi s\u0103 d\u0103m Partidului Conservator mai multe func\u0163ii, dac\u0103 ardeiul gras \u00eenseamn\u0103 mai mul\u0163i bani<\/em>.<em> Eu sunt \u015feful pie\u0163ei \u015fi constat c\u0103 s-au schimbat ponderile \u00een pia\u0163\u0103 \u015fi trebuie s\u0103 iau taxa, ca s\u0103 aduc bani la buget. UNPR functioneaz\u0103 \u00een grupul PSD si are din ponderea PSD. \u00cen curtea mea exist\u0103 un vagon \u00een plus de morcovi, ei sunt \u00een curtea mea.<\/em>&#8220;<\/p>\n<p data-index=\"12\">Anul 2014 a fost marcat de alegerile preziden\u0163iale, implicit de gafele politicienilor \u00een campanie. <strong>Victor Ponta<\/strong> a fost convins c\u0103 va c\u00e2\u015ftiga: &#8220;<em>cu siguran\u0163\u0103 \u00een turul unu va fi o cafteal\u0103 la care nu doresc sa particip. \u00cen turul unu \u00eemi voi lua popcorn \u015fi o b\u0103utur\u0103 r\u0103coritoare, m\u0103 voi uita la dezbaterile \u00eentre doamnele Macovei, Udrea, domnul Diaconescu, domnul Iohannis \u015fi asa mai departe&#8230;<\/em>&#8220;<\/p>\n<p data-index=\"13\">Tot \u00een timpul campaniei electorale, Klaus Iohannis a f\u0103cut o declara\u0163ie \u015focant\u0103 \u00eentr-un interviu acordat cotidianului G\u00e2ndul, c\u00e2nd a venit vorba despre casele sale.<\/p>\n<p data-index=\"14\"><em>-Klaus Iohannis: da, am fost \u015fi profesor.<\/em><\/p>\n<p data-index=\"15\"><em><span lang=\"en-US\">-Moderator: salariul de profesor abia le permite unora ce lucreaz\u0103 \u00een \u00eenv\u0103\u0163\u0103m\u00e2nt s\u0103 tr\u0103iasc\u0103 de la o lun\u0103 la alta. <\/span><\/em><\/p>\n<p data-index=\"16\"><em><span lang=\"en-US\">-Klaus Iohannis:\u00a0este o mare problem\u0103<\/span><\/em><\/p>\n<p data-index=\"17\"><em><span lang=\"en-US\">-Moderator:\u00a0s\u0103-i in\u0163elege\u0163i \u015fi pe oameni aceia, c\u00e2nd se \u00eentreab\u0103: eu cu ce am gre\u015fit, de ce nu am reu\u015fit ca prin munc\u0103 cinstit\u0103, ca domnul Iohannis, s\u0103 am \u015fase case?<\/span><\/em><\/p>\n<p data-index=\"18\"><em><span lang=\"en-US\">-Klaus Iohannis:\u00a0ghinion<\/span><\/em><\/p>\n<p data-index=\"19\"><em><span lang=\"en-US\">-Moderator:\u00a0ei au (ghinion)?<\/span><\/em><\/p>\n<p data-index=\"20\"><em><span lang=\"en-US\">-Klaus Iohannis:\u00a0Eu am ghinion<\/span><\/em><\/p>\n<p data-index=\"21\">Nici via\u0163a partidelor nu a fost prea dulce. Dat afar\u0103 din PSD, <strong>Marian Vanghelie<\/strong> a sim\u0163it nevoia s\u0103 se r\u0103zbune pe cel care, sus\u0163ine el, l-a executat politic, Victor Ponta: &#8220;<em>Ponta s-a dus la B\u0103sescu \u015fi l-a rugat s\u0103-l pun\u0103 ministru al Justi\u0163iei. A\u0163i v\u0103zut \u015fi pozele, a\u015fa face cu toata lumea &#8211; miau miau- , a spus bine pre\u015fedintele (c\u0103 este) pisicu\u0163<\/em>&#8220;<\/p>\n<p data-index=\"22\">Victor Ponta a fost taxat \u015fi de <strong>Traian B\u0103sescu<\/strong> c\u00e2nd i-a propus pe Rozalia Biro \u015fi Claudiu Manda pentru a intra \u00een Guvern mini\u015ftri la Cultur\u0103 \u015fi Buget : &#8220;<em>Doamna Rozalia Biro : de la ea a aflat toat\u0103 Rom\u00e2nia c\u0103 nu are nici un biped \u00een familie \u015fi, de asemenea, tot de la domnia-sa am aflat c\u0103 \u00een Romania se nasc tot mai pu\u0163ini bipezi.<\/em>&#8220;<\/p>\n<p data-index=\"23\">Iat\u0103 \u015fi farsa de la care a pornit totul, realizat\u0103 de un post de radio:<\/p>\n<p data-index=\"24\"><em><span>-DJ:\u00a0<\/span><span lang=\"en-US\">Exist\u0103 copii, din ace\u015ftia, bipezi?<\/span><\/em><\/p>\n<p data-index=\"25\"><em><span>-Rozalia Biro:\u00a0<\/span><span lang=\"en-US\">Aa..da, din p\u0103cate pot sa spun ca exist\u0103, politica administra\u0163iei locale a fost destul de, s\u0103 spun a\u015fa, aspr\u0103 fa\u0163\u0103 de acest fenomen . Ceea ce \u00eenseamn\u0103 c\u0103 num\u0103rul lor este \u00een sc\u0103dere drastic\u0103.<\/span><\/em><\/p>\n<p data-index=\"26\"><em><span>-DJ: \u00ee<\/span>n familie nu ave\u0163i bipezi?<\/em><\/p>\n<p data-index=\"27\"><em><span>-Rozalia Biro:\u00a0<\/span>NU<\/em><\/p>\n<p data-index=\"28\"><span lang=\"en-US\"><strong>Traian B\u0103sescu<\/strong> l-a pus la punct \u015fi pe Claudiu Manda: &#8220;<em>cea mai complex\u0103 experien\u0163\u0103 a lui Manda este legat\u0103 de func<\/em><\/span><em><span>\u0163ia<\/span><span lang=\"en-US\"> de director la <\/span><span>C<\/span><span lang=\"en-US\">asa <\/span><span>S<\/span><span lang=\"en-US\">tuden\u0163ilor din <\/span><span>C<\/span><span lang=\"en-US\">raiova. <\/span><span>O<\/span><\/em><span lang=\"en-US\"><em>ameni buni, singurul calcul economic de acolo este valoarea biletelor rupte s\u00e2mb\u0103ta.<\/em>&#8220;<\/span><\/p>\n<p data-index=\"29\">Concluzia este tras\u0103, involuntar, de \u015feful deputa\u0163ilor, <strong>Valeriu Zgonea\u00a0<\/strong>: &#8220;<em>Ne place s\u0103 fim frumo\u015fi la televizor, dar s\u0103 nu respect\u0103m regulamentul, s\u0103-l \u00een\u0163elegem. S\u0103 mu\u015fc\u0103m microfonul \u015fi s\u0103 spunem numai tr\u0103sn\u0103i<\/em>&#8220;<\/p>\n<\/div>\n<p> Source URL: https:\/\/www.digi24.ro\/stiri\/actualitate\/politica\/retrospectiva-2014-politicienii-spun-lucruri-trasnite-341706<\/p>\n","protected":false},"excerpt":{"rendered":"<p>Un exemplu gr\u0103itor de &#8220;dialog civilizat&#8221; \u00een legislativul rom\u00e2nesc: \u00a0 -Doamn\u0103, ce dori\u0163i? Procedur\u0103, ce dori\u0163i? Microfonul 2. dac\u0103 nu e procedur\u0103, v\u0103 tai microfonul! -O s\u0103 fac propunerea s\u0103 desfiin\u0163\u0103m aceste microfoane, c\u0103 m\u0103 simt ca o dizeoz\u0103 la o nunt\u0103!\u00a0 -V\u0103 mul\u0163umesc mult dna senator, nu e procedur\u0103. \u00cenchide\u0163i v\u0103 rog microfonul!&#8230; De [&hellip;]<\/p>\n","protected":false},"author":1,"featured_media":189150,"comment_status":"open","ping_status":"","sticky":false,"template":"","format":"standard","meta":{"footnotes":""},"categories":[2],"tags":[11],"class_list":["post-189149","post","type-post","status-publish","format-standard","has-post-thumbnail","hentry","category-politics","tag-digi24"],"_links":{"self":[{"href":"https:\/\/analyse.optim.biz\/index.php?rest_route=\/wp\/v2\/posts\/189149","targetHints":{"allow":["GET"]}}],"collection":[{"href":"https:\/\/analyse.optim.biz\/index.php?rest_route=\/wp\/v2\/posts"}],"about":[{"href":"https:\/\/analyse.optim.biz\/index.php?rest_route=\/wp\/v2\/types\/post"}],"author":[{"embeddable":true,"href":"https:\/\/analyse.optim.biz\/index.php?rest_route=\/wp\/v2\/users\/1"}],"replies":[{"embeddable":true,"href":"https:\/\/analyse.optim.biz\/index.php?rest_route=%2Fwp%2Fv2%2Fcomments&post=189149"}],"version-history":[{"count":0,"href":"https:\/\/analyse.optim.biz\/index.php?rest_route=\/wp\/v2\/posts\/189149\/revisions"}],"wp:featuredmedia":[{"embeddable":true,"href":"https:\/\/analyse.optim.biz\/index.php?rest_route=\/wp\/v2\/media\/189150"}],"wp:attachment":[{"href":"https:\/\/analyse.optim.biz\/index.php?rest_route=%2Fwp%2Fv2%2Fmedia&parent=189149"}],"wp:term":[{"taxonomy":"category","embeddable":true,"href":"https:\/\/analyse.optim.biz\/index.php?rest_route=%2Fwp%2Fv2%2Fcategories&post=189149"},{"taxonomy":"post_tag","embeddable":true,"href":"https:\/\/analyse.optim.biz\/index.php?rest_route=%2Fwp%2Fv2%2Ftags&post=189149"}],"curies":[{"name":"wp","href":"https:\/\/api.w.org\/{rel}","templated":true}]}}