{"id":1891196,"date":"2026-04-19T18:39:20","date_gmt":"2026-04-19T15:39:20","guid":{"rendered":"https:\/\/analyse.optim.biz\/?p=1891196"},"modified":"2026-04-19T18:39:20","modified_gmt":"2026-04-19T15:39:20","slug":"dominic-fritz-da-de-pamant-cu-psd-ipocriti-care-vor-sa-creeze-o-criza-de-care-sa-profite","status":"publish","type":"post","link":"https:\/\/analyse.optim.biz\/?p=1891196","title":{"rendered":"Dominic Fritz d\u0103 de p\u0103m\u00e2nt cu PSD: Ipocri\u021bi care vor s\u0103 creeze o criz\u0103 de care s\u0103 profite!"},"content":{"rendered":"<p>[analyse_image type=&#8221;featured&#8221; src=&#8221;https:\/\/focustim.ro\/wp-content\/uploads\/2024\/07\/fritz.jpeg&#8221;]<\/p>\n<article id=\"post-40016\" class=\"penci-single-artcontent noloaddisqus post-40016 post type-post status-publish format-standard has-post-thumbnail hentry category-actualitate category-featured category-politica tag-fritz tag-psd tag-usr penci-post-item\">\n<header class=\"entry-header penci-entry-header penci-title-\">\n<div class=\"penci-entry-categories\"><span class=\"penci-cat-links\"><a href=\"https:\/\/focustim.ro\/category\/actualitate\/\" rel=\"category tag\">Actualitate<\/a><a href=\"https:\/\/focustim.ro\/category\/featured\/\" rel=\"category tag\">Featured<\/a><a href=\"https:\/\/focustim.ro\/category\/politica\/\" rel=\"category tag\">Politic\u0103<\/a><\/span><\/div>\n<h1 class=\"entry-title penci-entry-title penci-title-\">Dominic Fritz d\u0103 de p\u0103m\u00e2nt cu PSD: Ipocri\u021bi care vor s\u0103 creeze o criz\u0103 de care s\u0103 profite!<\/h1>\n<div class=\"entry-meta penci-entry-meta\"><span class=\"entry-meta-item penci-posted-on\"><time class=\"entry-date published\" datetime=\"2026-04-19T21:39:20+03:00\">19\/04\/2026<\/time><time class=\"updated\" datetime=\"2026-04-19T21:39:23+03:00\">19\/04\/2026<\/time><\/span><span class=\"entry-meta-item penci-comment-count\"><a class=\"penci_pmeta-link\" href=\"https:\/\/focustim.ro\/dominic-fritz-da-de-pamant-cu-psd-ipocriti-care-vor-sa-creeze-o-criza-de-care-sa-profite\/#respond\">0<\/a><\/span><\/div>\n<p><span class=\"penci-social-buttons penci-social-share-footer\"><span class=\"penci-social-share-text\">Distribuie<\/span><a href=\"https:\/\/focustim.ro\/dominic-fritz-da-de-pamant-cu-psd-ipocriti-care-vor-sa-creeze-o-criza-de-care-sa-profite\/\" class=\"penci-post-like penci_post-meta_item  single-like-button penci-social-item like\" data-post_id=\"40016\" title=\"Like\" data-like=\"Like\" data-unlike=\"Unlike\"><span class=\"penci-share-number\">0<\/span><\/a><\/span><\/header>\n<div class=\"entry-media penci-entry-media\">\n<div class=\"post-format-meta \">\n<div class=\"post-image penci-standard-format\"><img decoding=\"async\" width=\"960\" height=\"1280\" src=\"https:\/\/focustim.ro\/wp-content\/uploads\/2024\/07\/fritz-960x1280.jpeg\" class=\"attachment-penci-thumb-960-auto size-penci-thumb-960-auto wp-post-image\" alt loading=\"lazy\"><\/div>\n<\/div>\n<\/div>\n<div class=\"penci-entry-content entry-content\">\n<p><strong>Tensiunea ia amploare \u00een USR! Cu numai c\u00e2teva ore \u00eenainte ca PSD d\u0103 voteze dac\u0103 va ie\u0219i sau nu de la guvernare, Dominic Fritz lanseaz\u0103 un atac dur la adresa PSD. Acesta \u00eei acuz\u0103 pe social -democra\u021bi c\u0103 vor s\u0103 cauzeze o criz\u0103 care va cauza Rom\u00e2niei pierderi majore de bani prin PNRR.<\/strong><\/p>\n<p><strong>Fritz spune c\u0103 USR va lupta pentru rom\u00e2ni<\/strong><\/p>\n<p>\u201eA\u021bi \u00eencercat s\u0103 ne intimida\u021bi \u00eenc\u0103 din primele s\u0103pt\u0103m\u00e2ni ale acestei guvern\u0103ri. A\u021bi organizat campanii de denigrare \u00eempotriva mini\u0219trilor USR, a\u021bi votat o mo\u021biune al\u0103turi de AUR \u00eempotriva Dianei Buzoianu, a\u021bi ignorat cuv\u00e2ntul dat atunci c\u00e2nd trebuia s\u0103 vot\u0103m noul Avocat al Poporului. Acum vre\u021bi s\u0103 schimba\u021bi premierul cu un an \u00eenainte de termenul agreat. De ce? Cu siguran\u021b\u0103 nu pentru rom\u00e2ni. Pretinde\u021bi c\u0103 pleca\u021bi din guvern ca s\u0103 ap\u0103ra\u021bi oamenii s\u0103raci. Prin declan\u0219area unei crize politice, ve\u021bi s\u0103r\u0103ci \u021bara \u0219i mai tare. Pierdem 10 miliarde de euro din PNRR. Deficitul \u0219i dob\u00e2nzile vor exploda. Totul se va scumpi. Locurile de munc\u0103 vor disp\u0103rea. Face\u021bi jocuri de putere pe spinarea oamenilor pe care spune\u021bi c\u0103-i proteja\u021bi. <\/p>\n<p>Ce ipocrizie crunt\u0103. Adev\u0103rul e altul. Spera\u021bi s\u0103 profita\u021bi de haos. S\u0103 declan\u0219a\u021bi criza politic\u0103, s\u0103 v\u0103 \u00eentoarce\u021bi la butoane nestingheri\u021bi \u0219i s\u0103 fie totul ca \u00eenainte, ca pe vremea lui Ciuc\u0103 \u0219i Ciolacu. E imposibil! La vot rom\u00e2nii au spus un NU clar. Nu mai vor s\u0103 ne \u00eentoarcem de acolo de unde am plecat. USR va ap\u0103ra cu toate puterile aceast\u0103 guvernare care a \u00eenceput s\u0103 reformeze statul \u0219i s\u0103 opreasc\u0103 robinetele. Nu renun\u021b\u0103m la lupt\u0103 c\u00e2nd abia am \u00eenceput cur\u0103\u021benia. Le-o dator\u0103m celor care nu mai au r\u0103bdare cu o \u021bar\u0103 \u00een care facem un pas \u00eenainte \u0219i doi \u00eenapoi. Pentru schemele voastre cinice, s\u0103 nu conta\u021bi pe noi. Cine se poate baza pe noi: to\u021bi rom\u00e2nii care \u00ee\u0219i doresc dreptate \u0219i prosperitate. Pentru ei lupt\u0103m p\u00e2n\u0103 la cap\u0103t, oric\u00e2t e nevoie\u201d.<\/p>\n<div class=\"sharedaddy sd-sharing-enabled\">\n<div class=\"robots-nocontent sd-block sd-social sd-social-icon-text sd-sharing\">\n<h3 class=\"sd-title\">Partajeaz\u0103 asta:<\/h3>\n<div class=\"sd-content\">\n<ul>\n<li class=\"share-twitter\"><a rel=\"nofollow noopener noreferrer\" data-shared=\"sharing-twitter-40016\" class=\"share-twitter sd-button share-icon\" href=\"https:\/\/focustim.ro\/dominic-fritz-da-de-pamant-cu-psd-ipocriti-care-vor-sa-creeze-o-criza-de-care-sa-profite\/?share=twitter\" target=\"_blank\" title=\"D\u0103 clic pentru a partaja pe Twitter\"><span>Twitter<\/span><\/a><\/li>\n<li class=\"share-facebook\"><a rel=\"nofollow noopener noreferrer\" data-shared=\"sharing-facebook-40016\" class=\"share-facebook sd-button share-icon\" href=\"https:\/\/focustim.ro\/dominic-fritz-da-de-pamant-cu-psd-ipocriti-care-vor-sa-creeze-o-criza-de-care-sa-profite\/?share=facebook\" target=\"_blank\" title=\"D\u0103 clic pentru a partaja pe Facebook\"><span>Facebook<\/span><\/a><\/li>\n<li class=\"share-end\"><\/ul>\n<\/div>\n<\/div>\n<\/div>\n<div class=\"sharedaddy sd-block sd-like jetpack-likes-widget-wrapper jetpack-likes-widget-unloaded\" id=\"like-post-wrapper-167025405-40016-69e521a20be11\" data-src=\"https:\/\/widgets.wp.com\/likes\/#blog_id=167025405&amp;post_id=40016&amp;origin=focustim.ro&amp;obj_id=167025405-40016-69e521a20be11\" data-name=\"like-post-frame-167025405-40016-69e521a20be11\" data-title=\"Apreciaz\u0103 sau republic\u0103\">\n<h3 class=\"sd-title\">Apreciaz\u0103:<\/h3>\n<div class=\"likes-widget-placeholder post-likes-widget-placeholder\"><span class=\"button\"><span>Apreciere<\/span><\/span><span class=\"loading\">\u00cencarc&#8230;<\/span><\/div>\n<\/div>\n<\/div>\n<footer class=\"penci-entry-footer\">\n<div class=\"penci-source-via-tags-wrap\"><span class=\"tags-links penci-tags-links\"><a href=\"https:\/\/focustim.ro\/tag\/fritz\/\" rel=\"tag\">Fritz<\/a><a href=\"https:\/\/focustim.ro\/tag\/psd\/\" rel=\"tag\">PSD<\/a><a href=\"https:\/\/focustim.ro\/tag\/usr\/\" rel=\"tag\">USR<\/a><\/span><\/div>\n<p><span class=\"penci-social-buttons penci-social-share-footer\"><span class=\"penci-social-share-text\">Distribuie<\/span><a href=\"https:\/\/focustim.ro\/dominic-fritz-da-de-pamant-cu-psd-ipocriti-care-vor-sa-creeze-o-criza-de-care-sa-profite\/\" class=\"penci-post-like penci_post-meta_item  single-like-button penci-social-item like\" data-post_id=\"40016\" title=\"Like\" data-like=\"Like\" data-unlike=\"Unlike\"><span class=\"penci-share-number\">0<\/span><\/a><\/span><\/footer>\n<\/article>\n<div class=\"penci-entry-content entry-content\">\n<p><strong>Tensiunea ia amploare \u00een USR! Cu numai c\u00e2teva ore \u00eenainte ca PSD d\u0103 voteze dac\u0103 va ie\u0219i sau nu de la guvernare, Dominic Fritz lanseaz\u0103 un atac dur la adresa PSD. Acesta \u00eei acuz\u0103 pe social -democra\u021bi c\u0103 vor s\u0103 cauzeze o criz\u0103 care va cauza Rom\u00e2niei pierderi majore de bani prin PNRR.<\/strong><\/p>\n<p><strong>Fritz spune c\u0103 USR va lupta pentru rom\u00e2ni<\/strong><\/p>\n<p>\u201eA\u021bi \u00eencercat s\u0103 ne intimida\u021bi \u00eenc\u0103 din primele s\u0103pt\u0103m\u00e2ni ale acestei guvern\u0103ri. A\u021bi organizat campanii de denigrare \u00eempotriva mini\u0219trilor USR, a\u021bi votat o mo\u021biune al\u0103turi de AUR \u00eempotriva Dianei Buzoianu, a\u021bi ignorat cuv\u00e2ntul dat atunci c\u00e2nd trebuia s\u0103 vot\u0103m noul Avocat al Poporului. Acum vre\u021bi s\u0103 schimba\u021bi premierul cu un an \u00eenainte de termenul agreat. De ce? Cu siguran\u021b\u0103 nu pentru rom\u00e2ni. Pretinde\u021bi c\u0103 pleca\u021bi din guvern ca s\u0103 ap\u0103ra\u021bi oamenii s\u0103raci. Prin declan\u0219area unei crize politice, ve\u021bi s\u0103r\u0103ci \u021bara \u0219i mai tare. Pierdem 10 miliarde de euro din PNRR. Deficitul \u0219i dob\u00e2nzile vor exploda. Totul se va scumpi. Locurile de munc\u0103 vor disp\u0103rea. Face\u021bi jocuri de putere pe spinarea oamenilor pe care spune\u021bi c\u0103-i proteja\u021bi. <\/p>\n<p>Ce ipocrizie crunt\u0103. Adev\u0103rul e altul. Spera\u021bi s\u0103 profita\u021bi de haos. S\u0103 declan\u0219a\u021bi criza politic\u0103, s\u0103 v\u0103 \u00eentoarce\u021bi la butoane nestingheri\u021bi \u0219i s\u0103 fie totul ca \u00eenainte, ca pe vremea lui Ciuc\u0103 \u0219i Ciolacu. E imposibil! La vot rom\u00e2nii au spus un NU clar. Nu mai vor s\u0103 ne \u00eentoarcem de acolo de unde am plecat. USR va ap\u0103ra cu toate puterile aceast\u0103 guvernare care a \u00eenceput s\u0103 reformeze statul \u0219i s\u0103 opreasc\u0103 robinetele. Nu renun\u021b\u0103m la lupt\u0103 c\u00e2nd abia am \u00eenceput cur\u0103\u021benia. Le-o dator\u0103m celor care nu mai au r\u0103bdare cu o \u021bar\u0103 \u00een care facem un pas \u00eenainte \u0219i doi \u00eenapoi. Pentru schemele voastre cinice, s\u0103 nu conta\u021bi pe noi. Cine se poate baza pe noi: to\u021bi rom\u00e2nii care \u00ee\u0219i doresc dreptate \u0219i prosperitate. Pentru ei lupt\u0103m p\u00e2n\u0103 la cap\u0103t, oric\u00e2t e nevoie\u201d.<\/p>\n<div class=\"sharedaddy sd-sharing-enabled\">\n<div class=\"robots-nocontent sd-block sd-social sd-social-icon-text sd-sharing\">\n<h3 class=\"sd-title\">Partajeaz\u0103 asta:<\/h3>\n<div class=\"sd-content\">\n<ul>\n<li class=\"share-twitter\"><a rel=\"nofollow noopener noreferrer\" data-shared=\"sharing-twitter-40016\" class=\"share-twitter sd-button share-icon\" href=\"https:\/\/focustim.ro\/dominic-fritz-da-de-pamant-cu-psd-ipocriti-care-vor-sa-creeze-o-criza-de-care-sa-profite\/?share=twitter\" target=\"_blank\" title=\"D\u0103 clic pentru a partaja pe Twitter\"><span>Twitter<\/span><\/a><\/li>\n<li class=\"share-facebook\"><a rel=\"nofollow noopener noreferrer\" data-shared=\"sharing-facebook-40016\" class=\"share-facebook sd-button share-icon\" href=\"https:\/\/focustim.ro\/dominic-fritz-da-de-pamant-cu-psd-ipocriti-care-vor-sa-creeze-o-criza-de-care-sa-profite\/?share=facebook\" target=\"_blank\" title=\"D\u0103 clic pentru a partaja pe Facebook\"><span>Facebook<\/span><\/a><\/li>\n<li class=\"share-end\"><\/ul>\n<\/div>\n<\/div>\n<\/div>\n<div class=\"sharedaddy sd-block sd-like jetpack-likes-widget-wrapper jetpack-likes-widget-unloaded\" id=\"like-post-wrapper-167025405-40016-69e521a20be11\" data-src=\"https:\/\/widgets.wp.com\/likes\/#blog_id=167025405&amp;post_id=40016&amp;origin=focustim.ro&amp;obj_id=167025405-40016-69e521a20be11\" data-name=\"like-post-frame-167025405-40016-69e521a20be11\" data-title=\"Apreciaz\u0103 sau republic\u0103\">\n<h3 class=\"sd-title\">Apreciaz\u0103:<\/h3>\n<div class=\"likes-widget-placeholder post-likes-widget-placeholder\"><span class=\"button\"><span>Apreciere<\/span><\/span><span class=\"loading\">\u00cencarc&#8230;<\/span><\/div>\n<\/div>\n<\/div>\n<p>[analyse_source url=&#8221;https:\/\/focustim.ro\/dominic-fritz-da-de-pamant-cu-psd-ipocriti-care-vor-sa-creeze-o-criza-de-care-sa-profite\/&#8221;]<\/p>\n","protected":false},"excerpt":{"rendered":"<p>[analyse_image type=&#8221;featured&#8221; src=&#8221;https:\/\/focustim.ro\/wp-content\/uploads\/2024\/07\/fritz.jpeg&#8221;] ActualitateFeaturedPolitic\u0103 Dominic Fritz d\u0103 de p\u0103m\u00e2nt cu PSD: Ipocri\u021bi care vor s\u0103 creeze o criz\u0103 de care s\u0103 profite! 19\/04\/202619\/04\/20260 Distribuie0 Tensiunea ia amploare \u00een USR! Cu numai c\u00e2teva ore \u00eenainte ca PSD d\u0103 voteze dac\u0103 va ie\u0219i sau nu de la guvernare, Dominic Fritz lanseaz\u0103 un atac dur la adresa PSD. [&hellip;]<\/p>\n","protected":false},"author":1,"featured_media":0,"comment_status":"open","ping_status":"","sticky":false,"template":"","format":"standard","meta":{"footnotes":""},"categories":[89],"tags":[226,197],"class_list":["post-1891196","post","type-post","status-publish","format-standard","hentry","category-romania","tag-crawlmanager","tag-focustim-ro"],"_links":{"self":[{"href":"https:\/\/analyse.optim.biz\/index.php?rest_route=\/wp\/v2\/posts\/1891196","targetHints":{"allow":["GET"]}}],"collection":[{"href":"https:\/\/analyse.optim.biz\/index.php?rest_route=\/wp\/v2\/posts"}],"about":[{"href":"https:\/\/analyse.optim.biz\/index.php?rest_route=\/wp\/v2\/types\/post"}],"author":[{"embeddable":true,"href":"https:\/\/analyse.optim.biz\/index.php?rest_route=\/wp\/v2\/users\/1"}],"replies":[{"embeddable":true,"href":"https:\/\/analyse.optim.biz\/index.php?rest_route=%2Fwp%2Fv2%2Fcomments&post=1891196"}],"version-history":[{"count":0,"href":"https:\/\/analyse.optim.biz\/index.php?rest_route=\/wp\/v2\/posts\/1891196\/revisions"}],"wp:attachment":[{"href":"https:\/\/analyse.optim.biz\/index.php?rest_route=%2Fwp%2Fv2%2Fmedia&parent=1891196"}],"wp:term":[{"taxonomy":"category","embeddable":true,"href":"https:\/\/analyse.optim.biz\/index.php?rest_route=%2Fwp%2Fv2%2Fcategories&post=1891196"},{"taxonomy":"post_tag","embeddable":true,"href":"https:\/\/analyse.optim.biz\/index.php?rest_route=%2Fwp%2Fv2%2Ftags&post=1891196"}],"curies":[{"name":"wp","href":"https:\/\/api.w.org\/{rel}","templated":true}]}}