{"id":1891023,"date":"2026-04-19T13:01:55","date_gmt":"2026-04-19T10:01:55","guid":{"rendered":"https:\/\/analyse.optim.biz\/?p=1891023"},"modified":"2026-04-19T13:01:55","modified_gmt":"2026-04-19T10:01:55","slug":"la-tulcea-se-construieste-primul-centru-respiro-sf-rafael-care-va-oferi-servicii-unitare-de-prevenirea-abuzului-sau-a-neglijarii-persoanelor-cu-dizabilitati-si-mai-multa-atentie-fam","status":"publish","type":"post","link":"https:\/\/analyse.optim.biz\/?p=1891023","title":{"rendered":"La Tulcea se construie\u0219te Primul Centru Respiro \u201eSf. Rafael\u201d care va oferi servicii unitare de prevenirea abuzului sau a neglij\u0103rii persoanelor cu dizabilit\u0103\u021bi \u0219i mai mult\u0103 aten\u021bie familiei"},"content":{"rendered":"<p>[analyse_image type=&#8221;featured&#8221; src=&#8221;https:\/\/dobrogeanews.b-cdn.net\/wp-content\/uploads\/2025\/11\/sedinta-consiliul-local-tulcea.jpg&#8221;]<\/p>\n<div id=\"post-70073\" class=\"entry single-default post-70073 post type-post status-publish format-standard has-post-thumbnail hentry category-info\">\n<div>\n<div class=\"ss-follow-wrapper ss-clearfix ss-regular-buttons ss-columns-1 ss-default-style\">\n<div class=\"ss-follow-column\" data-ss-sf-network-id='\"facebook\"'><a href=\"https:\/\/www.facebook.com\/dobrogeanews\" class=\"ss-follow-network ss-facebook-color\" rel=\"nofollow noopener\" aria-label=\"facebook\" target=\"_blank\"><span class=\"ss-follow-network-label\">Urm\u0103re\u015fte-ne \u015fi pe Facebook!<\/span><span class=\"ss-follow-network-count\"><span class=\"ss-follow-network-count-number\">57K<\/span><span class=\"ss-follow-network-count-label\">Followers<\/span><\/span><\/a><\/div>\n<\/div>\n<\/div>\n<p>Consiliul local al Municipiului Tulcea a aprobat Proiectul ce vizeaz\u0103 construirea Primul Centru Respiro \u201eSf. Rafael\u201d ce va servicii unitare de prevenirea abuzului sau a neglij\u0103rii persoanelor cu dizabilit\u0103\u021bi dar \u0219i mai mult\u0103 aten\u021bie familiei acestora, proiect ini\u021biat de primarul \u0218tefan Ilie ce urmeaz\u0103 a fi implementat de Direc\u021bia de Asisten\u021b\u0103 \u0219i Protec\u021bie Social\u0103 Tulcea cu finan\u021bare european\u0103. <\/p>\n<figure class=\"wp-block-image size-full is-resized\">\n<source type=\"image\/webp\" data-lazy-srcset=\"https:\/\/dobrogeanews.b-cdn.net\/wp-content\/uploads\/2025\/07\/stefan-ilie-primar.jpg.webp 2560w, https:\/\/dobrogeanews.b-cdn.net\/wp-content\/uploads\/2025\/07\/stefan-ilie-primar-300x187.jpg.webp 300w, https:\/\/dobrogeanews.b-cdn.net\/wp-content\/uploads\/2025\/07\/stefan-ilie-primar-1024x637.jpg.webp 1024w, https:\/\/dobrogeanews.b-cdn.net\/wp-content\/uploads\/2025\/07\/stefan-ilie-primar-768x478.jpg.webp 768w, https:\/\/dobrogeanews.b-cdn.net\/wp-content\/uploads\/2025\/07\/stefan-ilie-primar-1536x955.jpg.webp 1536w, https:\/\/dobrogeanews.b-cdn.net\/wp-content\/uploads\/2025\/07\/stefan-ilie-primar-2048x1274.jpg.webp 2048w\" sizes=\"(max-width: 640px) 100vw, 640px\" \/><br \/>\n<img loading=\"lazy\" decoding=\"async\" src=\"https:\/\/dobrogeanews.b-cdn.net\/wp-content\/uploads\/2025\/07\/stefan-ilie-primar.jpg\" alt=\"Consiliul Local al Municipiului Tulcea\" width=\"640\" height=\"398\"><\/figure>\n<p>Proiectul genereaz\u0103 efecte pozitive \u015fi beneficii pe termen lung at\u00e2t asupra beneficiarilor direc\u021bi c\u00e2t \u015fi a comunit\u0103\u021bii \u00een ansamblu, acestea contribuind la cre\u015fterea bun\u0103st\u0103rii \u015fi a calit\u0103\u021bii vie\u021bii \u015fi a familiei.<\/p>\n<p>Direc\u0163ia de Asisten\u021b\u0103 \u0219i Protec\u021bie Sociala Tulcea propune construirea unui Centru Respiro, amenajat \u015fi dotat corespunz\u0103tor, prin accesarea de fonduri europene nerambursabile \u00een cadrul Programului Incluziune \u0219i Demnitate Social\u0103 (PIDS) 2021 \u2013 2027, Sprijin pentru persoanele cu dizabilit\u0103\u021bi. Promovarea incluziunii socioeconomice a comunit\u0103\u021bilor marginalizate, a gospod\u0103riilor cu venituri reduse \u015fi a grupurilor defavorizate, inclusiv a persoanelor cu nevoi speciale, prin ac\u021biuni integrate, inclusiv locuin\u021be \u015fi servicii sociale inclusive asisten\u021b\u0103 medical\u0103. <\/p>\n<p>Modernizarea sistemelor de protec\u021bie social\u0103, inclusiv promovarea accesului la protec\u021bie social\u0103, acord\u00e2nd o aten\u021bie deosebit\u0103 copiilor \u015fi grupurilor defavorizate \u00cembun\u0103t\u0103\u021birea accesibilit\u0103\u021bii, inclusiv pentru persoanele cu dizabilit\u0103\u021bi, precum \u015fi a eficacit\u0103\u021bii \u015fi rezilien\u021bei sistemelor de s\u0103n\u0103tate \u015fi a serviciilor de \u00eengrijire pe termen lung<\/p>\n<p>Construc\u021bia se va realiza pe strada Viitorului din Tulcea \u0219i va avea un regim de \u00een\u0103l\u021bime P+2.<\/p>\n<p>Proiectantul a luat \u00een considerare dou\u0103 scenarii, \u00eens\u0103 analiza criterial\u0103 a condus c\u0103tre scenariul 1 \u2013 Realizarea unui corp de cl\u0103dire P+2, ca fiind varianta recomandat\u0103 datorit\u0103 costurilor sc\u0103zute, timpului de execu\u021bie mai mic \u015fi impactului c\u00e2t mai mic asupra mediului. Camerele, cabinetele \u015fi birourile vor fi orientate c\u0103tre vest, \u00eenspre spa\u021biul de perdele verzi de protec\u021bie, iar coridoarele orientate spre est, c\u0103tre curtea interioar\u0103 ce se formeaz\u0103. <\/p>\n<p>Grupurile sanitare vor fi ventilate mecanic. Pentru personal, se va amenaja o zon\u0103 pentru vestiar cu filtru de du\u015f, grup sanitar, spa\u021bii distincte pentru depozitarea hainelor de ora\u0219 \u015fi a celor de lucru, se arat\u0103 \u00een documentele ce au \u00eenso\u021bit propunerea supus\u0103 aprob\u0103rii.<\/p>\n<p>Important este faptul c\u0103 Centrul Respiro \u201eSf. Rafael\u201d din Tulcea, va oferi servicii de g\u0103zduire \u0219i \u00eengrijire a persoanelor cu dizabilit\u0103\u021bi (adul\u021bi \u0219i\/sau copii) iar familiei sau apar\u021bin\u0103torilor, dup\u0103 caz, o perioad\u0103 de odihn\u0103, recuperare fizic\u0103 \u0219i psihic\u0103 ori, gestionarea unor urgen\u0163e.<\/p>\n<p>\u201eLa nivelul Municipiului Tulcea nu exist\u0103 personal \u00eencadrat ca asistent personal profesionist \u015fi nici un centru de tip respiro, asisten\u0163ii personali primind \u00een concediul de odihn\u0103 la care au dreptul legal, indemniza\u0163ia prev\u0103zut\u0103 de lege. Aceast\u0103 perioad\u0103 \u00eens\u0103, nu reprezint\u0103 un concediu propriu-zis pentru asisten\u0163i personali care sunt membri ai familiei (aceste cazuri fiind majoritare), persoanele cu handicap grav av\u00e2nd nevoie de \u00eengrijire \u015fi asisten\u0163\u0103 \u00een mod permanent. Furnizarea unui serviciu de tip respiro ar contribui la prevenirea abuzului, a neglij\u0103rii, la unitatea \u015fi la bun\u0103starea familiei\u201d, conform documenta\u021biei ce \u00eenso\u021be\u0219te proiectul.<\/p>\n<p>Valoarea investi\u0163iei ajunge la 5.344.800,77 lei din care costurile de construc\u0163ii reprezint\u0103 3.895.291,82 lei.<\/p>\n<div class=\"monsterinsights-inline-popular-posts monsterinsights-inline-popular-posts-charlie monsterinsights-popular-posts-styled\">\n<div class=\"monsterinsights-inline-popular-posts-text\"><span class=\"monsterinsights-inline-popular-posts-label\">Vezi \u0219i:<\/span><\/p>\n<div class=\"monsterinsights-inline-popular-posts-post\"><a class=\"monsterinsights-inline-popular-posts-title\" href=\"https:\/\/www.dobrogeanews.ro\/tulcea-noile-tarife-pentru-transport-public-rutier-si-naval\/\">Tulcea: Noile tarife pentru transport public (rutier \u0219i naval)<\/a><\/div>\n<div class=\"monsterinsights-inline-popular-posts-post\"><a class=\"monsterinsights-inline-popular-posts-title\" href=\"https:\/\/www.dobrogeanews.ro\/tulcea-impozitul-pentru-mijloacele-de-transport-2026-pe-intelesul-tuturor-cine-beneficiaza-de-reducere-sau-scutire\/\">Tulcea: Impozitul pentru mijloacele de transport\/2026 pe \u00een\u021belesul tuturor. Cine beneficiaz\u0103 de reducere sau scutire<\/a><\/div>\n<div class=\"monsterinsights-inline-popular-posts-post\"><a class=\"monsterinsights-inline-popular-posts-title\" href=\"https:\/\/www.dobrogeanews.ro\/impozitul-pe-imobile-2026-in-municipiul-tulcea-pe-intelesul-tuturor-cine-benefiaza-de-reduceri-informatii-detaliate\/\">Impozitul pe imobile\/2026 \u00een Municipiul Tulcea, pe \u00een\u021belesul tuturor. Cine benefiaz\u0103 de reduceri. Informa\u021bii detaliate<\/a><\/div>\n<\/div>\n<\/div>\n<p class=\"has-text-align-center has-white-color has-text-color has-background\"><span><a href=\"https:\/\/news.google.com\/publications\/CAAqBwgKMIu5pgsw88O-Aw?ceid=RO:ro&amp;oc=3\">Urm\u0103ri\u0163i \u015etirile Dobrogeanews \u015fi pe Google News<\/a><\/span><\/p>\n<\/div>\n<div id=\"post-70073\" class=\"entry single-default post-70073 post type-post status-publish format-standard has-post-thumbnail hentry category-info\">\n<div>\n<div class=\"ss-follow-wrapper ss-clearfix ss-regular-buttons ss-columns-1 ss-default-style\">\n<div class=\"ss-follow-column\" data-ss-sf-network-id='\"facebook\"'><a href=\"https:\/\/www.facebook.com\/dobrogeanews\" class=\"ss-follow-network ss-facebook-color\" rel=\"nofollow noopener\" aria-label=\"facebook\" target=\"_blank\"><span class=\"ss-follow-network-label\">Urm\u0103re\u015fte-ne \u015fi pe Facebook!<\/span><span class=\"ss-follow-network-count\"><span class=\"ss-follow-network-count-number\">57K<\/span><span class=\"ss-follow-network-count-label\">Followers<\/span><\/span><\/a><\/div>\n<\/div>\n<\/div>\n<p>Consiliul local al Municipiului Tulcea a aprobat Proiectul ce vizeaz\u0103 construirea Primul Centru Respiro \u201eSf. Rafael\u201d ce va servicii unitare de prevenirea abuzului sau a neglij\u0103rii persoanelor cu dizabilit\u0103\u021bi dar \u0219i mai mult\u0103 aten\u021bie familiei acestora, proiect ini\u021biat de primarul \u0218tefan Ilie ce urmeaz\u0103 a fi implementat de Direc\u021bia de Asisten\u021b\u0103 \u0219i Protec\u021bie Social\u0103 Tulcea cu finan\u021bare european\u0103. <\/p>\n<figure class=\"wp-block-image size-full is-resized\">\n<source type=\"image\/webp\" data-lazy-srcset=\"https:\/\/dobrogeanews.b-cdn.net\/wp-content\/uploads\/2025\/07\/stefan-ilie-primar.jpg.webp 2560w, https:\/\/dobrogeanews.b-cdn.net\/wp-content\/uploads\/2025\/07\/stefan-ilie-primar-300x187.jpg.webp 300w, https:\/\/dobrogeanews.b-cdn.net\/wp-content\/uploads\/2025\/07\/stefan-ilie-primar-1024x637.jpg.webp 1024w, https:\/\/dobrogeanews.b-cdn.net\/wp-content\/uploads\/2025\/07\/stefan-ilie-primar-768x478.jpg.webp 768w, https:\/\/dobrogeanews.b-cdn.net\/wp-content\/uploads\/2025\/07\/stefan-ilie-primar-1536x955.jpg.webp 1536w, https:\/\/dobrogeanews.b-cdn.net\/wp-content\/uploads\/2025\/07\/stefan-ilie-primar-2048x1274.jpg.webp 2048w\" sizes=\"(max-width: 640px) 100vw, 640px\" \/><br \/>\n<img loading=\"lazy\" decoding=\"async\" src=\"https:\/\/dobrogeanews.b-cdn.net\/wp-content\/uploads\/2025\/07\/stefan-ilie-primar.jpg\" alt=\"Consiliul Local al Municipiului Tulcea\" width=\"640\" height=\"398\"><\/figure>\n<p>Proiectul genereaz\u0103 efecte pozitive \u015fi beneficii pe termen lung at\u00e2t asupra beneficiarilor direc\u021bi c\u00e2t \u015fi a comunit\u0103\u021bii \u00een ansamblu, acestea contribuind la cre\u015fterea bun\u0103st\u0103rii \u015fi a calit\u0103\u021bii vie\u021bii \u015fi a familiei.<\/p>\n<p>Direc\u0163ia de Asisten\u021b\u0103 \u0219i Protec\u021bie Sociala Tulcea propune construirea unui Centru Respiro, amenajat \u015fi dotat corespunz\u0103tor, prin accesarea de fonduri europene nerambursabile \u00een cadrul Programului Incluziune \u0219i Demnitate Social\u0103 (PIDS) 2021 \u2013 2027, Sprijin pentru persoanele cu dizabilit\u0103\u021bi. Promovarea incluziunii socioeconomice a comunit\u0103\u021bilor marginalizate, a gospod\u0103riilor cu venituri reduse \u015fi a grupurilor defavorizate, inclusiv a persoanelor cu nevoi speciale, prin ac\u021biuni integrate, inclusiv locuin\u021be \u015fi servicii sociale inclusive asisten\u021b\u0103 medical\u0103. <\/p>\n<p>Modernizarea sistemelor de protec\u021bie social\u0103, inclusiv promovarea accesului la protec\u021bie social\u0103, acord\u00e2nd o aten\u021bie deosebit\u0103 copiilor \u015fi grupurilor defavorizate \u00cembun\u0103t\u0103\u021birea accesibilit\u0103\u021bii, inclusiv pentru persoanele cu dizabilit\u0103\u021bi, precum \u015fi a eficacit\u0103\u021bii \u015fi rezilien\u021bei sistemelor de s\u0103n\u0103tate \u015fi a serviciilor de \u00eengrijire pe termen lung<\/p>\n<p>Construc\u021bia se va realiza pe strada Viitorului din Tulcea \u0219i va avea un regim de \u00een\u0103l\u021bime P+2.<\/p>\n<p>Proiectantul a luat \u00een considerare dou\u0103 scenarii, \u00eens\u0103 analiza criterial\u0103 a condus c\u0103tre scenariul 1 \u2013 Realizarea unui corp de cl\u0103dire P+2, ca fiind varianta recomandat\u0103 datorit\u0103 costurilor sc\u0103zute, timpului de execu\u021bie mai mic \u015fi impactului c\u00e2t mai mic asupra mediului. Camerele, cabinetele \u015fi birourile vor fi orientate c\u0103tre vest, \u00eenspre spa\u021biul de perdele verzi de protec\u021bie, iar coridoarele orientate spre est, c\u0103tre curtea interioar\u0103 ce se formeaz\u0103. <\/p>\n<p>Grupurile sanitare vor fi ventilate mecanic. Pentru personal, se va amenaja o zon\u0103 pentru vestiar cu filtru de du\u015f, grup sanitar, spa\u021bii distincte pentru depozitarea hainelor de ora\u0219 \u015fi a celor de lucru, se arat\u0103 \u00een documentele ce au \u00eenso\u021bit propunerea supus\u0103 aprob\u0103rii.<\/p>\n<p>Important este faptul c\u0103 Centrul Respiro \u201eSf. Rafael\u201d din Tulcea, va oferi servicii de g\u0103zduire \u0219i \u00eengrijire a persoanelor cu dizabilit\u0103\u021bi (adul\u021bi \u0219i\/sau copii) iar familiei sau apar\u021bin\u0103torilor, dup\u0103 caz, o perioad\u0103 de odihn\u0103, recuperare fizic\u0103 \u0219i psihic\u0103 ori, gestionarea unor urgen\u0163e.<\/p>\n<p>\u201eLa nivelul Municipiului Tulcea nu exist\u0103 personal \u00eencadrat ca asistent personal profesionist \u015fi nici un centru de tip respiro, asisten\u0163ii personali primind \u00een concediul de odihn\u0103 la care au dreptul legal, indemniza\u0163ia prev\u0103zut\u0103 de lege. Aceast\u0103 perioad\u0103 \u00eens\u0103, nu reprezint\u0103 un concediu propriu-zis pentru asisten\u0163i personali care sunt membri ai familiei (aceste cazuri fiind majoritare), persoanele cu handicap grav av\u00e2nd nevoie de \u00eengrijire \u015fi asisten\u0163\u0103 \u00een mod permanent. Furnizarea unui serviciu de tip respiro ar contribui la prevenirea abuzului, a neglij\u0103rii, la unitatea \u015fi la bun\u0103starea familiei\u201d, conform documenta\u021biei ce \u00eenso\u021be\u0219te proiectul.<\/p>\n<p>Valoarea investi\u0163iei ajunge la 5.344.800,77 lei din care costurile de construc\u0163ii reprezint\u0103 3.895.291,82 lei.<\/p>\n<div class=\"monsterinsights-inline-popular-posts monsterinsights-inline-popular-posts-charlie monsterinsights-popular-posts-styled\">\n<div class=\"monsterinsights-inline-popular-posts-text\"><span class=\"monsterinsights-inline-popular-posts-label\">Vezi \u0219i:<\/span><\/p>\n<div class=\"monsterinsights-inline-popular-posts-post\"><a class=\"monsterinsights-inline-popular-posts-title\" href=\"https:\/\/www.dobrogeanews.ro\/tulcea-noile-tarife-pentru-transport-public-rutier-si-naval\/\">Tulcea: Noile tarife pentru transport public (rutier \u0219i naval)<\/a><\/div>\n<div class=\"monsterinsights-inline-popular-posts-post\"><a class=\"monsterinsights-inline-popular-posts-title\" href=\"https:\/\/www.dobrogeanews.ro\/tulcea-impozitul-pentru-mijloacele-de-transport-2026-pe-intelesul-tuturor-cine-beneficiaza-de-reducere-sau-scutire\/\">Tulcea: Impozitul pentru mijloacele de transport\/2026 pe \u00een\u021belesul tuturor. Cine beneficiaz\u0103 de reducere sau scutire<\/a><\/div>\n<div class=\"monsterinsights-inline-popular-posts-post\"><a class=\"monsterinsights-inline-popular-posts-title\" href=\"https:\/\/www.dobrogeanews.ro\/impozitul-pe-imobile-2026-in-municipiul-tulcea-pe-intelesul-tuturor-cine-benefiaza-de-reduceri-informatii-detaliate\/\">Impozitul pe imobile\/2026 \u00een Municipiul Tulcea, pe \u00een\u021belesul tuturor. Cine benefiaz\u0103 de reduceri. Informa\u021bii detaliate<\/a><\/div>\n<\/div>\n<\/div>\n<p class=\"has-text-align-center has-white-color has-text-color has-background\"><span><a href=\"https:\/\/news.google.com\/publications\/CAAqBwgKMIu5pgsw88O-Aw?ceid=RO:ro&amp;oc=3\">Urm\u0103ri\u0163i \u015etirile Dobrogeanews \u015fi pe Google News<\/a><\/span><\/p>\n<\/div>\n<p>[analyse_source url=&#8221;https:\/\/www.dobrogeanews.ro\/la-tulcea-se-construieste-primul-centru-respiro-sf-rafaelcare-va-oferi-servicii-unitare-de-prevenirea-abuzului-sau-a-neglijarii-persoanelor-cu-dizabilitati-si-mai-multa-atentie-fami\/&#8221;]<\/p>\n","protected":false},"excerpt":{"rendered":"<p>[analyse_image type=&#8221;featured&#8221; src=&#8221;https:\/\/dobrogeanews.b-cdn.net\/wp-content\/uploads\/2025\/11\/sedinta-consiliul-local-tulcea.jpg&#8221;] Urm\u0103re\u015fte-ne \u015fi pe Facebook!57KFollowers Consiliul local al Municipiului Tulcea a aprobat Proiectul ce vizeaz\u0103 construirea Primul Centru Respiro \u201eSf. Rafael\u201d ce va servicii unitare de prevenirea abuzului sau a neglij\u0103rii persoanelor cu dizabilit\u0103\u021bi dar \u0219i mai mult\u0103 aten\u021bie familiei acestora, proiect ini\u021biat de primarul \u0218tefan Ilie ce urmeaz\u0103 a fi implementat de [&hellip;]<\/p>\n","protected":false},"author":1,"featured_media":0,"comment_status":"open","ping_status":"","sticky":false,"template":"","format":"standard","meta":{"footnotes":""},"categories":[89],"tags":[226,223],"class_list":["post-1891023","post","type-post","status-publish","format-standard","hentry","category-romania","tag-crawlmanager","tag-dobrogeanews-ro"],"_links":{"self":[{"href":"https:\/\/analyse.optim.biz\/index.php?rest_route=\/wp\/v2\/posts\/1891023","targetHints":{"allow":["GET"]}}],"collection":[{"href":"https:\/\/analyse.optim.biz\/index.php?rest_route=\/wp\/v2\/posts"}],"about":[{"href":"https:\/\/analyse.optim.biz\/index.php?rest_route=\/wp\/v2\/types\/post"}],"author":[{"embeddable":true,"href":"https:\/\/analyse.optim.biz\/index.php?rest_route=\/wp\/v2\/users\/1"}],"replies":[{"embeddable":true,"href":"https:\/\/analyse.optim.biz\/index.php?rest_route=%2Fwp%2Fv2%2Fcomments&post=1891023"}],"version-history":[{"count":0,"href":"https:\/\/analyse.optim.biz\/index.php?rest_route=\/wp\/v2\/posts\/1891023\/revisions"}],"wp:attachment":[{"href":"https:\/\/analyse.optim.biz\/index.php?rest_route=%2Fwp%2Fv2%2Fmedia&parent=1891023"}],"wp:term":[{"taxonomy":"category","embeddable":true,"href":"https:\/\/analyse.optim.biz\/index.php?rest_route=%2Fwp%2Fv2%2Fcategories&post=1891023"},{"taxonomy":"post_tag","embeddable":true,"href":"https:\/\/analyse.optim.biz\/index.php?rest_route=%2Fwp%2Fv2%2Ftags&post=1891023"}],"curies":[{"name":"wp","href":"https:\/\/api.w.org\/{rel}","templated":true}]}}