{"id":189089,"date":"2015-01-02T15:36:14","date_gmt":"2015-01-02T12:36:14","guid":{"rendered":"https:\/\/analyse.optim.biz\/?p=189089"},"modified":"2015-01-02T15:36:14","modified_gmt":"2015-01-02T12:36:14","slug":"2015-an-de-rascruce-pentru-partide","status":"publish","type":"post","link":"https:\/\/analyse.optim.biz\/?p=189089","title":{"rendered":"2015, an de r\u0103scruce pentru partide"},"content":{"rendered":"<div class=\"entry data-app-meta data-app-meta-article\" data-embed-base-url-canonical=\"https:\/\/www.digi24.ro\/embed\/stiri\/actualitate\/politica\/2015-an-de-rascruce-pentru-partide-342133\">\n<h5>An decisiv pentru PMP<\/h5>\n<p data-index=\"1\">&#8211; Traian B\u0103sescu va decide dac\u0103 intr\u0103 sau nu \u00een partid<\/p>\n<p data-index=\"2\">&#8211; \u00cen martie vor fi alegeri interne<\/p>\n<p data-index=\"3\">&#8211; Elena Udrea ezit\u0103 s\u0103 mai candideze la \u015fefia partidului<\/p>\n<h5>Victor Ponta, fa\u0163\u0103 \u00een fa\u0163\u0103 cu partidul<\/h5>\n<p data-index=\"4\">&#8211; \u00cen martie va fi Congresul PSD<\/p>\n<p data-index=\"5\">&#8211; PSD \u00ee\u015fi alege conducerea<\/p>\n<p data-index=\"6\">&#8211; V. Ponta poate c\u00e2\u015ftiga alegerile interne, dac\u0103 p\u0103streaz\u0103 guvernarea<\/p>\n<h5>PNL \u015fi PDL, \u00een fa\u0163a marelui test<\/h5>\n<p data-index=\"7\">&#8211; 5 ianuarie &#8211; prima \u015fedin\u0163a a comisiei de unificare<\/p>\n<p data-index=\"8\">&#8211; PNL \u015fi PDL decid cum \u00ee\u015fi vor \u00eemp\u0103r\u0163i func\u0163iile \u00een noul partid<\/p>\n<\/div>\n<p> Source URL: https:\/\/www.digi24.ro\/stiri\/actualitate\/politica\/2015-an-de-rascruce-pentru-partide-342133<\/p>\n","protected":false},"excerpt":{"rendered":"<p>An decisiv pentru PMP &#8211; Traian B\u0103sescu va decide dac\u0103 intr\u0103 sau nu \u00een partid &#8211; \u00cen martie vor fi alegeri interne &#8211; Elena Udrea ezit\u0103 s\u0103 mai candideze la \u015fefia partidului Victor Ponta, fa\u0163\u0103 \u00een fa\u0163\u0103 cu partidul &#8211; \u00cen martie va fi Congresul PSD &#8211; PSD \u00ee\u015fi alege conducerea &#8211; V. Ponta poate [&hellip;]<\/p>\n","protected":false},"author":1,"featured_media":189090,"comment_status":"open","ping_status":"","sticky":false,"template":"","format":"standard","meta":{"footnotes":""},"categories":[2],"tags":[11],"class_list":["post-189089","post","type-post","status-publish","format-standard","has-post-thumbnail","hentry","category-politics","tag-digi24"],"_links":{"self":[{"href":"https:\/\/analyse.optim.biz\/index.php?rest_route=\/wp\/v2\/posts\/189089","targetHints":{"allow":["GET"]}}],"collection":[{"href":"https:\/\/analyse.optim.biz\/index.php?rest_route=\/wp\/v2\/posts"}],"about":[{"href":"https:\/\/analyse.optim.biz\/index.php?rest_route=\/wp\/v2\/types\/post"}],"author":[{"embeddable":true,"href":"https:\/\/analyse.optim.biz\/index.php?rest_route=\/wp\/v2\/users\/1"}],"replies":[{"embeddable":true,"href":"https:\/\/analyse.optim.biz\/index.php?rest_route=%2Fwp%2Fv2%2Fcomments&post=189089"}],"version-history":[{"count":0,"href":"https:\/\/analyse.optim.biz\/index.php?rest_route=\/wp\/v2\/posts\/189089\/revisions"}],"wp:featuredmedia":[{"embeddable":true,"href":"https:\/\/analyse.optim.biz\/index.php?rest_route=\/wp\/v2\/media\/189090"}],"wp:attachment":[{"href":"https:\/\/analyse.optim.biz\/index.php?rest_route=%2Fwp%2Fv2%2Fmedia&parent=189089"}],"wp:term":[{"taxonomy":"category","embeddable":true,"href":"https:\/\/analyse.optim.biz\/index.php?rest_route=%2Fwp%2Fv2%2Fcategories&post=189089"},{"taxonomy":"post_tag","embeddable":true,"href":"https:\/\/analyse.optim.biz\/index.php?rest_route=%2Fwp%2Fv2%2Ftags&post=189089"}],"curies":[{"name":"wp","href":"https:\/\/api.w.org\/{rel}","templated":true}]}}