{"id":1890873,"date":"2026-04-17T21:36:25","date_gmt":"2026-04-17T18:36:25","guid":{"rendered":"https:\/\/analyse.optim.biz\/?p=1890873"},"modified":"2026-04-17T21:36:25","modified_gmt":"2026-04-17T18:36:25","slug":"s-a-schimbat-guvernatorul-arbdd-bogdan-bulete-revocat-florin-staneata-numit","status":"publish","type":"post","link":"https:\/\/analyse.optim.biz\/?p=1890873","title":{"rendered":"S-a schimbat Guvernatorul ARBDD. Bogdan Bulete, revocat, Florin St\u0103nea\u021b\u0103, numit (!)"},"content":{"rendered":"<p>[analyse_image type=&#8221;featured&#8221; src=&#8221;https:\/\/dobrogeanews.b-cdn.net\/wp-content\/uploads\/2026\/04\/fostul-si-actualul-guvernator-arbdd.jpg&#8221;]<\/p>\n<div id=\"post-70048\" class=\"entry single-default post-70048 post type-post status-publish format-standard has-post-thumbnail hentry category-info\">\n<div>\n<div class=\"ss-follow-wrapper ss-clearfix ss-regular-buttons ss-columns-1 ss-default-style\">\n<div class=\"ss-follow-column\" data-ss-sf-network-id='\"facebook\"'><a href=\"https:\/\/www.facebook.com\/dobrogeanews\" class=\"ss-follow-network ss-facebook-color\" rel=\"nofollow noopener\" aria-label=\"facebook\" target=\"_blank\"><span class=\"ss-follow-network-label\">Urm\u0103re\u015fte-ne \u015fi pe Facebook!<\/span><span class=\"ss-follow-network-count\"><span class=\"ss-follow-network-count-number\">57K<\/span><span class=\"ss-follow-network-count-label\">Followers<\/span><\/span><\/a><\/div>\n<\/div>\n<\/div>\n<p>La propunerea ministrului Mediului, Diana Buzoianu, Bogdan-Ioachim Bulete a fost revocat din func\u0163ia de guvernator al Administra\u0163iei Rezerva\u0163iei Biosferei \u201dDelta Dun\u0103rii\u201d (ARBDD). \u00cen locul lui a fost numit Florin St\u0103nea\u0163\u0103, director al APIA Tulcea. <\/p>\n<figure class=\"wp-block-image size-full is-resized\">\n<source type=\"image\/webp\" data-lazy-srcset=\"https:\/\/dobrogeanews.b-cdn.net\/wp-content\/uploads\/2026\/04\/fostul-si-actualul-guvernator-arbdd.jpg.webp 2560w, https:\/\/dobrogeanews.b-cdn.net\/wp-content\/uploads\/2026\/04\/fostul-si-actualul-guvernator-arbdd-300x246.jpg.webp 300w, https:\/\/dobrogeanews.b-cdn.net\/wp-content\/uploads\/2026\/04\/fostul-si-actualul-guvernator-arbdd-1024x840.jpg.webp 1024w, https:\/\/dobrogeanews.b-cdn.net\/wp-content\/uploads\/2026\/04\/fostul-si-actualul-guvernator-arbdd-768x630.jpg.webp 768w, https:\/\/dobrogeanews.b-cdn.net\/wp-content\/uploads\/2026\/04\/fostul-si-actualul-guvernator-arbdd-1536x1260.jpg.webp 1536w, https:\/\/dobrogeanews.b-cdn.net\/wp-content\/uploads\/2026\/04\/fostul-si-actualul-guvernator-arbdd-2048x1680.jpg.webp 2048w\" sizes=\"(max-width: 640px) 100vw, 640px\" \/><br \/>\n<img loading=\"lazy\" decoding=\"async\" src=\"https:\/\/dobrogeanews.b-cdn.net\/wp-content\/uploads\/2026\/04\/fostul-si-actualul-guvernator-arbdd.jpg\" alt=\"Fostul \u0219i actualul guvernator ARBDD\" width=\"640\" height=\"525\"><\/figure>\n<p>Deciziile referitoare la \u00eenlocuirea guvernatorului ARBDD au fost publicate \u00een Monitorul Oficial. Schimbarea la v\u00e2rful ARBDD a avut loc \u00een aceea\u0219i zi \u00een care Planul de Management al Rezerva\u021biei a fost pus \u00een consultare public\u0103. Ministerul Mediului a anun\u021bat c\u0103 va prezenta un raport al Corpului de Control privind activitatea Administra\u021biei Rezerva\u021biei Biosferei \u201eDelta Dun\u0103rii\u201d<\/p>\n<p>O \u201ddecizie pentru <a href=\"https:\/\/www.dobrogeanews.ro\/dna-in-delta-dunarii-ministrul-mediului-il-acuza-pe-bulete-si-sesizeaza-dna-fostul-guvernator-se-apara-si-face-plangere-la-dna\/\" title=\"\">revocarea domnului Bogdan-Ioachim Bulete din func\u0163ia de guvernator<\/a>, cu rang de subsecretar de stat, al Administra\u0163iei Rezerva\u0163iei Biosferei \u00abDelta Dun\u0103rii\u00bb\u201d a fost semnat\u0103 de premierul Ilie Bolojan, la propunerea ministrului Mediului.<\/p>\n<p>De asemenea, \u00een Monitorul Oficial a fost publicat\u0103 decizia pentru numirea lui Florin St\u0103nea\u0163\u0103 \u00een func\u0163ia de guvernator, cu rang de subsecretar de stat, al Administra\u0163iei Rezerva\u0163iei Biosferei \u201dDelta Dun\u0103rii\u201d.<\/p>\n<div class=\"monsterinsights-inline-popular-posts monsterinsights-inline-popular-posts-charlie monsterinsights-popular-posts-styled\">\n<div class=\"monsterinsights-inline-popular-posts-text\"><span class=\"monsterinsights-inline-popular-posts-label\">Vezi \u0219i:<\/span><\/p>\n<div class=\"monsterinsights-inline-popular-posts-post\"><a class=\"monsterinsights-inline-popular-posts-title\" href=\"https:\/\/www.dobrogeanews.ro\/primaria-tulcea-amenajeaza-un-parc-urban-de-peste-3-700-mp-in-zona-aquaserv-pe-strada-babadag-proiect-finantat-din-fonduri-europene\/\">Prim\u0103ria Tulcea amenajeaz\u0103 un Parc Urban de peste 3.700 mp \u00een zona Aquaserv, pe strada Babadag. Proiect finan\u021bat din fonduri europene<\/a><\/div>\n<div class=\"monsterinsights-inline-popular-posts-post\"><a class=\"monsterinsights-inline-popular-posts-title\" href=\"https:\/\/www.dobrogeanews.ro\/la-baia-taxa-de-habitat-a-ramas-15-lei-luna-pers-adica-180-lei-an-am-votat-aplicarea-cotelor-minime-permise\/\">La Baia, taxa de habitat a r\u0103mas 15 lei\/lun\u0103\/pers, adic\u0103, 180 lei\/an. \u201eAm votat aplicarea cotelor minime permise\u201d<\/a><\/div>\n<div class=\"monsterinsights-inline-popular-posts-post\"><a class=\"monsterinsights-inline-popular-posts-title\" href=\"https:\/\/www.dobrogeanews.ro\/tulcea-impozitul-pentru-mijloacele-de-transport-2026-pe-intelesul-tuturor-cine-beneficiaza-de-reducere-sau-scutire\/\">Tulcea: Impozitul pentru mijloacele de transport\/2026 pe \u00een\u021belesul tuturor. Cine beneficiaz\u0103 de reducere sau scutire<\/a><\/div>\n<\/div>\n<\/div>\n<p class=\"has-text-align-center has-white-color has-text-color has-background\"><span><a href=\"https:\/\/news.google.com\/publications\/CAAqBwgKMIu5pgsw88O-Aw?ceid=RO:ro&amp;oc=3\">Urm\u0103ri\u0163i \u015etirile Dobrogeanews \u015fi pe Google News<\/a><\/span><\/p>\n<\/div>\n<div id=\"post-70048\" class=\"entry single-default post-70048 post type-post status-publish format-standard has-post-thumbnail hentry category-info\">\n<div>\n<div class=\"ss-follow-wrapper ss-clearfix ss-regular-buttons ss-columns-1 ss-default-style\">\n<div class=\"ss-follow-column\" data-ss-sf-network-id='\"facebook\"'><a href=\"https:\/\/www.facebook.com\/dobrogeanews\" class=\"ss-follow-network ss-facebook-color\" rel=\"nofollow noopener\" aria-label=\"facebook\" target=\"_blank\"><span class=\"ss-follow-network-label\">Urm\u0103re\u015fte-ne \u015fi pe Facebook!<\/span><span class=\"ss-follow-network-count\"><span class=\"ss-follow-network-count-number\">57K<\/span><span class=\"ss-follow-network-count-label\">Followers<\/span><\/span><\/a><\/div>\n<\/div>\n<\/div>\n<p>La propunerea ministrului Mediului, Diana Buzoianu, Bogdan-Ioachim Bulete a fost revocat din func\u0163ia de guvernator al Administra\u0163iei Rezerva\u0163iei Biosferei \u201dDelta Dun\u0103rii\u201d (ARBDD). \u00cen locul lui a fost numit Florin St\u0103nea\u0163\u0103, director al APIA Tulcea. <\/p>\n<figure class=\"wp-block-image size-full is-resized\">\n<source type=\"image\/webp\" data-lazy-srcset=\"https:\/\/dobrogeanews.b-cdn.net\/wp-content\/uploads\/2026\/04\/fostul-si-actualul-guvernator-arbdd.jpg.webp 2560w, https:\/\/dobrogeanews.b-cdn.net\/wp-content\/uploads\/2026\/04\/fostul-si-actualul-guvernator-arbdd-300x246.jpg.webp 300w, https:\/\/dobrogeanews.b-cdn.net\/wp-content\/uploads\/2026\/04\/fostul-si-actualul-guvernator-arbdd-1024x840.jpg.webp 1024w, https:\/\/dobrogeanews.b-cdn.net\/wp-content\/uploads\/2026\/04\/fostul-si-actualul-guvernator-arbdd-768x630.jpg.webp 768w, https:\/\/dobrogeanews.b-cdn.net\/wp-content\/uploads\/2026\/04\/fostul-si-actualul-guvernator-arbdd-1536x1260.jpg.webp 1536w, https:\/\/dobrogeanews.b-cdn.net\/wp-content\/uploads\/2026\/04\/fostul-si-actualul-guvernator-arbdd-2048x1680.jpg.webp 2048w\" sizes=\"(max-width: 640px) 100vw, 640px\" \/><br \/>\n<img loading=\"lazy\" decoding=\"async\" src=\"https:\/\/dobrogeanews.b-cdn.net\/wp-content\/uploads\/2026\/04\/fostul-si-actualul-guvernator-arbdd.jpg\" alt=\"Fostul \u0219i actualul guvernator ARBDD\" width=\"640\" height=\"525\"><\/figure>\n<p>Deciziile referitoare la \u00eenlocuirea guvernatorului ARBDD au fost publicate \u00een Monitorul Oficial. Schimbarea la v\u00e2rful ARBDD a avut loc \u00een aceea\u0219i zi \u00een care Planul de Management al Rezerva\u021biei a fost pus \u00een consultare public\u0103. Ministerul Mediului a anun\u021bat c\u0103 va prezenta un raport al Corpului de Control privind activitatea Administra\u021biei Rezerva\u021biei Biosferei \u201eDelta Dun\u0103rii\u201d<\/p>\n<p>O \u201ddecizie pentru <a href=\"https:\/\/www.dobrogeanews.ro\/dna-in-delta-dunarii-ministrul-mediului-il-acuza-pe-bulete-si-sesizeaza-dna-fostul-guvernator-se-apara-si-face-plangere-la-dna\/\" title=\"\">revocarea domnului Bogdan-Ioachim Bulete din func\u0163ia de guvernator<\/a>, cu rang de subsecretar de stat, al Administra\u0163iei Rezerva\u0163iei Biosferei \u00abDelta Dun\u0103rii\u00bb\u201d a fost semnat\u0103 de premierul Ilie Bolojan, la propunerea ministrului Mediului.<\/p>\n<p>De asemenea, \u00een Monitorul Oficial a fost publicat\u0103 decizia pentru numirea lui Florin St\u0103nea\u0163\u0103 \u00een func\u0163ia de guvernator, cu rang de subsecretar de stat, al Administra\u0163iei Rezerva\u0163iei Biosferei \u201dDelta Dun\u0103rii\u201d.<\/p>\n<div class=\"monsterinsights-inline-popular-posts monsterinsights-inline-popular-posts-charlie monsterinsights-popular-posts-styled\">\n<div class=\"monsterinsights-inline-popular-posts-text\"><span class=\"monsterinsights-inline-popular-posts-label\">Vezi \u0219i:<\/span><\/p>\n<div class=\"monsterinsights-inline-popular-posts-post\"><a class=\"monsterinsights-inline-popular-posts-title\" href=\"https:\/\/www.dobrogeanews.ro\/primaria-tulcea-amenajeaza-un-parc-urban-de-peste-3-700-mp-in-zona-aquaserv-pe-strada-babadag-proiect-finantat-din-fonduri-europene\/\">Prim\u0103ria Tulcea amenajeaz\u0103 un Parc Urban de peste 3.700 mp \u00een zona Aquaserv, pe strada Babadag. Proiect finan\u021bat din fonduri europene<\/a><\/div>\n<div class=\"monsterinsights-inline-popular-posts-post\"><a class=\"monsterinsights-inline-popular-posts-title\" href=\"https:\/\/www.dobrogeanews.ro\/la-baia-taxa-de-habitat-a-ramas-15-lei-luna-pers-adica-180-lei-an-am-votat-aplicarea-cotelor-minime-permise\/\">La Baia, taxa de habitat a r\u0103mas 15 lei\/lun\u0103\/pers, adic\u0103, 180 lei\/an. \u201eAm votat aplicarea cotelor minime permise\u201d<\/a><\/div>\n<div class=\"monsterinsights-inline-popular-posts-post\"><a class=\"monsterinsights-inline-popular-posts-title\" href=\"https:\/\/www.dobrogeanews.ro\/tulcea-impozitul-pentru-mijloacele-de-transport-2026-pe-intelesul-tuturor-cine-beneficiaza-de-reducere-sau-scutire\/\">Tulcea: Impozitul pentru mijloacele de transport\/2026 pe \u00een\u021belesul tuturor. Cine beneficiaz\u0103 de reducere sau scutire<\/a><\/div>\n<\/div>\n<\/div>\n<p class=\"has-text-align-center has-white-color has-text-color has-background\"><span><a href=\"https:\/\/news.google.com\/publications\/CAAqBwgKMIu5pgsw88O-Aw?ceid=RO:ro&amp;oc=3\">Urm\u0103ri\u0163i \u015etirile Dobrogeanews \u015fi pe Google News<\/a><\/span><\/p>\n<\/div>\n<p>[analyse_source url=&#8221;https:\/\/www.dobrogeanews.ro\/s-a-schimbat-guvernatorul-arbdd-bogdan-bulete-revocat-florin-staneata-numit\/&#8221;]<\/p>\n","protected":false},"excerpt":{"rendered":"<p>[analyse_image type=&#8221;featured&#8221; src=&#8221;https:\/\/dobrogeanews.b-cdn.net\/wp-content\/uploads\/2026\/04\/fostul-si-actualul-guvernator-arbdd.jpg&#8221;] Urm\u0103re\u015fte-ne \u015fi pe Facebook!57KFollowers La propunerea ministrului Mediului, Diana Buzoianu, Bogdan-Ioachim Bulete a fost revocat din func\u0163ia de guvernator al Administra\u0163iei Rezerva\u0163iei Biosferei \u201dDelta Dun\u0103rii\u201d (ARBDD). \u00cen locul lui a fost numit Florin St\u0103nea\u0163\u0103, director al APIA Tulcea. Deciziile referitoare la \u00eenlocuirea guvernatorului ARBDD au fost publicate \u00een Monitorul Oficial. Schimbarea la [&hellip;]<\/p>\n","protected":false},"author":1,"featured_media":0,"comment_status":"open","ping_status":"","sticky":false,"template":"","format":"standard","meta":{"footnotes":""},"categories":[89],"tags":[226,223],"class_list":["post-1890873","post","type-post","status-publish","format-standard","hentry","category-romania","tag-crawlmanager","tag-dobrogeanews-ro"],"_links":{"self":[{"href":"https:\/\/analyse.optim.biz\/index.php?rest_route=\/wp\/v2\/posts\/1890873","targetHints":{"allow":["GET"]}}],"collection":[{"href":"https:\/\/analyse.optim.biz\/index.php?rest_route=\/wp\/v2\/posts"}],"about":[{"href":"https:\/\/analyse.optim.biz\/index.php?rest_route=\/wp\/v2\/types\/post"}],"author":[{"embeddable":true,"href":"https:\/\/analyse.optim.biz\/index.php?rest_route=\/wp\/v2\/users\/1"}],"replies":[{"embeddable":true,"href":"https:\/\/analyse.optim.biz\/index.php?rest_route=%2Fwp%2Fv2%2Fcomments&post=1890873"}],"version-history":[{"count":0,"href":"https:\/\/analyse.optim.biz\/index.php?rest_route=\/wp\/v2\/posts\/1890873\/revisions"}],"wp:attachment":[{"href":"https:\/\/analyse.optim.biz\/index.php?rest_route=%2Fwp%2Fv2%2Fmedia&parent=1890873"}],"wp:term":[{"taxonomy":"category","embeddable":true,"href":"https:\/\/analyse.optim.biz\/index.php?rest_route=%2Fwp%2Fv2%2Fcategories&post=1890873"},{"taxonomy":"post_tag","embeddable":true,"href":"https:\/\/analyse.optim.biz\/index.php?rest_route=%2Fwp%2Fv2%2Ftags&post=1890873"}],"curies":[{"name":"wp","href":"https:\/\/api.w.org\/{rel}","templated":true}]}}