{"id":1890871,"date":"2026-04-19T10:58:47","date_gmt":"2026-04-19T07:58:47","guid":{"rendered":"https:\/\/analyse.optim.biz\/?p=1890871"},"modified":"2026-04-19T10:58:47","modified_gmt":"2026-04-19T07:58:47","slug":"dna-in-delta-dunarii-ministrul-mediului-il-acuza-pe-bulete-si-sesizeaza-dna-fostul-guvernator-se-apara-si-face-plangere-la-dna","status":"publish","type":"post","link":"https:\/\/analyse.optim.biz\/?p=1890871","title":{"rendered":"DNA \u00een Delta Dun\u0103rii: Ministrul Mediului \u00eel acuz\u0103 pe Bulete \u0219i sesizeaz\u0103 DNA. Fostul guvernator se ap\u0103r\u0103 \u0219i face pl\u00e2ngere la DNA"},"content":{"rendered":"<p>[analyse_image type=&#8221;featured&#8221; src=&#8221;https:\/\/dobrogeanews.b-cdn.net\/wp-content\/uploads\/2026\/04\/ministrul-mediului-diana-buzoianu.jpg&#8221;]<\/p>\n<div id=\"post-70059\" class=\"entry single-default post-70059 post type-post status-publish format-standard has-post-thumbnail hentry category-info\">\n<div>\n<div class=\"ss-follow-wrapper ss-clearfix ss-regular-buttons ss-columns-1 ss-default-style\">\n<div class=\"ss-follow-column\" data-ss-sf-network-id='\"facebook\"'><a href=\"https:\/\/www.facebook.com\/dobrogeanews\" class=\"ss-follow-network ss-facebook-color\" rel=\"nofollow noopener\" aria-label=\"facebook\" target=\"_blank\"><span class=\"ss-follow-network-label\">Urm\u0103re\u015fte-ne \u015fi pe Facebook!<\/span><span class=\"ss-follow-network-count\"><span class=\"ss-follow-network-count-number\">57K<\/span><span class=\"ss-follow-network-count-label\">Followers<\/span><\/span><\/a><\/div>\n<\/div>\n<\/div>\n<p>Dup\u0103 ultimele ac\u021biuni ale Ministerului Mediului ce vizeaz\u0103 ARBDD, demiterea guvernatorului Bulete \u0219i sesizarea DNA \u00een tot acest caz, fostul guvernator se ap\u0103r\u0103 \u0219i amenin\u021b\u0103 la r\u00e2ndul s\u0103u cu pl\u00e2ngere la DNA. Se pare c\u0103 \u00een cur\u00e2nd DNA va avea ceva de lucru prin Delta Dun\u0103rii \u0219i, poate, cine \u0219tie, cu acest prilej\u2026vor vorbi \u0219i pe\u0219tii. Apropo, \u00eencepe \u0219i sezonul estival \u00een Delta Dun\u0103rii.<\/p>\n<p>Ministrul Mediului Diana Buzoianu a prezentat rezultatele controlului efectuat de Corpul de Control la Administra\u0163ia Rezerva\u0163iei Biosferei Delta Dun\u0103rii, afirm\u00e2nd c\u0103 situa\u021bia \u00een Delta Dun\u0103rii este dramatic\u0103.<\/p>\n<figure class=\"wp-block-image size-full is-resized\">\n<source type=\"image\/webp\" data-lazy-srcset=\"https:\/\/dobrogeanews.b-cdn.net\/wp-content\/uploads\/2026\/04\/ministrul-mediului-diana-buzoianu.jpg.webp 2560w, https:\/\/dobrogeanews.b-cdn.net\/wp-content\/uploads\/2026\/04\/ministrul-mediului-diana-buzoianu-300x246.jpg.webp 300w, https:\/\/dobrogeanews.b-cdn.net\/wp-content\/uploads\/2026\/04\/ministrul-mediului-diana-buzoianu-1024x840.jpg.webp 1024w, https:\/\/dobrogeanews.b-cdn.net\/wp-content\/uploads\/2026\/04\/ministrul-mediului-diana-buzoianu-768x630.jpg.webp 768w, https:\/\/dobrogeanews.b-cdn.net\/wp-content\/uploads\/2026\/04\/ministrul-mediului-diana-buzoianu-1536x1260.jpg.webp 1536w, https:\/\/dobrogeanews.b-cdn.net\/wp-content\/uploads\/2026\/04\/ministrul-mediului-diana-buzoianu-2048x1680.jpg.webp 2048w\" sizes=\"(max-width: 640px) 100vw, 640px\" \/><br \/>\n<img loading=\"lazy\" decoding=\"async\" src=\"https:\/\/dobrogeanews.b-cdn.net\/wp-content\/uploads\/2026\/04\/ministrul-mediului-diana-buzoianu.jpg\" alt=\"Ministrul Mediului Diana Buzoianu\" width=\"640\" height=\"525\"><\/figure>\n<p>\u201ePractic, suntem \u00eentr-o situa\u0163ie la marginea dezastrului. Un proiect de 28 de milioane de lei finan\u021bat din fonduri europene, destinat procesului de digitalizare a gestion\u0103rii permiselor \u0219i proceselor-verbale din Administra\u021bia Rezerva\u021biei Biosferei Delta Dun\u0103rii (ARBDD), a fost blocat de fostul guvernator al acestei institu\u021bii, Bogdan-Ioachim Bulete, <a href=\"https:\/\/www.dobrogeanews.ro\/s-a-schimbat-guvernatorul-arbdd-bogdan-bulete-revocat-florin-staneata-numit\/\" title=\"\">a acuzat Diana Buzoianu, ministrul Mediului dup\u0103 ce l-a revocat din func\u021bie pe fostul guvernator Bulete<\/a>\u201e<\/p>\n<p>Diana Buzoianu a mai vorbit despre Decizii concentrate \u0219i reorganiz\u0103ri netransparente, despre instrumente de presiune \u015fi grupuri de interese \u015fi a anun\u021bat c\u0103 raportul va fi trimis Agen\u0163iei Na\u0163ionale de Integritate, \u00eentruc\u00e2t exist\u0103 semne de conflict de interese, dar \u015fi c\u0103tre DNA.<\/p>\n<figure class=\"wp-block-image size-full is-resized\">\n<source type=\"image\/webp\" data-lazy-srcset=\"https:\/\/dobrogeanews.b-cdn.net\/wp-content\/uploads\/2026\/04\/Bogdan-Bulete-fost-guvernator-ARBDD.jpg.webp 2560w, https:\/\/dobrogeanews.b-cdn.net\/wp-content\/uploads\/2026\/04\/Bogdan-Bulete-fost-guvernator-ARBDD-300x246.jpg.webp 300w, https:\/\/dobrogeanews.b-cdn.net\/wp-content\/uploads\/2026\/04\/Bogdan-Bulete-fost-guvernator-ARBDD-1024x840.jpg.webp 1024w, https:\/\/dobrogeanews.b-cdn.net\/wp-content\/uploads\/2026\/04\/Bogdan-Bulete-fost-guvernator-ARBDD-768x630.jpg.webp 768w, https:\/\/dobrogeanews.b-cdn.net\/wp-content\/uploads\/2026\/04\/Bogdan-Bulete-fost-guvernator-ARBDD-1536x1260.jpg.webp 1536w, https:\/\/dobrogeanews.b-cdn.net\/wp-content\/uploads\/2026\/04\/Bogdan-Bulete-fost-guvernator-ARBDD-2048x1680.jpg.webp 2048w\" sizes=\"(max-width: 640px) 100vw, 640px\" \/><br \/>\n<img loading=\"lazy\" decoding=\"async\" src=\"https:\/\/dobrogeanews.b-cdn.net\/wp-content\/uploads\/2026\/04\/Bogdan-Bulete-fost-guvernator-ARBDD.jpg\" alt=\"Bogdan Bulete fost guvernator ARBDD\" width=\"640\" height=\"525\"><\/figure>\n<p>Fostul guvernator, Bogdan Bulete sus\u021bine c\u0103 este nevinovat, c\u0103 proiectul respectiv este ilegal \u0219i c\u0103 va face \u0219i el pl\u00e2ngere la DNA pentru presiuni care au fost. \u201eNu m-a deranjat schimbarea c\u00e2t mizeria aruncat\u0103 gratuit pe munca mea \u0219i pe blazonul institu\u021biei de singurul ministru demis de Parlament. S\u0103 m\u0103 judece to\u021bi oamenii care au lucrat cu mine. \u00centotdeauna loial si \u00een slujba Deltei Dun\u0103rii\u201d (fb).<\/p>\n<p>Reamintim c\u0103 Administra\u021bia Rezerva\u021biei Biosferei Deltei Dun\u0103rii (ARBDD) are, \u00eencep\u00e2nd de vineri, un nou Guvernator. Decizia numirii a fost publicat\u0103 \u00een Monitorul Oficial, la fel ca \u0219i cea de revocare a lui Bogdan-Ioachim Bulete din func\u021bia de guvernator, cu rang de subsecretar de stat.<\/p>\n<div class=\"monsterinsights-inline-popular-posts monsterinsights-inline-popular-posts-charlie monsterinsights-popular-posts-styled\">\n<div class=\"monsterinsights-inline-popular-posts-text\"><span class=\"monsterinsights-inline-popular-posts-label\">Vezi \u0219i:<\/span><\/p>\n<div class=\"monsterinsights-inline-popular-posts-post\"><a class=\"monsterinsights-inline-popular-posts-title\" href=\"https:\/\/www.dobrogeanews.ro\/primaria-tulcea-amenajeaza-un-parc-urban-de-peste-3-700-mp-in-zona-aquaserv-pe-strada-babadag-proiect-finantat-din-fonduri-europene\/\">Prim\u0103ria Tulcea amenajeaz\u0103 un Parc Urban de peste 3.700 mp \u00een zona Aquaserv, pe strada Babadag. Proiect finan\u021bat din fonduri europene<\/a><\/div>\n<div class=\"monsterinsights-inline-popular-posts-post\"><a class=\"monsterinsights-inline-popular-posts-title\" href=\"https:\/\/www.dobrogeanews.ro\/tulcea-impozitul-pentru-mijloacele-de-transport-2026-pe-intelesul-tuturor-cine-beneficiaza-de-reducere-sau-scutire\/\">Tulcea: Impozitul pentru mijloacele de transport\/2026 pe \u00een\u021belesul tuturor. Cine beneficiaz\u0103 de reducere sau scutire<\/a><\/div>\n<div class=\"monsterinsights-inline-popular-posts-post\"><a class=\"monsterinsights-inline-popular-posts-title\" href=\"https:\/\/www.dobrogeanews.ro\/impozitul-pe-imobile-2026-in-municipiul-tulcea-pe-intelesul-tuturor-cine-benefiaza-de-reduceri-informatii-detaliate\/\">Impozitul pe imobile\/2026 \u00een Municipiul Tulcea, pe \u00een\u021belesul tuturor. Cine benefiaz\u0103 de reduceri. Informa\u021bii detaliate<\/a><\/div>\n<\/div>\n<\/div>\n<p class=\"has-text-align-center has-white-color has-text-color has-background\"><span><a href=\"https:\/\/news.google.com\/publications\/CAAqBwgKMIu5pgsw88O-Aw?ceid=RO:ro&amp;oc=3\">Urm\u0103ri\u0163i \u015etirile Dobrogeanews \u015fi pe Google News<\/a><\/span><\/p>\n<\/div>\n<div id=\"post-70059\" class=\"entry single-default post-70059 post type-post status-publish format-standard has-post-thumbnail hentry category-info\">\n<div>\n<div class=\"ss-follow-wrapper ss-clearfix ss-regular-buttons ss-columns-1 ss-default-style\">\n<div class=\"ss-follow-column\" data-ss-sf-network-id='\"facebook\"'><a href=\"https:\/\/www.facebook.com\/dobrogeanews\" class=\"ss-follow-network ss-facebook-color\" rel=\"nofollow noopener\" aria-label=\"facebook\" target=\"_blank\"><span class=\"ss-follow-network-label\">Urm\u0103re\u015fte-ne \u015fi pe Facebook!<\/span><span class=\"ss-follow-network-count\"><span class=\"ss-follow-network-count-number\">57K<\/span><span class=\"ss-follow-network-count-label\">Followers<\/span><\/span><\/a><\/div>\n<\/div>\n<\/div>\n<p>Dup\u0103 ultimele ac\u021biuni ale Ministerului Mediului ce vizeaz\u0103 ARBDD, demiterea guvernatorului Bulete \u0219i sesizarea DNA \u00een tot acest caz, fostul guvernator se ap\u0103r\u0103 \u0219i amenin\u021b\u0103 la r\u00e2ndul s\u0103u cu pl\u00e2ngere la DNA. Se pare c\u0103 \u00een cur\u00e2nd DNA va avea ceva de lucru prin Delta Dun\u0103rii \u0219i, poate, cine \u0219tie, cu acest prilej\u2026vor vorbi \u0219i pe\u0219tii. Apropo, \u00eencepe \u0219i sezonul estival \u00een Delta Dun\u0103rii.<\/p>\n<p>Ministrul Mediului Diana Buzoianu a prezentat rezultatele controlului efectuat de Corpul de Control la Administra\u0163ia Rezerva\u0163iei Biosferei Delta Dun\u0103rii, afirm\u00e2nd c\u0103 situa\u021bia \u00een Delta Dun\u0103rii este dramatic\u0103.<\/p>\n<figure class=\"wp-block-image size-full is-resized\">\n<source type=\"image\/webp\" data-lazy-srcset=\"https:\/\/dobrogeanews.b-cdn.net\/wp-content\/uploads\/2026\/04\/ministrul-mediului-diana-buzoianu.jpg.webp 2560w, https:\/\/dobrogeanews.b-cdn.net\/wp-content\/uploads\/2026\/04\/ministrul-mediului-diana-buzoianu-300x246.jpg.webp 300w, https:\/\/dobrogeanews.b-cdn.net\/wp-content\/uploads\/2026\/04\/ministrul-mediului-diana-buzoianu-1024x840.jpg.webp 1024w, https:\/\/dobrogeanews.b-cdn.net\/wp-content\/uploads\/2026\/04\/ministrul-mediului-diana-buzoianu-768x630.jpg.webp 768w, https:\/\/dobrogeanews.b-cdn.net\/wp-content\/uploads\/2026\/04\/ministrul-mediului-diana-buzoianu-1536x1260.jpg.webp 1536w, https:\/\/dobrogeanews.b-cdn.net\/wp-content\/uploads\/2026\/04\/ministrul-mediului-diana-buzoianu-2048x1680.jpg.webp 2048w\" sizes=\"(max-width: 640px) 100vw, 640px\" \/><br \/>\n<img loading=\"lazy\" decoding=\"async\" src=\"https:\/\/dobrogeanews.b-cdn.net\/wp-content\/uploads\/2026\/04\/ministrul-mediului-diana-buzoianu.jpg\" alt=\"Ministrul Mediului Diana Buzoianu\" width=\"640\" height=\"525\"><\/figure>\n<p>\u201ePractic, suntem \u00eentr-o situa\u0163ie la marginea dezastrului. Un proiect de 28 de milioane de lei finan\u021bat din fonduri europene, destinat procesului de digitalizare a gestion\u0103rii permiselor \u0219i proceselor-verbale din Administra\u021bia Rezerva\u021biei Biosferei Delta Dun\u0103rii (ARBDD), a fost blocat de fostul guvernator al acestei institu\u021bii, Bogdan-Ioachim Bulete, <a href=\"https:\/\/www.dobrogeanews.ro\/s-a-schimbat-guvernatorul-arbdd-bogdan-bulete-revocat-florin-staneata-numit\/\" title=\"\">a acuzat Diana Buzoianu, ministrul Mediului dup\u0103 ce l-a revocat din func\u021bie pe fostul guvernator Bulete<\/a>\u201e<\/p>\n<p>Diana Buzoianu a mai vorbit despre Decizii concentrate \u0219i reorganiz\u0103ri netransparente, despre instrumente de presiune \u015fi grupuri de interese \u015fi a anun\u021bat c\u0103 raportul va fi trimis Agen\u0163iei Na\u0163ionale de Integritate, \u00eentruc\u00e2t exist\u0103 semne de conflict de interese, dar \u015fi c\u0103tre DNA.<\/p>\n<figure class=\"wp-block-image size-full is-resized\">\n<source type=\"image\/webp\" data-lazy-srcset=\"https:\/\/dobrogeanews.b-cdn.net\/wp-content\/uploads\/2026\/04\/Bogdan-Bulete-fost-guvernator-ARBDD.jpg.webp 2560w, https:\/\/dobrogeanews.b-cdn.net\/wp-content\/uploads\/2026\/04\/Bogdan-Bulete-fost-guvernator-ARBDD-300x246.jpg.webp 300w, https:\/\/dobrogeanews.b-cdn.net\/wp-content\/uploads\/2026\/04\/Bogdan-Bulete-fost-guvernator-ARBDD-1024x840.jpg.webp 1024w, https:\/\/dobrogeanews.b-cdn.net\/wp-content\/uploads\/2026\/04\/Bogdan-Bulete-fost-guvernator-ARBDD-768x630.jpg.webp 768w, https:\/\/dobrogeanews.b-cdn.net\/wp-content\/uploads\/2026\/04\/Bogdan-Bulete-fost-guvernator-ARBDD-1536x1260.jpg.webp 1536w, https:\/\/dobrogeanews.b-cdn.net\/wp-content\/uploads\/2026\/04\/Bogdan-Bulete-fost-guvernator-ARBDD-2048x1680.jpg.webp 2048w\" sizes=\"(max-width: 640px) 100vw, 640px\" \/><br \/>\n<img loading=\"lazy\" decoding=\"async\" src=\"https:\/\/dobrogeanews.b-cdn.net\/wp-content\/uploads\/2026\/04\/Bogdan-Bulete-fost-guvernator-ARBDD.jpg\" alt=\"Bogdan Bulete fost guvernator ARBDD\" width=\"640\" height=\"525\"><\/figure>\n<p>Fostul guvernator, Bogdan Bulete sus\u021bine c\u0103 este nevinovat, c\u0103 proiectul respectiv este ilegal \u0219i c\u0103 va face \u0219i el pl\u00e2ngere la DNA pentru presiuni care au fost. \u201eNu m-a deranjat schimbarea c\u00e2t mizeria aruncat\u0103 gratuit pe munca mea \u0219i pe blazonul institu\u021biei de singurul ministru demis de Parlament. S\u0103 m\u0103 judece to\u021bi oamenii care au lucrat cu mine. \u00centotdeauna loial si \u00een slujba Deltei Dun\u0103rii\u201d (fb).<\/p>\n<p>Reamintim c\u0103 Administra\u021bia Rezerva\u021biei Biosferei Deltei Dun\u0103rii (ARBDD) are, \u00eencep\u00e2nd de vineri, un nou Guvernator. Decizia numirii a fost publicat\u0103 \u00een Monitorul Oficial, la fel ca \u0219i cea de revocare a lui Bogdan-Ioachim Bulete din func\u021bia de guvernator, cu rang de subsecretar de stat.<\/p>\n<div class=\"monsterinsights-inline-popular-posts monsterinsights-inline-popular-posts-charlie monsterinsights-popular-posts-styled\">\n<div class=\"monsterinsights-inline-popular-posts-text\"><span class=\"monsterinsights-inline-popular-posts-label\">Vezi \u0219i:<\/span><\/p>\n<div class=\"monsterinsights-inline-popular-posts-post\"><a class=\"monsterinsights-inline-popular-posts-title\" href=\"https:\/\/www.dobrogeanews.ro\/primaria-tulcea-amenajeaza-un-parc-urban-de-peste-3-700-mp-in-zona-aquaserv-pe-strada-babadag-proiect-finantat-din-fonduri-europene\/\">Prim\u0103ria Tulcea amenajeaz\u0103 un Parc Urban de peste 3.700 mp \u00een zona Aquaserv, pe strada Babadag. Proiect finan\u021bat din fonduri europene<\/a><\/div>\n<div class=\"monsterinsights-inline-popular-posts-post\"><a class=\"monsterinsights-inline-popular-posts-title\" href=\"https:\/\/www.dobrogeanews.ro\/tulcea-impozitul-pentru-mijloacele-de-transport-2026-pe-intelesul-tuturor-cine-beneficiaza-de-reducere-sau-scutire\/\">Tulcea: Impozitul pentru mijloacele de transport\/2026 pe \u00een\u021belesul tuturor. Cine beneficiaz\u0103 de reducere sau scutire<\/a><\/div>\n<div class=\"monsterinsights-inline-popular-posts-post\"><a class=\"monsterinsights-inline-popular-posts-title\" href=\"https:\/\/www.dobrogeanews.ro\/impozitul-pe-imobile-2026-in-municipiul-tulcea-pe-intelesul-tuturor-cine-benefiaza-de-reduceri-informatii-detaliate\/\">Impozitul pe imobile\/2026 \u00een Municipiul Tulcea, pe \u00een\u021belesul tuturor. Cine benefiaz\u0103 de reduceri. Informa\u021bii detaliate<\/a><\/div>\n<\/div>\n<\/div>\n<p class=\"has-text-align-center has-white-color has-text-color has-background\"><span><a href=\"https:\/\/news.google.com\/publications\/CAAqBwgKMIu5pgsw88O-Aw?ceid=RO:ro&amp;oc=3\">Urm\u0103ri\u0163i \u015etirile Dobrogeanews \u015fi pe Google News<\/a><\/span><\/p>\n<\/div>\n<p>[analyse_source url=&#8221;https:\/\/www.dobrogeanews.ro\/dna-in-delta-dunarii-ministrul-mediului-il-acuza-pe-bulete-si-sesizeaza-dna-fostul-guvernator-se-apara-si-face-plangere-la-dna\/&#8221;]<\/p>\n","protected":false},"excerpt":{"rendered":"<p>[analyse_image type=&#8221;featured&#8221; src=&#8221;https:\/\/dobrogeanews.b-cdn.net\/wp-content\/uploads\/2026\/04\/ministrul-mediului-diana-buzoianu.jpg&#8221;] Urm\u0103re\u015fte-ne \u015fi pe Facebook!57KFollowers Dup\u0103 ultimele ac\u021biuni ale Ministerului Mediului ce vizeaz\u0103 ARBDD, demiterea guvernatorului Bulete \u0219i sesizarea DNA \u00een tot acest caz, fostul guvernator se ap\u0103r\u0103 \u0219i amenin\u021b\u0103 la r\u00e2ndul s\u0103u cu pl\u00e2ngere la DNA. Se pare c\u0103 \u00een cur\u00e2nd DNA va avea ceva de lucru prin Delta Dun\u0103rii \u0219i, poate, [&hellip;]<\/p>\n","protected":false},"author":1,"featured_media":0,"comment_status":"open","ping_status":"","sticky":false,"template":"","format":"standard","meta":{"footnotes":""},"categories":[89],"tags":[226,223],"class_list":["post-1890871","post","type-post","status-publish","format-standard","hentry","category-romania","tag-crawlmanager","tag-dobrogeanews-ro"],"_links":{"self":[{"href":"https:\/\/analyse.optim.biz\/index.php?rest_route=\/wp\/v2\/posts\/1890871","targetHints":{"allow":["GET"]}}],"collection":[{"href":"https:\/\/analyse.optim.biz\/index.php?rest_route=\/wp\/v2\/posts"}],"about":[{"href":"https:\/\/analyse.optim.biz\/index.php?rest_route=\/wp\/v2\/types\/post"}],"author":[{"embeddable":true,"href":"https:\/\/analyse.optim.biz\/index.php?rest_route=\/wp\/v2\/users\/1"}],"replies":[{"embeddable":true,"href":"https:\/\/analyse.optim.biz\/index.php?rest_route=%2Fwp%2Fv2%2Fcomments&post=1890871"}],"version-history":[{"count":0,"href":"https:\/\/analyse.optim.biz\/index.php?rest_route=\/wp\/v2\/posts\/1890871\/revisions"}],"wp:attachment":[{"href":"https:\/\/analyse.optim.biz\/index.php?rest_route=%2Fwp%2Fv2%2Fmedia&parent=1890871"}],"wp:term":[{"taxonomy":"category","embeddable":true,"href":"https:\/\/analyse.optim.biz\/index.php?rest_route=%2Fwp%2Fv2%2Fcategories&post=1890871"},{"taxonomy":"post_tag","embeddable":true,"href":"https:\/\/analyse.optim.biz\/index.php?rest_route=%2Fwp%2Fv2%2Ftags&post=1890871"}],"curies":[{"name":"wp","href":"https:\/\/api.w.org\/{rel}","templated":true}]}}