{"id":189078,"date":"2015-01-02T16:21:49","date_gmt":"2015-01-02T13:21:49","guid":{"rendered":"https:\/\/analyse.optim.biz\/?p=189078"},"modified":"2015-01-02T16:21:49","modified_gmt":"2015-01-02T13:21:49","slug":"ecologistii-din-diaspora-suparati-pe-presedintele-klaus-iohannis","status":"publish","type":"post","link":"https:\/\/analyse.optim.biz\/?p=189078","title":{"rendered":"Ecologi\u0219tii din diaspora, sup\u0103ra\u021bi pe pre\u0219edintele Klaus Iohannis"},"content":{"rendered":"<div class=\"entry data-app-meta data-app-meta-article\" data-embed-base-url-canonical=\"https:\/\/www.digi24.ro\/embed\/stiri\/actualitate\/politica\/ecologistii-din-diaspora-suparati-pe-presedintele-klaus-iohannis-342145\">\n<p data-index=\"1\">Reprezentan\u0163ii organiza\u0163iilor \u00eel critic\u0103 pe fostul premier pentru c\u0103 a sus\u0163inut exploatarea de la Ro\u015fia Montan\u0103 \u015fi se declar\u0103 dezam\u0103gi\u0163i de cooptarea lui \u00een echipa de la Cotroceni.<\/p>\n<p data-index=\"2\">&#8220;Numirea domnului Mihai R\u0103zvan Ungureanu \u00een func\u0163ia de consilier personal este o sfidare la adresa celor care au stat ore \u00een \u015fir la coad\u0103 pentru a va vota, mare parte din cei care au stat la cozile imense fiind implica\u0163i activ \u00een campaniile de salvare a Ro\u015fiei Montane \u015fi Certej&#8221;, se arat\u0103 \u00een scrisoarea semnat\u0103 de rom\u00e2ni stabili\u0163i \u00een \u0163\u0103ri precum Italia, Spania, Fran\u0163a, Germania sau Canada.<\/p>\n<\/div>\n<p> Source URL: https:\/\/www.digi24.ro\/stiri\/actualitate\/politica\/ecologistii-din-diaspora-suparati-pe-presedintele-klaus-iohannis-342145<\/p>\n","protected":false},"excerpt":{"rendered":"<p>Reprezentan\u0163ii organiza\u0163iilor \u00eel critic\u0103 pe fostul premier pentru c\u0103 a sus\u0163inut exploatarea de la Ro\u015fia Montan\u0103 \u015fi se declar\u0103 dezam\u0103gi\u0163i de cooptarea lui \u00een echipa de la Cotroceni. &#8220;Numirea domnului Mihai R\u0103zvan Ungureanu \u00een func\u0163ia de consilier personal este o sfidare la adresa celor care au stat ore \u00een \u015fir la coad\u0103 pentru a va [&hellip;]<\/p>\n","protected":false},"author":1,"featured_media":189079,"comment_status":"open","ping_status":"","sticky":false,"template":"","format":"standard","meta":{"footnotes":""},"categories":[2],"tags":[11],"class_list":["post-189078","post","type-post","status-publish","format-standard","has-post-thumbnail","hentry","category-politics","tag-digi24"],"_links":{"self":[{"href":"https:\/\/analyse.optim.biz\/index.php?rest_route=\/wp\/v2\/posts\/189078","targetHints":{"allow":["GET"]}}],"collection":[{"href":"https:\/\/analyse.optim.biz\/index.php?rest_route=\/wp\/v2\/posts"}],"about":[{"href":"https:\/\/analyse.optim.biz\/index.php?rest_route=\/wp\/v2\/types\/post"}],"author":[{"embeddable":true,"href":"https:\/\/analyse.optim.biz\/index.php?rest_route=\/wp\/v2\/users\/1"}],"replies":[{"embeddable":true,"href":"https:\/\/analyse.optim.biz\/index.php?rest_route=%2Fwp%2Fv2%2Fcomments&post=189078"}],"version-history":[{"count":0,"href":"https:\/\/analyse.optim.biz\/index.php?rest_route=\/wp\/v2\/posts\/189078\/revisions"}],"wp:featuredmedia":[{"embeddable":true,"href":"https:\/\/analyse.optim.biz\/index.php?rest_route=\/wp\/v2\/media\/189079"}],"wp:attachment":[{"href":"https:\/\/analyse.optim.biz\/index.php?rest_route=%2Fwp%2Fv2%2Fmedia&parent=189078"}],"wp:term":[{"taxonomy":"category","embeddable":true,"href":"https:\/\/analyse.optim.biz\/index.php?rest_route=%2Fwp%2Fv2%2Fcategories&post=189078"},{"taxonomy":"post_tag","embeddable":true,"href":"https:\/\/analyse.optim.biz\/index.php?rest_route=%2Fwp%2Fv2%2Ftags&post=189078"}],"curies":[{"name":"wp","href":"https:\/\/api.w.org\/{rel}","templated":true}]}}