{"id":189067,"date":"2015-01-03T05:33:39","date_gmt":"2015-01-03T02:33:39","guid":{"rendered":"https:\/\/analyse.optim.biz\/?p=189067"},"modified":"2015-01-03T05:33:39","modified_gmt":"2015-01-03T02:33:39","slug":"emil-hurezeanu-alegerea-lui-klaus-iohannis-ofera-mai-multe-garantii-exista-riscul-de-orbanizare-a-unui-regim-ponta","status":"publish","type":"post","link":"https:\/\/analyse.optim.biz\/?p=189067","title":{"rendered":"Emil Hurezeanu: Alegerea lui Klaus Iohannis ofer\u0103 mai multe garan\u021bii, exista riscul de \u201eorbanizare\u201d a unui regim Ponta"},"content":{"rendered":"<div class=\"entry data-app-meta data-app-meta-article\" data-embed-base-url-canonical=\"https:\/\/www.digi24.ro\/embed\/stiri\/actualitate\/politica\/emil-hurezeanu-alegerea-lui-klaus-iohannis-ofera-mai-multe-garantii-exista-riscul-de-orbanizare-a-unui-regim-ponta-342234\">\n<p data-index=\"1\"><strong><br \/><\/strong><\/p>\n<p data-index=\"2\"><strong>Emil Hurezeanu<\/strong> a f\u0103cut aceste comentarii \u00eentr-o<a href=\"https:\/\/www.digi24.ro\/Stiri\/Digi24\/Extern\/Stiri\/Editie+speciala+JURNAL+DE+SEARA+Emil+Hurezeanu+comenteaza+evenim\" target=\"_blank\" data-skip-linkfix=\"1\" rel=\"noopener\"> edi\u021bie special\u0103 a \u201eJurnalului de sear\u0103\u201d \u00een care a analizat principalele evenimente externe ale anului trecut \u0219i consecin\u021bele lor asupra Rom\u00e2nie<\/a>i.<\/p>\n<p data-index=\"3\">\u201eDincolo de angajarea noastr\u0103 geopolitic\u0103 sigur c\u0103 ar trebui s\u0103 lu\u0103m \u00een considerare \u0219i mijloacele noi pe care ni le ofer\u0103 situa\u021bia nou\u0103 \u00een care am intrat. Nu mai avem acel \u00eenceput de echivoc sau acea mic\u0103 oscila\u0163ie, care putea s\u0103 nu fie at\u00e2t de periculoas\u0103 \u00een sine, dar care putea fi citit\u0103 agravant, din timpul vizitelor prea prietenoase chino-rom\u00e2ne, un fel de posibilitate de <em>orbanizare<\/em> a unui regim Ponta, fost prim-ministru \u0219i devenit pre\u0219edinte, dac\u0103 s-ar fi \u00eent\u00e2mplat \u00een noiembrie anul acesta\u201d, a spus Emil Hurezeanu.<\/p>\n<p data-index=\"4\">El a men\u021bionat c\u0103 destui observatori cred c\u0103 <strong>capacitatea noastr\u0103 de negociere ar fi fost exagerat\u0103 \u0219i capacitatea de intransigen\u021b\u0103 ar fi fost probabil diminuat\u0103<\/strong>. \u201eNu sunt \u00eenc\u0103 destule argumente s\u0103 tragem o concluzie ferm\u0103, dar \u00een orice caz, cu un guvern omogen, cu administra\u021bie \u0219i guvern omogene Ponta-PSD, ar fi existat <strong>riscuri de transformare \u00eentr-un caz special, de grani\u021b\u0103, limit\u0103<\/strong>, cum este \u00eentr-un fel \u0219i Ungaria, cum este \u00eentr-un fel \u0219i Turcia\u201d, a punctat analistul.<\/p>\n<p data-index=\"5\">\u201eNu facem aici specula\u021bii, fantasm\u0103ri cu harta \u00een fa\u021b\u0103, dar totu\u0219i, <strong>o anumit\u0103 stabilitate democratic\u0103 \u0219i o fermitate geopolitic\u0103 \u0219i pro-euroatlantic\u0103 sunt oarecum garantate mai mult prin alegerea lui Klaus Iohannis<\/strong>. \u0218i cred c\u0103 Rom\u00e2nia, prin acest personaj, care evoc\u0103 \u0219i o tradi\u021bie central-european\u0103 de proiec\u021bii germane \u00een partea noastr\u0103 a Europei, istorice, geografice, \u0219i prin faptul c\u0103 vorbe\u0219te at\u00e2t de bine englez\u0103 \u0219i german\u0103, \u0219i prin faptul c\u0103 are un nume comun cu Juncker, cu Merkel, cu cine vre\u021bi dvs, toate astea vor contribui, nu neaparat c\u0103 <em>aaa, avem un neam\u0163 de-al nostru la Bucure\u015fti, hai s\u0103-i d\u0103m sau s\u0103-i lu\u0103m pentru c\u0103 suntem \u00eentre noi, nem\u021bii<\/em>. Nu se \u00eent\u00e2mpl\u0103 a\u0219a. Cred c\u0103 dac\u0103 e s\u0103 se \u00eent\u00e2mple ceva, e mai mult\u0103 pruden\u021b\u0103. S\u0103 nu ne facem de r\u00e2s, c\u0103 nu cre\u0103m impresia c\u0103 vom face un fel de club euroatlantic al originii germane, dar investitorii germani vor veni\u201d, a punctat Emil Hurezeanu.<\/p>\n<p data-index=\"6\">El a reliefat modul de lucru al lui Klaus Iohannis ca primar al Sibiului \u0219i a conchis: \u201eDe ce n-ar face acest om \u0219i la nivelul \u00eentregii \u021b\u0103ri ce a f\u0103cut la Sibiu? E o \u0219ans\u0103. De stabilitatea economic\u0103 \u0219i social\u0103 a \u021b\u0103rii depinde \u0219i stabilitatea de securitate \u0219i geopolitic\u0103 a unei \u021b\u0103ri. Polonezii se \u00eentorc acas\u0103, cei mai tineri \u0219i mai \u00eenv\u0103\u021ba\u021bi\u201d. \u00a0<\/p>\n<\/div>\n<p> Source URL: https:\/\/www.digi24.ro\/stiri\/actualitate\/politica\/emil-hurezeanu-alegerea-lui-klaus-iohannis-ofera-mai-multe-garantii-exista-riscul-de-orbanizare-a-unui-regim-ponta-342234<\/p>\n","protected":false},"excerpt":{"rendered":"<p>Emil Hurezeanu a f\u0103cut aceste comentarii \u00eentr-o edi\u021bie special\u0103 a \u201eJurnalului de sear\u0103\u201d \u00een care a analizat principalele evenimente externe ale anului trecut \u0219i consecin\u021bele lor asupra Rom\u00e2niei. \u201eDincolo de angajarea noastr\u0103 geopolitic\u0103 sigur c\u0103 ar trebui s\u0103 lu\u0103m \u00een considerare \u0219i mijloacele noi pe care ni le ofer\u0103 situa\u021bia nou\u0103 \u00een care am intrat. [&hellip;]<\/p>\n","protected":false},"author":1,"featured_media":189068,"comment_status":"open","ping_status":"","sticky":false,"template":"","format":"standard","meta":{"footnotes":""},"categories":[2],"tags":[11],"class_list":["post-189067","post","type-post","status-publish","format-standard","has-post-thumbnail","hentry","category-politics","tag-digi24"],"_links":{"self":[{"href":"https:\/\/analyse.optim.biz\/index.php?rest_route=\/wp\/v2\/posts\/189067","targetHints":{"allow":["GET"]}}],"collection":[{"href":"https:\/\/analyse.optim.biz\/index.php?rest_route=\/wp\/v2\/posts"}],"about":[{"href":"https:\/\/analyse.optim.biz\/index.php?rest_route=\/wp\/v2\/types\/post"}],"author":[{"embeddable":true,"href":"https:\/\/analyse.optim.biz\/index.php?rest_route=\/wp\/v2\/users\/1"}],"replies":[{"embeddable":true,"href":"https:\/\/analyse.optim.biz\/index.php?rest_route=%2Fwp%2Fv2%2Fcomments&post=189067"}],"version-history":[{"count":0,"href":"https:\/\/analyse.optim.biz\/index.php?rest_route=\/wp\/v2\/posts\/189067\/revisions"}],"wp:featuredmedia":[{"embeddable":true,"href":"https:\/\/analyse.optim.biz\/index.php?rest_route=\/wp\/v2\/media\/189068"}],"wp:attachment":[{"href":"https:\/\/analyse.optim.biz\/index.php?rest_route=%2Fwp%2Fv2%2Fmedia&parent=189067"}],"wp:term":[{"taxonomy":"category","embeddable":true,"href":"https:\/\/analyse.optim.biz\/index.php?rest_route=%2Fwp%2Fv2%2Fcategories&post=189067"},{"taxonomy":"post_tag","embeddable":true,"href":"https:\/\/analyse.optim.biz\/index.php?rest_route=%2Fwp%2Fv2%2Ftags&post=189067"}],"curies":[{"name":"wp","href":"https:\/\/api.w.org\/{rel}","templated":true}]}}