{"id":1890287,"date":"2026-04-19T05:01:39","date_gmt":"2026-04-19T02:01:39","guid":{"rendered":"https:\/\/analyse.optim.biz\/?p=1890287"},"modified":"2026-04-19T05:01:39","modified_gmt":"2026-04-19T02:01:39","slug":"teren-comun-peisaje-pe-bega-un-proiect-de-arta-si-cercetare-despre-relatia-dintre-oras-si-natura-2","status":"publish","type":"post","link":"https:\/\/analyse.optim.biz\/?p=1890287","title":{"rendered":"\u201eTeren comun &#8211; peisaje pe Bega\u201d: un proiect de art\u0103 \u0219i cercetare despre rela\u021bia dintre ora\u0219 \u0219i natur\u0103"},"content":{"rendered":"<p>[analyse_image type=&#8221;featured&#8221; src=&#8221;https:\/\/focustim.ro\/wp-content\/uploads\/2026\/04\/bega-timisoara.jpg&#8221;]<\/p>\n<article id=\"post-40011\" class=\"penci-single-artcontent noloaddisqus post-40011 post type-post status-publish format-standard has-post-thumbnail hentry category-actualitate category-eveniment category-featured tag-bega tag-peisaje penci-post-item\">\n<header class=\"entry-header penci-entry-header penci-title-\">\n<div class=\"penci-entry-categories\"><span class=\"penci-cat-links\"><a href=\"https:\/\/focustim.ro\/category\/actualitate\/\" rel=\"category tag\">Actualitate<\/a><a href=\"https:\/\/focustim.ro\/category\/eveniment\/\" rel=\"category tag\">Eveniment<\/a><a href=\"https:\/\/focustim.ro\/category\/featured\/\" rel=\"category tag\">Featured<\/a><\/span><\/div>\n<h1 class=\"entry-title penci-entry-title penci-title-\">\u201eTeren comun \u2013 peisaje pe Bega\u201d: un proiect de art\u0103 \u0219i cercetare despre rela\u021bia dintre ora\u0219 \u0219i natur\u0103<\/h1>\n<div class=\"entry-meta penci-entry-meta\"><span class=\"entry-meta-item penci-posted-on\"><time class=\"entry-date published\" datetime=\"2026-04-19T08:01:39+03:00\">19\/04\/2026<\/time><time class=\"updated\" datetime=\"2026-04-19T08:01:45+03:00\">19\/04\/2026<\/time><\/span><span class=\"entry-meta-item penci-comment-count\"><a class=\"penci_pmeta-link\" href=\"https:\/\/focustim.ro\/teren-comun-peisaje-pe-bega-un-proiect-de-arta-si-cercetare-despre-relatia-dintre-oras-si-natura\/#respond\">0<\/a><\/span><\/div>\n<p><span class=\"penci-social-buttons penci-social-share-footer\"><span class=\"penci-social-share-text\">Distribuie<\/span><a href=\"https:\/\/focustim.ro\/teren-comun-peisaje-pe-bega-un-proiect-de-arta-si-cercetare-despre-relatia-dintre-oras-si-natura\/\" class=\"penci-post-like penci_post-meta_item  single-like-button penci-social-item like\" data-post_id=\"40011\" title=\"Like\" data-like=\"Like\" data-unlike=\"Unlike\"><span class=\"penci-share-number\">0<\/span><\/a><\/span><\/header>\n<div class=\"entry-media penci-entry-media\">\n<div class=\"post-format-meta \">\n<div class=\"post-image penci-standard-format\"><img decoding=\"async\" width=\"720\" height=\"478\" src=\"https:\/\/focustim.ro\/wp-content\/uploads\/2026\/04\/bega-timisoara.jpg\" class=\"attachment-penci-thumb-960-auto size-penci-thumb-960-auto wp-post-image\" alt loading=\"lazy\"><\/div>\n<\/div>\n<\/div>\n<div class=\"penci-entry-content entry-content\">\n<p><strong>Un nou proiect cultural \u0219i de cercetare reune\u0219te, \u00een acest an, la Timi\u0219oara, arti\u0219ti, arhitec\u021bi, peisagi\u0219ti \u0219i oameni de \u0219tiin\u021b\u0103, pentru a explora rela\u021bia dintre ora\u0219 \u0219i natur\u0103, pornind de la Canalul Bega.<\/strong><\/p>\n<p>Proiectul \u201eTeren comun \u2013 peisaje pe Bega\u201d \u00ee\u0219i propune s\u0103 aduc\u0103 \u00eempreun\u0103 profesioni\u0219ti din domenii diferite \u2013 art\u0103, arhitectur\u0103, ecologie \u0219i \u0219tiin\u021b\u0103 \u2013 interesa\u021bi de modul \u00een care poate fi reg\u00e2ndit\u0103 rela\u021bia dintre mediul urban \u0219i cel natural. Ideea de \u201eteren comun\u201d porne\u0219te de la faptul c\u0103 ora\u0219ul nu este folosit doar de oameni, ci este un spa\u021biu \u00eemp\u0103r\u021bit, \u00een mod real, cu plantele, insectele \u0219i alte forme de via\u021b\u0103 care \u00eel traverseaz\u0103 \u0219i \u00eel sus\u021bin.<\/p>\n<p>Demersul porne\u0219te de la o cartografiere a ini\u021biativelor locale care au \u00een centru Canalul Bega: proiecte artistice, cercet\u0103ri \u0219tiin\u021bifice \u0219i comunit\u0103\u021bi implicate \u00een rela\u021bia om\u2013natur\u0103. Acestea vor fi reunite pe platforma online https:\/\/teren-comun.ro, care \u00ee\u0219i propune s\u0103 le fac\u0103 mai vizibile<\/p>\n<p>Proiectul reune\u0219te \u0219i un consor\u021biu de parteneri \u2013 ONG-uri, institu\u021bii \u0219i profesioni\u0219ti din domenii creative \u0219i de cercetare, activi \u00een zona sustenabilit\u0103\u021bii \u0219i a dezvolt\u0103rii urbane.<\/p>\n<p>Un element inedit \u00eel reprezint\u0103 reziden\u021ba artistic\u0103 interdisciplinar\u0103. Practic, arti\u0219ti, arhitec\u021bi \u0219i peisagi\u0219ti vor lucra al\u0103turi de cercet\u0103tori, pentru a dezvolta lucr\u0103ri \u0219i interven\u021bii care traduc informa\u021bia \u0219tiin\u021bific\u0103 \u00een forme accesibile publicului.<\/p>\n<p>Proiectul este structurat \u00een jurul a patru teme principale:<\/p>\n<p><strong>Gr\u0103dini comunitare \u0219i biodiversitate<\/strong><strong><br \/><\/strong><\/p>\n<p>Gr\u0103dinile urbane sunt privite ca spa\u021bii vii, care pot sus\u021bine biodiversitatea. Ele ofer\u0103 loc pentru plante, insecte polenizatoare \u0219i alte specii, dar sunt \u0219i spa\u021bii atractive de \u00eent\u00e2lnire \u0219i \u00eenv\u0103\u021bare.<\/p>\n<p><strong>Paji\u0219ti urbane \u0219i infrastructur\u0103 verde<\/strong><\/p>\n<p>Paji\u0219tile cu flori spontane sunt privite ca o alternativ\u0103 la gazonul clasic, care aduce mai mult\u0103 via\u021b\u0103 \u00een ora\u0219, ajut\u0103 la reducerea c\u0103ldurii \u0219i necesit\u0103 mai pu\u021bin\u0103 \u00eentre\u021binere.<\/p>\n<p><strong>Zone umede \u0219i Canalul Bega<\/strong><\/p>\n<p><\/p>\n<p>Canalul Bega este v\u0103zut ca un spa\u021biu viu, care sus\u021bine biodiversitatea \u0219i influen\u021beaz\u0103 mediul. Proiectul exploreaz\u0103 at\u00e2t via\u021ba din jurul apei, c\u00e2t \u0219i rela\u021bia oamenilor cu acest loc.<\/p>\n<p><strong>Arheologia peisajului \u0219i noile tehnologii<\/strong><\/p>\n<p>Peisajul este privit ca o structur\u0103 \u00een straturi, \u00een care trecutul \u0219i prezentul se suprapun. Cercetarea folose\u0219te instrumente digitale, dar \u0219i interpret\u0103ri culturale \u0219i artistice, pentru a \u00een\u021belege cum s-a transformat spa\u021biul \u00een timp.<\/p>\n<p>Proiectul include, de asemenea, un program extins de mediere, cu ateliere, conferin\u021be, tururi ghidate \u0219i activit\u0103\u021bi participative, care urm\u0103resc implicarea publicului \u0219i crearea unui spa\u021biu de dialog \u00eentre art\u0103, \u0219tiin\u021b\u0103 \u0219i oamenii locului.\u00a0<\/p>\n<p>Suntem \u0219i pe <a href=\"https:\/\/tinyurl.com\/zmkcs9pn\">Facebook<\/a> \u0219i <a href=\"https:\/\/www.instagram.com\/teren_comun_peisaje_pe_bega\/\">Instagram<\/a>.<\/p>\n<p><strong><em>Informa\u021bii despre proiect<\/em><\/strong><\/p>\n<p>Din echipa creativ\u0103 \u0219i \u0219tiin\u021bific\u0103: fac parte Alex Ciobot\u0103 (peisagist, AsoP Vest), Alex R\u0103dac (biolog, UVT), Andreea S\u0103s\u0103ran (artist, ACIA), Bogdan Isopescu (arhitect, FAUT), Cosmin Iva\u0219cu (biolog, ICAM), Cristian Floca (arheolog, Acad. Ro), Dan Vi\u0219ovan (artist, FAD), Mimi Ciora &amp; Sergiu Sas (duo arti\u0219ti, Indecis), Raluca Rusu (peisagist, AsoP Vest)<\/p>\n<p>Echipa de organizare este compus\u0103 din Anabella Costache \u2013 coordonator mediere, Otilia Ghi\u021bescu \u2013 PR, Costin Bleotu, Alexandra Br\u0103sla\u0219u, Andrei Dr\u0103cea \u2013 implementare platform\u0103 web, Flavia \u021aun\u0103 \u2013 designer, Andrei Tudose \u2013 consultant artistic, Maria Titel \u2013 responsabil financiar, Alex Ciobot\u0103 \u2013 curator &amp; responsabil arhivare, Andreea S\u0103s\u0103ran \u2013 curator &amp; manager proiect\u00a0<\/p>\n<p><em>Parteneri: Administra\u021bia Bazinal\u0103 de Ap\u0103 Banat, Asocia\u021bia 360, Asocia\u021bia Peisagi\u0219tilor \u2013 Filiala Vest, CRIES-Centrul de resurse pentru ini\u021biative etice \u0219i solidare, Ecluze pe Bega, FAD (Facultatea de Arte \u0219i Design Timi\u0219oara) \/ Universitatea de Vest din Timi\u0219oara), FAUT (Facultatea de Arhitectur\u0103 \u0219i Urbanism Timi\u0219oara), Funda\u021bia Aquademica, Funda\u021bia Aquatim, Funda\u021bia Cultural\u0103 Jazz Banat, Gr\u0103dinescu GreenFeel, Indecis, Marginal, Parcul Natural Bucure\u0219ti, Simultan, Timi\u0219oara verde-albastr\u0103<\/em><\/p>\n<p>Parteneri media: RFI Rom\u00e2nia, Scena9, Best of Timi\u0219oara<\/p>\n<p>***<\/p>\n<p>\u201eTeren comun \u2013 peisaje pe Bega\u201d este un proiect cultural organizat de ACIA \u2013 Asocia\u021bia Cultural\u0103 pentru Interven\u021bie Artistic\u0103 \u0219i co-finan\u021bat prin Administra\u021bia<\/p>\n<p>Fondului Cultural Na\u021bional. Proiectul nu reprezint\u0103 \u00een mod necesar pozi\u0163ia Administra\u021biei Fondului Cultural Na\u021bional. AFCN nu este responsabil\u0103 de con\u021binutul proiectului sau de modul \u00een care rezultatele proiectului pot fi folosite. Acestea sunt \u00een \u00eentregime responsabilitatea beneficiarului finan\u021b\u0103rii.<\/p>\n<div class=\"sharedaddy sd-sharing-enabled\">\n<div class=\"robots-nocontent sd-block sd-social sd-social-icon-text sd-sharing\">\n<h3 class=\"sd-title\">Partajeaz\u0103 asta:<\/h3>\n<div class=\"sd-content\">\n<ul>\n<li class=\"share-twitter\"><a rel=\"nofollow noopener noreferrer\" data-shared=\"sharing-twitter-40011\" class=\"share-twitter sd-button share-icon\" href=\"https:\/\/focustim.ro\/teren-comun-peisaje-pe-bega-un-proiect-de-arta-si-cercetare-despre-relatia-dintre-oras-si-natura\/?share=twitter\" target=\"_blank\" title=\"D\u0103 clic pentru a partaja pe Twitter\"><span>Twitter<\/span><\/a><\/li>\n<li class=\"share-facebook\"><a rel=\"nofollow noopener noreferrer\" data-shared=\"sharing-facebook-40011\" class=\"share-facebook sd-button share-icon\" href=\"https:\/\/focustim.ro\/teren-comun-peisaje-pe-bega-un-proiect-de-arta-si-cercetare-despre-relatia-dintre-oras-si-natura\/?share=facebook\" target=\"_blank\" title=\"D\u0103 clic pentru a partaja pe Facebook\"><span>Facebook<\/span><\/a><\/li>\n<li class=\"share-end\"><\/ul>\n<\/div>\n<\/div>\n<\/div>\n<div class=\"sharedaddy sd-block sd-like jetpack-likes-widget-wrapper jetpack-likes-widget-unloaded\" id=\"like-post-wrapper-167025405-40011-69e46249607fb\" data-src=\"https:\/\/widgets.wp.com\/likes\/#blog_id=167025405&amp;post_id=40011&amp;origin=focustim.ro&amp;obj_id=167025405-40011-69e46249607fb\" data-name=\"like-post-frame-167025405-40011-69e46249607fb\" data-title=\"Apreciaz\u0103 sau republic\u0103\">\n<h3 class=\"sd-title\">Apreciaz\u0103:<\/h3>\n<div class=\"likes-widget-placeholder post-likes-widget-placeholder\"><span class=\"button\"><span>Apreciere<\/span><\/span><span class=\"loading\">\u00cencarc&#8230;<\/span><\/div>\n<\/div>\n<\/div>\n<footer class=\"penci-entry-footer\">\n<div class=\"penci-source-via-tags-wrap\"><span class=\"tags-links penci-tags-links\"><a href=\"https:\/\/focustim.ro\/tag\/bega\/\" rel=\"tag\">Bega<\/a><a href=\"https:\/\/focustim.ro\/tag\/peisaje\/\" rel=\"tag\">peisaje<\/a><\/span><\/div>\n<p><span class=\"penci-social-buttons penci-social-share-footer\"><span class=\"penci-social-share-text\">Distribuie<\/span><a href=\"https:\/\/focustim.ro\/teren-comun-peisaje-pe-bega-un-proiect-de-arta-si-cercetare-despre-relatia-dintre-oras-si-natura\/\" class=\"penci-post-like penci_post-meta_item  single-like-button penci-social-item like\" data-post_id=\"40011\" title=\"Like\" data-like=\"Like\" data-unlike=\"Unlike\"><span class=\"penci-share-number\">0<\/span><\/a><\/span><\/footer>\n<\/article>\n<div class=\"penci-entry-content entry-content\">\n<p><strong>Un nou proiect cultural \u0219i de cercetare reune\u0219te, \u00een acest an, la Timi\u0219oara, arti\u0219ti, arhitec\u021bi, peisagi\u0219ti \u0219i oameni de \u0219tiin\u021b\u0103, pentru a explora rela\u021bia dintre ora\u0219 \u0219i natur\u0103, pornind de la Canalul Bega.<\/strong><\/p>\n<p>Proiectul \u201eTeren comun \u2013 peisaje pe Bega\u201d \u00ee\u0219i propune s\u0103 aduc\u0103 \u00eempreun\u0103 profesioni\u0219ti din domenii diferite \u2013 art\u0103, arhitectur\u0103, ecologie \u0219i \u0219tiin\u021b\u0103 \u2013 interesa\u021bi de modul \u00een care poate fi reg\u00e2ndit\u0103 rela\u021bia dintre mediul urban \u0219i cel natural. Ideea de \u201eteren comun\u201d porne\u0219te de la faptul c\u0103 ora\u0219ul nu este folosit doar de oameni, ci este un spa\u021biu \u00eemp\u0103r\u021bit, \u00een mod real, cu plantele, insectele \u0219i alte forme de via\u021b\u0103 care \u00eel traverseaz\u0103 \u0219i \u00eel sus\u021bin.<\/p>\n<p>Demersul porne\u0219te de la o cartografiere a ini\u021biativelor locale care au \u00een centru Canalul Bega: proiecte artistice, cercet\u0103ri \u0219tiin\u021bifice \u0219i comunit\u0103\u021bi implicate \u00een rela\u021bia om\u2013natur\u0103. Acestea vor fi reunite pe platforma online https:\/\/teren-comun.ro, care \u00ee\u0219i propune s\u0103 le fac\u0103 mai vizibile<\/p>\n<p>Proiectul reune\u0219te \u0219i un consor\u021biu de parteneri \u2013 ONG-uri, institu\u021bii \u0219i profesioni\u0219ti din domenii creative \u0219i de cercetare, activi \u00een zona sustenabilit\u0103\u021bii \u0219i a dezvolt\u0103rii urbane.<\/p>\n<p>Un element inedit \u00eel reprezint\u0103 reziden\u021ba artistic\u0103 interdisciplinar\u0103. Practic, arti\u0219ti, arhitec\u021bi \u0219i peisagi\u0219ti vor lucra al\u0103turi de cercet\u0103tori, pentru a dezvolta lucr\u0103ri \u0219i interven\u021bii care traduc informa\u021bia \u0219tiin\u021bific\u0103 \u00een forme accesibile publicului.<\/p>\n<p>Proiectul este structurat \u00een jurul a patru teme principale:<\/p>\n<p><strong>Gr\u0103dini comunitare \u0219i biodiversitate<\/strong><strong><br \/><\/strong><\/p>\n<p>Gr\u0103dinile urbane sunt privite ca spa\u021bii vii, care pot sus\u021bine biodiversitatea. Ele ofer\u0103 loc pentru plante, insecte polenizatoare \u0219i alte specii, dar sunt \u0219i spa\u021bii atractive de \u00eent\u00e2lnire \u0219i \u00eenv\u0103\u021bare.<\/p>\n<p><strong>Paji\u0219ti urbane \u0219i infrastructur\u0103 verde<\/strong><\/p>\n<p>Paji\u0219tile cu flori spontane sunt privite ca o alternativ\u0103 la gazonul clasic, care aduce mai mult\u0103 via\u021b\u0103 \u00een ora\u0219, ajut\u0103 la reducerea c\u0103ldurii \u0219i necesit\u0103 mai pu\u021bin\u0103 \u00eentre\u021binere.<\/p>\n<p><strong>Zone umede \u0219i Canalul Bega<\/strong><\/p>\n<p><\/p>\n<p>Canalul Bega este v\u0103zut ca un spa\u021biu viu, care sus\u021bine biodiversitatea \u0219i influen\u021beaz\u0103 mediul. Proiectul exploreaz\u0103 at\u00e2t via\u021ba din jurul apei, c\u00e2t \u0219i rela\u021bia oamenilor cu acest loc.<\/p>\n<p><strong>Arheologia peisajului \u0219i noile tehnologii<\/strong><\/p>\n<p>Peisajul este privit ca o structur\u0103 \u00een straturi, \u00een care trecutul \u0219i prezentul se suprapun. Cercetarea folose\u0219te instrumente digitale, dar \u0219i interpret\u0103ri culturale \u0219i artistice, pentru a \u00een\u021belege cum s-a transformat spa\u021biul \u00een timp.<\/p>\n<p>Proiectul include, de asemenea, un program extins de mediere, cu ateliere, conferin\u021be, tururi ghidate \u0219i activit\u0103\u021bi participative, care urm\u0103resc implicarea publicului \u0219i crearea unui spa\u021biu de dialog \u00eentre art\u0103, \u0219tiin\u021b\u0103 \u0219i oamenii locului.\u00a0<\/p>\n<p>Suntem \u0219i pe <a href=\"https:\/\/tinyurl.com\/zmkcs9pn\">Facebook<\/a> \u0219i <a href=\"https:\/\/www.instagram.com\/teren_comun_peisaje_pe_bega\/\">Instagram<\/a>.<\/p>\n<p><strong><em>Informa\u021bii despre proiect<\/em><\/strong><\/p>\n<p>Din echipa creativ\u0103 \u0219i \u0219tiin\u021bific\u0103: fac parte Alex Ciobot\u0103 (peisagist, AsoP Vest), Alex R\u0103dac (biolog, UVT), Andreea S\u0103s\u0103ran (artist, ACIA), Bogdan Isopescu (arhitect, FAUT), Cosmin Iva\u0219cu (biolog, ICAM), Cristian Floca (arheolog, Acad. Ro), Dan Vi\u0219ovan (artist, FAD), Mimi Ciora &amp; Sergiu Sas (duo arti\u0219ti, Indecis), Raluca Rusu (peisagist, AsoP Vest)<\/p>\n<p>Echipa de organizare este compus\u0103 din Anabella Costache \u2013 coordonator mediere, Otilia Ghi\u021bescu \u2013 PR, Costin Bleotu, Alexandra Br\u0103sla\u0219u, Andrei Dr\u0103cea \u2013 implementare platform\u0103 web, Flavia \u021aun\u0103 \u2013 designer, Andrei Tudose \u2013 consultant artistic, Maria Titel \u2013 responsabil financiar, Alex Ciobot\u0103 \u2013 curator &amp; responsabil arhivare, Andreea S\u0103s\u0103ran \u2013 curator &amp; manager proiect\u00a0<\/p>\n<p><em>Parteneri: Administra\u021bia Bazinal\u0103 de Ap\u0103 Banat, Asocia\u021bia 360, Asocia\u021bia Peisagi\u0219tilor \u2013 Filiala Vest, CRIES-Centrul de resurse pentru ini\u021biative etice \u0219i solidare, Ecluze pe Bega, FAD (Facultatea de Arte \u0219i Design Timi\u0219oara) \/ Universitatea de Vest din Timi\u0219oara), FAUT (Facultatea de Arhitectur\u0103 \u0219i Urbanism Timi\u0219oara), Funda\u021bia Aquademica, Funda\u021bia Aquatim, Funda\u021bia Cultural\u0103 Jazz Banat, Gr\u0103dinescu GreenFeel, Indecis, Marginal, Parcul Natural Bucure\u0219ti, Simultan, Timi\u0219oara verde-albastr\u0103<\/em><\/p>\n<p>Parteneri media: RFI Rom\u00e2nia, Scena9, Best of Timi\u0219oara<\/p>\n<p>***<\/p>\n<p>\u201eTeren comun \u2013 peisaje pe Bega\u201d este un proiect cultural organizat de ACIA \u2013 Asocia\u021bia Cultural\u0103 pentru Interven\u021bie Artistic\u0103 \u0219i co-finan\u021bat prin Administra\u021bia<\/p>\n<p>Fondului Cultural Na\u021bional. Proiectul nu reprezint\u0103 \u00een mod necesar pozi\u0163ia Administra\u021biei Fondului Cultural Na\u021bional. AFCN nu este responsabil\u0103 de con\u021binutul proiectului sau de modul \u00een care rezultatele proiectului pot fi folosite. Acestea sunt \u00een \u00eentregime responsabilitatea beneficiarului finan\u021b\u0103rii.<\/p>\n<div class=\"sharedaddy sd-sharing-enabled\">\n<div class=\"robots-nocontent sd-block sd-social sd-social-icon-text sd-sharing\">\n<h3 class=\"sd-title\">Partajeaz\u0103 asta:<\/h3>\n<div class=\"sd-content\">\n<ul>\n<li class=\"share-twitter\"><a rel=\"nofollow noopener noreferrer\" data-shared=\"sharing-twitter-40011\" class=\"share-twitter sd-button share-icon\" href=\"https:\/\/focustim.ro\/teren-comun-peisaje-pe-bega-un-proiect-de-arta-si-cercetare-despre-relatia-dintre-oras-si-natura\/?share=twitter\" target=\"_blank\" title=\"D\u0103 clic pentru a partaja pe Twitter\"><span>Twitter<\/span><\/a><\/li>\n<li class=\"share-facebook\"><a rel=\"nofollow noopener noreferrer\" data-shared=\"sharing-facebook-40011\" class=\"share-facebook sd-button share-icon\" href=\"https:\/\/focustim.ro\/teren-comun-peisaje-pe-bega-un-proiect-de-arta-si-cercetare-despre-relatia-dintre-oras-si-natura\/?share=facebook\" target=\"_blank\" title=\"D\u0103 clic pentru a partaja pe Facebook\"><span>Facebook<\/span><\/a><\/li>\n<li class=\"share-end\"><\/ul>\n<\/div>\n<\/div>\n<\/div>\n<div class=\"sharedaddy sd-block sd-like jetpack-likes-widget-wrapper jetpack-likes-widget-unloaded\" id=\"like-post-wrapper-167025405-40011-69e46249607fb\" data-src=\"https:\/\/widgets.wp.com\/likes\/#blog_id=167025405&amp;post_id=40011&amp;origin=focustim.ro&amp;obj_id=167025405-40011-69e46249607fb\" data-name=\"like-post-frame-167025405-40011-69e46249607fb\" data-title=\"Apreciaz\u0103 sau republic\u0103\">\n<h3 class=\"sd-title\">Apreciaz\u0103:<\/h3>\n<div class=\"likes-widget-placeholder post-likes-widget-placeholder\"><span class=\"button\"><span>Apreciere<\/span><\/span><span class=\"loading\">\u00cencarc&#8230;<\/span><\/div>\n<\/div>\n<\/div>\n<p>[analyse_source url=&#8221;https:\/\/focustim.ro\/teren-comun-peisaje-pe-bega-un-proiect-de-arta-si-cercetare-despre-relatia-dintre-oras-si-natura\/&#8221;]<\/p>\n","protected":false},"excerpt":{"rendered":"<p>[analyse_image type=&#8221;featured&#8221; src=&#8221;https:\/\/focustim.ro\/wp-content\/uploads\/2026\/04\/bega-timisoara.jpg&#8221;] ActualitateEvenimentFeatured \u201eTeren comun \u2013 peisaje pe Bega\u201d: un proiect de art\u0103 \u0219i cercetare despre rela\u021bia dintre ora\u0219 \u0219i natur\u0103 19\/04\/202619\/04\/20260 Distribuie0 Un nou proiect cultural \u0219i de cercetare reune\u0219te, \u00een acest an, la Timi\u0219oara, arti\u0219ti, arhitec\u021bi, peisagi\u0219ti \u0219i oameni de \u0219tiin\u021b\u0103, pentru a explora rela\u021bia dintre ora\u0219 \u0219i natur\u0103, pornind de la [&hellip;]<\/p>\n","protected":false},"author":1,"featured_media":0,"comment_status":"open","ping_status":"","sticky":false,"template":"","format":"standard","meta":{"footnotes":""},"categories":[89],"tags":[226,197],"class_list":["post-1890287","post","type-post","status-publish","format-standard","hentry","category-romania","tag-crawlmanager","tag-focustim-ro"],"_links":{"self":[{"href":"https:\/\/analyse.optim.biz\/index.php?rest_route=\/wp\/v2\/posts\/1890287","targetHints":{"allow":["GET"]}}],"collection":[{"href":"https:\/\/analyse.optim.biz\/index.php?rest_route=\/wp\/v2\/posts"}],"about":[{"href":"https:\/\/analyse.optim.biz\/index.php?rest_route=\/wp\/v2\/types\/post"}],"author":[{"embeddable":true,"href":"https:\/\/analyse.optim.biz\/index.php?rest_route=\/wp\/v2\/users\/1"}],"replies":[{"embeddable":true,"href":"https:\/\/analyse.optim.biz\/index.php?rest_route=%2Fwp%2Fv2%2Fcomments&post=1890287"}],"version-history":[{"count":0,"href":"https:\/\/analyse.optim.biz\/index.php?rest_route=\/wp\/v2\/posts\/1890287\/revisions"}],"wp:attachment":[{"href":"https:\/\/analyse.optim.biz\/index.php?rest_route=%2Fwp%2Fv2%2Fmedia&parent=1890287"}],"wp:term":[{"taxonomy":"category","embeddable":true,"href":"https:\/\/analyse.optim.biz\/index.php?rest_route=%2Fwp%2Fv2%2Fcategories&post=1890287"},{"taxonomy":"post_tag","embeddable":true,"href":"https:\/\/analyse.optim.biz\/index.php?rest_route=%2Fwp%2Fv2%2Ftags&post=1890287"}],"curies":[{"name":"wp","href":"https:\/\/api.w.org\/{rel}","templated":true}]}}