{"id":1890152,"date":"2026-04-16T14:13:34","date_gmt":"2026-04-16T11:13:34","guid":{"rendered":"https:\/\/analyse.optim.biz\/?p=1890152"},"modified":"2026-04-16T14:13:34","modified_gmt":"2026-04-16T11:13:34","slug":"calatorii-gratuite-pentru-tineri-prin-europa","status":"publish","type":"post","link":"https:\/\/analyse.optim.biz\/?p=1890152","title":{"rendered":"C\u0102L\u0102TORII GRATUITE PENTRU TINERI PRIN EUROPA"},"content":{"rendered":"<p>[analyse_image type=&#8221;featured&#8221; src=&#8221;https:\/\/newss.ro\/wp-content\/uploads\/2019\/11\/discovereu-calatorii-gratuite-tineri.jpg&#8221;]<\/p>\n<div class=\"td-post-content\">\n<div class=\"td-post-featured-image\"><a href=\"https:\/\/newss.ro\/wp-content\/uploads\/2019\/11\/discovereu-calatorii-gratuite-tineri.jpg\" data-caption><img loading=\"lazy\" decoding=\"async\" width=\"696\" height=\"392\" class=\"entry-thumb td-modal-image\" src=\"https:\/\/newss.ro\/wp-content\/uploads\/2019\/11\/discovereu-calatorii-gratuite-tineri-696x392.jpg\" alt title=\"discovereu calatorii gratuite tineri\"><\/a><\/div>\n<p>Tinerii de 18 ani din Uniunea European\u0103 \u0219i din mai multe \u021b\u0103ri asociate programului Erasmus+ pot c\u0103l\u0103tori gratuit prin Europa prin intermediul programului DiscoverEU. Actuala rund\u0103 de \u00eenscrieri se desf\u0103\u0219oar\u0103 p\u00e2n\u0103 pe \u00a022 aprilie 2026, p\u00e2n\u0103 la ora 12:00 CET (13:00 ora Rom\u00e2niei).<\/p>\n<p>Programul face parte din\u00a0Erasmus+\u00a0\u0219i le ofer\u0103 participan\u021bilor \u0219ansa de a explora Europa, de a descoperi patrimoniul cultural \u0219i istoria continentului \u0219i de a cunoa\u0219te al\u021bi tineri din diferite \u021b\u0103ri.<\/p>\n<p>Tinerii selecta\u021bi vor primi\u00a0un permis de c\u0103l\u0103torie, care le permite s\u0103 se deplaseze \u00een principal cu\u00a0trenul, unul dintre cele mai ecologice mijloace de transport.<\/p>\n<p>Cardul DiscoverEU ofer\u0103 reduceri la cazare, transport local, activit\u0103\u021bi culturale \u0219i sportive \u0219i alte servicii turistice.<\/p>\n<p>Pentru a fi eligibili, candida\u021bii trebuie s\u0103 fie n\u0103scu\u021bi \u00eentre 1 iulie 2007 \u0219i 30 iunie 2008; \u00a0s\u0103 completeze formularul online de candidatur\u0103;<\/p>\n<p>s\u0103 fie cet\u0103\u021beni sau reziden\u021bi ai unui stat membru UE ori ai unei \u021b\u0103ri asociate programului Erasmus+.<\/p>\n<p>Printre \u021b\u0103rile asociate se num\u0103r\u0103\u00a0Islanda, Norvegia, Serbia, Turcia, Liechtenstein \u0219i Macedonia de Nord.<\/p>\n<p>Candida\u021bii trebuie s\u0103 r\u0103spund\u0103 \u0219i la\u00a0un quiz, cu excep\u021bia celor care aplic\u0103 \u00een grup.<\/p>\n<p>Tinerii selecta\u021bi vor putea c\u0103l\u0103tori p\u00e2n\u0103 la \u0219apte zile, \u00eentr-un interval de maximum o lun\u0103, \u00een perioada 1 iulie 2026 \u2013 30 septembrie 2027.<\/p>\n<p>Participan\u021bii pot c\u0103l\u0103tori singuri sau \u00een grupuri de p\u00e2n\u0103 la cinci persoane, cu condi\u021bia ca to\u021bi membrii grupului s\u0103 \u00eendeplineasc\u0103 criteriile de eligibilitate.<\/p>\n<p>Tinerii devin, de asemenea, ambasadori DiscoverEU, fiind \u00eencuraja\u021bi s\u0103 \u00ee\u0219i \u00eemp\u0103rt\u0103\u0219easc\u0103 experien\u021bele de c\u0103l\u0103torie pe re\u021belele sociale folosind hashtagul #DiscoverEU.<\/p>\n<p>\u00a0<\/p>\n<\/div>\n<div class=\"td-post-content\">\n<div class=\"td-post-featured-image\"><a href=\"https:\/\/newss.ro\/wp-content\/uploads\/2019\/11\/discovereu-calatorii-gratuite-tineri.jpg\" data-caption><img loading=\"lazy\" decoding=\"async\" width=\"696\" height=\"392\" class=\"entry-thumb td-modal-image\" src=\"https:\/\/newss.ro\/wp-content\/uploads\/2019\/11\/discovereu-calatorii-gratuite-tineri-696x392.jpg\" alt title=\"discovereu calatorii gratuite tineri\"><\/a><\/div>\n<p>Tinerii de 18 ani din Uniunea European\u0103 \u0219i din mai multe \u021b\u0103ri asociate programului Erasmus+ pot c\u0103l\u0103tori gratuit prin Europa prin intermediul programului DiscoverEU. Actuala rund\u0103 de \u00eenscrieri se desf\u0103\u0219oar\u0103 p\u00e2n\u0103 pe \u00a022 aprilie 2026, p\u00e2n\u0103 la ora 12:00 CET (13:00 ora Rom\u00e2niei).<\/p>\n<p>Programul face parte din\u00a0Erasmus+\u00a0\u0219i le ofer\u0103 participan\u021bilor \u0219ansa de a explora Europa, de a descoperi patrimoniul cultural \u0219i istoria continentului \u0219i de a cunoa\u0219te al\u021bi tineri din diferite \u021b\u0103ri.<\/p>\n<p>Tinerii selecta\u021bi vor primi\u00a0un permis de c\u0103l\u0103torie, care le permite s\u0103 se deplaseze \u00een principal cu\u00a0trenul, unul dintre cele mai ecologice mijloace de transport.<\/p>\n<p>Cardul DiscoverEU ofer\u0103 reduceri la cazare, transport local, activit\u0103\u021bi culturale \u0219i sportive \u0219i alte servicii turistice.<\/p>\n<p>Pentru a fi eligibili, candida\u021bii trebuie s\u0103 fie n\u0103scu\u021bi \u00eentre 1 iulie 2007 \u0219i 30 iunie 2008; \u00a0s\u0103 completeze formularul online de candidatur\u0103;<\/p>\n<p>s\u0103 fie cet\u0103\u021beni sau reziden\u021bi ai unui stat membru UE ori ai unei \u021b\u0103ri asociate programului Erasmus+.<\/p>\n<p>Printre \u021b\u0103rile asociate se num\u0103r\u0103\u00a0Islanda, Norvegia, Serbia, Turcia, Liechtenstein \u0219i Macedonia de Nord.<\/p>\n<p>Candida\u021bii trebuie s\u0103 r\u0103spund\u0103 \u0219i la\u00a0un quiz, cu excep\u021bia celor care aplic\u0103 \u00een grup.<\/p>\n<p>Tinerii selecta\u021bi vor putea c\u0103l\u0103tori p\u00e2n\u0103 la \u0219apte zile, \u00eentr-un interval de maximum o lun\u0103, \u00een perioada 1 iulie 2026 \u2013 30 septembrie 2027.<\/p>\n<p>Participan\u021bii pot c\u0103l\u0103tori singuri sau \u00een grupuri de p\u00e2n\u0103 la cinci persoane, cu condi\u021bia ca to\u021bi membrii grupului s\u0103 \u00eendeplineasc\u0103 criteriile de eligibilitate.<\/p>\n<p>Tinerii devin, de asemenea, ambasadori DiscoverEU, fiind \u00eencuraja\u021bi s\u0103 \u00ee\u0219i \u00eemp\u0103rt\u0103\u0219easc\u0103 experien\u021bele de c\u0103l\u0103torie pe re\u021belele sociale folosind hashtagul #DiscoverEU.<\/p>\n<p>\u00a0<\/p>\n<\/div>\n<p>[analyse_source url=&#8221;https:\/\/newss.ro\/2026\/04\/16\/calatorii-gratuite-pentru-tineri-prin-europa\/&#8221;]<\/p>\n","protected":false},"excerpt":{"rendered":"<p>[analyse_image type=&#8221;featured&#8221; src=&#8221;https:\/\/newss.ro\/wp-content\/uploads\/2019\/11\/discovereu-calatorii-gratuite-tineri.jpg&#8221;] Tinerii de 18 ani din Uniunea European\u0103 \u0219i din mai multe \u021b\u0103ri asociate programului Erasmus+ pot c\u0103l\u0103tori gratuit prin Europa prin intermediul programului DiscoverEU. Actuala rund\u0103 de \u00eenscrieri se desf\u0103\u0219oar\u0103 p\u00e2n\u0103 pe \u00a022 aprilie 2026, p\u00e2n\u0103 la ora 12:00 CET (13:00 ora Rom\u00e2niei). Programul face parte din\u00a0Erasmus+\u00a0\u0219i le ofer\u0103 participan\u021bilor \u0219ansa de [&hellip;]<\/p>\n","protected":false},"author":1,"featured_media":0,"comment_status":"open","ping_status":"","sticky":false,"template":"","format":"standard","meta":{"footnotes":""},"categories":[2],"tags":[226,73],"class_list":["post-1890152","post","type-post","status-publish","format-standard","hentry","category-politics","tag-crawlmanager","tag-newss-ro"],"_links":{"self":[{"href":"https:\/\/analyse.optim.biz\/index.php?rest_route=\/wp\/v2\/posts\/1890152","targetHints":{"allow":["GET"]}}],"collection":[{"href":"https:\/\/analyse.optim.biz\/index.php?rest_route=\/wp\/v2\/posts"}],"about":[{"href":"https:\/\/analyse.optim.biz\/index.php?rest_route=\/wp\/v2\/types\/post"}],"author":[{"embeddable":true,"href":"https:\/\/analyse.optim.biz\/index.php?rest_route=\/wp\/v2\/users\/1"}],"replies":[{"embeddable":true,"href":"https:\/\/analyse.optim.biz\/index.php?rest_route=%2Fwp%2Fv2%2Fcomments&post=1890152"}],"version-history":[{"count":0,"href":"https:\/\/analyse.optim.biz\/index.php?rest_route=\/wp\/v2\/posts\/1890152\/revisions"}],"wp:attachment":[{"href":"https:\/\/analyse.optim.biz\/index.php?rest_route=%2Fwp%2Fv2%2Fmedia&parent=1890152"}],"wp:term":[{"taxonomy":"category","embeddable":true,"href":"https:\/\/analyse.optim.biz\/index.php?rest_route=%2Fwp%2Fv2%2Fcategories&post=1890152"},{"taxonomy":"post_tag","embeddable":true,"href":"https:\/\/analyse.optim.biz\/index.php?rest_route=%2Fwp%2Fv2%2Ftags&post=1890152"}],"curies":[{"name":"wp","href":"https:\/\/api.w.org\/{rel}","templated":true}]}}