{"id":188993,"date":"2015-01-03T14:47:18","date_gmt":"2015-01-03T11:47:18","guid":{"rendered":"https:\/\/analyse.optim.biz\/?p=188993"},"modified":"2015-01-03T14:47:18","modified_gmt":"2015-01-03T11:47:18","slug":"sondaj-ires-anul-2015-va-aduce-pace-intre-palate","status":"publish","type":"post","link":"https:\/\/analyse.optim.biz\/?p=188993","title":{"rendered":"SONDAJ IRES. Anul 2015 va aduce pace \u00eentre Palate"},"content":{"rendered":"<div class=\"entry data-app-meta data-app-meta-article\" data-embed-base-url-canonical=\"https:\/\/www.digi24.ro\/embed\/stiri\/actualitate\/politica\/sondaj-ires-anul-2015-va-aduce-pace-intre-palate-342372\">\n<p data-index=\"1\">Starea conflictual\u0103 dintre palatele Cotroceni \u015fi Victoria a apus. Potrivit unui sondaj de opinie realizat de IRES, 61% dintre rom\u00e2ni anticipeaz\u0103 c\u0103 \u00eentre pre\u015fedinte \u015fi premier va exista o colaborare bun\u0103 \u00een 2015.<\/p>\n<p data-index=\"2\">Un aspect care \u0163ine tot de scena politic\u0103 este legat de viitorul principalului partid parlamentar, PSD, care a pierdut alegerile preziden\u0163iale. 46% dintre cei chestiona\u0163i cred c\u0103, \u00een 2015, social-democra\u0163ii se vor reforma, \u00een timp ce 33% cred contrariul. <\/p>\n<p data-index=\"3\">Peste jum\u0103tate dintre rom\u00e2nii intervieva\u021bi &#8211; 54% &#8211; sunt pesimi\u0219ti \u00een ceea ce prive\u0219te posibilitatea ridic\u0103rii vizelor pentru Statele Unite.<\/p>\n<p data-index=\"4\">Potrivit anchetei sociologice realizat\u0103 de IRES, iar 68% dintre responden\u021bi anticipeaz\u0103 c\u0103, \u00een acest an, \u00een Rom\u00e2nia va avea loc o cre\u0219tere economic\u0103 \u0219i al\u021bi 67% anticipeaz\u0103 cre\u015fterea investi\u0163iilor str\u0103ine \u00een \u0163ara noastr\u0103.<\/p>\n<p data-index=\"5\">Rom\u00e2nii r\u0103m\u00e2n totu\u0219i rezerva\u021bi \u00een privin\u021ba nivelului lor de trai \u00een 2015. Doar 49% cred \u00eens\u0103 c\u0103 nivelul de trai din \u021bara noastr\u0103 va cre\u0219te \u0219i o treime dintre intervieva\u021bi sunt de p\u0103rere c\u0103 va r\u0103m\u00e2ne la fel, iar 17% consider\u0103 chiar c\u0103 va sc\u0103dea. Rom\u00e2nii sunt totu\u015fi mai rezerva\u0163i atunci c\u00e2nd anticipeaz\u0103 viitorul lor \u00een 2015: doar 43% consider\u0103 c\u0103 veniturile lor vor cre\u015fte \u00een noul an, \u00een timp ce 39% cred c\u0103 vor r\u0103m\u00e2ne la fel ca \u015fi \u00een 2014.<\/p>\n<p data-index=\"6\">Cei mai mul\u021bi dintre rom\u00e2ni consider\u0103 c\u0103 lucrurile \u00een Rom\u00e2nia merg \u00een direc\u021bia bun\u0103. Conform studiului IRES, 50% dintre participan\u021bi consider\u0103 c\u0103 direc\u021bia este bun\u0103, 36% c\u0103 este gre\u0219it\u0103, iar 14% nu pot aprecia care este direc\u021bia \u00een care se \u00eendreapt\u0103 lucrurile din aceast\u0103 \u021bar\u0103.<\/p>\n<p data-index=\"7\">Pompierii \u015fi militarii se bucur\u0103 de cel mai \u00eenalt nivel de mul\u0163umire din partea rom\u00e2nilor. La polul opus, procurorii, judec\u0103torii, avoca\u0163ii \u015fi func\u0163ionarii publici beneficiaz\u0103 de nivelul de mul\u0163umire cel mai redus.<\/p>\n<p data-index=\"8\">Cercetarea sociologic\u0103, realizat\u0103 \u00een perioada 19-20 Decembrie 2014, s-a realizat pe un e\u015fantion de 1.131 indivizi de 18 ani \u0219i peste, iar eroarea maxim\u0103 tolerat\u0103 este de plus-minus 2,9%.<\/p>\n<\/div>\n<p> Source URL: https:\/\/www.digi24.ro\/stiri\/actualitate\/politica\/sondaj-ires-anul-2015-va-aduce-pace-intre-palate-342372<\/p>\n","protected":false},"excerpt":{"rendered":"<p>Starea conflictual\u0103 dintre palatele Cotroceni \u015fi Victoria a apus. Potrivit unui sondaj de opinie realizat de IRES, 61% dintre rom\u00e2ni anticipeaz\u0103 c\u0103 \u00eentre pre\u015fedinte \u015fi premier va exista o colaborare bun\u0103 \u00een 2015. Un aspect care \u0163ine tot de scena politic\u0103 este legat de viitorul principalului partid parlamentar, PSD, care a pierdut alegerile preziden\u0163iale. 46% [&hellip;]<\/p>\n","protected":false},"author":1,"featured_media":188994,"comment_status":"open","ping_status":"","sticky":false,"template":"","format":"standard","meta":{"footnotes":""},"categories":[2],"tags":[11],"class_list":["post-188993","post","type-post","status-publish","format-standard","has-post-thumbnail","hentry","category-politics","tag-digi24"],"_links":{"self":[{"href":"https:\/\/analyse.optim.biz\/index.php?rest_route=\/wp\/v2\/posts\/188993","targetHints":{"allow":["GET"]}}],"collection":[{"href":"https:\/\/analyse.optim.biz\/index.php?rest_route=\/wp\/v2\/posts"}],"about":[{"href":"https:\/\/analyse.optim.biz\/index.php?rest_route=\/wp\/v2\/types\/post"}],"author":[{"embeddable":true,"href":"https:\/\/analyse.optim.biz\/index.php?rest_route=\/wp\/v2\/users\/1"}],"replies":[{"embeddable":true,"href":"https:\/\/analyse.optim.biz\/index.php?rest_route=%2Fwp%2Fv2%2Fcomments&post=188993"}],"version-history":[{"count":0,"href":"https:\/\/analyse.optim.biz\/index.php?rest_route=\/wp\/v2\/posts\/188993\/revisions"}],"wp:featuredmedia":[{"embeddable":true,"href":"https:\/\/analyse.optim.biz\/index.php?rest_route=\/wp\/v2\/media\/188994"}],"wp:attachment":[{"href":"https:\/\/analyse.optim.biz\/index.php?rest_route=%2Fwp%2Fv2%2Fmedia&parent=188993"}],"wp:term":[{"taxonomy":"category","embeddable":true,"href":"https:\/\/analyse.optim.biz\/index.php?rest_route=%2Fwp%2Fv2%2Fcategories&post=188993"},{"taxonomy":"post_tag","embeddable":true,"href":"https:\/\/analyse.optim.biz\/index.php?rest_route=%2Fwp%2Fv2%2Ftags&post=188993"}],"curies":[{"name":"wp","href":"https:\/\/api.w.org\/{rel}","templated":true}]}}