{"id":1889887,"date":"2026-04-17T10:57:18","date_gmt":"2026-04-17T07:57:18","guid":{"rendered":"https:\/\/analyse.optim.biz\/?p=1889887"},"modified":"2026-04-17T10:57:18","modified_gmt":"2026-04-17T07:57:18","slug":"tanar-de-22-de-ani-retinut-pentru-24-de-ore-dupa-o-urmarire-spectaculoasa-in-suceava-conducea-o-motocicleta-cu-numar-fals-si-fara-permis-corespunzator","status":"publish","type":"post","link":"https:\/\/analyse.optim.biz\/?p=1889887","title":{"rendered":"T\u00e2n\u0103r de 22 de ani re\u021binut pentru 24 de ore dup\u0103 o urm\u0103rire spectaculoas\u0103 \u00een Suceava. Conducea o motociclet\u0103 cu num\u0103r fals \u0219i f\u0103r\u0103 permis corespunz\u0103tor"},"content":{"rendered":"<p>[analyse_image type=&#8221;featured&#8221; src=&#8221;https:\/\/www.newsbucovina.ro\/wp-content\/uploads\/2026\/03\/politie-2.jpeghttps:\/\/cdn.newsbucovina.ro\/wp-content\/uploads\/2026\/03\/politie-2.jpeg&#8221;]<\/p>\n<div class=\"td-post-content tagdiv-type\">\n<div class=\"td-a-rec td-a-rec-id-content_top  tdi_3 td_block_template_1\"><strong>Intr\u0103 acum \u0219i \u00een grupul de <\/p>\n<div class=\"wp-block-button\"><a class=\"wp-block-button__link wp-element-button\" href=\"https:\/\/t.me\/+TH8wcfnp8fw5NWI0\">Telegram News Bucovina<\/a><\/div>\n<p><\/strong><\/div>\n<p>Poli\u021bi\u0219tii Biroului Rutier din cadrul Poli\u021biei Municipiului Suceava au dispus re\u021binerea pentru 24 de ore a unui t\u00e2n\u0103r de 22 de ani, cercetat pentru mai multe infrac\u021biuni rutiere comise \u00een urma unei urm\u0103riri \u00een trafic pe 11 aprilie 2026.<\/p>\n<figure class=\"wp-block-image size-large\"><a href=\"https:\/\/cdn.newsbucovina.ro\/wp-content\/uploads\/2026\/03\/politie-2.jpeg\"><img loading=\"lazy\" decoding=\"async\" width=\"1024\" height=\"768\" src=\"https:\/\/cdn.newsbucovina.ro\/wp-content\/uploads\/2026\/03\/politie-2-1024x768.jpeg\" alt class=\"wp-image-434080\"><\/a><\/figure>\n<p>Suspectul a fost audiat joi, 16 aprilie 2026, dup\u0103 ce poli\u021bi\u0219tii au finalizat activit\u0103\u021bile de urm\u0103rire penal\u0103. \u00cen baza probatoriului administrat, s-a dispus continuarea urm\u0103ririi penale pentru s\u0103v\u00e2r\u0219irea infrac\u021biunilor de conducerea unui vehicul f\u0103r\u0103 a poseda permis de conducere corespunz\u0103tor, punerea \u00een circula\u021bie sau conducerea unui vehicul ne\u00eenmatriculat.<\/p>\n<p>El a fost re\u021binut pentru 24 de ore \u0219i introdus \u00een Centrul de Re\u021binere \u0219i Arest Preventiv al IPJ Suceava.<\/p>\n<p>Reamintim c\u0103 \u00een data de 11 aprilie 2026, \u00een jurul orei 19:50, o patrul\u0103 a Biroului de Ordine Public\u0103 din cadrul Poli\u021biei Municipiului Suceava a observat pe Calea Unirii o motociclet\u0103 Kawasaki cu num\u0103r de \u00eenmatriculare francez (BC-041-MC) care adopta un comportament agresiv \u00een trafic. La semnalul regulamentar de oprire efectuat \u00een zona intersec\u021biei cu fabrica Denis, conduc\u0103torul nu s-a conformat \u0219i a accelerat.<\/p>\n<p>Poli\u021bi\u0219tii au pornit \u00een urm\u0103rire pe Calea Unirii, apoi pe str\u0103zile Energeticianului, Mir\u0103u\u021bilor, Petru Mu\u0219at \u0219i Tudor \u0218tefaneli. La un moment dat, \u00een sprijin a intervenit o alt\u0103 autospecial\u0103 de poli\u021bie, reu\u0219indu-se blocarea motocicletei \u0219i imobilizarea conduc\u0103torului f\u0103r\u0103 incidente.<\/p>\n<p>Verific\u0103rile efectuate au stabilit c\u0103 suspectul nu de\u021bine categoria A de permis pentru conducerea motocicletelor. De asemenea, num\u0103rul de \u00eenmatriculare al motocicletei Kawasaki figureaz\u0103 ca fiind alocat unui alt model de motociclet\u0103, iar verific\u0103rile \u00een bazele de date au relevat \u0219i alte nereguli privind \u00eenmatricularea.<\/p>\n<p>La fa\u021ba locului au fost prezen\u021bi poli\u021bi\u0219ti din Biroul Rutier, care au testat conduc\u0103torul cu etilometrul \u2013 rezultatul fiind negativ. A fost \u00eentocmit dosar penal \u0219i un proces-verbal de contraven\u021bie \u00een valoare total\u0103 de 6.657,5 lei (4.657,5 lei conform OUG 195\/2002 \u0219i 2.000 lei conform Legii 132\/2017 pentru lipsa poli\u021bei RCA valabile). De asemenea, a fost re\u021binut permisul de conducere necorespunz\u0103tor categoriei.<\/p>\n<p>Cercet\u0103rile continu\u0103 sub coordonarea Parchetului de pe l\u00e2ng\u0103 Judec\u0103toria Suceava.<\/p>\n<div class=\"td-a-rec td-a-rec-id-content_bottom  tdi_4 td_block_template_1\"><strong>Intr\u0103 acum \u0219i \u00een grupul de <\/p>\n<div class=\"wp-block-button\"><a class=\"wp-block-button__link wp-element-button\" href=\"https:\/\/t.me\/+TH8wcfnp8fw5NWI0\">Telegram News Bucovina<\/a><\/div>\n<p><\/strong><\/div>\n<\/div>\n<div class=\"td-post-content tagdiv-type\">\n<div class=\"td-a-rec td-a-rec-id-content_top  tdi_3 td_block_template_1\"><strong>Intr\u0103 acum \u0219i \u00een grupul de <\/p>\n<div class=\"wp-block-button\"><a class=\"wp-block-button__link wp-element-button\" href=\"https:\/\/t.me\/+TH8wcfnp8fw5NWI0\">Telegram News Bucovina<\/a><\/div>\n<p><\/strong><\/div>\n<p>Poli\u021bi\u0219tii Biroului Rutier din cadrul Poli\u021biei Municipiului Suceava au dispus re\u021binerea pentru 24 de ore a unui t\u00e2n\u0103r de 22 de ani, cercetat pentru mai multe infrac\u021biuni rutiere comise \u00een urma unei urm\u0103riri \u00een trafic pe 11 aprilie 2026.<\/p>\n<figure class=\"wp-block-image size-large\"><a href=\"https:\/\/cdn.newsbucovina.ro\/wp-content\/uploads\/2026\/03\/politie-2.jpeg\"><img loading=\"lazy\" decoding=\"async\" width=\"1024\" height=\"768\" src=\"https:\/\/cdn.newsbucovina.ro\/wp-content\/uploads\/2026\/03\/politie-2-1024x768.jpeg\" alt class=\"wp-image-434080\"><\/a><\/figure>\n<p>Suspectul a fost audiat joi, 16 aprilie 2026, dup\u0103 ce poli\u021bi\u0219tii au finalizat activit\u0103\u021bile de urm\u0103rire penal\u0103. \u00cen baza probatoriului administrat, s-a dispus continuarea urm\u0103ririi penale pentru s\u0103v\u00e2r\u0219irea infrac\u021biunilor de conducerea unui vehicul f\u0103r\u0103 a poseda permis de conducere corespunz\u0103tor, punerea \u00een circula\u021bie sau conducerea unui vehicul ne\u00eenmatriculat.<\/p>\n<p>El a fost re\u021binut pentru 24 de ore \u0219i introdus \u00een Centrul de Re\u021binere \u0219i Arest Preventiv al IPJ Suceava.<\/p>\n<p>Reamintim c\u0103 \u00een data de 11 aprilie 2026, \u00een jurul orei 19:50, o patrul\u0103 a Biroului de Ordine Public\u0103 din cadrul Poli\u021biei Municipiului Suceava a observat pe Calea Unirii o motociclet\u0103 Kawasaki cu num\u0103r de \u00eenmatriculare francez (BC-041-MC) care adopta un comportament agresiv \u00een trafic. La semnalul regulamentar de oprire efectuat \u00een zona intersec\u021biei cu fabrica Denis, conduc\u0103torul nu s-a conformat \u0219i a accelerat.<\/p>\n<p>Poli\u021bi\u0219tii au pornit \u00een urm\u0103rire pe Calea Unirii, apoi pe str\u0103zile Energeticianului, Mir\u0103u\u021bilor, Petru Mu\u0219at \u0219i Tudor \u0218tefaneli. La un moment dat, \u00een sprijin a intervenit o alt\u0103 autospecial\u0103 de poli\u021bie, reu\u0219indu-se blocarea motocicletei \u0219i imobilizarea conduc\u0103torului f\u0103r\u0103 incidente.<\/p>\n<p>Verific\u0103rile efectuate au stabilit c\u0103 suspectul nu de\u021bine categoria A de permis pentru conducerea motocicletelor. De asemenea, num\u0103rul de \u00eenmatriculare al motocicletei Kawasaki figureaz\u0103 ca fiind alocat unui alt model de motociclet\u0103, iar verific\u0103rile \u00een bazele de date au relevat \u0219i alte nereguli privind \u00eenmatricularea.<\/p>\n<p>La fa\u021ba locului au fost prezen\u021bi poli\u021bi\u0219ti din Biroul Rutier, care au testat conduc\u0103torul cu etilometrul \u2013 rezultatul fiind negativ. A fost \u00eentocmit dosar penal \u0219i un proces-verbal de contraven\u021bie \u00een valoare total\u0103 de 6.657,5 lei (4.657,5 lei conform OUG 195\/2002 \u0219i 2.000 lei conform Legii 132\/2017 pentru lipsa poli\u021bei RCA valabile). De asemenea, a fost re\u021binut permisul de conducere necorespunz\u0103tor categoriei.<\/p>\n<p>Cercet\u0103rile continu\u0103 sub coordonarea Parchetului de pe l\u00e2ng\u0103 Judec\u0103toria Suceava.<\/p>\n<div class=\"td-a-rec td-a-rec-id-content_bottom  tdi_4 td_block_template_1\"><strong>Intr\u0103 acum \u0219i \u00een grupul de <\/p>\n<div class=\"wp-block-button\"><a class=\"wp-block-button__link wp-element-button\" href=\"https:\/\/t.me\/+TH8wcfnp8fw5NWI0\">Telegram News Bucovina<\/a><\/div>\n<p><\/strong><\/div>\n<\/div>\n<p>[analyse_source url=&#8221;https:\/\/www.newsbucovina.ro\/social\/436387\/tanar-de-22-de-ani-retinut-pentru-24-de-ore-dupa-o-urmarire-spectaculoasa-in-suceava-conducea-o-motocicleta-cu-numar-fals-si-fara-permis-corespunzator&#8221;]<\/p>\n","protected":false},"excerpt":{"rendered":"<p>[analyse_image type=&#8221;featured&#8221; src=&#8221;https:\/\/www.newsbucovina.ro\/wp-content\/uploads\/2026\/03\/politie-2.jpeghttps:\/\/cdn.newsbucovina.ro\/wp-content\/uploads\/2026\/03\/politie-2.jpeg&#8221;] Intr\u0103 acum \u0219i \u00een grupul de Telegram News Bucovina Poli\u021bi\u0219tii Biroului Rutier din cadrul Poli\u021biei Municipiului Suceava au dispus re\u021binerea pentru 24 de ore a unui t\u00e2n\u0103r de 22 de ani, cercetat pentru mai multe infrac\u021biuni rutiere comise \u00een urma unei urm\u0103riri \u00een trafic pe 11 aprilie 2026. Suspectul a fost audiat [&hellip;]<\/p>\n","protected":false},"author":1,"featured_media":0,"comment_status":"open","ping_status":"","sticky":false,"template":"","format":"standard","meta":{"footnotes":""},"categories":[89],"tags":[226,165],"class_list":["post-1889887","post","type-post","status-publish","format-standard","hentry","category-romania","tag-crawlmanager","tag-newsbucovina-ro"],"_links":{"self":[{"href":"https:\/\/analyse.optim.biz\/index.php?rest_route=\/wp\/v2\/posts\/1889887","targetHints":{"allow":["GET"]}}],"collection":[{"href":"https:\/\/analyse.optim.biz\/index.php?rest_route=\/wp\/v2\/posts"}],"about":[{"href":"https:\/\/analyse.optim.biz\/index.php?rest_route=\/wp\/v2\/types\/post"}],"author":[{"embeddable":true,"href":"https:\/\/analyse.optim.biz\/index.php?rest_route=\/wp\/v2\/users\/1"}],"replies":[{"embeddable":true,"href":"https:\/\/analyse.optim.biz\/index.php?rest_route=%2Fwp%2Fv2%2Fcomments&post=1889887"}],"version-history":[{"count":0,"href":"https:\/\/analyse.optim.biz\/index.php?rest_route=\/wp\/v2\/posts\/1889887\/revisions"}],"wp:attachment":[{"href":"https:\/\/analyse.optim.biz\/index.php?rest_route=%2Fwp%2Fv2%2Fmedia&parent=1889887"}],"wp:term":[{"taxonomy":"category","embeddable":true,"href":"https:\/\/analyse.optim.biz\/index.php?rest_route=%2Fwp%2Fv2%2Fcategories&post=1889887"},{"taxonomy":"post_tag","embeddable":true,"href":"https:\/\/analyse.optim.biz\/index.php?rest_route=%2Fwp%2Fv2%2Ftags&post=1889887"}],"curies":[{"name":"wp","href":"https:\/\/api.w.org\/{rel}","templated":true}]}}