{"id":1889885,"date":"2026-04-17T10:49:23","date_gmt":"2026-04-17T07:49:23","guid":{"rendered":"https:\/\/analyse.optim.biz\/?p=1889885"},"modified":"2026-04-17T10:49:23","modified_gmt":"2026-04-17T07:49:23","slug":"tanar-de-18-ani-fara-permis-de-conducere-retinut-pentru-24-de-ore-dupa-ce-a-provocat-un-accident-rutier-cu-trei-raniti-in-comuna-ulma","status":"publish","type":"post","link":"https:\/\/analyse.optim.biz\/?p=1889885","title":{"rendered":"T\u00e2n\u0103r de 18 ani, f\u0103r\u0103 permis de conducere, re\u021binut pentru 24 de ore dup\u0103 ce a provocat un accident rutier cu trei r\u0103ni\u021bi \u00een comuna Ulma"},"content":{"rendered":"<p>[analyse_image type=&#8221;featured&#8221; src=&#8221;https:\/\/www.newsbucovina.ro\/wp-content\/uploads\/2023\/07\/mitsubishi-shogun-contrabanda-straja-1024&#215;614-1.jpghttps:\/\/cdn.newsbucovina.ro\/wp-content\/uploads\/2023\/07\/mitsubishi-shogun-contrabanda-straja-1024&#215;614-1.jpg&#8221;]<\/p>\n<div class=\"td-post-content tagdiv-type\">\n<div class=\"td-a-rec td-a-rec-id-content_top  tdi_3 td_block_template_1\"><strong>Intr\u0103 acum \u0219i \u00een grupul de <\/p>\n<div class=\"wp-block-button\"><a class=\"wp-block-button__link wp-element-button\" href=\"https:\/\/t.me\/+TH8wcfnp8fw5NWI0\">Telegram News Bucovina<\/a><\/div>\n<p><\/strong><\/div>\n<p>Poli\u021bi\u0219tii din Vicovu de Sus au dispus re\u021binerea pentru 24 de ore a unui t\u00e2n\u0103r de 18 ani din comuna Ulma, cercetat pentru conducere f\u0103r\u0103 permis \u0219i v\u0103t\u0103mare corporal\u0103 din culp\u0103, dup\u0103 ce a provocat un accident rutier soldat cu mai mul\u021bi r\u0103ni\u021bi.<\/p>\n<div class=\"wp-block-image\">\n<figure class=\"aligncenter size-full\"><a href=\"https:\/\/cdn.newsbucovina.ro\/wp-content\/uploads\/2023\/07\/mitsubishi-shogun-contrabanda-straja-1024x614-1.jpg\"><img loading=\"lazy\" decoding=\"async\" width=\"766\" height=\"498\" src=\"https:\/\/cdn.newsbucovina.ro\/wp-content\/uploads\/2023\/07\/mitsubishi-shogun-contrabanda-straja-1024x614-1.jpg\" alt class=\"wp-image-367426\"><\/a><\/figure>\n<\/div>\n<p>Evenimentul s-a produs pe 12 aprilie 2026, \u00een jurul orei 20:10, pe un drum comunal neclasificat din satul Lupcina. T\u00e2n\u0103rul conducea un autoturism marca Mitsubishi cu num\u0103r de \u00eenmatriculare britanic, c\u00e2nd a pierdut controlul vehiculului \u0219i s-a r\u0103sturnat \u00een afara p\u0103r\u021bii carosabile, \u00een dreptul unui imobil.<\/p>\n<p>\u00cen incident au fost implicate \u0219ase persoane, toate din comuna Ulma, cu v\u00e2rste cuprinse \u00eentre 14 \u0219i 18 ani. Dou\u0103 dintre victime au fost transportate la Spitalul Municipal R\u0103d\u0103u\u021bi, iar una la Spitalul Jude\u021bean Suceava, fiind diagnosticate cu politraumatism, contuzii, dureri cervicale \u0219i lombare, precum \u0219i traumatism cranio-cerebral, traumatism cervical \u0219i traumatism toraco-abdomino-pelvin.<\/p>\n<p>Testarea cu aparatul etilotest a indicat un rezultat negativ pentru consum de alcool.<\/p>\n<p>Verific\u0103rile \u00een bazele de date au confirmat c\u0103 \u0219oferul nu de\u021bine permis de conducere pentru nicio categorie de autovehicule. Autoturismul avea ITP-ul expirat \u0219i nu de\u021binea poli\u021b\u0103 RCA valabil\u0103, motiv pentru care i-au fost ridicate pl\u0103cu\u021bele de \u00eenmatriculare \u0219i a fost imobilizat.<\/p>\n<p>Ini\u021bial, dosarul a fost deschis pentru \u201ev\u0103t\u0103mare corporal\u0103 din culp\u0103\u201d. \u00cen urma administr\u0103rii probatoriului, la data de 15 aprilie 2026, s-a dispus continuarea urm\u0103ririi penale \u0219i pentru infrac\u021biunea de \u201econducere a unui vehicul f\u0103r\u0103 permis de conducere\u201d. La data de 16 aprilie 2026, suspectul a fost re\u021binut pentru 24 de ore \u0219i introdus \u00een Centrul de Re\u021binere \u0219i Arest Preventiv al IPJ Suceava.<\/p>\n<p>Cercet\u0103rile continu\u0103 sub aspectul s\u0103v\u00e2r\u0219irii infrac\u021biunilor de <strong>v\u0103t\u0103mare corporal\u0103 din culp\u0103<\/strong> (art. 196 alin. (2) \u0219i (4) Cod Penal) \u0219i <strong>conducere f\u0103r\u0103 permis<\/strong> (art. 335 alin. (1) Cod Penal), dosarul fiind instrumentat de poli\u021bi\u0219tii din Vicovu de Sus sub supravegherea Parchetului de pe l\u00e2ng\u0103 Judec\u0103toria R\u0103d\u0103u\u021bi.<\/p>\n<div class=\"td-a-rec td-a-rec-id-content_bottom  tdi_4 td_block_template_1\"><strong>Intr\u0103 acum \u0219i \u00een grupul de <\/p>\n<div class=\"wp-block-button\"><a class=\"wp-block-button__link wp-element-button\" href=\"https:\/\/t.me\/+TH8wcfnp8fw5NWI0\">Telegram News Bucovina<\/a><\/div>\n<p><\/strong><\/div>\n<\/div>\n<div class=\"td-post-content tagdiv-type\">\n<div class=\"td-a-rec td-a-rec-id-content_top  tdi_3 td_block_template_1\"><strong>Intr\u0103 acum \u0219i \u00een grupul de <\/p>\n<div class=\"wp-block-button\"><a class=\"wp-block-button__link wp-element-button\" href=\"https:\/\/t.me\/+TH8wcfnp8fw5NWI0\">Telegram News Bucovina<\/a><\/div>\n<p><\/strong><\/div>\n<p>Poli\u021bi\u0219tii din Vicovu de Sus au dispus re\u021binerea pentru 24 de ore a unui t\u00e2n\u0103r de 18 ani din comuna Ulma, cercetat pentru conducere f\u0103r\u0103 permis \u0219i v\u0103t\u0103mare corporal\u0103 din culp\u0103, dup\u0103 ce a provocat un accident rutier soldat cu mai mul\u021bi r\u0103ni\u021bi.<\/p>\n<div class=\"wp-block-image\">\n<figure class=\"aligncenter size-full\"><a href=\"https:\/\/cdn.newsbucovina.ro\/wp-content\/uploads\/2023\/07\/mitsubishi-shogun-contrabanda-straja-1024x614-1.jpg\"><img loading=\"lazy\" decoding=\"async\" width=\"766\" height=\"498\" src=\"https:\/\/cdn.newsbucovina.ro\/wp-content\/uploads\/2023\/07\/mitsubishi-shogun-contrabanda-straja-1024x614-1.jpg\" alt class=\"wp-image-367426\"><\/a><\/figure>\n<\/div>\n<p>Evenimentul s-a produs pe 12 aprilie 2026, \u00een jurul orei 20:10, pe un drum comunal neclasificat din satul Lupcina. T\u00e2n\u0103rul conducea un autoturism marca Mitsubishi cu num\u0103r de \u00eenmatriculare britanic, c\u00e2nd a pierdut controlul vehiculului \u0219i s-a r\u0103sturnat \u00een afara p\u0103r\u021bii carosabile, \u00een dreptul unui imobil.<\/p>\n<p>\u00cen incident au fost implicate \u0219ase persoane, toate din comuna Ulma, cu v\u00e2rste cuprinse \u00eentre 14 \u0219i 18 ani. Dou\u0103 dintre victime au fost transportate la Spitalul Municipal R\u0103d\u0103u\u021bi, iar una la Spitalul Jude\u021bean Suceava, fiind diagnosticate cu politraumatism, contuzii, dureri cervicale \u0219i lombare, precum \u0219i traumatism cranio-cerebral, traumatism cervical \u0219i traumatism toraco-abdomino-pelvin.<\/p>\n<p>Testarea cu aparatul etilotest a indicat un rezultat negativ pentru consum de alcool.<\/p>\n<p>Verific\u0103rile \u00een bazele de date au confirmat c\u0103 \u0219oferul nu de\u021bine permis de conducere pentru nicio categorie de autovehicule. Autoturismul avea ITP-ul expirat \u0219i nu de\u021binea poli\u021b\u0103 RCA valabil\u0103, motiv pentru care i-au fost ridicate pl\u0103cu\u021bele de \u00eenmatriculare \u0219i a fost imobilizat.<\/p>\n<p>Ini\u021bial, dosarul a fost deschis pentru \u201ev\u0103t\u0103mare corporal\u0103 din culp\u0103\u201d. \u00cen urma administr\u0103rii probatoriului, la data de 15 aprilie 2026, s-a dispus continuarea urm\u0103ririi penale \u0219i pentru infrac\u021biunea de \u201econducere a unui vehicul f\u0103r\u0103 permis de conducere\u201d. La data de 16 aprilie 2026, suspectul a fost re\u021binut pentru 24 de ore \u0219i introdus \u00een Centrul de Re\u021binere \u0219i Arest Preventiv al IPJ Suceava.<\/p>\n<p>Cercet\u0103rile continu\u0103 sub aspectul s\u0103v\u00e2r\u0219irii infrac\u021biunilor de <strong>v\u0103t\u0103mare corporal\u0103 din culp\u0103<\/strong> (art. 196 alin. (2) \u0219i (4) Cod Penal) \u0219i <strong>conducere f\u0103r\u0103 permis<\/strong> (art. 335 alin. (1) Cod Penal), dosarul fiind instrumentat de poli\u021bi\u0219tii din Vicovu de Sus sub supravegherea Parchetului de pe l\u00e2ng\u0103 Judec\u0103toria R\u0103d\u0103u\u021bi.<\/p>\n<div class=\"td-a-rec td-a-rec-id-content_bottom  tdi_4 td_block_template_1\"><strong>Intr\u0103 acum \u0219i \u00een grupul de <\/p>\n<div class=\"wp-block-button\"><a class=\"wp-block-button__link wp-element-button\" href=\"https:\/\/t.me\/+TH8wcfnp8fw5NWI0\">Telegram News Bucovina<\/a><\/div>\n<p><\/strong><\/div>\n<\/div>\n<p>[analyse_source url=&#8221;https:\/\/www.newsbucovina.ro\/social\/436385\/tanar-de-18-ani-fara-permis-de-conducere-retinut-pentru-24-de-ore-dupa-ce-a-provocat-un-accident-rutier-cu-trei-raniti-in-comuna-ulma&#8221;]<\/p>\n","protected":false},"excerpt":{"rendered":"<p>[analyse_image type=&#8221;featured&#8221; src=&#8221;https:\/\/www.newsbucovina.ro\/wp-content\/uploads\/2023\/07\/mitsubishi-shogun-contrabanda-straja-1024&#215;614-1.jpghttps:\/\/cdn.newsbucovina.ro\/wp-content\/uploads\/2023\/07\/mitsubishi-shogun-contrabanda-straja-1024&#215;614-1.jpg&#8221;] Intr\u0103 acum \u0219i \u00een grupul de Telegram News Bucovina Poli\u021bi\u0219tii din Vicovu de Sus au dispus re\u021binerea pentru 24 de ore a unui t\u00e2n\u0103r de 18 ani din comuna Ulma, cercetat pentru conducere f\u0103r\u0103 permis \u0219i v\u0103t\u0103mare corporal\u0103 din culp\u0103, dup\u0103 ce a provocat un accident rutier soldat cu mai mul\u021bi r\u0103ni\u021bi. [&hellip;]<\/p>\n","protected":false},"author":1,"featured_media":0,"comment_status":"open","ping_status":"","sticky":false,"template":"","format":"standard","meta":{"footnotes":""},"categories":[89],"tags":[226,165],"class_list":["post-1889885","post","type-post","status-publish","format-standard","hentry","category-romania","tag-crawlmanager","tag-newsbucovina-ro"],"_links":{"self":[{"href":"https:\/\/analyse.optim.biz\/index.php?rest_route=\/wp\/v2\/posts\/1889885","targetHints":{"allow":["GET"]}}],"collection":[{"href":"https:\/\/analyse.optim.biz\/index.php?rest_route=\/wp\/v2\/posts"}],"about":[{"href":"https:\/\/analyse.optim.biz\/index.php?rest_route=\/wp\/v2\/types\/post"}],"author":[{"embeddable":true,"href":"https:\/\/analyse.optim.biz\/index.php?rest_route=\/wp\/v2\/users\/1"}],"replies":[{"embeddable":true,"href":"https:\/\/analyse.optim.biz\/index.php?rest_route=%2Fwp%2Fv2%2Fcomments&post=1889885"}],"version-history":[{"count":0,"href":"https:\/\/analyse.optim.biz\/index.php?rest_route=\/wp\/v2\/posts\/1889885\/revisions"}],"wp:attachment":[{"href":"https:\/\/analyse.optim.biz\/index.php?rest_route=%2Fwp%2Fv2%2Fmedia&parent=1889885"}],"wp:term":[{"taxonomy":"category","embeddable":true,"href":"https:\/\/analyse.optim.biz\/index.php?rest_route=%2Fwp%2Fv2%2Fcategories&post=1889885"},{"taxonomy":"post_tag","embeddable":true,"href":"https:\/\/analyse.optim.biz\/index.php?rest_route=%2Fwp%2Fv2%2Ftags&post=1889885"}],"curies":[{"name":"wp","href":"https:\/\/api.w.org\/{rel}","templated":true}]}}