{"id":1889878,"date":"2026-04-17T08:52:51","date_gmt":"2026-04-17T05:52:51","guid":{"rendered":"https:\/\/analyse.optim.biz\/?p=1889878"},"modified":"2026-04-17T08:52:51","modified_gmt":"2026-04-17T05:52:51","slug":"suceveanca-de-32-de-ani-cu-alcoolemie-mare-depistata-la-volan-la-straja-politistii-de-frontiera-au-deschis-dosar-penal","status":"publish","type":"post","link":"https:\/\/analyse.optim.biz\/?p=1889878","title":{"rendered":"Suceveanc\u0103 de 32 de ani cu alcoolemie mare, depistat\u0103 la volan la Straja. Poli\u021bi\u0219tii de frontier\u0103 au deschis dosar penal"},"content":{"rendered":"<p>[analyse_image type=&#8221;featured&#8221; src=&#8221;https:\/\/www.newsbucovina.ro\/wp-content\/uploads\/2025\/08\/politia-de-frontiera.jpghttps:\/\/cdn.newsbucovina.ro\/wp-content\/uploads\/2025\/08\/politia-de-frontiera.jpg&#8221;]<\/p>\n<div class=\"td-post-content tagdiv-type\">\n<div class=\"td-a-rec td-a-rec-id-content_top  tdi_3 td_block_template_1\"><strong>Intr\u0103 acum \u0219i \u00een grupul de <\/p>\n<div class=\"wp-block-button\"><a class=\"wp-block-button__link wp-element-button\" href=\"https:\/\/t.me\/+TH8wcfnp8fw5NWI0\">Telegram News Bucovina<\/a><\/div>\n<p><\/strong><\/div>\n<p>Poli\u021bi\u0219tii de frontier\u0103 din cadrul Sectorului Poli\u021biei de Frontier\u0103 Brodina au depistat joi sear\u0103, 16 aprilie 2026, o \u0219oferi\u021b\u0103 care circula sub influen\u021ba b\u0103uturilor alcoolice pe raza localit\u0103\u021bii Straja.<\/p>\n<figure class=\"wp-block-image size-large\"><a href=\"https:\/\/cdn.newsbucovina.ro\/wp-content\/uploads\/2025\/11\/politia-frontiera.jpg\"><img loading=\"lazy\" decoding=\"async\" width=\"1024\" height=\"614\" src=\"https:\/\/cdn.newsbucovina.ro\/wp-content\/uploads\/2025\/11\/politia-frontiera-1024x614.jpg\" alt class=\"wp-image-425359\"><\/a><\/figure>\n<p>Potrivit STPF Suceava, \u00een jurul orei 22:30, un echipaj al poli\u021biei de frontier\u0103 a oprit pentru control un autoturism \u00eenmatriculat \u00een Rom\u00e2nia. La volan se afla o suceveanc\u0103 \u00een v\u00e2rst\u0103 de 32 de ani. Deoarece aceasta emana halen\u0103 alcoolic\u0103 puternic\u0103, poli\u021bi\u0219tii au solicitat sprijinul unui echipaj din cadrul Poli\u021biei Ora\u0219ului Vicovu de Sus pentru testarea cu aparatul etilotest.<\/p>\n<p>Rezultatul test\u0103rii a indicat o concentra\u021bie de <strong>1,06 mg\/l alcool pur \u00een aerul expirat<\/strong>. Femeia a fost transportat\u0103 la Spitalul Municipal R\u0103d\u0103u\u021bi, unde i-au fost recoltate probe biologice de s\u00e2nge \u00een vederea stabilirii exacte a alcoolemiei.<\/p>\n<p>\u00cen cauz\u0103 a fost \u00eentocmit dosar penal sub aspectul s\u0103v\u00e2r\u0219irii infrac\u021biunii de <strong>conducere a unui vehicul sub influen\u021ba b\u0103uturilor alcoolice<\/strong>.<\/p>\n<div class=\"td-a-rec td-a-rec-id-content_bottom  tdi_4 td_block_template_1\"><strong>Intr\u0103 acum \u0219i \u00een grupul de <\/p>\n<div class=\"wp-block-button\"><a class=\"wp-block-button__link wp-element-button\" href=\"https:\/\/t.me\/+TH8wcfnp8fw5NWI0\">Telegram News Bucovina<\/a><\/div>\n<p><\/strong><\/div>\n<\/div>\n<div class=\"td-post-content tagdiv-type\">\n<div class=\"td-a-rec td-a-rec-id-content_top  tdi_3 td_block_template_1\"><strong>Intr\u0103 acum \u0219i \u00een grupul de <\/p>\n<div class=\"wp-block-button\"><a class=\"wp-block-button__link wp-element-button\" href=\"https:\/\/t.me\/+TH8wcfnp8fw5NWI0\">Telegram News Bucovina<\/a><\/div>\n<p><\/strong><\/div>\n<p>Poli\u021bi\u0219tii de frontier\u0103 din cadrul Sectorului Poli\u021biei de Frontier\u0103 Brodina au depistat joi sear\u0103, 16 aprilie 2026, o \u0219oferi\u021b\u0103 care circula sub influen\u021ba b\u0103uturilor alcoolice pe raza localit\u0103\u021bii Straja.<\/p>\n<figure class=\"wp-block-image size-large\"><a href=\"https:\/\/cdn.newsbucovina.ro\/wp-content\/uploads\/2025\/11\/politia-frontiera.jpg\"><img loading=\"lazy\" decoding=\"async\" width=\"1024\" height=\"614\" src=\"https:\/\/cdn.newsbucovina.ro\/wp-content\/uploads\/2025\/11\/politia-frontiera-1024x614.jpg\" alt class=\"wp-image-425359\"><\/a><\/figure>\n<p>Potrivit STPF Suceava, \u00een jurul orei 22:30, un echipaj al poli\u021biei de frontier\u0103 a oprit pentru control un autoturism \u00eenmatriculat \u00een Rom\u00e2nia. La volan se afla o suceveanc\u0103 \u00een v\u00e2rst\u0103 de 32 de ani. Deoarece aceasta emana halen\u0103 alcoolic\u0103 puternic\u0103, poli\u021bi\u0219tii au solicitat sprijinul unui echipaj din cadrul Poli\u021biei Ora\u0219ului Vicovu de Sus pentru testarea cu aparatul etilotest.<\/p>\n<p>Rezultatul test\u0103rii a indicat o concentra\u021bie de <strong>1,06 mg\/l alcool pur \u00een aerul expirat<\/strong>. Femeia a fost transportat\u0103 la Spitalul Municipal R\u0103d\u0103u\u021bi, unde i-au fost recoltate probe biologice de s\u00e2nge \u00een vederea stabilirii exacte a alcoolemiei.<\/p>\n<p>\u00cen cauz\u0103 a fost \u00eentocmit dosar penal sub aspectul s\u0103v\u00e2r\u0219irii infrac\u021biunii de <strong>conducere a unui vehicul sub influen\u021ba b\u0103uturilor alcoolice<\/strong>.<\/p>\n<div class=\"td-a-rec td-a-rec-id-content_bottom  tdi_4 td_block_template_1\"><strong>Intr\u0103 acum \u0219i \u00een grupul de <\/p>\n<div class=\"wp-block-button\"><a class=\"wp-block-button__link wp-element-button\" href=\"https:\/\/t.me\/+TH8wcfnp8fw5NWI0\">Telegram News Bucovina<\/a><\/div>\n<p><\/strong><\/div>\n<\/div>\n<p>[analyse_source url=&#8221;https:\/\/www.newsbucovina.ro\/radauti\/436374\/suceveanca-de-32-de-ani-cu-alcoolemie-mare-depistata-la-volan-la-straja-politistii-de-frontiera-au-deschis-dosar-penal&#8221;]<\/p>\n","protected":false},"excerpt":{"rendered":"<p>[analyse_image type=&#8221;featured&#8221; src=&#8221;https:\/\/www.newsbucovina.ro\/wp-content\/uploads\/2025\/08\/politia-de-frontiera.jpghttps:\/\/cdn.newsbucovina.ro\/wp-content\/uploads\/2025\/08\/politia-de-frontiera.jpg&#8221;] Intr\u0103 acum \u0219i \u00een grupul de Telegram News Bucovina Poli\u021bi\u0219tii de frontier\u0103 din cadrul Sectorului Poli\u021biei de Frontier\u0103 Brodina au depistat joi sear\u0103, 16 aprilie 2026, o \u0219oferi\u021b\u0103 care circula sub influen\u021ba b\u0103uturilor alcoolice pe raza localit\u0103\u021bii Straja. Potrivit STPF Suceava, \u00een jurul orei 22:30, un echipaj al poli\u021biei de frontier\u0103 a [&hellip;]<\/p>\n","protected":false},"author":1,"featured_media":0,"comment_status":"open","ping_status":"","sticky":false,"template":"","format":"standard","meta":{"footnotes":""},"categories":[89],"tags":[226,165],"class_list":["post-1889878","post","type-post","status-publish","format-standard","hentry","category-romania","tag-crawlmanager","tag-newsbucovina-ro"],"_links":{"self":[{"href":"https:\/\/analyse.optim.biz\/index.php?rest_route=\/wp\/v2\/posts\/1889878","targetHints":{"allow":["GET"]}}],"collection":[{"href":"https:\/\/analyse.optim.biz\/index.php?rest_route=\/wp\/v2\/posts"}],"about":[{"href":"https:\/\/analyse.optim.biz\/index.php?rest_route=\/wp\/v2\/types\/post"}],"author":[{"embeddable":true,"href":"https:\/\/analyse.optim.biz\/index.php?rest_route=\/wp\/v2\/users\/1"}],"replies":[{"embeddable":true,"href":"https:\/\/analyse.optim.biz\/index.php?rest_route=%2Fwp%2Fv2%2Fcomments&post=1889878"}],"version-history":[{"count":0,"href":"https:\/\/analyse.optim.biz\/index.php?rest_route=\/wp\/v2\/posts\/1889878\/revisions"}],"wp:attachment":[{"href":"https:\/\/analyse.optim.biz\/index.php?rest_route=%2Fwp%2Fv2%2Fmedia&parent=1889878"}],"wp:term":[{"taxonomy":"category","embeddable":true,"href":"https:\/\/analyse.optim.biz\/index.php?rest_route=%2Fwp%2Fv2%2Fcategories&post=1889878"},{"taxonomy":"post_tag","embeddable":true,"href":"https:\/\/analyse.optim.biz\/index.php?rest_route=%2Fwp%2Fv2%2Ftags&post=1889878"}],"curies":[{"name":"wp","href":"https:\/\/api.w.org\/{rel}","templated":true}]}}