{"id":1889875,"date":"2026-04-18T11:17:37","date_gmt":"2026-04-18T08:17:37","guid":{"rendered":"https:\/\/analyse.optim.biz\/?p=1889875"},"modified":"2026-04-18T11:17:37","modified_gmt":"2026-04-18T08:17:37","slug":"incendiul-din-brodina-proprietarii-au-fost-treziti-din-somn-de-un-trecator-care-a-observat-flacarile","status":"publish","type":"post","link":"https:\/\/analyse.optim.biz\/?p=1889875","title":{"rendered":"Incendiul din Brodina: Proprietarii au fost trezi\u021bi din somn de un trec\u0103tor care a observat fl\u0103c\u0103rile"},"content":{"rendered":"<p>[analyse_image type=&#8221;featured&#8221; src=&#8221;https:\/\/www.newsbucovina.ro\/wp-content\/uploads\/2026\/04\/WhatsApp-Image-2026-04-18-at-09.00.02-1-e1776510981780.jpeghttps:\/\/cdn.newsbucovina.ro\/wp-content\/uploads\/2026\/04\/WhatsApp-Image-2026-04-18-at-09.00.02-1-e1776510981780.jpeg&#8221;]<\/p>\n<div class=\"td-post-content tagdiv-type\">\n<div class=\"td-a-rec td-a-rec-id-content_top  tdi_3 td_block_template_1\"><strong>Intr\u0103 acum \u0219i \u00een grupul de <\/p>\n<div class=\"wp-block-button\"><a class=\"wp-block-button__link wp-element-button\" href=\"https:\/\/t.me\/+TH8wcfnp8fw5NWI0\">Telegram News Bucovina<\/a><\/div>\n<p><\/strong><\/div>\n<p>Proprietarii casei distruse de incendiu \u00een noaptea de vineri spre s\u00e2mb\u0103t\u0103 au fost alerta\u021bi \u0219i salva\u021bi de un cet\u0103\u021bean care trecea cu ma\u0219ina prin zon\u0103 \u0219i a observat fl\u0103c\u0103rile, potrivit informa\u021biilor ob\u021binute de la poli\u021bie.<\/p>\n<div class=\"wp-block-image\">\n<figure class=\"aligncenter size-large\"><a href=\"https:\/\/cdn.newsbucovina.ro\/wp-content\/uploads\/2026\/04\/WhatsApp-Image-2026-04-18-at-09.00.02-1-e1776510981780.jpeg\"><img loading=\"lazy\" decoding=\"async\" width=\"768\" height=\"1024\" src=\"https:\/\/cdn.newsbucovina.ro\/wp-content\/uploads\/2026\/04\/WhatsApp-Image-2026-04-18-at-09.00.02-1-768x1024.jpeg\" alt class=\"wp-image-436421\"><\/a><\/figure>\n<\/div>\n<p>Incendiul a izbucnit \u00een jurul orei 00:55 \u00een comuna Brodina, pe strada Calea Bucovinei, la o cas\u0103 de locuit construit\u0103 din lemn. Fl\u0103c\u0103rile s-au manifestat rapid \u0219i generalizat pe o suprafa\u021b\u0103 de aproximativ 200 de metri p\u0103tra\u021bi.<\/p>\n<p>Potrivit anchetei preliminare, proprietara imobilului, \u00eempreun\u0103 cu concubinul s\u0103u \u0219i cei trei copii minori ai familiei, dormeau \u00een cas\u0103 \u00een momentul producerii incendiului. Ace\u0219tia au fost trezi\u021bi de un b\u0103rbat care circula cu autoturismul pe DJ 209G \u0219i a observat incendiul. B\u0103rbatul a alertat imediat autorit\u0103\u021bile prin 112.<\/p>\n<p>La fa\u021ba locului au intervenit pompierii din cadrul G\u0103rzii de Interven\u021bie Vicovu de Sus \u0219i lucr\u0103torii Serviciilor Voluntare pentru Situa\u021bii de Urgen\u021b\u0103, care au reu\u0219it s\u0103 localizeze \u0219i s\u0103 sting\u0103 incendiul. Din primele verific\u0103ri efectuate de pompieri, cauza probabil\u0103 a fost un scurtcircuit electric produs la un conductor electric defect, \u00een holul imobilului.<\/p>\n<p>Din fericire, nu au fost \u00eenregistrate victime omene\u0219ti. Proprietara casei a refuzat interven\u021bia unui echipaj medical. Ea a declarat anchetatorilor c\u0103 nu a avut recent conflicte cu nicio persoan\u0103 \u0219i nu suspecteaz\u0103 pe nimeni de producerea incendiului.<\/p>\n<div class=\"td-a-rec td-a-rec-id-content_bottom  tdi_4 td_block_template_1\"><strong>Intr\u0103 acum \u0219i \u00een grupul de <\/p>\n<div class=\"wp-block-button\"><a class=\"wp-block-button__link wp-element-button\" href=\"https:\/\/t.me\/+TH8wcfnp8fw5NWI0\">Telegram News Bucovina<\/a><\/div>\n<p><\/strong><\/div>\n<\/div>\n<div class=\"td-post-content tagdiv-type\">\n<div class=\"td-a-rec td-a-rec-id-content_top  tdi_3 td_block_template_1\"><strong>Intr\u0103 acum \u0219i \u00een grupul de <\/p>\n<div class=\"wp-block-button\"><a class=\"wp-block-button__link wp-element-button\" href=\"https:\/\/t.me\/+TH8wcfnp8fw5NWI0\">Telegram News Bucovina<\/a><\/div>\n<p><\/strong><\/div>\n<p>Proprietarii casei distruse de incendiu \u00een noaptea de vineri spre s\u00e2mb\u0103t\u0103 au fost alerta\u021bi \u0219i salva\u021bi de un cet\u0103\u021bean care trecea cu ma\u0219ina prin zon\u0103 \u0219i a observat fl\u0103c\u0103rile, potrivit informa\u021biilor ob\u021binute de la poli\u021bie.<\/p>\n<div class=\"wp-block-image\">\n<figure class=\"aligncenter size-large\"><a href=\"https:\/\/cdn.newsbucovina.ro\/wp-content\/uploads\/2026\/04\/WhatsApp-Image-2026-04-18-at-09.00.02-1-e1776510981780.jpeg\"><img loading=\"lazy\" decoding=\"async\" width=\"768\" height=\"1024\" src=\"https:\/\/cdn.newsbucovina.ro\/wp-content\/uploads\/2026\/04\/WhatsApp-Image-2026-04-18-at-09.00.02-1-768x1024.jpeg\" alt class=\"wp-image-436421\"><\/a><\/figure>\n<\/div>\n<p>Incendiul a izbucnit \u00een jurul orei 00:55 \u00een comuna Brodina, pe strada Calea Bucovinei, la o cas\u0103 de locuit construit\u0103 din lemn. Fl\u0103c\u0103rile s-au manifestat rapid \u0219i generalizat pe o suprafa\u021b\u0103 de aproximativ 200 de metri p\u0103tra\u021bi.<\/p>\n<p>Potrivit anchetei preliminare, proprietara imobilului, \u00eempreun\u0103 cu concubinul s\u0103u \u0219i cei trei copii minori ai familiei, dormeau \u00een cas\u0103 \u00een momentul producerii incendiului. Ace\u0219tia au fost trezi\u021bi de un b\u0103rbat care circula cu autoturismul pe DJ 209G \u0219i a observat incendiul. B\u0103rbatul a alertat imediat autorit\u0103\u021bile prin 112.<\/p>\n<p>La fa\u021ba locului au intervenit pompierii din cadrul G\u0103rzii de Interven\u021bie Vicovu de Sus \u0219i lucr\u0103torii Serviciilor Voluntare pentru Situa\u021bii de Urgen\u021b\u0103, care au reu\u0219it s\u0103 localizeze \u0219i s\u0103 sting\u0103 incendiul. Din primele verific\u0103ri efectuate de pompieri, cauza probabil\u0103 a fost un scurtcircuit electric produs la un conductor electric defect, \u00een holul imobilului.<\/p>\n<p>Din fericire, nu au fost \u00eenregistrate victime omene\u0219ti. Proprietara casei a refuzat interven\u021bia unui echipaj medical. Ea a declarat anchetatorilor c\u0103 nu a avut recent conflicte cu nicio persoan\u0103 \u0219i nu suspecteaz\u0103 pe nimeni de producerea incendiului.<\/p>\n<div class=\"td-a-rec td-a-rec-id-content_bottom  tdi_4 td_block_template_1\"><strong>Intr\u0103 acum \u0219i \u00een grupul de <\/p>\n<div class=\"wp-block-button\"><a class=\"wp-block-button__link wp-element-button\" href=\"https:\/\/t.me\/+TH8wcfnp8fw5NWI0\">Telegram News Bucovina<\/a><\/div>\n<p><\/strong><\/div>\n<\/div>\n<p>[analyse_source url=&#8221;https:\/\/www.newsbucovina.ro\/social\/436457\/incendiul-din-brodina-proprietarii-au-fost-treziti-din-somn-de-un-trecator-care-a-observat-flacarile&#8221;]<\/p>\n","protected":false},"excerpt":{"rendered":"<p>[analyse_image type=&#8221;featured&#8221; src=&#8221;https:\/\/www.newsbucovina.ro\/wp-content\/uploads\/2026\/04\/WhatsApp-Image-2026-04-18-at-09.00.02-1-e1776510981780.jpeghttps:\/\/cdn.newsbucovina.ro\/wp-content\/uploads\/2026\/04\/WhatsApp-Image-2026-04-18-at-09.00.02-1-e1776510981780.jpeg&#8221;] Intr\u0103 acum \u0219i \u00een grupul de Telegram News Bucovina Proprietarii casei distruse de incendiu \u00een noaptea de vineri spre s\u00e2mb\u0103t\u0103 au fost alerta\u021bi \u0219i salva\u021bi de un cet\u0103\u021bean care trecea cu ma\u0219ina prin zon\u0103 \u0219i a observat fl\u0103c\u0103rile, potrivit informa\u021biilor ob\u021binute de la poli\u021bie. Incendiul a izbucnit \u00een jurul orei 00:55 \u00een [&hellip;]<\/p>\n","protected":false},"author":1,"featured_media":0,"comment_status":"open","ping_status":"","sticky":false,"template":"","format":"standard","meta":{"footnotes":""},"categories":[89],"tags":[226,165],"class_list":["post-1889875","post","type-post","status-publish","format-standard","hentry","category-romania","tag-crawlmanager","tag-newsbucovina-ro"],"_links":{"self":[{"href":"https:\/\/analyse.optim.biz\/index.php?rest_route=\/wp\/v2\/posts\/1889875","targetHints":{"allow":["GET"]}}],"collection":[{"href":"https:\/\/analyse.optim.biz\/index.php?rest_route=\/wp\/v2\/posts"}],"about":[{"href":"https:\/\/analyse.optim.biz\/index.php?rest_route=\/wp\/v2\/types\/post"}],"author":[{"embeddable":true,"href":"https:\/\/analyse.optim.biz\/index.php?rest_route=\/wp\/v2\/users\/1"}],"replies":[{"embeddable":true,"href":"https:\/\/analyse.optim.biz\/index.php?rest_route=%2Fwp%2Fv2%2Fcomments&post=1889875"}],"version-history":[{"count":0,"href":"https:\/\/analyse.optim.biz\/index.php?rest_route=\/wp\/v2\/posts\/1889875\/revisions"}],"wp:attachment":[{"href":"https:\/\/analyse.optim.biz\/index.php?rest_route=%2Fwp%2Fv2%2Fmedia&parent=1889875"}],"wp:term":[{"taxonomy":"category","embeddable":true,"href":"https:\/\/analyse.optim.biz\/index.php?rest_route=%2Fwp%2Fv2%2Fcategories&post=1889875"},{"taxonomy":"post_tag","embeddable":true,"href":"https:\/\/analyse.optim.biz\/index.php?rest_route=%2Fwp%2Fv2%2Ftags&post=1889875"}],"curies":[{"name":"wp","href":"https:\/\/api.w.org\/{rel}","templated":true}]}}