{"id":1889524,"date":"2026-04-18T11:53:03","date_gmt":"2026-04-18T08:53:03","guid":{"rendered":"https:\/\/analyse.optim.biz\/?p=1889524"},"modified":"2026-04-18T11:53:03","modified_gmt":"2026-04-18T08:53:03","slug":"sorin-grindeanudezlantuit-dupa-consultarile-de-la-timisoara-unii-care-nu-ne-au-votat-vor-sa-ne-invete-ce-sa-facem","status":"publish","type":"post","link":"https:\/\/analyse.optim.biz\/?p=1889524","title":{"rendered":"Sorin Grindeanu,dezl\u0103n\u021buit dup\u0103 consult\u0103rile de la Timi\u0219oara: Unii care nu ne-au votat vor s\u0103 ne \u00eenve\u021be ce s\u0103 facem"},"content":{"rendered":"<p>[analyse_image type=&#8221;featured&#8221; src=&#8221;https:\/\/focustim.ro\/wp-content\/uploads\/2025\/05\/sorin-grindeanu.jpeg&#8221;]<\/p>\n<article id=\"post-40009\" class=\"penci-single-artcontent noloaddisqus post-40009 post type-post status-publish format-standard has-post-thumbnail hentry category-actualitate category-featured category-sanatate tag-lectii tag-sorin-grindeanu penci-post-item\">\n<header class=\"entry-header penci-entry-header penci-title-\">\n<div class=\"penci-entry-categories\"><span class=\"penci-cat-links\"><a href=\"https:\/\/focustim.ro\/category\/actualitate\/\" rel=\"category tag\">Actualitate<\/a><a href=\"https:\/\/focustim.ro\/category\/featured\/\" rel=\"category tag\">Featured<\/a><a href=\"https:\/\/focustim.ro\/category\/sanatate\/\" rel=\"category tag\">S\u0103n\u0103tate<\/a><\/span><\/div>\n<h1 class=\"entry-title penci-entry-title penci-title-\">Sorin Grindeanu,dezl\u0103n\u021buit dup\u0103 consult\u0103rile de la Timi\u0219oara: Unii care nu ne-au votat vor s\u0103 ne \u00eenve\u021be ce s\u0103 facem<\/h1>\n<div class=\"entry-meta penci-entry-meta\"><span class=\"entry-meta-item penci-posted-on\"><time class=\"entry-date published\" datetime=\"2026-04-18T14:53:03+03:00\">18\/04\/2026<\/time><time class=\"updated\" datetime=\"2026-04-18T14:53:05+03:00\">18\/04\/2026<\/time><\/span><span class=\"entry-meta-item penci-comment-count\"><a class=\"penci_pmeta-link\" href=\"https:\/\/focustim.ro\/sorin-grindeanudezlantuit-dupa-consultarile-de-la-timisoara-unii-care-nu-ne-au-votat-vor-sa-ne-invete-ce-sa-facem\/#respond\">0<\/a><\/span><\/div>\n<p><span class=\"penci-social-buttons penci-social-share-footer\"><span class=\"penci-social-share-text\">Distribuie<\/span><a href=\"https:\/\/focustim.ro\/sorin-grindeanudezlantuit-dupa-consultarile-de-la-timisoara-unii-care-nu-ne-au-votat-vor-sa-ne-invete-ce-sa-facem\/\" class=\"penci-post-like penci_post-meta_item  single-like-button penci-social-item like\" data-post_id=\"40009\" title=\"Like\" data-like=\"Like\" data-unlike=\"Unlike\"><span class=\"penci-share-number\">0<\/span><\/a><\/span><\/header>\n<div class=\"entry-media penci-entry-media\">\n<div class=\"post-format-meta \">\n<div class=\"post-image penci-standard-format\"><img decoding=\"async\" width=\"884\" height=\"500\" src=\"https:\/\/focustim.ro\/wp-content\/uploads\/2025\/05\/sorin-grindeanu.jpeg\" class=\"attachment-penci-thumb-960-auto size-penci-thumb-960-auto wp-post-image\" alt loading=\"lazy\"><\/div>\n<\/div>\n<\/div>\n<div class=\"penci-entry-content entry-content\">\n<p><strong>Mai sunt doar dou\u0103 zile p\u00e2n\u0103 la decizia care poate arunca \u00een aer clasa politic\u0103 din Rom\u00e2nia. Social-democra\u021bii vor decide, luni, dac\u0103 ies sau nu de la guvernare. Ultimele consult\u0103ri cu filialele regionale au avut loc la Timi\u0219oara. Aici, Sorin Grindeanu a f\u0103cut declara\u021bii. <\/strong><\/p>\n<p>\u201dEu nu dau lec\u0163ii PNL-ului, am f\u0103cut apel la fiecare \u00eent\u00e2lnire pe care am avut-o p\u00e2n\u0103 acum la decen\u0163\u0103. Noi hot\u0103r\u00e2m pentru noi. Noi, la Partidul Social Democrat, vom hot\u0103r\u00ee luni, \u00eentr-un for larg, care este drumul PSD. Nu hot\u0103r\u00e2m ce trebuie s\u0103 fac\u0103 PNL-ul sau ce trebuie s\u0103 fac\u0103 USR-ul. Noi ne hot\u0103r\u0103m drumul nostru. \u015ei asta vom face\u201d, a declarat Grindeanu.<\/p>\n<p>PSD prime\u0219te lec\u021bii din toate p\u0103r\u021bile<\/p>\n<p>\u201dV\u0103d c\u0103, fie c\u0103 sunt din clasa politic\u0103, fie c\u0103 sunt din alt\u0103 parte, care cred c\u0103 niciodat\u0103 nu ne-au votat, care nu ne-au vrut niciodat\u0103 binele, dintr-o dat\u0103 ne \u00eenva\u0163\u0103 ce ar trebui s\u0103 facem. De aici apelul meu la decen\u0163\u0103, s\u0103 ne l\u0103sa\u0163i s\u0103 decidem noi, \u015fi asta vom face, chiar dac\u0103 nu ne l\u0103sa\u0163i, vom decide noi care este drumul cel mai bun pentru social \u2013 democra\u0163i. \u015ei asta vom face luni. \u015ei niciun caz \u2013 ca s\u0103 elimin acea posibil\u0103 specula\u0163ie \u2013 nu spunem nimic, nici PNL-ului, nici USR-ului nici UDMR-ului. Noi doar hot\u0103r\u00e2m pentru Partidul Social Democrat care, ce s\u0103 vezi, reprezint\u0103 45% din totalul parlamentarilor, sau ponderea e de 45% din totalul coali\u0163iei de guvernare\u201d, a precizat Grindeanu.<\/p>\n<div class=\"sharedaddy sd-sharing-enabled\">\n<div class=\"robots-nocontent sd-block sd-social sd-social-icon-text sd-sharing\">\n<h3 class=\"sd-title\">Partajeaz\u0103 asta:<\/h3>\n<div class=\"sd-content\">\n<ul>\n<li class=\"share-twitter\"><a rel=\"nofollow noopener noreferrer\" data-shared=\"sharing-twitter-40009\" class=\"share-twitter sd-button share-icon\" href=\"https:\/\/focustim.ro\/sorin-grindeanudezlantuit-dupa-consultarile-de-la-timisoara-unii-care-nu-ne-au-votat-vor-sa-ne-invete-ce-sa-facem\/?share=twitter\" target=\"_blank\" title=\"D\u0103 clic pentru a partaja pe Twitter\"><span>Twitter<\/span><\/a><\/li>\n<li class=\"share-facebook\"><a rel=\"nofollow noopener noreferrer\" data-shared=\"sharing-facebook-40009\" class=\"share-facebook sd-button share-icon\" href=\"https:\/\/focustim.ro\/sorin-grindeanudezlantuit-dupa-consultarile-de-la-timisoara-unii-care-nu-ne-au-votat-vor-sa-ne-invete-ce-sa-facem\/?share=facebook\" target=\"_blank\" title=\"D\u0103 clic pentru a partaja pe Facebook\"><span>Facebook<\/span><\/a><\/li>\n<li class=\"share-end\"><\/ul>\n<\/div>\n<\/div>\n<\/div>\n<div class=\"sharedaddy sd-block sd-like jetpack-likes-widget-wrapper jetpack-likes-widget-unloaded\" id=\"like-post-wrapper-167025405-40009-69e370cd56a93\" data-src=\"https:\/\/widgets.wp.com\/likes\/#blog_id=167025405&amp;post_id=40009&amp;origin=focustim.ro&amp;obj_id=167025405-40009-69e370cd56a93\" data-name=\"like-post-frame-167025405-40009-69e370cd56a93\" data-title=\"Apreciaz\u0103 sau republic\u0103\">\n<h3 class=\"sd-title\">Apreciaz\u0103:<\/h3>\n<div class=\"likes-widget-placeholder post-likes-widget-placeholder\"><span class=\"button\"><span>Apreciere<\/span><\/span><span class=\"loading\">\u00cencarc&#8230;<\/span><\/div>\n<\/div>\n<\/div>\n<footer class=\"penci-entry-footer\">\n<div class=\"penci-source-via-tags-wrap\"><span class=\"tags-links penci-tags-links\"><a href=\"https:\/\/focustim.ro\/tag\/lectii\/\" rel=\"tag\">lectii<\/a><a href=\"https:\/\/focustim.ro\/tag\/sorin-grindeanu\/\" rel=\"tag\">Sorin Grindeanu<\/a><\/span><\/div>\n<p><span class=\"penci-social-buttons penci-social-share-footer\"><span class=\"penci-social-share-text\">Distribuie<\/span><a href=\"https:\/\/focustim.ro\/sorin-grindeanudezlantuit-dupa-consultarile-de-la-timisoara-unii-care-nu-ne-au-votat-vor-sa-ne-invete-ce-sa-facem\/\" class=\"penci-post-like penci_post-meta_item  single-like-button penci-social-item like\" data-post_id=\"40009\" title=\"Like\" data-like=\"Like\" data-unlike=\"Unlike\"><span class=\"penci-share-number\">0<\/span><\/a><\/span><\/footer>\n<\/article>\n<div class=\"penci-entry-content entry-content\">\n<p><strong>Mai sunt doar dou\u0103 zile p\u00e2n\u0103 la decizia care poate arunca \u00een aer clasa politic\u0103 din Rom\u00e2nia. Social-democra\u021bii vor decide, luni, dac\u0103 ies sau nu de la guvernare. Ultimele consult\u0103ri cu filialele regionale au avut loc la Timi\u0219oara. Aici, Sorin Grindeanu a f\u0103cut declara\u021bii. <\/strong><\/p>\n<p>\u201dEu nu dau lec\u0163ii PNL-ului, am f\u0103cut apel la fiecare \u00eent\u00e2lnire pe care am avut-o p\u00e2n\u0103 acum la decen\u0163\u0103. Noi hot\u0103r\u00e2m pentru noi. Noi, la Partidul Social Democrat, vom hot\u0103r\u00ee luni, \u00eentr-un for larg, care este drumul PSD. Nu hot\u0103r\u00e2m ce trebuie s\u0103 fac\u0103 PNL-ul sau ce trebuie s\u0103 fac\u0103 USR-ul. Noi ne hot\u0103r\u0103m drumul nostru. \u015ei asta vom face\u201d, a declarat Grindeanu.<\/p>\n<p>PSD prime\u0219te lec\u021bii din toate p\u0103r\u021bile<\/p>\n<p>\u201dV\u0103d c\u0103, fie c\u0103 sunt din clasa politic\u0103, fie c\u0103 sunt din alt\u0103 parte, care cred c\u0103 niciodat\u0103 nu ne-au votat, care nu ne-au vrut niciodat\u0103 binele, dintr-o dat\u0103 ne \u00eenva\u0163\u0103 ce ar trebui s\u0103 facem. De aici apelul meu la decen\u0163\u0103, s\u0103 ne l\u0103sa\u0163i s\u0103 decidem noi, \u015fi asta vom face, chiar dac\u0103 nu ne l\u0103sa\u0163i, vom decide noi care este drumul cel mai bun pentru social \u2013 democra\u0163i. \u015ei asta vom face luni. \u015ei niciun caz \u2013 ca s\u0103 elimin acea posibil\u0103 specula\u0163ie \u2013 nu spunem nimic, nici PNL-ului, nici USR-ului nici UDMR-ului. Noi doar hot\u0103r\u00e2m pentru Partidul Social Democrat care, ce s\u0103 vezi, reprezint\u0103 45% din totalul parlamentarilor, sau ponderea e de 45% din totalul coali\u0163iei de guvernare\u201d, a precizat Grindeanu.<\/p>\n<div class=\"sharedaddy sd-sharing-enabled\">\n<div class=\"robots-nocontent sd-block sd-social sd-social-icon-text sd-sharing\">\n<h3 class=\"sd-title\">Partajeaz\u0103 asta:<\/h3>\n<div class=\"sd-content\">\n<ul>\n<li class=\"share-twitter\"><a rel=\"nofollow noopener noreferrer\" data-shared=\"sharing-twitter-40009\" class=\"share-twitter sd-button share-icon\" href=\"https:\/\/focustim.ro\/sorin-grindeanudezlantuit-dupa-consultarile-de-la-timisoara-unii-care-nu-ne-au-votat-vor-sa-ne-invete-ce-sa-facem\/?share=twitter\" target=\"_blank\" title=\"D\u0103 clic pentru a partaja pe Twitter\"><span>Twitter<\/span><\/a><\/li>\n<li class=\"share-facebook\"><a rel=\"nofollow noopener noreferrer\" data-shared=\"sharing-facebook-40009\" class=\"share-facebook sd-button share-icon\" href=\"https:\/\/focustim.ro\/sorin-grindeanudezlantuit-dupa-consultarile-de-la-timisoara-unii-care-nu-ne-au-votat-vor-sa-ne-invete-ce-sa-facem\/?share=facebook\" target=\"_blank\" title=\"D\u0103 clic pentru a partaja pe Facebook\"><span>Facebook<\/span><\/a><\/li>\n<li class=\"share-end\"><\/ul>\n<\/div>\n<\/div>\n<\/div>\n<div class=\"sharedaddy sd-block sd-like jetpack-likes-widget-wrapper jetpack-likes-widget-unloaded\" id=\"like-post-wrapper-167025405-40009-69e370cd56a93\" data-src=\"https:\/\/widgets.wp.com\/likes\/#blog_id=167025405&amp;post_id=40009&amp;origin=focustim.ro&amp;obj_id=167025405-40009-69e370cd56a93\" data-name=\"like-post-frame-167025405-40009-69e370cd56a93\" data-title=\"Apreciaz\u0103 sau republic\u0103\">\n<h3 class=\"sd-title\">Apreciaz\u0103:<\/h3>\n<div class=\"likes-widget-placeholder post-likes-widget-placeholder\"><span class=\"button\"><span>Apreciere<\/span><\/span><span class=\"loading\">\u00cencarc&#8230;<\/span><\/div>\n<\/div>\n<\/div>\n<p>[analyse_source url=&#8221;https:\/\/focustim.ro\/sorin-grindeanudezlantuit-dupa-consultarile-de-la-timisoara-unii-care-nu-ne-au-votat-vor-sa-ne-invete-ce-sa-facem\/&#8221;]<\/p>\n","protected":false},"excerpt":{"rendered":"<p>[analyse_image type=&#8221;featured&#8221; src=&#8221;https:\/\/focustim.ro\/wp-content\/uploads\/2025\/05\/sorin-grindeanu.jpeg&#8221;] ActualitateFeaturedS\u0103n\u0103tate Sorin Grindeanu,dezl\u0103n\u021buit dup\u0103 consult\u0103rile de la Timi\u0219oara: Unii care nu ne-au votat vor s\u0103 ne \u00eenve\u021be ce s\u0103 facem 18\/04\/202618\/04\/20260 Distribuie0 Mai sunt doar dou\u0103 zile p\u00e2n\u0103 la decizia care poate arunca \u00een aer clasa politic\u0103 din Rom\u00e2nia. Social-democra\u021bii vor decide, luni, dac\u0103 ies sau nu de la guvernare. Ultimele consult\u0103ri [&hellip;]<\/p>\n","protected":false},"author":1,"featured_media":0,"comment_status":"open","ping_status":"","sticky":false,"template":"","format":"standard","meta":{"footnotes":""},"categories":[89],"tags":[226,197],"class_list":["post-1889524","post","type-post","status-publish","format-standard","hentry","category-romania","tag-crawlmanager","tag-focustim-ro"],"_links":{"self":[{"href":"https:\/\/analyse.optim.biz\/index.php?rest_route=\/wp\/v2\/posts\/1889524","targetHints":{"allow":["GET"]}}],"collection":[{"href":"https:\/\/analyse.optim.biz\/index.php?rest_route=\/wp\/v2\/posts"}],"about":[{"href":"https:\/\/analyse.optim.biz\/index.php?rest_route=\/wp\/v2\/types\/post"}],"author":[{"embeddable":true,"href":"https:\/\/analyse.optim.biz\/index.php?rest_route=\/wp\/v2\/users\/1"}],"replies":[{"embeddable":true,"href":"https:\/\/analyse.optim.biz\/index.php?rest_route=%2Fwp%2Fv2%2Fcomments&post=1889524"}],"version-history":[{"count":0,"href":"https:\/\/analyse.optim.biz\/index.php?rest_route=\/wp\/v2\/posts\/1889524\/revisions"}],"wp:attachment":[{"href":"https:\/\/analyse.optim.biz\/index.php?rest_route=%2Fwp%2Fv2%2Fmedia&parent=1889524"}],"wp:term":[{"taxonomy":"category","embeddable":true,"href":"https:\/\/analyse.optim.biz\/index.php?rest_route=%2Fwp%2Fv2%2Fcategories&post=1889524"},{"taxonomy":"post_tag","embeddable":true,"href":"https:\/\/analyse.optim.biz\/index.php?rest_route=%2Fwp%2Fv2%2Ftags&post=1889524"}],"curies":[{"name":"wp","href":"https:\/\/api.w.org\/{rel}","templated":true}]}}