{"id":1889506,"date":"2026-04-17T15:44:12","date_gmt":"2026-04-17T12:44:12","guid":{"rendered":"https:\/\/analyse.optim.biz\/?p=1889506"},"modified":"2026-04-17T15:44:12","modified_gmt":"2026-04-17T12:44:12","slug":"teren-comun-peisaje-pe-bega-proiect-despre-viitorul-relatiei-dintre-oras-si-natura-in-timisoara","status":"publish","type":"post","link":"https:\/\/analyse.optim.biz\/?p=1889506","title":{"rendered":"\u201eTeren comun &#8211; peisaje pe Bega\u201d: proiect despre viitorul rela\u021biei dintre ora\u0219 \u0219i natur\u0103 \u00een Timi\u0219oara"},"content":{"rendered":"<p>[analyse_image type=&#8221;featured&#8221; src=&#8221;https:\/\/orasul-timisoara.ro\/wp-content\/uploads\/2026\/04\/teren-comun-pajisti2.jpg&#8221;]<\/p>\n<article id=\"post-38213\" class=\"td-post-template-7 post-38213 post type-post status-publish format-standard has-post-thumbnail category-evenimente-in-timisoara category-featured category-stiri-timisoara tag-acia tag-arta-si-stiinta tag-biodiversitate-urbana tag-canalul-bega tag-cultura-timisoara tag-dezvoltare-sustenabila tag-peisagistica-urbana tag-proiect-cultural-timisoara tag-teren-comun-bega td-container-wrap\">\n<div class=\"td-full-screen-header-image-wrap\">\n<div class=\"td-container td-post-header\">\n<div class=\"td-crumb-container\">\n<div class=\"entry-crumbs\"><span><a title=\"Vede\u021bi toate articolele \u00een Evenimente in Timisoara\" class=\"entry-crumb\" href=\"https:\/\/orasul-timisoara.ro\/local-category\/evenimente-in-timisoara\/\">Evenimente in Timisoara<\/a><\/span><span class=\"td-bred-no-url-last\">\u201eTeren comun \u2013 peisaje pe Bega\u201d: proiect despre viitorul rela\u021biei dintre ora\u0219&#8230;<\/span><\/div>\n<\/div>\n<div class=\"td-post-header-holder\">\n<div class=\"td-parallax-header\">\n<header class=\"td-post-title\">\n<ul class=\"td-category\">\n<li class=\"entry-category\"><a href=\"https:\/\/orasul-timisoara.ro\/local-category\/evenimente-in-timisoara\/\">Evenimente in Timisoara<\/a><\/li>\n<li class=\"entry-category\"><a href=\"https:\/\/orasul-timisoara.ro\/local-category\/stiri-timisoara\/\">\u0218tiri Locale<\/a><\/li>\n<\/ul>\n<h1 class=\"entry-title\">\u201eTeren comun \u2013 peisaje pe Bega\u201d: proiect despre viitorul rela\u021biei dintre ora\u0219 \u0219i natur\u0103 \u00een Timi\u0219oara<\/h1>\n<div class=\"td-module-meta-info\">\n<div class=\"td-post-author-name\">\n<div class=\"td-author-by\">De c\u0103tre<\/div>\n<p><a href=\"https:\/\/orasul-timisoara.ro\/author\/timisoara\/\">redactia<\/a><\/p>\n<div class=\"td-author-line\"> &#8211; <\/div>\n<\/div>\n<p><span class=\"td-post-date\"><time class=\"entry-date updated td-module-date\" datetime=\"2026-04-17T18:44:12+03:00\">17\/04\/2026<\/time><\/span><\/div>\n<\/header>\n<\/div>\n<\/div>\n<\/div>\n<div id=\"td-full-screen-header-image\" class=\"td-image-gradient-style7\"><img decoding=\"async\" class=\"td-backstretch\" src=\"https:\/\/orasul-timisoara.ro\/wp-content\/uploads\/2026\/04\/teren-comun-pajisti2.jpg\"><\/div>\n<\/div>\n<div class=\"td-container\">\n<div class=\"td-pb-row\">\n<div class=\"td-pb-span8 td-main-content\" role=\"main\">\n<div class=\"td-ss-main-content\">\n<div class=\"td-post-sharing-top\">\n<div class=\"td-post-sharing-classic\"><iframe title=\"topFacebookLike\" frameborder src=\"https:\/\/www.facebook.com\/plugins\/like.php?href=https:\/\/orasul-timisoara.ro\/local-38213\/&amp;layout=button_count&amp;show_faces=false&amp;width=105&amp;action=like&amp;colorscheme=light&amp;height=21\"><\/iframe><\/div>\n<div id=\"td_social_sharing_article_top\" class=\"td-post-sharing td-ps-bg td-ps-notext td-post-sharing-style1 \">\n<div class=\"td-post-sharing-visible\"><a class=\"td-social-sharing-button td-social-sharing-button-js td-social-network td-social-facebook\" href=\"https:\/\/www.facebook.com\/sharer.php?u=https%3A%2F%2Forasul-timisoara.ro%2Flocal-38213%2F\" title=\"Facebook\"><\/p>\n<div class=\"td-social-but-text\">Facebook<\/div>\n<p><\/a><a class=\"td-social-sharing-button td-social-sharing-button-js td-social-network td-social-twitter\" href=\"https:\/\/twitter.com\/intent\/tweet?text=%E2%80%9ETeren+comun+%E2%80%93+peisaje+pe+Bega%E2%80%9D%3A+proiect+despre+viitorul+rela%C8%9Biei+dintre+ora%C8%99+%C8%99i+natur%C4%83+%C3%AEn+Timi%C8%99oara&amp;url=https%3A%2F%2Forasul-timisoara.ro%2Flocal-38213%2F&amp;via=orasultm\" title=\"Twitter\"><\/p>\n<div class=\"td-social-but-text\">Twitter<\/div>\n<p><\/a><a class=\"td-social-sharing-button td-social-sharing-button-js td-social-network td-social-whatsapp\" href=\"https:\/\/api.whatsapp.com\/send?text=%E2%80%9ETeren+comun+%E2%80%93+peisaje+pe+Bega%E2%80%9D%3A+proiect+despre+viitorul+rela%C8%9Biei+dintre+ora%C8%99+%C8%99i+natur%C4%83+%C3%AEn+Timi%C8%99oara%20%0A%0A%20https:\/\/orasul-timisoara.ro\/local-38213\/\" title=\"WhatsApp\"><\/p>\n<div class=\"td-social-but-text\">WhatsApp<\/div>\n<p><\/a><a class=\"td-social-sharing-button td-social-sharing-button-js td-social-network td-social-linkedin\" href=\"https:\/\/www.linkedin.com\/shareArticle?mini=true&amp;url=https:\/\/orasul-timisoara.ro\/local-38213\/&amp;title=%E2%80%9ETeren+comun+%E2%80%93+peisaje+pe+Bega%E2%80%9D%3A+proiect+despre+viitorul+rela%C8%9Biei+dintre+ora%C8%99+%C8%99i+natur%C4%83+%C3%AEn+Timi%C8%99oara\" title=\"Linkedin\"><\/p>\n<div class=\"td-social-but-text\">Linkedin<\/div>\n<p><\/a><a class=\"td-social-sharing-button td-social-sharing-button-js td-social-network td-social-reddit\" href=\"https:\/\/reddit.com\/submit?url=https:\/\/orasul-timisoara.ro\/local-38213\/&amp;title=%E2%80%9ETeren+comun+%E2%80%93+peisaje+pe+Bega%E2%80%9D%3A+proiect+despre+viitorul+rela%C8%9Biei+dintre+ora%C8%99+%C8%99i+natur%C4%83+%C3%AEn+Timi%C8%99oara\" title=\"ReddIt\"><\/p>\n<div class=\"td-social-but-text\">ReddIt<\/div>\n<p><\/a><a class=\"td-social-sharing-button td-social-sharing-button-js td-social-network td-social-mail\" href=\"mailto:?subject=%E2%80%9ETeren%20comun%20%E2%80%93%20peisaje%20pe%20Bega%E2%80%9D:%20proiect%20despre%20viitorul%20rela%C8%9Biei%20dintre%20ora%C8%99%20%C8%99i%20natur%C4%83%20%C3%AEn%20Timi%C8%99oara&amp;body=https:\/\/orasul-timisoara.ro\/local-38213\/\" title=\"Email\"><\/p>\n<div class=\"td-social-but-text\">Email<\/div>\n<p><\/a><a class=\"td-social-sharing-button td-social-sharing-button-js td-social-network td-social-print\" href=\"https:\/\/orasul-timisoara.ro\/local-38213\/\" title=\"Imprimare\"><\/p>\n<div class=\"td-social-but-text\">Imprimare<\/div>\n<p><\/a><\/div>\n<\/div>\n<\/div>\n<div class=\"td-post-content tagdiv-type\">\n<p>Un nou proiect cultural \u0219i de cercetare interdisciplinar\u0103 prinde contur la Timi\u0219oara, propun\u00e2nd o analiz\u0103 ampl\u0103 a rela\u021biei dintre mediul urban \u0219i natur\u0103, av\u00e2nd ca punct central Canalul Bega. Intitulat \u201eTeren comun \u2013 peisaje pe Bega\u201d, demersul aduce \u00eempreun\u0103 arti\u0219ti, arhitec\u021bi, peisagi\u0219ti \u0219i cercet\u0103tori interesa\u021bi de viitorul sustenabil al ora\u0219ului.<\/p>\n<p>Proiectul porne\u0219te de la conceptul de \u201eteren comun\u201d, care redefine\u0219te spa\u021biul urban ca un ecosistem \u00eemp\u0103r\u021bit nu doar de oameni, ci \u0219i de plante, insecte \u0219i alte forme de via\u021b\u0103. Ini\u021biativa \u00ee\u0219i propune s\u0103 eviden\u021bieze aceste interac\u021biuni \u0219i s\u0103 stimuleze noi moduri de a g\u00e2ndi dezvoltarea urban\u0103.<\/p>\n<figure class=\"wp-block-gallery has-nested-images columns-default is-cropped wp-block-gallery-1 is-layout-flex wp-block-gallery-is-layout-flex\">\n<figure class=\"wp-block-image size-large\"><img loading=\"lazy\" decoding=\"async\" width=\"1920\" height=\"1080\" data-id=\"38215\" src=\"https:\/\/orasul-timisoara.ro\/wp-content\/uploads\/2026\/04\/teren-comun-pajisti2.jpg\" alt class=\"wp-image-38215\"><\/figure>\n<figure class=\"wp-block-image size-large\"><img loading=\"lazy\" decoding=\"async\" width=\"1920\" height=\"1081\" data-id=\"38214\" src=\"https:\/\/orasul-timisoara.ro\/wp-content\/uploads\/2026\/04\/teren-comun-cover.jpg\" alt class=\"wp-image-38214\"><\/figure>\n<figure class=\"wp-block-image size-large\"><img loading=\"lazy\" decoding=\"async\" width=\"1920\" height=\"1080\" data-id=\"38217\" src=\"https:\/\/orasul-timisoara.ro\/wp-content\/uploads\/2026\/04\/teren-comun.-zone-umede.jpg\" alt class=\"wp-image-38217\"><\/figure>\n<figure class=\"wp-block-image size-large\"><img decoding=\"async\" loading=\"lazy\" width=\"1920\" height=\"1080\" data-id=\"38216\" src=\"https:\/\/orasul-timisoara.ro\/wp-content\/uploads\/2026\/04\/teren-comun-pajisti1.jpg\" alt class=\"wp-image-38216\"><\/figure>\n<\/figure>\n<p>Un prim pas al proiectului const\u0103 \u00een cartografierea ini\u021biativelor locale legate de Canalul Bega \u2013 de la proiecte artistice \u0219i cercet\u0103ri \u0219tiin\u021bifice, p\u00e2n\u0103 la comunit\u0103\u021bi implicate activ \u00een protejarea mediului. Toate acestea vor fi reunite pe platforma online dedicat\u0103, menit\u0103 s\u0103 creasc\u0103 vizibilitatea acestor ini\u021biative \u0219i s\u0103 faciliteze colaborarea.<\/p>\n<p>Un element central al proiectului \u00eel reprezint\u0103 reziden\u021ba artistic\u0103 interdisciplinar\u0103, \u00een cadrul c\u0103reia arti\u0219tii, arhitec\u021bii \u0219i peisagi\u0219tii vor colabora direct cu cercet\u0103tori pentru a transforma datele \u0219tiin\u021bifice \u00een forme accesibile publicului larg.<\/p>\n<p>Proiectul este structurat pe patru direc\u021bii principale:<\/p>\n<p>Gr\u0103dinile comunitare sunt analizate ca spa\u021bii esen\u021biale pentru biodiversitate, oferind habitat pentru specii diverse \u0219i, \u00een acela\u0219i timp, locuri de \u00eent\u00e2lnire \u0219i educa\u021bie pentru comunitate.<\/p>\n<p>Paji\u0219tile urbane sunt promovate ca alternativ\u0103 sustenabil\u0103 la gazonul clasic, contribuind la reducerea temperaturilor urbane \u0219i la cre\u0219terea biodiversit\u0103\u021bii.<\/p>\n<p>Zona Canalului Bega este abordat\u0103 ca un ecosistem viu, \u00een care interac\u021biunea dintre ap\u0103, natur\u0103 \u0219i oameni joac\u0103 un rol esen\u021bial \u00een echilibrul urban.<\/p>\n<p>Arheologia peisajului propune o lectur\u0103 \u00een straturi a ora\u0219ului, utiliz\u00e2nd tehnologii moderne \u0219i interpret\u0103ri artistice pentru a \u00een\u021belege transform\u0103rile spa\u021biului de-a lungul timpului.<\/p>\n<p>Pe l\u00e2ng\u0103 componenta de cercetare, proiectul include un program extins de activit\u0103\u021bi dedicate publicului, precum ateliere, conferin\u021be, tururi ghidate \u0219i evenimente participative, menite s\u0103 creeze un dialog \u00eentre comunitate, art\u0103 \u0219i \u0219tiin\u021b\u0103.<\/p>\n<p>Ini\u021biativa este coordonat\u0103 de ACIA \u2013 Asocia\u021bia Cultural\u0103 pentru Interven\u021bie Artistic\u0103 \u0219i este co-finan\u021bat\u0103 prin Administra\u021bia Fondului Cultural Na\u021bional. Proiectul reune\u0219te numero\u0219i parteneri din domeniile creative, academice \u0219i de mediu, activi \u00een zona dezvolt\u0103rii sustenabile.<\/p>\n<p>Prin \u201eTeren comun \u2013 peisaje pe Bega\u201d, Timi\u0219oara \u00ee\u0219i consolideaz\u0103 profilul de ora\u0219 preocupat de inova\u021bie, sustenabilitate \u0219i colaborare interdisciplinar\u0103, propun\u00e2nd un model de integrare armonioas\u0103 \u00eentre natur\u0103 \u0219i mediul urban.<\/p>\n<\/div>\n<footer>\n<div class=\"td-post-source-tags\">\n<ul class=\"td-tags td-post-small-box clearfix\">\n<li><span>ETICHETE<\/span><\/li>\n<li><a href=\"https:\/\/orasul-timisoara.ro\/local-tag\/acia\/\">ACIA<\/a><\/li>\n<li><a href=\"https:\/\/orasul-timisoara.ro\/local-tag\/arta-si-stiinta\/\">arta si stiinta<\/a><\/li>\n<li><a href=\"https:\/\/orasul-timisoara.ro\/local-tag\/biodiversitate-urbana\/\">biodiversitate urbana<\/a><\/li>\n<li><a href=\"https:\/\/orasul-timisoara.ro\/local-tag\/canalul-bega\/\">canalul bega<\/a><\/li>\n<li><a href=\"https:\/\/orasul-timisoara.ro\/local-tag\/cultura-timisoara\/\">cultura timisoara<\/a><\/li>\n<li><a href=\"https:\/\/orasul-timisoara.ro\/local-tag\/dezvoltare-sustenabila\/\">dezvoltare sustenabila<\/a><\/li>\n<li><a href=\"https:\/\/orasul-timisoara.ro\/local-tag\/peisagistica-urbana\/\">peisagistica urbana<\/a><\/li>\n<li><a href=\"https:\/\/orasul-timisoara.ro\/local-tag\/proiect-cultural-timisoara\/\">proiect cultural Timisoara<\/a><\/li>\n<li><a href=\"https:\/\/orasul-timisoara.ro\/local-tag\/teren-comun-bega\/\">Teren comun Bega<\/a><\/li>\n<\/ul>\n<\/div>\n<div class=\"td-post-sharing-bottom\">\n<div class=\"td-post-sharing-classic\"><iframe title=\"bottomFacebookLike\" frameborder src=\"https:\/\/www.facebook.com\/plugins\/like.php?href=https:\/\/orasul-timisoara.ro\/local-38213\/&amp;layout=button_count&amp;show_faces=false&amp;width=105&amp;action=like&amp;colorscheme=light&amp;height=21\"><\/iframe><\/div>\n<div id=\"td_social_sharing_article_bottom\" class=\"td-post-sharing td-ps-bg td-ps-notext td-post-sharing-style1 \">\n<div class=\"td-post-sharing-visible\"><a class=\"td-social-sharing-button td-social-sharing-button-js td-social-network td-social-facebook\" href=\"https:\/\/www.facebook.com\/sharer.php?u=https%3A%2F%2Forasul-timisoara.ro%2Flocal-38213%2F\" title=\"Facebook\"><\/p>\n<div class=\"td-social-but-text\">Facebook<\/div>\n<p><\/a><a class=\"td-social-sharing-button td-social-sharing-button-js td-social-network td-social-twitter\" href=\"https:\/\/twitter.com\/intent\/tweet?text=%E2%80%9ETeren+comun+%E2%80%93+peisaje+pe+Bega%E2%80%9D%3A+proiect+despre+viitorul+rela%C8%9Biei+dintre+ora%C8%99+%C8%99i+natur%C4%83+%C3%AEn+Timi%C8%99oara&amp;url=https%3A%2F%2Forasul-timisoara.ro%2Flocal-38213%2F&amp;via=orasultm\" title=\"Twitter\"><\/p>\n<div class=\"td-social-but-text\">Twitter<\/div>\n<p><\/a><a class=\"td-social-sharing-button td-social-sharing-button-js td-social-network td-social-whatsapp\" href=\"https:\/\/api.whatsapp.com\/send?text=%E2%80%9ETeren+comun+%E2%80%93+peisaje+pe+Bega%E2%80%9D%3A+proiect+despre+viitorul+rela%C8%9Biei+dintre+ora%C8%99+%C8%99i+natur%C4%83+%C3%AEn+Timi%C8%99oara%20%0A%0A%20https:\/\/orasul-timisoara.ro\/local-38213\/\" title=\"WhatsApp\"><\/p>\n<div class=\"td-social-but-text\">WhatsApp<\/div>\n<p><\/a><a class=\"td-social-sharing-button td-social-sharing-button-js td-social-network td-social-linkedin\" href=\"https:\/\/www.linkedin.com\/shareArticle?mini=true&amp;url=https:\/\/orasul-timisoara.ro\/local-38213\/&amp;title=%E2%80%9ETeren+comun+%E2%80%93+peisaje+pe+Bega%E2%80%9D%3A+proiect+despre+viitorul+rela%C8%9Biei+dintre+ora%C8%99+%C8%99i+natur%C4%83+%C3%AEn+Timi%C8%99oara\" title=\"Linkedin\"><\/p>\n<div class=\"td-social-but-text\">Linkedin<\/div>\n<p><\/a><a class=\"td-social-sharing-button td-social-sharing-button-js td-social-network td-social-reddit\" href=\"https:\/\/reddit.com\/submit?url=https:\/\/orasul-timisoara.ro\/local-38213\/&amp;title=%E2%80%9ETeren+comun+%E2%80%93+peisaje+pe+Bega%E2%80%9D%3A+proiect+despre+viitorul+rela%C8%9Biei+dintre+ora%C8%99+%C8%99i+natur%C4%83+%C3%AEn+Timi%C8%99oara\" title=\"ReddIt\"><\/p>\n<div class=\"td-social-but-text\">ReddIt<\/div>\n<p><\/a><a class=\"td-social-sharing-button td-social-sharing-button-js td-social-network td-social-mail\" href=\"mailto:?subject=%E2%80%9ETeren%20comun%20%E2%80%93%20peisaje%20pe%20Bega%E2%80%9D:%20proiect%20despre%20viitorul%20rela%C8%9Biei%20dintre%20ora%C8%99%20%C8%99i%20natur%C4%83%20%C3%AEn%20Timi%C8%99oara&amp;body=https:\/\/orasul-timisoara.ro\/local-38213\/\" title=\"Email\"><\/p>\n<div class=\"td-social-but-text\">Email<\/div>\n<p><\/a><a class=\"td-social-sharing-button td-social-sharing-button-js td-social-network td-social-print\" href=\"https:\/\/orasul-timisoara.ro\/local-38213\/\" title=\"Imprimare\"><\/p>\n<div class=\"td-social-but-text\">Imprimare<\/div>\n<p><\/a><\/div>\n<\/div>\n<\/div>\n<div class=\"td-block-row td-post-next-prev\">\n<div class=\"td-block-span6 td-post-prev-post\">\n<div class=\"td-post-next-prev-content\"><span>Articolul precedent<\/span><a href=\"https:\/\/orasul-timisoara.ro\/local-38210\/\">Aquatim anun\u021b\u0103 \u00eentreruperi de ap\u0103 \u00een Timi\u0219oara \u0219i mai multe localit\u0103\u021bi din jude\u021b<\/a><\/div>\n<\/div>\n<div class=\"td-block-span6 td-post-next-post\">\n<div class=\"td-post-next-prev-content\"><span>Articolul urm\u0103tor<\/span><a href=\"https:\/\/orasul-timisoara.ro\/local-38219\/\">Prim\u0103ria Timi\u0219oara: meshurile ilegale, sanc\u021bionate dur. Amenzi de peste 300.000 lei date de Poli\u021bia Local\u0103 \u00een 2026<\/a><\/div>\n<\/div>\n<\/div>\n<div class=\"td-author-name vcard author\"><span class=\"fn\"><a href=\"https:\/\/orasul-timisoara.ro\/author\/timisoara\/\">redactia<\/a><\/span><\/div>\n<p><span class=\"td-page-meta\"><\/span><span class=\"td-page-meta\"><span class=\"td-page-meta\"><\/span><\/span><span class=\"td-page-meta\"><\/span><\/footer>\n<div class=\"td_block_wrap td_block_related_posts tdi_3 td_with_ajax_pagination td-pb-border-top td_block_template_8\" data-td-block-uid=\"tdi_3\">\n<h4 class=\"td-related-title td-block-title\"><a id=\"tdi_4\" class=\"td-related-left td-cur-simple-item\" data-td_filter_value data-td_block_id=\"tdi_3\" href=\"https:\/\/orasul-timisoara.ro\/local-38213\/\">ARTICOLE SIMILARE<\/a><a id=\"tdi_5\" class=\"td-related-right\" data-td_filter_value=\"td_related_more_from_author\" data-td_block_id=\"tdi_3\" href=\"https:\/\/orasul-timisoara.ro\/local-38213\/\">DE LA ACELA\u0218I AUTOR<\/a><\/h4>\n<div id=\"tdi_3\" class=\"td_block_inner\">\n<div class=\"td-related-row\">\n<div class=\"td-related-span4\">\n<div class=\"td_module_related_posts td-animation-stack td_mod_related_posts\">\n<div class=\"td-module-image\">\n<div class=\"td-module-thumb\"><a href=\"https:\/\/orasul-timisoara.ro\/local-33881\/\" rel=\"bookmark\" class=\"td-image-wrap \" title=\"Canalul Bega prinde via\u021b\u0103: Regata 2025 aduce ambarca\u021biuni din Serbia \u0219i concerte pe maluri (foto)\"><img loading=\"lazy\" decoding=\"async\" class=\"entry-thumb\" src=\"https:\/\/orasul-timisoara.ro\/wp-content\/uploads\/2025\/09\/Ecluze-pe-Bega-5-436x300.jpg\" alt title=\"Canalul Bega prinde via\u021b\u0103: Regata 2025 aduce ambarca\u021biuni din Serbia \u0219i concerte pe maluri (foto)\" width=\"218\" height=\"150\"><\/a><\/div>\n<\/div>\n<div class=\"item-details\">\n<h3 class=\"entry-title td-module-title\"><a href=\"https:\/\/orasul-timisoara.ro\/local-33881\/\" rel=\"bookmark\" title=\"Canalul Bega prinde via\u021b\u0103: Regata 2025 aduce ambarca\u021biuni din Serbia \u0219i concerte pe maluri (foto)\">Canalul Bega prinde via\u021b\u0103: Regata 2025 aduce ambarca\u021biuni din Serbia \u0219i concerte pe maluri (foto)<\/a><\/h3>\n<\/div>\n<\/div>\n<\/div>\n<div class=\"td-related-span4\">\n<div class=\"td_module_related_posts td-animation-stack td_mod_related_posts\">\n<div class=\"td-module-image\">\n<div class=\"td-module-thumb\"><a href=\"https:\/\/orasul-timisoara.ro\/local-33119\/\" rel=\"bookmark\" class=\"td-image-wrap \" title=\"Poli\u021bi\u0219tii locali au oprit un posibil jaf: suspect prins cu bunuri furate dintr-un imobil\"><img loading=\"lazy\" decoding=\"async\" class=\"entry-thumb\" src=\"https:\/\/orasul-timisoara.ro\/wp-content\/uploads\/2025\/07\/plt-01-436x300.jpg\" alt title=\"Poli\u021bi\u0219tii locali au oprit un posibil jaf: suspect prins cu bunuri furate dintr-un imobil\" width=\"218\" height=\"150\"><\/a><\/div>\n<\/div>\n<div class=\"item-details\">\n<h3 class=\"entry-title td-module-title\"><a href=\"https:\/\/orasul-timisoara.ro\/local-33119\/\" rel=\"bookmark\" title=\"Poli\u021bi\u0219tii locali au oprit un posibil jaf: suspect prins cu bunuri furate dintr-un imobil\">Poli\u021bi\u0219tii locali au oprit un posibil jaf: suspect prins cu bunuri furate dintr-un imobil<\/a><\/h3>\n<\/div>\n<\/div>\n<\/div>\n<div class=\"td-related-span4\">\n<div class=\"td_module_related_posts td-animation-stack td_mod_related_posts\">\n<div class=\"td-module-image\">\n<div class=\"td-module-thumb\"><a href=\"https:\/\/orasul-timisoara.ro\/local-22593\/\" rel=\"bookmark\" class=\"td-image-wrap \" title=\"Lumin\u0103 \u00eempletit\u0103 \u00een Corzi cosmice va arde \u00een spa\u021biul dup\u0103 SCULPTUR\u0102\/SCULPTUR\u0102 dup\u0103\"><img loading=\"lazy\" decoding=\"async\" class=\"entry-thumb\" src=\"https:\/\/orasul-timisoara.ro\/wp-content\/uploads\/2023\/05\/vanga-afis-436x300.jpg\" alt title=\"Lumin\u0103 \u00eempletit\u0103 \u00een Corzi cosmice va arde \u00een spa\u021biul dup\u0103 SCULPTUR\u0102\/SCULPTUR\u0102 dup\u0103\" width=\"218\" height=\"150\"><\/a><\/div>\n<\/div>\n<div class=\"item-details\">\n<h3 class=\"entry-title td-module-title\"><a href=\"https:\/\/orasul-timisoara.ro\/local-22593\/\" rel=\"bookmark\" title=\"Lumin\u0103 \u00eempletit\u0103 \u00een Corzi cosmice va arde \u00een spa\u021biul dup\u0103 SCULPTUR\u0102\/SCULPTUR\u0102 dup\u0103\">Lumin\u0103 \u00eempletit\u0103 \u00een Corzi cosmice va arde \u00een spa\u021biul dup\u0103 SCULPTUR\u0102\/SCULPTUR\u0102 dup\u0103<\/a><\/h3>\n<\/div>\n<\/div>\n<\/div>\n<\/div>\n<\/div>\n<\/div>\n<div class=\"comments\" id=\"comments\">\n<div id=\"respond\" class=\"comment-respond\">\n<h3 id=\"reply-title\" class=\"comment-reply-title\">L\u0102SA\u021aI UN MESAJ<\/h3>\n<div class=\"comment-form-input-wrap td-form-comment\">\n<div class=\"td-warning-comment\">V\u0103 rug\u0103m s\u0103 introduce\u021bi comentariul dvs.!<\/div>\n<\/div>\n<div class=\"comment-form-input-wrap td-form-author\">\n<div class=\"td-warning-author\">Introduce\u021bi aici numele dvs.<\/div>\n<\/div>\n<div class=\"comment-form-input-wrap td-form-email\">\n<div class=\"td-warning-email-error\">A\u021bi introdus o adres\u0103 de e-mail incorect\u0103!<\/div>\n<div class=\"td-warning-email\">V\u0103 rug\u0103m s\u0103 introduce\u021bi adresa dvs. de e-mail aici<\/div>\n<\/div>\n<\/div>\n<p class=\"akismet_comment_form_privacy_notice\">Acest site folose\u0219te Akismet pentru a reduce spamul. <a href=\"https:\/\/akismet.com\/privacy\/\" target=\"_blank\" rel=\"nofollow noopener\">Afl\u0103 cum sunt procesate datele comentariilor tale<\/a>.<\/p>\n<\/div>\n<\/div>\n<\/div>\n<div class=\"td-pb-span4 td-main-sidebar\" role=\"complementary\">\n<div class=\"td-ss-main-sidebar\">\n<aside id=\"block-5\" class=\"td_block_template_8 widget block-5 widget_block widget_media_image\">\n<div class=\"wp-block-image\">\n<figure class=\"aligncenter size-full\"><img decoding=\"async\" loading=\"lazy\" width=\"400\" height=\"400\" src=\"https:\/\/orasul-timisoara.ro\/wp-content\/uploads\/2026\/04\/400x400.png\" alt class=\"wp-image-38045\"><\/figure>\n<\/div>\n<\/aside>\n<aside id=\"block-4\" class=\"td_block_template_8 widget block-4 widget_block widget_media_image\">\n<figure class=\"wp-block-image size-full\"><img decoding=\"async\" loading=\"lazy\" width=\"336\" height=\"280\" src=\"https:\/\/orasul-timisoara.ro\/wp-content\/uploads\/2024\/11\/ReTIM-Abonamentul-Verde-Google-Ads-336x280px.gif\" alt class=\"wp-image-29257\"><\/figure>\n<\/aside>\n<div class=\"td_block_wrap td_block_social_counter td_block_widget tdi_6 td-social-style5 td-social-boxed td-pb-border-top td_block_template_8\">\n<div class=\"td-block-title-wrap\">\n<h4 class=\"td-block-title\"><span>Urm\u0103re\u0219te-ne pe Social Media<\/span><\/h4>\n<\/div>\n<div class=\"td-social-list\">\n<div class=\"td_social_type td-pb-margin-side td_social_facebook\">\n<div class=\"td-social-box\"><span class=\"td_social_info td_social_info_counter\">344,595<\/span><span class=\"td_social_info td_social_info_name\">Fani<\/span><span class=\"td_social_button\"><a href=\"https:\/\/www.facebook.com\/247timisoara\" target=\"_blank\" rel=\"nofollow\">\u00cemi place<\/a><\/span><\/div>\n<\/div>\n<div class=\"td_social_type td-pb-margin-side td_social_instagram\">\n<div class=\"td-social-box\"><span class=\"td_social_info td_social_info_counter\">4,416<\/span><span class=\"td_social_info td_social_info_name\">Cititori<\/span><span class=\"td_social_button\"><a href=\"https:\/\/instagram.com\/orasultimisoararo\/\" target=\"_blank\" rel=\"nofollow\">Conecta\u021bi-v\u0103<\/a><\/span><\/div>\n<\/div>\n<div class=\"td_social_type td-pb-margin-side td_social_rss\">\n<div class=\"td-social-box\"><span class=\"td_social_info td_social_info_counter\">12,506<\/span><span class=\"td_social_info td_social_info_name\">Cititori<\/span><span class=\"td_social_button\"><a href=\"https:\/\/orasul-timisoara.ro\/feed\/\" target=\"_blank\" rel=\"nofollow\">Conecta\u021bi-v\u0103<\/a><\/span><\/div>\n<\/div>\n<div class=\"td_social_type td-pb-margin-side td_social_tiktok\">\n<div class=\"td-social-box\"><span class=\"td_social_info td_social_info_counter\">1,500<\/span><span class=\"td_social_info td_social_info_name\">Cititori<\/span><span class=\"td_social_button\"><a href=\"https:\/\/www.tiktok.com\/@orasultimisoara\" target=\"_blank\" rel=\"nofollow\">Conecta\u021bi-v\u0103<\/a><\/span><\/div>\n<\/div>\n<div class=\"td_social_type td-pb-margin-side td_social_twitter\">\n<div class=\"td-social-box\"><span class=\"td_social_info td_social_info_counter\">1,595<\/span><span class=\"td_social_info td_social_info_name\">Cititori<\/span><span class=\"td_social_button\"><a href=\"https:\/\/twitter.com\/orasultm\" target=\"_blank\" rel=\"nofollow\">Conecta\u021bi-v\u0103<\/a><\/span><\/div>\n<\/div>\n<div class=\"td_social_type td-pb-margin-side td_social_youtube\">\n<div class=\"td-social-box\"><span class=\"td_social_info td_social_info_counter\">3,506<\/span><span class=\"td_social_info td_social_info_name\">Abona\u021bi<\/span><span class=\"td_social_button\"><a href=\"https:\/\/www.youtube.com\/channel\/UCQNsQvs2XCSIm1Z-AHRturw?sub_confirmation=1\" target=\"_blank\" rel=\"nofollow\">Abona\u021bi-v\u0103<\/a><\/span><\/div>\n<\/div>\n<\/div>\n<\/div>\n<aside id=\"text-7\" class=\"td_block_template_8 widget text-7 widget_text\">\n<h4 class=\"td-block-title\"><span>C\u0103ut\u0103ri populare pe OTM<\/span><\/h4>\n<div class=\"textwidget\"><a href=\"https:\/\/orasul-timisoara.ro\/?s=timisoara\"><span>Timisoara<\/span><\/a><a href=\"https:\/\/orasul-timisoara.ro\/?s=calin+dobra\"><span>Calin Dobra<\/span><\/a><a href=\"https:\/\/orasul-timisoara.ro\/?s=primaria+timisoara\"><span>Primaria Timisoara<\/span><\/a><a href=\"https:\/\/orasul-timisoara.ro\/?s=dominic+fritz\"><span>Dominic Fritz<\/span><\/a><a href=\"https:\/\/orasul-timisoara.ro\/?s=nicolae+robu\"><span>Nicolae Robu<\/span><\/a><a href=\"https:\/\/orasul-timisoara.ro\/?s=consiliul+local+timisoara\">Consiliul Local Timisoara<\/a><a href=\"https:\/\/orasul-timisoara.ro\/?s=consiliul+judetean+timis\"><span>Consiliul Judetean Timis<\/span><\/a><a href=\"https:\/\/orasul-timisoara.ro\/?s=cjt\"><span>CJT<\/span><\/a><a href=\"https:\/\/orasul-timisoara.ro\/?s=Alfred+Simonis\"><span>Alfred Simonis<\/span><\/a><a href=\"https:\/\/orasul-timisoara.ro\/?s=PNL\"><span>PNL<\/span><\/a><a href=\"https:\/\/orasul-timisoara.ro\/?s=coronavirus\"><span>coronavirus<\/span><\/a><a href=\"https:\/\/orasul-timisoara.ro\/?s=teatru+timisoara\">teatru Timisoara<\/a><a href=\"https:\/\/orasul-timisoara.ro\/?s=restaurante\"><span>restaurante Timisoara<\/span><\/a><a href=\"https:\/\/orasul-timisoara.ro\/?s=diskoteka\"><span>Diskoteka<\/span><\/a><a href=\"https:\/\/orasul-timisoara.ro\/?s=iulius+town\"><span>Iulius Town<\/span><\/a><a href=\"https:\/\/orasul-timisoara.ro\/?s=iulius+mall\"><span>Iulius Mall<\/span><\/a><a href=\"https:\/\/orasul-timisoara.ro\/?s=stpt\"><span>STPT<\/span><\/a><a href=\"https:\/\/orasul-timisoara.ro\/?s=alin+nica\"><span>Alin Nica<\/span><\/a><a href=\"https:\/\/orasul-timisoara.ro\/?s=psd\"><span>PSD<\/span><\/a><a href=\"https:\/\/orasul-timisoara.ro\/?s=aeroport\"><span>Aeroportul International Timisoara<\/span><\/a><a href=\"https:\/\/orasul-timisoara.ro\/?s=babes\"><span>Spitalul Victor Babes Timisoara<\/span><\/a><a href=\"https:\/\/orasul-timisoara.ro\/?s=poli\"><span>Poli Timi\u0219oara<\/span><\/a><a href=\"https:\/\/orasul-timisoara.ro\/?s=carantina\"><span>carantina<\/span><\/a><a href=\"https:\/\/orasul-timisoara.ro\/?s=aquatim\"><span>Aquatim<\/span><\/a><a href=\"https:\/\/orasul-timisoara.ro\/local-category\/stiri-timisoara\/\"><span>Stiri Timisoara<\/span><\/a><a href=\"https:\/\/orasul-timisoara.ro\/local-category\/investitii-in-timisoara\/\"><span>Investi\u021bii in Timi\u0219oara<\/span><\/a><a href=\"https:\/\/orasul-timisoara.ro\/local-9463\/\"><span>shaorma<\/span><\/a><a href=\"https:\/\/orasul-timisoara.ro\/?s=trafic\"><span>trafic rutier<\/span><\/a><a href=\"https:\/\/orasul-timisoara.ro\/?s=politia\"><span>politia locala timisoara<\/span><\/a><a href=\"https:\/\/orasul-timisoara.ro\/?s=roxana\"><span>Roxana Iliescu<\/span><\/a><a href=\"https:\/\/orasul-timisoara.ro\/?s=colterm\"><span>Colterm<\/span><\/a><a href=\"https:\/\/orasul-timisoara.ro\/?s=latcau\"><span>Ruben La\u021bc\u0103u<\/span><\/a><a href=\"https:\/\/orasul-timisoara.ro\/?s=timis\"><span>\u0218tiri din Timi\u0219<\/span><\/a><a href=\"https:\/\/orasul-timisoara.ro\/?s=spital\"><span>Spitale din Timi\u0219oara<\/span><\/a><a href=\"https:\/\/orasul-timisoara.ro\/?s=tabara\"><span>Cosmin Tab\u0103r\u0103<\/span><\/a><\/div>\n<\/aside>\n<aside id=\"rss-2\" class=\"td_block_template_8 widget rss-2 widget_rss\">\n<h4 class=\"td-block-title\"><span><a class=\"rsswidget rss-widget-feed\" href=\"https:\/\/fashionfridays.ro\/feed\"><img decoding=\"async\" class=\"rss-widget-icon\" width=\"14\" height=\"14\" src=\"https:\/\/orasul-timisoara.ro\/wp-includes\/images\/rss.png\" alt=\"RSS\" loading=\"lazy\"><\/a><a class=\"rsswidget rss-widget-title\" href=\"https:\/\/fashionfridays.ro\/\">Fashion Fridays<\/a><\/span><\/h4>\n<ul>\n<li><a class=\"rsswidget\" href=\"https:\/\/fashionfridays.ro\/crocs-lanseaza-crocband-gum-clog-confort-iconic-cu-influente-retro-sport-pentru-primavara\/\">Crocs lanseaz\u0103 Crocband Gum Clog: confort iconic cu influen\u021be retro-sport pentru prim\u0103var\u0103<\/a>\n<div class=\"rssSummary\">Martie marcheaz\u0103 acel moment al anului \u00een care stilul \u00eencepe s\u0103 se relaxeze. Zilele devin mai lungi, ritmul ora\u0219ului se schimb\u0103, iar garderoba face tranzi\u021bia c\u0103tre piese care pun confortul pe primul loc, f\u0103r\u0103 s\u0103 renun\u021be la atitudine. Este sezonul \u00een care autenticitatea devine declara\u021bie de stil, iar alegerile vestimentare reflect\u0103 mai mult ca oric\u00e2nd [\u2026]<\/div>\n<\/li>\n<\/ul>\n<\/aside>\n<aside id=\"rss-4\" class=\"td_block_template_8 widget rss-4 widget_rss\">\n<h4 class=\"td-block-title\"><span><a class=\"rsswidget rss-widget-feed\" href=\"https:\/\/emasini.ro\/feed\"><img decoding=\"async\" class=\"rss-widget-icon\" width=\"14\" height=\"14\" src=\"https:\/\/orasul-timisoara.ro\/wp-includes\/images\/rss.png\" alt=\"RSS\" loading=\"lazy\"><\/a><a class=\"rsswidget rss-widget-title\" href=\"https:\/\/emasini.ro\/\">eMasini<\/a><\/span><\/h4>\n<ul>\n<li><a class=\"rsswidget\" href=\"https:\/\/emasini.ro\/mercedes-eqs-2026-promite-autonomie-record-pana-la-925-km-electric\/\">Mercedes EQS 2026 promite autonomie record: p\u00e2n\u0103 la 925 km electric<\/a>\n<div class=\"rssSummary\">Mercedes-Benz intensific\u0103 competi\u021bia pe pia\u021ba ma\u0219inilor electrice de lux, lans\u00e2nd noua genera\u021bie Mercedes-Benz EQS, care promite o autonomie de p\u00e2n\u0103 la 925 de kilometri conform standardului WLTP. Modelul devine, cel pu\u021bin teoretic, liderul segmentului, dep\u0103\u0219ind rivalul direct, BMW, cu al s\u0103u sedan electric de top. Noua versiune EQS450+ aduce o cre\u0219tere de aproximativ 13% a [\u2026]<\/div>\n<\/li>\n<\/ul>\n<\/aside>\n<\/div>\n<\/div>\n<\/div>\n<\/div>\n<\/article>\n<div class=\"td-post-content tagdiv-type\">\n<p>Un nou proiect cultural \u0219i de cercetare interdisciplinar\u0103 prinde contur la Timi\u0219oara, propun\u00e2nd o analiz\u0103 ampl\u0103 a rela\u021biei dintre mediul urban \u0219i natur\u0103, av\u00e2nd ca punct central Canalul Bega. Intitulat \u201eTeren comun \u2013 peisaje pe Bega\u201d, demersul aduce \u00eempreun\u0103 arti\u0219ti, arhitec\u021bi, peisagi\u0219ti \u0219i cercet\u0103tori interesa\u021bi de viitorul sustenabil al ora\u0219ului.<\/p>\n<p>Proiectul porne\u0219te de la conceptul de \u201eteren comun\u201d, care redefine\u0219te spa\u021biul urban ca un ecosistem \u00eemp\u0103r\u021bit nu doar de oameni, ci \u0219i de plante, insecte \u0219i alte forme de via\u021b\u0103. Ini\u021biativa \u00ee\u0219i propune s\u0103 eviden\u021bieze aceste interac\u021biuni \u0219i s\u0103 stimuleze noi moduri de a g\u00e2ndi dezvoltarea urban\u0103.<\/p>\n<figure class=\"wp-block-gallery has-nested-images columns-default is-cropped wp-block-gallery-1 is-layout-flex wp-block-gallery-is-layout-flex\">\n<figure class=\"wp-block-image size-large\"><img loading=\"lazy\" decoding=\"async\" width=\"1920\" height=\"1080\" data-id=\"38215\" src=\"https:\/\/orasul-timisoara.ro\/wp-content\/uploads\/2026\/04\/teren-comun-pajisti2.jpg\" alt class=\"wp-image-38215\"><\/figure>\n<figure class=\"wp-block-image size-large\"><img loading=\"lazy\" decoding=\"async\" width=\"1920\" height=\"1081\" data-id=\"38214\" src=\"https:\/\/orasul-timisoara.ro\/wp-content\/uploads\/2026\/04\/teren-comun-cover.jpg\" alt class=\"wp-image-38214\"><\/figure>\n<figure class=\"wp-block-image size-large\"><img loading=\"lazy\" decoding=\"async\" width=\"1920\" height=\"1080\" data-id=\"38217\" src=\"https:\/\/orasul-timisoara.ro\/wp-content\/uploads\/2026\/04\/teren-comun.-zone-umede.jpg\" alt class=\"wp-image-38217\"><\/figure>\n<figure class=\"wp-block-image size-large\"><img decoding=\"async\" loading=\"lazy\" width=\"1920\" height=\"1080\" data-id=\"38216\" src=\"https:\/\/orasul-timisoara.ro\/wp-content\/uploads\/2026\/04\/teren-comun-pajisti1.jpg\" alt class=\"wp-image-38216\"><\/figure>\n<\/figure>\n<p>Un prim pas al proiectului const\u0103 \u00een cartografierea ini\u021biativelor locale legate de Canalul Bega \u2013 de la proiecte artistice \u0219i cercet\u0103ri \u0219tiin\u021bifice, p\u00e2n\u0103 la comunit\u0103\u021bi implicate activ \u00een protejarea mediului. Toate acestea vor fi reunite pe platforma online dedicat\u0103, menit\u0103 s\u0103 creasc\u0103 vizibilitatea acestor ini\u021biative \u0219i s\u0103 faciliteze colaborarea.<\/p>\n<p>Un element central al proiectului \u00eel reprezint\u0103 reziden\u021ba artistic\u0103 interdisciplinar\u0103, \u00een cadrul c\u0103reia arti\u0219tii, arhitec\u021bii \u0219i peisagi\u0219tii vor colabora direct cu cercet\u0103tori pentru a transforma datele \u0219tiin\u021bifice \u00een forme accesibile publicului larg.<\/p>\n<p>Proiectul este structurat pe patru direc\u021bii principale:<\/p>\n<p>Gr\u0103dinile comunitare sunt analizate ca spa\u021bii esen\u021biale pentru biodiversitate, oferind habitat pentru specii diverse \u0219i, \u00een acela\u0219i timp, locuri de \u00eent\u00e2lnire \u0219i educa\u021bie pentru comunitate.<\/p>\n<p>Paji\u0219tile urbane sunt promovate ca alternativ\u0103 sustenabil\u0103 la gazonul clasic, contribuind la reducerea temperaturilor urbane \u0219i la cre\u0219terea biodiversit\u0103\u021bii.<\/p>\n<p>Zona Canalului Bega este abordat\u0103 ca un ecosistem viu, \u00een care interac\u021biunea dintre ap\u0103, natur\u0103 \u0219i oameni joac\u0103 un rol esen\u021bial \u00een echilibrul urban.<\/p>\n<p>Arheologia peisajului propune o lectur\u0103 \u00een straturi a ora\u0219ului, utiliz\u00e2nd tehnologii moderne \u0219i interpret\u0103ri artistice pentru a \u00een\u021belege transform\u0103rile spa\u021biului de-a lungul timpului.<\/p>\n<p>Pe l\u00e2ng\u0103 componenta de cercetare, proiectul include un program extins de activit\u0103\u021bi dedicate publicului, precum ateliere, conferin\u021be, tururi ghidate \u0219i evenimente participative, menite s\u0103 creeze un dialog \u00eentre comunitate, art\u0103 \u0219i \u0219tiin\u021b\u0103.<\/p>\n<p>Ini\u021biativa este coordonat\u0103 de ACIA \u2013 Asocia\u021bia Cultural\u0103 pentru Interven\u021bie Artistic\u0103 \u0219i este co-finan\u021bat\u0103 prin Administra\u021bia Fondului Cultural Na\u021bional. Proiectul reune\u0219te numero\u0219i parteneri din domeniile creative, academice \u0219i de mediu, activi \u00een zona dezvolt\u0103rii sustenabile.<\/p>\n<p>Prin \u201eTeren comun \u2013 peisaje pe Bega\u201d, Timi\u0219oara \u00ee\u0219i consolideaz\u0103 profilul de ora\u0219 preocupat de inova\u021bie, sustenabilitate \u0219i colaborare interdisciplinar\u0103, propun\u00e2nd un model de integrare armonioas\u0103 \u00eentre natur\u0103 \u0219i mediul urban.<\/p>\n<\/div>\n<p>[analyse_source url=&#8221;https:\/\/orasul-timisoara.ro\/local-38213\/&#8221;]<\/p>\n","protected":false},"excerpt":{"rendered":"<p>[analyse_image type=&#8221;featured&#8221; src=&#8221;https:\/\/orasul-timisoara.ro\/wp-content\/uploads\/2026\/04\/teren-comun-pajisti2.jpg&#8221;] Evenimente in Timisoara\u201eTeren comun \u2013 peisaje pe Bega\u201d: proiect despre viitorul rela\u021biei dintre ora\u0219&#8230; Evenimente in Timisoara \u0218tiri Locale \u201eTeren comun \u2013 peisaje pe Bega\u201d: proiect despre viitorul rela\u021biei dintre ora\u0219 \u0219i natur\u0103 \u00een Timi\u0219oara De c\u0103tre redactia &#8211; 17\/04\/2026 Facebook Twitter WhatsApp Linkedin ReddIt Email Imprimare Un nou proiect cultural \u0219i [&hellip;]<\/p>\n","protected":false},"author":1,"featured_media":0,"comment_status":"open","ping_status":"","sticky":false,"template":"","format":"standard","meta":{"footnotes":""},"categories":[89],"tags":[226,189],"class_list":["post-1889506","post","type-post","status-publish","format-standard","hentry","category-romania","tag-crawlmanager","tag-orasul-timisoara-ro"],"_links":{"self":[{"href":"https:\/\/analyse.optim.biz\/index.php?rest_route=\/wp\/v2\/posts\/1889506","targetHints":{"allow":["GET"]}}],"collection":[{"href":"https:\/\/analyse.optim.biz\/index.php?rest_route=\/wp\/v2\/posts"}],"about":[{"href":"https:\/\/analyse.optim.biz\/index.php?rest_route=\/wp\/v2\/types\/post"}],"author":[{"embeddable":true,"href":"https:\/\/analyse.optim.biz\/index.php?rest_route=\/wp\/v2\/users\/1"}],"replies":[{"embeddable":true,"href":"https:\/\/analyse.optim.biz\/index.php?rest_route=%2Fwp%2Fv2%2Fcomments&post=1889506"}],"version-history":[{"count":0,"href":"https:\/\/analyse.optim.biz\/index.php?rest_route=\/wp\/v2\/posts\/1889506\/revisions"}],"wp:attachment":[{"href":"https:\/\/analyse.optim.biz\/index.php?rest_route=%2Fwp%2Fv2%2Fmedia&parent=1889506"}],"wp:term":[{"taxonomy":"category","embeddable":true,"href":"https:\/\/analyse.optim.biz\/index.php?rest_route=%2Fwp%2Fv2%2Fcategories&post=1889506"},{"taxonomy":"post_tag","embeddable":true,"href":"https:\/\/analyse.optim.biz\/index.php?rest_route=%2Fwp%2Fv2%2Ftags&post=1889506"}],"curies":[{"name":"wp","href":"https:\/\/api.w.org\/{rel}","templated":true}]}}