{"id":1889496,"date":"2026-04-17T14:39:40","date_gmt":"2026-04-17T11:39:40","guid":{"rendered":"https:\/\/analyse.optim.biz\/?p=1889496"},"modified":"2026-04-17T14:39:40","modified_gmt":"2026-04-17T11:39:40","slug":"primaria-timisoara-reduce-peste-200-de-posturi-reforma-administrativa-si-economii-de-13-milioane-de-lei","status":"publish","type":"post","link":"https:\/\/analyse.optim.biz\/?p=1889496","title":{"rendered":"Prim\u0103ria Timi\u0219oara reduce peste 200 de posturi: reform\u0103 administrativ\u0103 \u0219i economii de 13 milioane de lei"},"content":{"rendered":"<p>[analyse_image type=&#8221;featured&#8221; src=&#8221;https:\/\/orasul-timisoara.ro\/wp-content\/uploads\/2021\/01\/primaria-timisoara.jpg&#8221;]<\/p>\n<article id=\"post-38195\" class=\"td-post-template-7 post-38195 post type-post status-publish format-standard has-post-thumbnail category-administratie category-featured category-stiri-timisoara tag-buget-local tag-digitalizare-administratie-2 tag-dominic-fritz tag-oug-7-2026 tag-politie-locala tag-primaria-timisoara tag-reduceri-posturi tag-reforma-administratie tag-reorganizare-administrativa-2 td-container-wrap\">\n<div class=\"td-full-screen-header-image-wrap\">\n<div class=\"td-container td-post-header\">\n<div class=\"td-crumb-container\">\n<div class=\"entry-crumbs\"><span><a title=\"Vede\u021bi toate articolele \u00een Administra\u021bie local\u0103\" class=\"entry-crumb\" href=\"https:\/\/orasul-timisoara.ro\/local-category\/administratie\/\">Administra\u021bie local\u0103<\/a><\/span><span class=\"td-bred-no-url-last\">Prim\u0103ria Timi\u0219oara reduce peste 200 de posturi: reform\u0103 administrativ\u0103 \u0219i economii de&#8230;<\/span><\/div>\n<\/div>\n<div class=\"td-post-header-holder\">\n<div class=\"td-parallax-header\">\n<header class=\"td-post-title\">\n<ul class=\"td-category\">\n<li class=\"entry-category\"><a href=\"https:\/\/orasul-timisoara.ro\/local-category\/administratie\/\">Administra\u021bie local\u0103<\/a><\/li>\n<li class=\"entry-category\"><a href=\"https:\/\/orasul-timisoara.ro\/local-category\/stiri-timisoara\/\">\u0218tiri Locale<\/a><\/li>\n<\/ul>\n<h1 class=\"entry-title\">Prim\u0103ria Timi\u0219oara reduce peste 200 de posturi: reform\u0103 administrativ\u0103 \u0219i economii de 13 milioane de lei<\/h1>\n<div class=\"td-module-meta-info\">\n<div class=\"td-post-author-name\">\n<div class=\"td-author-by\">De c\u0103tre<\/div>\n<p><a href=\"https:\/\/orasul-timisoara.ro\/author\/timisoara\/\">redactia<\/a><\/p>\n<div class=\"td-author-line\"> &#8211; <\/div>\n<\/div>\n<p><span class=\"td-post-date\"><time class=\"entry-date updated td-module-date\" datetime=\"2026-04-17T17:39:40+03:00\">17\/04\/2026<\/time><\/span><\/div>\n<\/header>\n<\/div>\n<\/div>\n<\/div>\n<div id=\"td-full-screen-header-image\" class=\"td-image-gradient-style7\"><img decoding=\"async\" class=\"td-backstretch\" src=\"https:\/\/orasul-timisoara.ro\/wp-content\/uploads\/2021\/01\/primaria-timisoara.jpg\"><\/div>\n<\/div>\n<div class=\"td-container\">\n<div class=\"td-pb-row\">\n<div class=\"td-pb-span8 td-main-content\" role=\"main\">\n<div class=\"td-ss-main-content\">\n<div class=\"td-post-sharing-top\">\n<div class=\"td-post-sharing-classic\"><iframe title=\"topFacebookLike\" frameborder src=\"https:\/\/www.facebook.com\/plugins\/like.php?href=https:\/\/orasul-timisoara.ro\/local-38195\/&amp;layout=button_count&amp;show_faces=false&amp;width=105&amp;action=like&amp;colorscheme=light&amp;height=21\"><\/iframe><\/div>\n<div id=\"td_social_sharing_article_top\" class=\"td-post-sharing td-ps-bg td-ps-notext td-post-sharing-style1 \">\n<div class=\"td-post-sharing-visible\"><a class=\"td-social-sharing-button td-social-sharing-button-js td-social-network td-social-facebook\" href=\"https:\/\/www.facebook.com\/sharer.php?u=https%3A%2F%2Forasul-timisoara.ro%2Flocal-38195%2F\" title=\"Facebook\"><\/p>\n<div class=\"td-social-but-text\">Facebook<\/div>\n<p><\/a><a class=\"td-social-sharing-button td-social-sharing-button-js td-social-network td-social-twitter\" href=\"https:\/\/twitter.com\/intent\/tweet?text=Prim%C4%83ria+Timi%C8%99oara+reduce+peste+200+de+posturi%3A+reform%C4%83+administrativ%C4%83+%C8%99i+economii+de+13+milioane+de+lei&amp;url=https%3A%2F%2Forasul-timisoara.ro%2Flocal-38195%2F&amp;via=orasultm\" title=\"Twitter\"><\/p>\n<div class=\"td-social-but-text\">Twitter<\/div>\n<p><\/a><a class=\"td-social-sharing-button td-social-sharing-button-js td-social-network td-social-whatsapp\" href=\"https:\/\/api.whatsapp.com\/send?text=Prim%C4%83ria+Timi%C8%99oara+reduce+peste+200+de+posturi%3A+reform%C4%83+administrativ%C4%83+%C8%99i+economii+de+13+milioane+de+lei%20%0A%0A%20https:\/\/orasul-timisoara.ro\/local-38195\/\" title=\"WhatsApp\"><\/p>\n<div class=\"td-social-but-text\">WhatsApp<\/div>\n<p><\/a><a class=\"td-social-sharing-button td-social-sharing-button-js td-social-network td-social-linkedin\" href=\"https:\/\/www.linkedin.com\/shareArticle?mini=true&amp;url=https:\/\/orasul-timisoara.ro\/local-38195\/&amp;title=Prim%C4%83ria+Timi%C8%99oara+reduce+peste+200+de+posturi%3A+reform%C4%83+administrativ%C4%83+%C8%99i+economii+de+13+milioane+de+lei\" title=\"Linkedin\"><\/p>\n<div class=\"td-social-but-text\">Linkedin<\/div>\n<p><\/a><a class=\"td-social-sharing-button td-social-sharing-button-js td-social-network td-social-reddit\" href=\"https:\/\/reddit.com\/submit?url=https:\/\/orasul-timisoara.ro\/local-38195\/&amp;title=Prim%C4%83ria+Timi%C8%99oara+reduce+peste+200+de+posturi%3A+reform%C4%83+administrativ%C4%83+%C8%99i+economii+de+13+milioane+de+lei\" title=\"ReddIt\"><\/p>\n<div class=\"td-social-but-text\">ReddIt<\/div>\n<p><\/a><a class=\"td-social-sharing-button td-social-sharing-button-js td-social-network td-social-mail\" href=\"mailto:?subject=Prim%C4%83ria%20Timi%C8%99oara%20reduce%20peste%20200%20de%20posturi:%20reform%C4%83%20administrativ%C4%83%20%C8%99i%20economii%20de%2013%20milioane%20de%20lei&amp;body=https:\/\/orasul-timisoara.ro\/local-38195\/\" title=\"Email\"><\/p>\n<div class=\"td-social-but-text\">Email<\/div>\n<p><\/a><a class=\"td-social-sharing-button td-social-sharing-button-js td-social-network td-social-print\" href=\"https:\/\/orasul-timisoara.ro\/local-38195\/\" title=\"Imprimare\"><\/p>\n<div class=\"td-social-but-text\">Imprimare<\/div>\n<p><\/a><\/div>\n<\/div>\n<\/div>\n<div class=\"td-post-content tagdiv-type\">\n<p>Administra\u021bia local\u0103 din Timi\u0219oara accelereaz\u0103 procesul de reform\u0103 institu\u021bional\u0103, \u00een contextul prevederilor OUG nr. 7\/2026, care impun reducerea cu p\u00e2n\u0103 la 30% a num\u0103rului de posturi din sectorul public. Primarul Dominic Fritz a \u00eenaintat Consiliului Local un pachet de m\u0103suri ce vizeaz\u0103 restructurarea aparatului administrativ \u0219i eficientizarea cheltuielilor bugetare.<\/p>\n<p>Potrivit proiectului, vor fi desfiin\u021bate 138 de posturi din cadrul Aparatului de Specialitate al Primarului \u0219i al institu\u021biilor subordonate, inclusiv Direc\u021bia Fiscal\u0103, Direc\u021bia General\u0103 Proiecte \u0219i Lucr\u0103ri Municipale pentru Sport \u0219i Transport Feroviar \u0219i Sport Club Municipal. \u00cen paralel, modific\u0103rile legislative privind norma de personal la Poli\u021bia Local\u0103 \u2013 un agent la 1.200 de locuitori, fa\u021b\u0103 de 1.000 anterior \u2013 determin\u0103 o reducere suplimentar\u0103 de 86 de posturi.<\/p>\n<p>\u00cen total, administra\u021bia local\u0103 va elimina 102 posturi ocupate, m\u0103sur\u0103 estimat\u0103 s\u0103 genereze economii anuale de aproximativ 13 milioane de lei la bugetul local.<\/p>\n<p>Reorganizarea Aparatului de Specialitate are la baz\u0103 procesul de digitalizare a fluxurilor interne, care a permis recalibrarea structurilor \u00een func\u021bie de volumul real de activitate. Astfel, sunt propuse desfiin\u021barea a dou\u0103 servicii din cadrul Direc\u021biei de Autorizare \u0219i Control, precum \u0219i reducerea a patru posturi la Serviciul Achizi\u021bii Publice, \u00een urma unei analize de performan\u021b\u0103.<\/p>\n<p>Totodat\u0103, pentru consolidarea capacit\u0103\u021bii financiare \u0219i cre\u0219terea absorb\u021biei de fonduri externe, este propus\u0103 comasarea Direc\u021biei Incubator Proiecte cu Direc\u021bia Economic\u0103, rezult\u00e2nd o nou\u0103 structur\u0103: Direc\u021bia General\u0103 Economic\u0103 \u0219i Finan\u021b\u0103ri Proiecte.<\/p>\n<p>\u00cen prezent, Aparatul de Specialitate al Primarului num\u0103r\u0103 494 de posturi. Conform noii propuneri, vor fi desfiin\u021bate 72 de posturi \u2013 inclusiv func\u021bii de conducere \u0219i execu\u021bie \u2013 \u0219i va fi \u00eenfiin\u021bat\u0103 o func\u021bie de director general. Astfel, organigrama ar urma s\u0103 ajung\u0103 la 423 de posturi.<\/p>\n<p>Reduceri semnificative sunt prev\u0103zute \u0219i la nivelul altor structuri:<br \/>Direc\u021bia Fiscal\u0103 a Municipiului Timi\u0219oara \u2013 32 de posturi;<br \/>Direc\u021bia General\u0103 Proiecte \u0219i Lucr\u0103ri Municipale pentru Sport \u0219i Transport Feroviar \u2013 24 de posturi \u0219i desfiin\u021barea structurii;<br \/>Sport Club Municipal \u2013 10 posturi;<br \/>Direc\u021bia General\u0103 Poli\u021bia Local\u0103 Timi\u0219oara \u2013 86 de posturi.<\/p>\n<p>Procesul de eficientizare a \u00eenceput \u00eenc\u0103 din 2021, c\u00e2nd organigrama institu\u021biei includea 644 de posturi. Reducerile succesive au cobor\u00e2t acest num\u0103r la 535, apoi la 494, iar acum la 423, potrivit noii propuneri.<\/p>\n<p>Proiectele de hot\u0103r\u00e2re privind reorganizarea sunt disponibile pe site-ul Prim\u0103riei, iar cet\u0103\u021benii pot transmite sugestii \u0219i opinii p\u00e2n\u0103 la data de 27 aprilie, at\u00e2t online, c\u00e2t \u0219i fizic. De asemenea, autorit\u0103\u021bile locale urmeaz\u0103 s\u0103 organizeze o dezbatere public\u0103 pe aceast\u0103 tem\u0103.<\/p>\n<\/div>\n<footer>\n<div class=\"td-post-source-tags\">\n<ul class=\"td-tags td-post-small-box clearfix\">\n<li><span>ETICHETE<\/span><\/li>\n<li><a href=\"https:\/\/orasul-timisoara.ro\/local-tag\/buget-local\/\">buget local<\/a><\/li>\n<li><a href=\"https:\/\/orasul-timisoara.ro\/local-tag\/digitalizare-administratie-2\/\">digitalizare administratie<\/a><\/li>\n<li><a href=\"https:\/\/orasul-timisoara.ro\/local-tag\/dominic-fritz\/\">dominic fritz<\/a><\/li>\n<li><a href=\"https:\/\/orasul-timisoara.ro\/local-tag\/oug-7-2026\/\">OUG 7 2026<\/a><\/li>\n<li><a href=\"https:\/\/orasul-timisoara.ro\/local-tag\/politie-locala\/\">politie locala<\/a><\/li>\n<li><a href=\"https:\/\/orasul-timisoara.ro\/local-tag\/primaria-timisoara\/\">primaria timisoara<\/a><\/li>\n<li><a href=\"https:\/\/orasul-timisoara.ro\/local-tag\/reduceri-posturi\/\">reduceri posturi<\/a><\/li>\n<li><a href=\"https:\/\/orasul-timisoara.ro\/local-tag\/reforma-administratie\/\">reforma administratie<\/a><\/li>\n<li><a href=\"https:\/\/orasul-timisoara.ro\/local-tag\/reorganizare-administrativa-2\/\">reorganizare administrativa<\/a><\/li>\n<\/ul>\n<\/div>\n<div class=\"td-post-sharing-bottom\">\n<div class=\"td-post-sharing-classic\"><iframe title=\"bottomFacebookLike\" frameborder src=\"https:\/\/www.facebook.com\/plugins\/like.php?href=https:\/\/orasul-timisoara.ro\/local-38195\/&amp;layout=button_count&amp;show_faces=false&amp;width=105&amp;action=like&amp;colorscheme=light&amp;height=21\"><\/iframe><\/div>\n<div id=\"td_social_sharing_article_bottom\" class=\"td-post-sharing td-ps-bg td-ps-notext td-post-sharing-style1 \">\n<div class=\"td-post-sharing-visible\"><a class=\"td-social-sharing-button td-social-sharing-button-js td-social-network td-social-facebook\" href=\"https:\/\/www.facebook.com\/sharer.php?u=https%3A%2F%2Forasul-timisoara.ro%2Flocal-38195%2F\" title=\"Facebook\"><\/p>\n<div class=\"td-social-but-text\">Facebook<\/div>\n<p><\/a><a class=\"td-social-sharing-button td-social-sharing-button-js td-social-network td-social-twitter\" href=\"https:\/\/twitter.com\/intent\/tweet?text=Prim%C4%83ria+Timi%C8%99oara+reduce+peste+200+de+posturi%3A+reform%C4%83+administrativ%C4%83+%C8%99i+economii+de+13+milioane+de+lei&amp;url=https%3A%2F%2Forasul-timisoara.ro%2Flocal-38195%2F&amp;via=orasultm\" title=\"Twitter\"><\/p>\n<div class=\"td-social-but-text\">Twitter<\/div>\n<p><\/a><a class=\"td-social-sharing-button td-social-sharing-button-js td-social-network td-social-whatsapp\" href=\"https:\/\/api.whatsapp.com\/send?text=Prim%C4%83ria+Timi%C8%99oara+reduce+peste+200+de+posturi%3A+reform%C4%83+administrativ%C4%83+%C8%99i+economii+de+13+milioane+de+lei%20%0A%0A%20https:\/\/orasul-timisoara.ro\/local-38195\/\" title=\"WhatsApp\"><\/p>\n<div class=\"td-social-but-text\">WhatsApp<\/div>\n<p><\/a><a class=\"td-social-sharing-button td-social-sharing-button-js td-social-network td-social-linkedin\" href=\"https:\/\/www.linkedin.com\/shareArticle?mini=true&amp;url=https:\/\/orasul-timisoara.ro\/local-38195\/&amp;title=Prim%C4%83ria+Timi%C8%99oara+reduce+peste+200+de+posturi%3A+reform%C4%83+administrativ%C4%83+%C8%99i+economii+de+13+milioane+de+lei\" title=\"Linkedin\"><\/p>\n<div class=\"td-social-but-text\">Linkedin<\/div>\n<p><\/a><a class=\"td-social-sharing-button td-social-sharing-button-js td-social-network td-social-reddit\" href=\"https:\/\/reddit.com\/submit?url=https:\/\/orasul-timisoara.ro\/local-38195\/&amp;title=Prim%C4%83ria+Timi%C8%99oara+reduce+peste+200+de+posturi%3A+reform%C4%83+administrativ%C4%83+%C8%99i+economii+de+13+milioane+de+lei\" title=\"ReddIt\"><\/p>\n<div class=\"td-social-but-text\">ReddIt<\/div>\n<p><\/a><a class=\"td-social-sharing-button td-social-sharing-button-js td-social-network td-social-mail\" href=\"mailto:?subject=Prim%C4%83ria%20Timi%C8%99oara%20reduce%20peste%20200%20de%20posturi:%20reform%C4%83%20administrativ%C4%83%20%C8%99i%20economii%20de%2013%20milioane%20de%20lei&amp;body=https:\/\/orasul-timisoara.ro\/local-38195\/\" title=\"Email\"><\/p>\n<div class=\"td-social-but-text\">Email<\/div>\n<p><\/a><a class=\"td-social-sharing-button td-social-sharing-button-js td-social-network td-social-print\" href=\"https:\/\/orasul-timisoara.ro\/local-38195\/\" title=\"Imprimare\"><\/p>\n<div class=\"td-social-but-text\">Imprimare<\/div>\n<p><\/a><\/div>\n<\/div>\n<\/div>\n<div class=\"td-block-row td-post-next-prev\">\n<div class=\"td-block-span6 td-post-prev-post\">\n<div class=\"td-post-next-prev-content\"><span>Articolul precedent<\/span><a href=\"https:\/\/orasul-timisoara.ro\/local-38192\/\">Accident rutier \u00een Lugoj: un b\u0103rbat a ajuns la spital dup\u0103 o coliziune pe strada Caraiman<\/a><\/div>\n<\/div>\n<div class=\"td-block-span6 td-post-next-post\">\n<div class=\"td-post-next-prev-content\"><span>Articolul urm\u0103tor<\/span><a href=\"https:\/\/orasul-timisoara.ro\/local-38198\/\">\u00cencepe cur\u0103\u021benia stradal\u0103 \u00een Timi\u0219oara: unde se intervine \u0219i ce restric\u021bii de parcare sunt impuse<\/a><\/div>\n<\/div>\n<\/div>\n<div class=\"td-author-name vcard author\"><span class=\"fn\"><a href=\"https:\/\/orasul-timisoara.ro\/author\/timisoara\/\">redactia<\/a><\/span><\/div>\n<p><span class=\"td-page-meta\"><\/span><span class=\"td-page-meta\"><span class=\"td-page-meta\"><\/span><\/span><span class=\"td-page-meta\"><\/span><\/footer>\n<div class=\"td_block_wrap td_block_related_posts tdi_3 td_with_ajax_pagination td-pb-border-top td_block_template_8\" data-td-block-uid=\"tdi_3\">\n<h4 class=\"td-related-title td-block-title\"><a id=\"tdi_4\" class=\"td-related-left td-cur-simple-item\" data-td_filter_value data-td_block_id=\"tdi_3\" href=\"https:\/\/orasul-timisoara.ro\/local-38195\/\">ARTICOLE SIMILARE<\/a><a id=\"tdi_5\" class=\"td-related-right\" data-td_filter_value=\"td_related_more_from_author\" data-td_block_id=\"tdi_3\" href=\"https:\/\/orasul-timisoara.ro\/local-38195\/\">DE LA ACELA\u0218I AUTOR<\/a><\/h4>\n<div id=\"tdi_3\" class=\"td_block_inner\">\n<div class=\"td-related-row\">\n<div class=\"td-related-span4\">\n<div class=\"td_module_related_posts td-animation-stack td_mod_related_posts\">\n<div class=\"td-module-image\">\n<div class=\"td-module-thumb\"><a href=\"https:\/\/orasul-timisoara.ro\/local-38091\/\" rel=\"bookmark\" class=\"td-image-wrap \" title=\"Dominic Fritz anun\u021b\u0103 recuperarea unei cl\u0103diri importante din zona central\u0103 a ora\u0219ului: planuri pentru o nou\u0103 gr\u0103dini\u021b\u0103 \u00een Timi\u0219oara\"><img loading=\"lazy\" decoding=\"async\" class=\"entry-thumb\" src=\"https:\/\/orasul-timisoara.ro\/wp-content\/uploads\/2026\/04\/671905111_1374846211335992_1392813272985405673_n-1-436x300.jpg\" alt title=\"Dominic Fritz anun\u021b\u0103 recuperarea unei cl\u0103diri importante din zona central\u0103 a ora\u0219ului: planuri pentru o nou\u0103 gr\u0103dini\u021b\u0103 \u00een Timi\u0219oara\" width=\"218\" height=\"150\"><\/a><\/div>\n<\/div>\n<div class=\"item-details\">\n<h3 class=\"entry-title td-module-title\"><a href=\"https:\/\/orasul-timisoara.ro\/local-38091\/\" rel=\"bookmark\" title=\"Dominic Fritz anun\u021b\u0103 recuperarea unei cl\u0103diri importante din zona central\u0103 a ora\u0219ului: planuri pentru o nou\u0103 gr\u0103dini\u021b\u0103 \u00een Timi\u0219oara\">Dominic Fritz anun\u021b\u0103 recuperarea unei cl\u0103diri importante din zona central\u0103 a ora\u0219ului: planuri pentru o nou\u0103 gr\u0103dini\u021b\u0103 \u00een Timi\u0219oara<\/a><\/h3>\n<\/div>\n<\/div>\n<\/div>\n<div class=\"td-related-span4\">\n<div class=\"td_module_related_posts td-animation-stack td_mod_related_posts\">\n<div class=\"td-module-image\">\n<div class=\"td-module-thumb\"><a href=\"https:\/\/orasul-timisoara.ro\/local-37953\/\" rel=\"bookmark\" class=\"td-image-wrap \" title=\"Dominic Fritz anun\u021b\u0103 c\u0103 a semnat contracte de 50 milioane de euro pentru transformarea Timi\u0219oarei\"><img loading=\"lazy\" decoding=\"async\" class=\"entry-thumb\" src=\"https:\/\/orasul-timisoara.ro\/wp-content\/uploads\/2026\/04\/dominic-fritz-006-436x300.jpg\" alt title=\"Dominic Fritz anun\u021b\u0103 c\u0103 a semnat contracte de 50 milioane de euro pentru transformarea Timi\u0219oarei\" width=\"218\" height=\"150\"><\/a><\/div>\n<\/div>\n<div class=\"item-details\">\n<h3 class=\"entry-title td-module-title\"><a href=\"https:\/\/orasul-timisoara.ro\/local-37953\/\" rel=\"bookmark\" title=\"Dominic Fritz anun\u021b\u0103 c\u0103 a semnat contracte de 50 milioane de euro pentru transformarea Timi\u0219oarei\">Dominic Fritz anun\u021b\u0103 c\u0103 a semnat contracte de 50 milioane de euro pentru transformarea Timi\u0219oarei<\/a><\/h3>\n<\/div>\n<\/div>\n<\/div>\n<div class=\"td-related-span4\">\n<div class=\"td_module_related_posts td-animation-stack td_mod_related_posts\">\n<div class=\"td-module-image\">\n<div class=\"td-module-thumb\"><a href=\"https:\/\/orasul-timisoara.ro\/local-37946\/\" rel=\"bookmark\" class=\"td-image-wrap \" title=\"Modernizare important\u0103 la Timi\u0219oara: podul de la Fabrica de \u021aig\u0103ri va fi complet ref\u0103cut\"><img loading=\"lazy\" decoding=\"async\" class=\"entry-thumb\" src=\"https:\/\/orasul-timisoara.ro\/wp-content\/uploads\/2026\/04\/658926074_1471346361027509_83233523392822369_n-436x300.jpg\" alt title=\"Modernizare important\u0103 la Timi\u0219oara: podul de la Fabrica de \u021aig\u0103ri va fi complet ref\u0103cut\" width=\"218\" height=\"150\"><\/a><\/div>\n<\/div>\n<div class=\"item-details\">\n<h3 class=\"entry-title td-module-title\"><a href=\"https:\/\/orasul-timisoara.ro\/local-37946\/\" rel=\"bookmark\" title=\"Modernizare important\u0103 la Timi\u0219oara: podul de la Fabrica de \u021aig\u0103ri va fi complet ref\u0103cut\">Modernizare important\u0103 la Timi\u0219oara: podul de la Fabrica de \u021aig\u0103ri va fi complet ref\u0103cut<\/a><\/h3>\n<\/div>\n<\/div>\n<\/div>\n<\/div>\n<\/div>\n<\/div>\n<div class=\"comments\" id=\"comments\">\n<div id=\"respond\" class=\"comment-respond\">\n<h3 id=\"reply-title\" class=\"comment-reply-title\">L\u0102SA\u021aI UN MESAJ<\/h3>\n<div class=\"comment-form-input-wrap td-form-comment\">\n<div class=\"td-warning-comment\">V\u0103 rug\u0103m s\u0103 introduce\u021bi comentariul dvs.!<\/div>\n<\/div>\n<div class=\"comment-form-input-wrap td-form-author\">\n<div class=\"td-warning-author\">Introduce\u021bi aici numele dvs.<\/div>\n<\/div>\n<div class=\"comment-form-input-wrap td-form-email\">\n<div class=\"td-warning-email-error\">A\u021bi introdus o adres\u0103 de e-mail incorect\u0103!<\/div>\n<div class=\"td-warning-email\">V\u0103 rug\u0103m s\u0103 introduce\u021bi adresa dvs. de e-mail aici<\/div>\n<\/div>\n<\/div>\n<p class=\"akismet_comment_form_privacy_notice\">Acest site folose\u0219te Akismet pentru a reduce spamul. <a href=\"https:\/\/akismet.com\/privacy\/\" target=\"_blank\" rel=\"nofollow noopener\">Afl\u0103 cum sunt procesate datele comentariilor tale<\/a>.<\/p>\n<\/div>\n<\/div>\n<\/div>\n<div class=\"td-pb-span4 td-main-sidebar\" role=\"complementary\">\n<div class=\"td-ss-main-sidebar\">\n<aside id=\"block-5\" class=\"td_block_template_8 widget block-5 widget_block widget_media_image\">\n<div class=\"wp-block-image\">\n<figure class=\"aligncenter size-full\"><img loading=\"lazy\" decoding=\"async\" width=\"400\" height=\"400\" src=\"https:\/\/orasul-timisoara.ro\/wp-content\/uploads\/2026\/04\/400x400.png\" alt class=\"wp-image-38045\"><\/figure>\n<\/div>\n<\/aside>\n<aside id=\"block-4\" class=\"td_block_template_8 widget block-4 widget_block widget_media_image\">\n<figure class=\"wp-block-image size-full\"><img loading=\"lazy\" decoding=\"async\" width=\"336\" height=\"280\" src=\"https:\/\/orasul-timisoara.ro\/wp-content\/uploads\/2024\/11\/ReTIM-Abonamentul-Verde-Google-Ads-336x280px.gif\" alt class=\"wp-image-29257\"><\/figure>\n<\/aside>\n<div class=\"td_block_wrap td_block_social_counter td_block_widget tdi_6 td-social-style5 td-social-boxed td-pb-border-top td_block_template_8\">\n<div class=\"td-block-title-wrap\">\n<h4 class=\"td-block-title\"><span>Urm\u0103re\u0219te-ne pe Social Media<\/span><\/h4>\n<\/div>\n<div class=\"td-social-list\">\n<div class=\"td_social_type td-pb-margin-side td_social_facebook\">\n<div class=\"td-social-box\"><span class=\"td_social_info td_social_info_counter\">344,595<\/span><span class=\"td_social_info td_social_info_name\">Fani<\/span><span class=\"td_social_button\"><a href=\"https:\/\/www.facebook.com\/247timisoara\" target=\"_blank\" rel=\"nofollow\">\u00cemi place<\/a><\/span><\/div>\n<\/div>\n<div class=\"td_social_type td-pb-margin-side td_social_instagram\">\n<div class=\"td-social-box\"><span class=\"td_social_info td_social_info_counter\">4,416<\/span><span class=\"td_social_info td_social_info_name\">Cititori<\/span><span class=\"td_social_button\"><a href=\"https:\/\/instagram.com\/orasultimisoararo\/\" target=\"_blank\" rel=\"nofollow\">Conecta\u021bi-v\u0103<\/a><\/span><\/div>\n<\/div>\n<div class=\"td_social_type td-pb-margin-side td_social_rss\">\n<div class=\"td-social-box\"><span class=\"td_social_info td_social_info_counter\">12,506<\/span><span class=\"td_social_info td_social_info_name\">Cititori<\/span><span class=\"td_social_button\"><a href=\"https:\/\/orasul-timisoara.ro\/feed\/\" target=\"_blank\" rel=\"nofollow\">Conecta\u021bi-v\u0103<\/a><\/span><\/div>\n<\/div>\n<div class=\"td_social_type td-pb-margin-side td_social_tiktok\">\n<div class=\"td-social-box\"><span class=\"td_social_info td_social_info_counter\">1,500<\/span><span class=\"td_social_info td_social_info_name\">Cititori<\/span><span class=\"td_social_button\"><a href=\"https:\/\/www.tiktok.com\/@orasultimisoara\" target=\"_blank\" rel=\"nofollow\">Conecta\u021bi-v\u0103<\/a><\/span><\/div>\n<\/div>\n<div class=\"td_social_type td-pb-margin-side td_social_twitter\">\n<div class=\"td-social-box\"><span class=\"td_social_info td_social_info_counter\">1,595<\/span><span class=\"td_social_info td_social_info_name\">Cititori<\/span><span class=\"td_social_button\"><a href=\"https:\/\/twitter.com\/orasultm\" target=\"_blank\" rel=\"nofollow\">Conecta\u021bi-v\u0103<\/a><\/span><\/div>\n<\/div>\n<div class=\"td_social_type td-pb-margin-side td_social_youtube\">\n<div class=\"td-social-box\"><span class=\"td_social_info td_social_info_counter\">3,506<\/span><span class=\"td_social_info td_social_info_name\">Abona\u021bi<\/span><span class=\"td_social_button\"><a href=\"https:\/\/www.youtube.com\/channel\/UCQNsQvs2XCSIm1Z-AHRturw?sub_confirmation=1\" target=\"_blank\" rel=\"nofollow\">Abona\u021bi-v\u0103<\/a><\/span><\/div>\n<\/div>\n<\/div>\n<\/div>\n<aside id=\"text-7\" class=\"td_block_template_8 widget text-7 widget_text\">\n<h4 class=\"td-block-title\"><span>C\u0103ut\u0103ri populare pe OTM<\/span><\/h4>\n<div class=\"textwidget\"><a href=\"https:\/\/orasul-timisoara.ro\/?s=timisoara\"><span>Timisoara<\/span><\/a><a href=\"https:\/\/orasul-timisoara.ro\/?s=calin+dobra\"><span>Calin Dobra<\/span><\/a><a href=\"https:\/\/orasul-timisoara.ro\/?s=primaria+timisoara\"><span>Primaria Timisoara<\/span><\/a><a href=\"https:\/\/orasul-timisoara.ro\/?s=dominic+fritz\"><span>Dominic Fritz<\/span><\/a><a href=\"https:\/\/orasul-timisoara.ro\/?s=nicolae+robu\"><span>Nicolae Robu<\/span><\/a><a href=\"https:\/\/orasul-timisoara.ro\/?s=consiliul+local+timisoara\">Consiliul Local Timisoara<\/a><a href=\"https:\/\/orasul-timisoara.ro\/?s=consiliul+judetean+timis\"><span>Consiliul Judetean Timis<\/span><\/a><a href=\"https:\/\/orasul-timisoara.ro\/?s=cjt\"><span>CJT<\/span><\/a><a href=\"https:\/\/orasul-timisoara.ro\/?s=Alfred+Simonis\"><span>Alfred Simonis<\/span><\/a><a href=\"https:\/\/orasul-timisoara.ro\/?s=PNL\"><span>PNL<\/span><\/a><a href=\"https:\/\/orasul-timisoara.ro\/?s=coronavirus\"><span>coronavirus<\/span><\/a><a href=\"https:\/\/orasul-timisoara.ro\/?s=teatru+timisoara\">teatru Timisoara<\/a><a href=\"https:\/\/orasul-timisoara.ro\/?s=restaurante\"><span>restaurante Timisoara<\/span><\/a><a href=\"https:\/\/orasul-timisoara.ro\/?s=diskoteka\"><span>Diskoteka<\/span><\/a><a href=\"https:\/\/orasul-timisoara.ro\/?s=iulius+town\"><span>Iulius Town<\/span><\/a><a href=\"https:\/\/orasul-timisoara.ro\/?s=iulius+mall\"><span>Iulius Mall<\/span><\/a><a href=\"https:\/\/orasul-timisoara.ro\/?s=stpt\"><span>STPT<\/span><\/a><a href=\"https:\/\/orasul-timisoara.ro\/?s=alin+nica\"><span>Alin Nica<\/span><\/a><a href=\"https:\/\/orasul-timisoara.ro\/?s=psd\"><span>PSD<\/span><\/a><a href=\"https:\/\/orasul-timisoara.ro\/?s=aeroport\"><span>Aeroportul International Timisoara<\/span><\/a><a href=\"https:\/\/orasul-timisoara.ro\/?s=babes\"><span>Spitalul Victor Babes Timisoara<\/span><\/a><a href=\"https:\/\/orasul-timisoara.ro\/?s=poli\"><span>Poli Timi\u0219oara<\/span><\/a><a href=\"https:\/\/orasul-timisoara.ro\/?s=carantina\"><span>carantina<\/span><\/a><a href=\"https:\/\/orasul-timisoara.ro\/?s=aquatim\"><span>Aquatim<\/span><\/a><a href=\"https:\/\/orasul-timisoara.ro\/local-category\/stiri-timisoara\/\"><span>Stiri Timisoara<\/span><\/a><a href=\"https:\/\/orasul-timisoara.ro\/local-category\/investitii-in-timisoara\/\"><span>Investi\u021bii in Timi\u0219oara<\/span><\/a><a href=\"https:\/\/orasul-timisoara.ro\/local-9463\/\"><span>shaorma<\/span><\/a><a href=\"https:\/\/orasul-timisoara.ro\/?s=trafic\"><span>trafic rutier<\/span><\/a><a href=\"https:\/\/orasul-timisoara.ro\/?s=politia\"><span>politia locala timisoara<\/span><\/a><a href=\"https:\/\/orasul-timisoara.ro\/?s=roxana\"><span>Roxana Iliescu<\/span><\/a><a href=\"https:\/\/orasul-timisoara.ro\/?s=colterm\"><span>Colterm<\/span><\/a><a href=\"https:\/\/orasul-timisoara.ro\/?s=latcau\"><span>Ruben La\u021bc\u0103u<\/span><\/a><a href=\"https:\/\/orasul-timisoara.ro\/?s=timis\"><span>\u0218tiri din Timi\u0219<\/span><\/a><a href=\"https:\/\/orasul-timisoara.ro\/?s=spital\"><span>Spitale din Timi\u0219oara<\/span><\/a><a href=\"https:\/\/orasul-timisoara.ro\/?s=tabara\"><span>Cosmin Tab\u0103r\u0103<\/span><\/a><\/div>\n<\/aside>\n<aside id=\"rss-2\" class=\"td_block_template_8 widget rss-2 widget_rss\">\n<h4 class=\"td-block-title\"><span><a class=\"rsswidget rss-widget-feed\" href=\"https:\/\/fashionfridays.ro\/feed\"><img decoding=\"async\" class=\"rss-widget-icon\" width=\"14\" height=\"14\" src=\"https:\/\/orasul-timisoara.ro\/wp-includes\/images\/rss.png\" alt=\"RSS\" loading=\"lazy\"><\/a><a class=\"rsswidget rss-widget-title\" href=\"https:\/\/fashionfridays.ro\/\">Fashion Fridays<\/a><\/span><\/h4>\n<ul>\n<li><a class=\"rsswidget\" href=\"https:\/\/fashionfridays.ro\/crocs-lanseaza-crocband-gum-clog-confort-iconic-cu-influente-retro-sport-pentru-primavara\/\">Crocs lanseaz\u0103 Crocband Gum Clog: confort iconic cu influen\u021be retro-sport pentru prim\u0103var\u0103<\/a>\n<div class=\"rssSummary\">Martie marcheaz\u0103 acel moment al anului \u00een care stilul \u00eencepe s\u0103 se relaxeze. Zilele devin mai lungi, ritmul ora\u0219ului se schimb\u0103, iar garderoba face tranzi\u021bia c\u0103tre piese care pun confortul pe primul loc, f\u0103r\u0103 s\u0103 renun\u021be la atitudine. Este sezonul \u00een care autenticitatea devine declara\u021bie de stil, iar alegerile vestimentare reflect\u0103 mai mult ca oric\u00e2nd [\u2026]<\/div>\n<\/li>\n<\/ul>\n<\/aside>\n<aside id=\"rss-4\" class=\"td_block_template_8 widget rss-4 widget_rss\">\n<h4 class=\"td-block-title\"><span><a class=\"rsswidget rss-widget-feed\" href=\"https:\/\/emasini.ro\/feed\"><img decoding=\"async\" class=\"rss-widget-icon\" width=\"14\" height=\"14\" src=\"https:\/\/orasul-timisoara.ro\/wp-includes\/images\/rss.png\" alt=\"RSS\" loading=\"lazy\"><\/a><a class=\"rsswidget rss-widget-title\" href=\"https:\/\/emasini.ro\/\">eMasini<\/a><\/span><\/h4>\n<ul>\n<li><a class=\"rsswidget\" href=\"https:\/\/emasini.ro\/mercedes-eqs-2026-promite-autonomie-record-pana-la-925-km-electric\/\">Mercedes EQS 2026 promite autonomie record: p\u00e2n\u0103 la 925 km electric<\/a>\n<div class=\"rssSummary\">Mercedes-Benz intensific\u0103 competi\u021bia pe pia\u021ba ma\u0219inilor electrice de lux, lans\u00e2nd noua genera\u021bie Mercedes-Benz EQS, care promite o autonomie de p\u00e2n\u0103 la 925 de kilometri conform standardului WLTP. Modelul devine, cel pu\u021bin teoretic, liderul segmentului, dep\u0103\u0219ind rivalul direct, BMW, cu al s\u0103u sedan electric de top. Noua versiune EQS450+ aduce o cre\u0219tere de aproximativ 13% a [\u2026]<\/div>\n<\/li>\n<\/ul>\n<\/aside>\n<\/div>\n<\/div>\n<\/div>\n<\/div>\n<\/article>\n<div class=\"td-post-content tagdiv-type\">\n<p>Administra\u021bia local\u0103 din Timi\u0219oara accelereaz\u0103 procesul de reform\u0103 institu\u021bional\u0103, \u00een contextul prevederilor OUG nr. 7\/2026, care impun reducerea cu p\u00e2n\u0103 la 30% a num\u0103rului de posturi din sectorul public. Primarul Dominic Fritz a \u00eenaintat Consiliului Local un pachet de m\u0103suri ce vizeaz\u0103 restructurarea aparatului administrativ \u0219i eficientizarea cheltuielilor bugetare.<\/p>\n<p>Potrivit proiectului, vor fi desfiin\u021bate 138 de posturi din cadrul Aparatului de Specialitate al Primarului \u0219i al institu\u021biilor subordonate, inclusiv Direc\u021bia Fiscal\u0103, Direc\u021bia General\u0103 Proiecte \u0219i Lucr\u0103ri Municipale pentru Sport \u0219i Transport Feroviar \u0219i Sport Club Municipal. \u00cen paralel, modific\u0103rile legislative privind norma de personal la Poli\u021bia Local\u0103 \u2013 un agent la 1.200 de locuitori, fa\u021b\u0103 de 1.000 anterior \u2013 determin\u0103 o reducere suplimentar\u0103 de 86 de posturi.<\/p>\n<p>\u00cen total, administra\u021bia local\u0103 va elimina 102 posturi ocupate, m\u0103sur\u0103 estimat\u0103 s\u0103 genereze economii anuale de aproximativ 13 milioane de lei la bugetul local.<\/p>\n<p>Reorganizarea Aparatului de Specialitate are la baz\u0103 procesul de digitalizare a fluxurilor interne, care a permis recalibrarea structurilor \u00een func\u021bie de volumul real de activitate. Astfel, sunt propuse desfiin\u021barea a dou\u0103 servicii din cadrul Direc\u021biei de Autorizare \u0219i Control, precum \u0219i reducerea a patru posturi la Serviciul Achizi\u021bii Publice, \u00een urma unei analize de performan\u021b\u0103.<\/p>\n<p>Totodat\u0103, pentru consolidarea capacit\u0103\u021bii financiare \u0219i cre\u0219terea absorb\u021biei de fonduri externe, este propus\u0103 comasarea Direc\u021biei Incubator Proiecte cu Direc\u021bia Economic\u0103, rezult\u00e2nd o nou\u0103 structur\u0103: Direc\u021bia General\u0103 Economic\u0103 \u0219i Finan\u021b\u0103ri Proiecte.<\/p>\n<p>\u00cen prezent, Aparatul de Specialitate al Primarului num\u0103r\u0103 494 de posturi. Conform noii propuneri, vor fi desfiin\u021bate 72 de posturi \u2013 inclusiv func\u021bii de conducere \u0219i execu\u021bie \u2013 \u0219i va fi \u00eenfiin\u021bat\u0103 o func\u021bie de director general. Astfel, organigrama ar urma s\u0103 ajung\u0103 la 423 de posturi.<\/p>\n<p>Reduceri semnificative sunt prev\u0103zute \u0219i la nivelul altor structuri:<br \/>Direc\u021bia Fiscal\u0103 a Municipiului Timi\u0219oara \u2013 32 de posturi;<br \/>Direc\u021bia General\u0103 Proiecte \u0219i Lucr\u0103ri Municipale pentru Sport \u0219i Transport Feroviar \u2013 24 de posturi \u0219i desfiin\u021barea structurii;<br \/>Sport Club Municipal \u2013 10 posturi;<br \/>Direc\u021bia General\u0103 Poli\u021bia Local\u0103 Timi\u0219oara \u2013 86 de posturi.<\/p>\n<p>Procesul de eficientizare a \u00eenceput \u00eenc\u0103 din 2021, c\u00e2nd organigrama institu\u021biei includea 644 de posturi. Reducerile succesive au cobor\u00e2t acest num\u0103r la 535, apoi la 494, iar acum la 423, potrivit noii propuneri.<\/p>\n<p>Proiectele de hot\u0103r\u00e2re privind reorganizarea sunt disponibile pe site-ul Prim\u0103riei, iar cet\u0103\u021benii pot transmite sugestii \u0219i opinii p\u00e2n\u0103 la data de 27 aprilie, at\u00e2t online, c\u00e2t \u0219i fizic. De asemenea, autorit\u0103\u021bile locale urmeaz\u0103 s\u0103 organizeze o dezbatere public\u0103 pe aceast\u0103 tem\u0103.<\/p>\n<\/div>\n<p>[analyse_source url=&#8221;https:\/\/orasul-timisoara.ro\/local-38195\/&#8221;]<\/p>\n","protected":false},"excerpt":{"rendered":"<p>[analyse_image type=&#8221;featured&#8221; src=&#8221;https:\/\/orasul-timisoara.ro\/wp-content\/uploads\/2021\/01\/primaria-timisoara.jpg&#8221;] Administra\u021bie local\u0103Prim\u0103ria Timi\u0219oara reduce peste 200 de posturi: reform\u0103 administrativ\u0103 \u0219i economii de&#8230; Administra\u021bie local\u0103 \u0218tiri Locale Prim\u0103ria Timi\u0219oara reduce peste 200 de posturi: reform\u0103 administrativ\u0103 \u0219i economii de 13 milioane de lei De c\u0103tre redactia &#8211; 17\/04\/2026 Facebook Twitter WhatsApp Linkedin ReddIt Email Imprimare Administra\u021bia local\u0103 din Timi\u0219oara accelereaz\u0103 procesul de [&hellip;]<\/p>\n","protected":false},"author":1,"featured_media":0,"comment_status":"open","ping_status":"","sticky":false,"template":"","format":"standard","meta":{"footnotes":""},"categories":[89],"tags":[226,189],"class_list":["post-1889496","post","type-post","status-publish","format-standard","hentry","category-romania","tag-crawlmanager","tag-orasul-timisoara-ro"],"_links":{"self":[{"href":"https:\/\/analyse.optim.biz\/index.php?rest_route=\/wp\/v2\/posts\/1889496","targetHints":{"allow":["GET"]}}],"collection":[{"href":"https:\/\/analyse.optim.biz\/index.php?rest_route=\/wp\/v2\/posts"}],"about":[{"href":"https:\/\/analyse.optim.biz\/index.php?rest_route=\/wp\/v2\/types\/post"}],"author":[{"embeddable":true,"href":"https:\/\/analyse.optim.biz\/index.php?rest_route=\/wp\/v2\/users\/1"}],"replies":[{"embeddable":true,"href":"https:\/\/analyse.optim.biz\/index.php?rest_route=%2Fwp%2Fv2%2Fcomments&post=1889496"}],"version-history":[{"count":0,"href":"https:\/\/analyse.optim.biz\/index.php?rest_route=\/wp\/v2\/posts\/1889496\/revisions"}],"wp:attachment":[{"href":"https:\/\/analyse.optim.biz\/index.php?rest_route=%2Fwp%2Fv2%2Fmedia&parent=1889496"}],"wp:term":[{"taxonomy":"category","embeddable":true,"href":"https:\/\/analyse.optim.biz\/index.php?rest_route=%2Fwp%2Fv2%2Fcategories&post=1889496"},{"taxonomy":"post_tag","embeddable":true,"href":"https:\/\/analyse.optim.biz\/index.php?rest_route=%2Fwp%2Fv2%2Ftags&post=1889496"}],"curies":[{"name":"wp","href":"https:\/\/api.w.org\/{rel}","templated":true}]}}