{"id":1889481,"date":"2026-04-17T16:08:03","date_gmt":"2026-04-17T13:08:03","guid":{"rendered":"https:\/\/analyse.optim.biz\/?p=1889481"},"modified":"2026-04-17T16:08:03","modified_gmt":"2026-04-17T13:08:03","slug":"primaria-timisoara-meshurile-ilegale-sanctionate-dur-amenzi-de-peste-300-000-lei-date-de-politia-locala","status":"publish","type":"post","link":"https:\/\/analyse.optim.biz\/?p=1889481","title":{"rendered":"Prim\u0103ria Timi\u0219oara: meshurile ilegale, sanc\u021bionate dur. Amenzi de peste 300.000 lei date de Poli\u021bia Local\u0103"},"content":{"rendered":"<p>[analyse_image type=&#8221;featured&#8221; src=&#8221;https:\/\/orasul-timisoara.ro\/wp-content\/uploads\/2026\/04\/meshuri-ilegale.jpg&#8221;]<\/p>\n<article id=\"post-38219\" class=\"td-post-template-7 post-38219 post type-post status-publish format-standard has-post-thumbnail category-administratie category-featured category-stiri-timisoara tag-amenzi-timisoara-2 tag-control-urban tag-fatade-cladiri tag-isu-timis tag-mesh-publicitar tag-politie-locala-timisoara tag-siguranta-publica-3 tag-stiri-timisoara tag-timisoara-meshuri td-container-wrap\">\n<div class=\"td-full-screen-header-image-wrap\">\n<div class=\"td-container td-post-header\">\n<div class=\"td-crumb-container\">\n<div class=\"entry-crumbs\"><span><a title=\"Vede\u021bi toate articolele \u00een Administra\u021bie local\u0103\" class=\"entry-crumb\" href=\"https:\/\/orasul-timisoara.ro\/local-category\/administratie\/\">Administra\u021bie local\u0103<\/a><\/span><span class=\"td-bred-no-url-last\">Prim\u0103ria Timi\u0219oara: meshurile ilegale, sanc\u021bionate dur. Amenzi de peste 300.000 lei date&#8230;<\/span><\/div>\n<\/div>\n<div class=\"td-post-header-holder\">\n<div class=\"td-parallax-header\">\n<header class=\"td-post-title\">\n<ul class=\"td-category\">\n<li class=\"entry-category\"><a href=\"https:\/\/orasul-timisoara.ro\/local-category\/administratie\/\">Administra\u021bie local\u0103<\/a><\/li>\n<li class=\"entry-category\"><a href=\"https:\/\/orasul-timisoara.ro\/local-category\/stiri-timisoara\/\">\u0218tiri Locale<\/a><\/li>\n<\/ul>\n<h1 class=\"entry-title\">Prim\u0103ria Timi\u0219oara: meshurile ilegale, sanc\u021bionate dur. Amenzi de peste 300.000 lei date de Poli\u021bia Local\u0103 \u00een 2026<\/h1>\n<div class=\"td-module-meta-info\">\n<div class=\"td-post-author-name\">\n<div class=\"td-author-by\">De c\u0103tre<\/div>\n<p><a href=\"https:\/\/orasul-timisoara.ro\/author\/timisoara\/\">redactia<\/a><\/p>\n<div class=\"td-author-line\"> &#8211; <\/div>\n<\/div>\n<p><span class=\"td-post-date\"><time class=\"entry-date updated td-module-date\" datetime=\"2026-04-17T19:08:03+03:00\">17\/04\/2026<\/time><\/span><\/div>\n<\/header>\n<\/div>\n<\/div>\n<\/div>\n<div id=\"td-full-screen-header-image\" class=\"td-image-gradient-style7\"><img decoding=\"async\" class=\"td-backstretch\" src=\"https:\/\/orasul-timisoara.ro\/wp-content\/uploads\/2026\/04\/meshuri-ilegale.jpg\"><\/div>\n<\/div>\n<div class=\"td-container\">\n<div class=\"td-pb-row\">\n<div class=\"td-pb-span8 td-main-content\" role=\"main\">\n<div class=\"td-ss-main-content\">\n<div class=\"td-post-sharing-top\">\n<div class=\"td-post-sharing-classic\"><iframe title=\"topFacebookLike\" frameborder src=\"https:\/\/www.facebook.com\/plugins\/like.php?href=https:\/\/orasul-timisoara.ro\/local-38219\/&amp;layout=button_count&amp;show_faces=false&amp;width=105&amp;action=like&amp;colorscheme=light&amp;height=21\"><\/iframe><\/div>\n<div id=\"td_social_sharing_article_top\" class=\"td-post-sharing td-ps-bg td-ps-notext td-post-sharing-style1 \">\n<div class=\"td-post-sharing-visible\"><a class=\"td-social-sharing-button td-social-sharing-button-js td-social-network td-social-facebook\" href=\"https:\/\/www.facebook.com\/sharer.php?u=https%3A%2F%2Forasul-timisoara.ro%2Flocal-38219%2F\" title=\"Facebook\"><\/p>\n<div class=\"td-social-but-text\">Facebook<\/div>\n<p><\/a><a class=\"td-social-sharing-button td-social-sharing-button-js td-social-network td-social-twitter\" href=\"https:\/\/twitter.com\/intent\/tweet?text=Prim%C4%83ria+Timi%C8%99oara%3A+meshurile+ilegale%2C+sanc%C8%9Bionate+dur.+Amenzi+de+peste+300.000+lei+date+de+Poli%C8%9Bia+Local%C4%83+%C3%AEn+2026&amp;url=https%3A%2F%2Forasul-timisoara.ro%2Flocal-38219%2F&amp;via=orasultm\" title=\"Twitter\"><\/p>\n<div class=\"td-social-but-text\">Twitter<\/div>\n<p><\/a><a class=\"td-social-sharing-button td-social-sharing-button-js td-social-network td-social-whatsapp\" href=\"https:\/\/api.whatsapp.com\/send?text=Prim%C4%83ria+Timi%C8%99oara%3A+meshurile+ilegale%2C+sanc%C8%9Bionate+dur.+Amenzi+de+peste+300.000+lei+date+de+Poli%C8%9Bia+Local%C4%83+%C3%AEn+2026%20%0A%0A%20https:\/\/orasul-timisoara.ro\/local-38219\/\" title=\"WhatsApp\"><\/p>\n<div class=\"td-social-but-text\">WhatsApp<\/div>\n<p><\/a><a class=\"td-social-sharing-button td-social-sharing-button-js td-social-network td-social-linkedin\" href=\"https:\/\/www.linkedin.com\/shareArticle?mini=true&amp;url=https:\/\/orasul-timisoara.ro\/local-38219\/&amp;title=Prim%C4%83ria+Timi%C8%99oara%3A+meshurile+ilegale%2C+sanc%C8%9Bionate+dur.+Amenzi+de+peste+300.000+lei+date+de+Poli%C8%9Bia+Local%C4%83+%C3%AEn+2026\" title=\"Linkedin\"><\/p>\n<div class=\"td-social-but-text\">Linkedin<\/div>\n<p><\/a><a class=\"td-social-sharing-button td-social-sharing-button-js td-social-network td-social-reddit\" href=\"https:\/\/reddit.com\/submit?url=https:\/\/orasul-timisoara.ro\/local-38219\/&amp;title=Prim%C4%83ria+Timi%C8%99oara%3A+meshurile+ilegale%2C+sanc%C8%9Bionate+dur.+Amenzi+de+peste+300.000+lei+date+de+Poli%C8%9Bia+Local%C4%83+%C3%AEn+2026\" title=\"ReddIt\"><\/p>\n<div class=\"td-social-but-text\">ReddIt<\/div>\n<p><\/a><a class=\"td-social-sharing-button td-social-sharing-button-js td-social-network td-social-mail\" href=\"mailto:?subject=Prim%C4%83ria%20Timi%C8%99oara:%20meshurile%20ilegale,%20sanc%C8%9Bionate%20dur.%20Amenzi%20de%20peste%20300.000%20lei%20date%20de%20Poli%C8%9Bia%20Local%C4%83%20%C3%AEn%202026&amp;body=https:\/\/orasul-timisoara.ro\/local-38219\/\" title=\"Email\"><\/p>\n<div class=\"td-social-but-text\">Email<\/div>\n<p><\/a><a class=\"td-social-sharing-button td-social-sharing-button-js td-social-network td-social-print\" href=\"https:\/\/orasul-timisoara.ro\/local-38219\/\" title=\"Imprimare\"><\/p>\n<div class=\"td-social-but-text\">Imprimare<\/div>\n<p><\/a><\/div>\n<\/div>\n<\/div>\n<div class=\"td-post-content tagdiv-type\">\n<p>Prim\u0103ria Municipiului Timi\u0219oara transmite un mesaj ferm privind siguran\u021ba spa\u021biului public, dup\u0103 o interven\u021bie recent\u0103 a autorit\u0103\u021bilor locale \u00een cazul unor elemente de fa\u021bad\u0103 cu risc de desprindere.<\/p>\n<p>Potrivit reprezentan\u021bilor administra\u021biei locale, situa\u021biile \u00een care structuri precum meshuri publicitare sau buc\u0103\u021bi de fa\u021bad\u0103 pot pune \u00een pericol cet\u0103\u021benii nu sunt tolerate. Echipele Poli\u021bia Local\u0103 Timi\u0219oara au intervenit prompt pentru securizarea zonei \u0219i au solicitat sprijinul ISU Timi\u0219, care a ac\u021bionat pentru \u00eendep\u0103rtarea elementelor periculoase.<\/p>\n<p>Autorit\u0103\u021bile precizeaz\u0103 c\u0103 unul dintre meshurile vizate era montat de o perioad\u0103 \u00eendelungat\u0103, iar proprietarul fusese notificat \u00een repetate r\u00e2nduri s\u0103 \u00eel desfiin\u021beze. \u00cen urma neconform\u0103rii, acesta a fost sanc\u021bionat cu amenzi \u00een valoare total\u0103 de peste 14.000 de lei. Cu toate acestea, m\u0103surile dispuse nu au fost respectate.<\/p>\n<figure class=\"wp-block-gallery has-nested-images columns-4 is-cropped td-modal-on-gallery wp-block-gallery-1 is-layout-flex wp-block-gallery-is-layout-flex\">\n<figure class=\"wp-block-image size-medium\"><img loading=\"lazy\" decoding=\"async\" width=\"960\" height=\"1280\" data-id=\"38220\" src=\"https:\/\/orasul-timisoara.ro\/wp-content\/uploads\/2026\/04\/672675330_1377453377741942_7957143174968198770_n-960x1280.jpg\" alt class=\"wp-image-38220\"><\/figure>\n<figure class=\"wp-block-image size-medium\"><img loading=\"lazy\" decoding=\"async\" width=\"960\" height=\"1280\" data-id=\"38222\" src=\"https:\/\/orasul-timisoara.ro\/wp-content\/uploads\/2026\/04\/674314489_1377453374408609_8412309127969925000_n-960x1280.jpg\" alt class=\"wp-image-38222\"><\/figure>\n<figure class=\"wp-block-image size-medium\"><img loading=\"lazy\" decoding=\"async\" width=\"960\" height=\"1280\" data-id=\"38221\" src=\"https:\/\/orasul-timisoara.ro\/wp-content\/uploads\/2026\/04\/672965382_1377453407741939_8671723312200409445_n-960x1280.jpg\" alt class=\"wp-image-38221\"><\/figure>\n<figure class=\"wp-block-image size-medium\"><img decoding=\"async\" loading=\"lazy\" width=\"960\" height=\"1280\" data-id=\"38223\" src=\"https:\/\/orasul-timisoara.ro\/wp-content\/uploads\/2026\/04\/672433572_1377453441075269_4973962323099237792_n-960x1280.jpg\" alt class=\"wp-image-38223\"><\/figure>\n<\/figure>\n<p>\u00cen acela\u0219i timp, un al doilea mesh fusese instalat recent, chiar \u00een ziua precedent\u0103 interven\u021biei. Poli\u021bia Local\u0103 a anun\u021bat c\u0103 va continua verific\u0103rile \u0219i va aplica sanc\u021biunile legale care se impun.<\/p>\n<p>Reprezentan\u021bii Prim\u0103riei subliniaz\u0103 c\u0103 nu este vorba despre un incident izolat. De la \u00eenceputul anului, Direc\u021bia General\u0103 Poli\u021bia Local\u0103 Timi\u0219oara a aplicat sanc\u021biuni mai multor firme \u0219i proprietari de imobile pentru amplasarea ilegal\u0103 a meshurilor sau pentru men\u021binerea acestora dup\u0103 aplicarea amenzilor, valoarea total\u0103 a sanc\u021biunilor dep\u0103\u0219ind 300.000 de lei.<\/p>\n<p>Administra\u021bia local\u0103 avertizeaz\u0103 c\u0103 va continua controalele \u0219i va aplica m\u0103suri stricte pentru a preveni astfel de situa\u021bii, reiter\u00e2nd c\u0103 siguran\u021ba cet\u0103\u021benilor r\u0103m\u00e2ne o prioritate.<\/p>\n<\/div>\n<footer>\n<div class=\"td-post-source-tags\">\n<ul class=\"td-tags td-post-small-box clearfix\">\n<li><span>ETICHETE<\/span><\/li>\n<li><a href=\"https:\/\/orasul-timisoara.ro\/local-tag\/amenzi-timisoara-2\/\">amenzi Timisoara<\/a><\/li>\n<li><a href=\"https:\/\/orasul-timisoara.ro\/local-tag\/control-urban\/\">control urban<\/a><\/li>\n<li><a href=\"https:\/\/orasul-timisoara.ro\/local-tag\/fatade-cladiri\/\">fatade cladiri<\/a><\/li>\n<li><a href=\"https:\/\/orasul-timisoara.ro\/local-tag\/isu-timis\/\">isu timis<\/a><\/li>\n<li><a href=\"https:\/\/orasul-timisoara.ro\/local-tag\/mesh-publicitar\/\">mesh publicitar<\/a><\/li>\n<li><a href=\"https:\/\/orasul-timisoara.ro\/local-tag\/politie-locala-timisoara\/\">politie locala Timisoara<\/a><\/li>\n<li><a href=\"https:\/\/orasul-timisoara.ro\/local-tag\/siguranta-publica-3\/\">siguranta publica<\/a><\/li>\n<li><a href=\"https:\/\/orasul-timisoara.ro\/local-tag\/stiri-timisoara\/\">stiri timisoara<\/a><\/li>\n<li><a href=\"https:\/\/orasul-timisoara.ro\/local-tag\/timisoara-meshuri\/\">Timisoara meshuri<\/a><\/li>\n<\/ul>\n<\/div>\n<div class=\"td-post-sharing-bottom\">\n<div class=\"td-post-sharing-classic\"><iframe title=\"bottomFacebookLike\" frameborder src=\"https:\/\/www.facebook.com\/plugins\/like.php?href=https:\/\/orasul-timisoara.ro\/local-38219\/&amp;layout=button_count&amp;show_faces=false&amp;width=105&amp;action=like&amp;colorscheme=light&amp;height=21\"><\/iframe><\/div>\n<div id=\"td_social_sharing_article_bottom\" class=\"td-post-sharing td-ps-bg td-ps-notext td-post-sharing-style1 \">\n<div class=\"td-post-sharing-visible\"><a class=\"td-social-sharing-button td-social-sharing-button-js td-social-network td-social-facebook\" href=\"https:\/\/www.facebook.com\/sharer.php?u=https%3A%2F%2Forasul-timisoara.ro%2Flocal-38219%2F\" title=\"Facebook\"><\/p>\n<div class=\"td-social-but-text\">Facebook<\/div>\n<p><\/a><a class=\"td-social-sharing-button td-social-sharing-button-js td-social-network td-social-twitter\" href=\"https:\/\/twitter.com\/intent\/tweet?text=Prim%C4%83ria+Timi%C8%99oara%3A+meshurile+ilegale%2C+sanc%C8%9Bionate+dur.+Amenzi+de+peste+300.000+lei+date+de+Poli%C8%9Bia+Local%C4%83+%C3%AEn+2026&amp;url=https%3A%2F%2Forasul-timisoara.ro%2Flocal-38219%2F&amp;via=orasultm\" title=\"Twitter\"><\/p>\n<div class=\"td-social-but-text\">Twitter<\/div>\n<p><\/a><a class=\"td-social-sharing-button td-social-sharing-button-js td-social-network td-social-whatsapp\" href=\"https:\/\/api.whatsapp.com\/send?text=Prim%C4%83ria+Timi%C8%99oara%3A+meshurile+ilegale%2C+sanc%C8%9Bionate+dur.+Amenzi+de+peste+300.000+lei+date+de+Poli%C8%9Bia+Local%C4%83+%C3%AEn+2026%20%0A%0A%20https:\/\/orasul-timisoara.ro\/local-38219\/\" title=\"WhatsApp\"><\/p>\n<div class=\"td-social-but-text\">WhatsApp<\/div>\n<p><\/a><a class=\"td-social-sharing-button td-social-sharing-button-js td-social-network td-social-linkedin\" href=\"https:\/\/www.linkedin.com\/shareArticle?mini=true&amp;url=https:\/\/orasul-timisoara.ro\/local-38219\/&amp;title=Prim%C4%83ria+Timi%C8%99oara%3A+meshurile+ilegale%2C+sanc%C8%9Bionate+dur.+Amenzi+de+peste+300.000+lei+date+de+Poli%C8%9Bia+Local%C4%83+%C3%AEn+2026\" title=\"Linkedin\"><\/p>\n<div class=\"td-social-but-text\">Linkedin<\/div>\n<p><\/a><a class=\"td-social-sharing-button td-social-sharing-button-js td-social-network td-social-reddit\" href=\"https:\/\/reddit.com\/submit?url=https:\/\/orasul-timisoara.ro\/local-38219\/&amp;title=Prim%C4%83ria+Timi%C8%99oara%3A+meshurile+ilegale%2C+sanc%C8%9Bionate+dur.+Amenzi+de+peste+300.000+lei+date+de+Poli%C8%9Bia+Local%C4%83+%C3%AEn+2026\" title=\"ReddIt\"><\/p>\n<div class=\"td-social-but-text\">ReddIt<\/div>\n<p><\/a><a class=\"td-social-sharing-button td-social-sharing-button-js td-social-network td-social-mail\" href=\"mailto:?subject=Prim%C4%83ria%20Timi%C8%99oara:%20meshurile%20ilegale,%20sanc%C8%9Bionate%20dur.%20Amenzi%20de%20peste%20300.000%20lei%20date%20de%20Poli%C8%9Bia%20Local%C4%83%20%C3%AEn%202026&amp;body=https:\/\/orasul-timisoara.ro\/local-38219\/\" title=\"Email\"><\/p>\n<div class=\"td-social-but-text\">Email<\/div>\n<p><\/a><a class=\"td-social-sharing-button td-social-sharing-button-js td-social-network td-social-print\" href=\"https:\/\/orasul-timisoara.ro\/local-38219\/\" title=\"Imprimare\"><\/p>\n<div class=\"td-social-but-text\">Imprimare<\/div>\n<p><\/a><\/div>\n<\/div>\n<\/div>\n<div class=\"td-block-row td-post-next-prev\">\n<div class=\"td-block-span6 td-post-prev-post\">\n<div class=\"td-post-next-prev-content\"><span>Articolul precedent<\/span><a href=\"https:\/\/orasul-timisoara.ro\/local-38213\/\">\u201eTeren comun \u2013 peisaje pe Bega\u201d: proiect despre viitorul rela\u021biei dintre ora\u0219 \u0219i natur\u0103 \u00een Timi\u0219oara<\/a><\/div>\n<\/div>\n<\/div>\n<div class=\"td-author-name vcard author\"><span class=\"fn\"><a href=\"https:\/\/orasul-timisoara.ro\/author\/timisoara\/\">redactia<\/a><\/span><\/div>\n<p><span class=\"td-page-meta\"><\/span><span class=\"td-page-meta\"><span class=\"td-page-meta\"><\/span><\/span><span class=\"td-page-meta\"><\/span><\/footer>\n<div class=\"td_block_wrap td_block_related_posts tdi_3 td_with_ajax_pagination td-pb-border-top td_block_template_8\" data-td-block-uid=\"tdi_3\">\n<h4 class=\"td-related-title td-block-title\"><a id=\"tdi_4\" class=\"td-related-left td-cur-simple-item\" data-td_filter_value data-td_block_id=\"tdi_3\" href=\"https:\/\/orasul-timisoara.ro\/local-38219\/\">ARTICOLE SIMILARE<\/a><a id=\"tdi_5\" class=\"td-related-right\" data-td_filter_value=\"td_related_more_from_author\" data-td_block_id=\"tdi_3\" href=\"https:\/\/orasul-timisoara.ro\/local-38219\/\">DE LA ACELA\u0218I AUTOR<\/a><\/h4>\n<div id=\"tdi_3\" class=\"td_block_inner\">\n<div class=\"td-related-row\">\n<div class=\"td-related-span4\">\n<div class=\"td_module_related_posts td-animation-stack td_mod_related_posts\">\n<div class=\"td-module-image\">\n<div class=\"td-module-thumb\"><a href=\"https:\/\/orasul-timisoara.ro\/local-38204\/\" rel=\"bookmark\" class=\"td-image-wrap \" title=\"Accident \u00een Timi\u0219oara: autoturism lovit de tramvai, un b\u0103rbat de 73 de ani r\u0103nit\"><img loading=\"lazy\" decoding=\"async\" class=\"entry-thumb\" src=\"https:\/\/orasul-timisoara.ro\/wp-content\/uploads\/2026\/04\/accident-tramvai-tm-436x300.jpg\" alt title=\"Accident \u00een Timi\u0219oara: autoturism lovit de tramvai, un b\u0103rbat de 73 de ani r\u0103nit\" width=\"218\" height=\"150\"><\/a><\/div>\n<\/div>\n<div class=\"item-details\">\n<h3 class=\"entry-title td-module-title\"><a href=\"https:\/\/orasul-timisoara.ro\/local-38204\/\" rel=\"bookmark\" title=\"Accident \u00een Timi\u0219oara: autoturism lovit de tramvai, un b\u0103rbat de 73 de ani r\u0103nit\">Accident \u00een Timi\u0219oara: autoturism lovit de tramvai, un b\u0103rbat de 73 de ani r\u0103nit<\/a><\/h3>\n<\/div>\n<\/div>\n<\/div>\n<div class=\"td-related-span4\">\n<div class=\"td_module_related_posts td-animation-stack td_mod_related_posts\">\n<div class=\"td-module-image\">\n<div class=\"td-module-thumb\"><a href=\"https:\/\/orasul-timisoara.ro\/local-37813\/\" rel=\"bookmark\" class=\"td-image-wrap \" title=\"Incendiile de locuin\u021be se \u00eenmul\u021besc \u00een Timi\u0219. Un nou caz grav la Tomnatic\"><img loading=\"lazy\" decoding=\"async\" class=\"entry-thumb\" src=\"https:\/\/orasul-timisoara.ro\/wp-content\/uploads\/2026\/03\/incendiu-tomnatic-436x300.jpg\" alt title=\"Incendiile de locuin\u021be se \u00eenmul\u021besc \u00een Timi\u0219. Un nou caz grav la Tomnatic\" width=\"218\" height=\"150\"><\/a><\/div>\n<\/div>\n<div class=\"item-details\">\n<h3 class=\"entry-title td-module-title\"><a href=\"https:\/\/orasul-timisoara.ro\/local-37813\/\" rel=\"bookmark\" title=\"Incendiile de locuin\u021be se \u00eenmul\u021besc \u00een Timi\u0219. Un nou caz grav la Tomnatic\">Incendiile de locuin\u021be se \u00eenmul\u021besc \u00een Timi\u0219. Un nou caz grav la Tomnatic<\/a><\/h3>\n<\/div>\n<\/div>\n<\/div>\n<div class=\"td-related-span4\">\n<div class=\"td_module_related_posts td-animation-stack td_mod_related_posts\">\n<div class=\"td-module-image\">\n<div class=\"td-module-thumb\"><a href=\"https:\/\/orasul-timisoara.ro\/local-25610\/\" rel=\"bookmark\" class=\"td-image-wrap \" title=\"Accident cu trei victime, printre care \u0219i un minor, la Jebel\"><img loading=\"lazy\" decoding=\"async\" class=\"entry-thumb\" src=\"https:\/\/orasul-timisoara.ro\/wp-content\/uploads\/2024\/01\/accident-jebel-ianuarie-2024-436x300.jpg\" alt title=\"Accident cu trei victime, printre care \u0219i un minor, la Jebel\" width=\"218\" height=\"150\"><\/a><\/div>\n<\/div>\n<div class=\"item-details\">\n<h3 class=\"entry-title td-module-title\"><a href=\"https:\/\/orasul-timisoara.ro\/local-25610\/\" rel=\"bookmark\" title=\"Accident cu trei victime, printre care \u0219i un minor, la Jebel\">Accident cu trei victime, printre care \u0219i un minor, la Jebel<\/a><\/h3>\n<\/div>\n<\/div>\n<\/div>\n<\/div>\n<\/div>\n<\/div>\n<div class=\"comments\" id=\"comments\">\n<div id=\"respond\" class=\"comment-respond\">\n<h3 id=\"reply-title\" class=\"comment-reply-title\">L\u0102SA\u021aI UN MESAJ<\/h3>\n<div class=\"comment-form-input-wrap td-form-comment\">\n<div class=\"td-warning-comment\">V\u0103 rug\u0103m s\u0103 introduce\u021bi comentariul dvs.!<\/div>\n<\/div>\n<div class=\"comment-form-input-wrap td-form-author\">\n<div class=\"td-warning-author\">Introduce\u021bi aici numele dvs.<\/div>\n<\/div>\n<div class=\"comment-form-input-wrap td-form-email\">\n<div class=\"td-warning-email-error\">A\u021bi introdus o adres\u0103 de e-mail incorect\u0103!<\/div>\n<div class=\"td-warning-email\">V\u0103 rug\u0103m s\u0103 introduce\u021bi adresa dvs. de e-mail aici<\/div>\n<\/div>\n<\/div>\n<p class=\"akismet_comment_form_privacy_notice\">Acest site folose\u0219te Akismet pentru a reduce spamul. <a href=\"https:\/\/akismet.com\/privacy\/\" target=\"_blank\" rel=\"nofollow noopener\">Afl\u0103 cum sunt procesate datele comentariilor tale<\/a>.<\/p>\n<\/div>\n<\/div>\n<\/div>\n<div class=\"td-pb-span4 td-main-sidebar\" role=\"complementary\">\n<div class=\"td-ss-main-sidebar\">\n<aside id=\"block-5\" class=\"td_block_template_8 widget block-5 widget_block widget_media_image\">\n<div class=\"wp-block-image\">\n<figure class=\"aligncenter size-full\"><img decoding=\"async\" loading=\"lazy\" width=\"400\" height=\"400\" src=\"https:\/\/orasul-timisoara.ro\/wp-content\/uploads\/2026\/04\/400x400.png\" alt class=\"wp-image-38045\"><\/figure>\n<\/div>\n<\/aside>\n<aside id=\"block-4\" class=\"td_block_template_8 widget block-4 widget_block widget_media_image\">\n<figure class=\"wp-block-image size-full\"><img decoding=\"async\" loading=\"lazy\" width=\"336\" height=\"280\" src=\"https:\/\/orasul-timisoara.ro\/wp-content\/uploads\/2024\/11\/ReTIM-Abonamentul-Verde-Google-Ads-336x280px.gif\" alt class=\"wp-image-29257\"><\/figure>\n<\/aside>\n<div class=\"td_block_wrap td_block_social_counter td_block_widget tdi_6 td-social-style5 td-social-boxed td-pb-border-top td_block_template_8\">\n<div class=\"td-block-title-wrap\">\n<h4 class=\"td-block-title\"><span>Urm\u0103re\u0219te-ne pe Social Media<\/span><\/h4>\n<\/div>\n<div class=\"td-social-list\">\n<div class=\"td_social_type td-pb-margin-side td_social_facebook\">\n<div class=\"td-social-box\"><span class=\"td_social_info td_social_info_counter\">344,595<\/span><span class=\"td_social_info td_social_info_name\">Fani<\/span><span class=\"td_social_button\"><a href=\"https:\/\/www.facebook.com\/247timisoara\" target=\"_blank\" rel=\"nofollow\">\u00cemi place<\/a><\/span><\/div>\n<\/div>\n<div class=\"td_social_type td-pb-margin-side td_social_instagram\">\n<div class=\"td-social-box\"><span class=\"td_social_info td_social_info_counter\">4,416<\/span><span class=\"td_social_info td_social_info_name\">Cititori<\/span><span class=\"td_social_button\"><a href=\"https:\/\/instagram.com\/orasultimisoararo\/\" target=\"_blank\" rel=\"nofollow\">Conecta\u021bi-v\u0103<\/a><\/span><\/div>\n<\/div>\n<div class=\"td_social_type td-pb-margin-side td_social_rss\">\n<div class=\"td-social-box\"><span class=\"td_social_info td_social_info_counter\">12,506<\/span><span class=\"td_social_info td_social_info_name\">Cititori<\/span><span class=\"td_social_button\"><a href=\"https:\/\/orasul-timisoara.ro\/feed\/\" target=\"_blank\" rel=\"nofollow\">Conecta\u021bi-v\u0103<\/a><\/span><\/div>\n<\/div>\n<div class=\"td_social_type td-pb-margin-side td_social_tiktok\">\n<div class=\"td-social-box\"><span class=\"td_social_info td_social_info_counter\">1,500<\/span><span class=\"td_social_info td_social_info_name\">Cititori<\/span><span class=\"td_social_button\"><a href=\"https:\/\/www.tiktok.com\/@orasultimisoara\" target=\"_blank\" rel=\"nofollow\">Conecta\u021bi-v\u0103<\/a><\/span><\/div>\n<\/div>\n<div class=\"td_social_type td-pb-margin-side td_social_twitter\">\n<div class=\"td-social-box\"><span class=\"td_social_info td_social_info_counter\">1,595<\/span><span class=\"td_social_info td_social_info_name\">Cititori<\/span><span class=\"td_social_button\"><a href=\"https:\/\/twitter.com\/orasultm\" target=\"_blank\" rel=\"nofollow\">Conecta\u021bi-v\u0103<\/a><\/span><\/div>\n<\/div>\n<div class=\"td_social_type td-pb-margin-side td_social_youtube\">\n<div class=\"td-social-box\"><span class=\"td_social_info td_social_info_counter\">3,506<\/span><span class=\"td_social_info td_social_info_name\">Abona\u021bi<\/span><span class=\"td_social_button\"><a href=\"https:\/\/www.youtube.com\/channel\/UCQNsQvs2XCSIm1Z-AHRturw?sub_confirmation=1\" target=\"_blank\" rel=\"nofollow\">Abona\u021bi-v\u0103<\/a><\/span><\/div>\n<\/div>\n<\/div>\n<\/div>\n<aside id=\"text-7\" class=\"td_block_template_8 widget text-7 widget_text\">\n<h4 class=\"td-block-title\"><span>C\u0103ut\u0103ri populare pe OTM<\/span><\/h4>\n<div class=\"textwidget\"><a href=\"https:\/\/orasul-timisoara.ro\/?s=timisoara\"><span>Timisoara<\/span><\/a><a href=\"https:\/\/orasul-timisoara.ro\/?s=calin+dobra\"><span>Calin Dobra<\/span><\/a><a href=\"https:\/\/orasul-timisoara.ro\/?s=primaria+timisoara\"><span>Primaria Timisoara<\/span><\/a><a href=\"https:\/\/orasul-timisoara.ro\/?s=dominic+fritz\"><span>Dominic Fritz<\/span><\/a><a href=\"https:\/\/orasul-timisoara.ro\/?s=nicolae+robu\"><span>Nicolae Robu<\/span><\/a><a href=\"https:\/\/orasul-timisoara.ro\/?s=consiliul+local+timisoara\">Consiliul Local Timisoara<\/a><a href=\"https:\/\/orasul-timisoara.ro\/?s=consiliul+judetean+timis\"><span>Consiliul Judetean Timis<\/span><\/a><a href=\"https:\/\/orasul-timisoara.ro\/?s=cjt\"><span>CJT<\/span><\/a><a href=\"https:\/\/orasul-timisoara.ro\/?s=Alfred+Simonis\"><span>Alfred Simonis<\/span><\/a><a href=\"https:\/\/orasul-timisoara.ro\/?s=PNL\"><span>PNL<\/span><\/a><a href=\"https:\/\/orasul-timisoara.ro\/?s=coronavirus\"><span>coronavirus<\/span><\/a><a href=\"https:\/\/orasul-timisoara.ro\/?s=teatru+timisoara\">teatru Timisoara<\/a><a href=\"https:\/\/orasul-timisoara.ro\/?s=restaurante\"><span>restaurante Timisoara<\/span><\/a><a href=\"https:\/\/orasul-timisoara.ro\/?s=diskoteka\"><span>Diskoteka<\/span><\/a><a href=\"https:\/\/orasul-timisoara.ro\/?s=iulius+town\"><span>Iulius Town<\/span><\/a><a href=\"https:\/\/orasul-timisoara.ro\/?s=iulius+mall\"><span>Iulius Mall<\/span><\/a><a href=\"https:\/\/orasul-timisoara.ro\/?s=stpt\"><span>STPT<\/span><\/a><a href=\"https:\/\/orasul-timisoara.ro\/?s=alin+nica\"><span>Alin Nica<\/span><\/a><a href=\"https:\/\/orasul-timisoara.ro\/?s=psd\"><span>PSD<\/span><\/a><a href=\"https:\/\/orasul-timisoara.ro\/?s=aeroport\"><span>Aeroportul International Timisoara<\/span><\/a><a href=\"https:\/\/orasul-timisoara.ro\/?s=babes\"><span>Spitalul Victor Babes Timisoara<\/span><\/a><a href=\"https:\/\/orasul-timisoara.ro\/?s=poli\"><span>Poli Timi\u0219oara<\/span><\/a><a href=\"https:\/\/orasul-timisoara.ro\/?s=carantina\"><span>carantina<\/span><\/a><a href=\"https:\/\/orasul-timisoara.ro\/?s=aquatim\"><span>Aquatim<\/span><\/a><a href=\"https:\/\/orasul-timisoara.ro\/local-category\/stiri-timisoara\/\"><span>Stiri Timisoara<\/span><\/a><a href=\"https:\/\/orasul-timisoara.ro\/local-category\/investitii-in-timisoara\/\"><span>Investi\u021bii in Timi\u0219oara<\/span><\/a><a href=\"https:\/\/orasul-timisoara.ro\/local-9463\/\"><span>shaorma<\/span><\/a><a href=\"https:\/\/orasul-timisoara.ro\/?s=trafic\"><span>trafic rutier<\/span><\/a><a href=\"https:\/\/orasul-timisoara.ro\/?s=politia\"><span>politia locala timisoara<\/span><\/a><a href=\"https:\/\/orasul-timisoara.ro\/?s=roxana\"><span>Roxana Iliescu<\/span><\/a><a href=\"https:\/\/orasul-timisoara.ro\/?s=colterm\"><span>Colterm<\/span><\/a><a href=\"https:\/\/orasul-timisoara.ro\/?s=latcau\"><span>Ruben La\u021bc\u0103u<\/span><\/a><a href=\"https:\/\/orasul-timisoara.ro\/?s=timis\"><span>\u0218tiri din Timi\u0219<\/span><\/a><a href=\"https:\/\/orasul-timisoara.ro\/?s=spital\"><span>Spitale din Timi\u0219oara<\/span><\/a><a href=\"https:\/\/orasul-timisoara.ro\/?s=tabara\"><span>Cosmin Tab\u0103r\u0103<\/span><\/a><\/div>\n<\/aside>\n<aside id=\"rss-2\" class=\"td_block_template_8 widget rss-2 widget_rss\">\n<h4 class=\"td-block-title\"><span><a class=\"rsswidget rss-widget-feed\" href=\"https:\/\/fashionfridays.ro\/feed\"><img decoding=\"async\" class=\"rss-widget-icon\" width=\"14\" height=\"14\" src=\"https:\/\/orasul-timisoara.ro\/wp-includes\/images\/rss.png\" alt=\"RSS\" loading=\"lazy\"><\/a><a class=\"rsswidget rss-widget-title\" href=\"https:\/\/fashionfridays.ro\/\">Fashion Fridays<\/a><\/span><\/h4>\n<ul>\n<li><a class=\"rsswidget\" href=\"https:\/\/fashionfridays.ro\/crocs-lanseaza-crocband-gum-clog-confort-iconic-cu-influente-retro-sport-pentru-primavara\/\">Crocs lanseaz\u0103 Crocband Gum Clog: confort iconic cu influen\u021be retro-sport pentru prim\u0103var\u0103<\/a>\n<div class=\"rssSummary\">Martie marcheaz\u0103 acel moment al anului \u00een care stilul \u00eencepe s\u0103 se relaxeze. Zilele devin mai lungi, ritmul ora\u0219ului se schimb\u0103, iar garderoba face tranzi\u021bia c\u0103tre piese care pun confortul pe primul loc, f\u0103r\u0103 s\u0103 renun\u021be la atitudine. Este sezonul \u00een care autenticitatea devine declara\u021bie de stil, iar alegerile vestimentare reflect\u0103 mai mult ca oric\u00e2nd [\u2026]<\/div>\n<\/li>\n<\/ul>\n<\/aside>\n<aside id=\"rss-4\" class=\"td_block_template_8 widget rss-4 widget_rss\">\n<h4 class=\"td-block-title\"><span><a class=\"rsswidget rss-widget-feed\" href=\"https:\/\/emasini.ro\/feed\"><img decoding=\"async\" class=\"rss-widget-icon\" width=\"14\" height=\"14\" src=\"https:\/\/orasul-timisoara.ro\/wp-includes\/images\/rss.png\" alt=\"RSS\" loading=\"lazy\"><\/a><a class=\"rsswidget rss-widget-title\" href=\"https:\/\/emasini.ro\/\">eMasini<\/a><\/span><\/h4>\n<ul>\n<li><a class=\"rsswidget\" href=\"https:\/\/emasini.ro\/mercedes-eqs-2026-promite-autonomie-record-pana-la-925-km-electric\/\">Mercedes EQS 2026 promite autonomie record: p\u00e2n\u0103 la 925 km electric<\/a>\n<div class=\"rssSummary\">Mercedes-Benz intensific\u0103 competi\u021bia pe pia\u021ba ma\u0219inilor electrice de lux, lans\u00e2nd noua genera\u021bie Mercedes-Benz EQS, care promite o autonomie de p\u00e2n\u0103 la 925 de kilometri conform standardului WLTP. Modelul devine, cel pu\u021bin teoretic, liderul segmentului, dep\u0103\u0219ind rivalul direct, BMW, cu al s\u0103u sedan electric de top. Noua versiune EQS450+ aduce o cre\u0219tere de aproximativ 13% a [\u2026]<\/div>\n<\/li>\n<\/ul>\n<\/aside>\n<\/div>\n<\/div>\n<\/div>\n<\/div>\n<\/article>\n<div class=\"td-post-content tagdiv-type\">\n<p>Prim\u0103ria Municipiului Timi\u0219oara transmite un mesaj ferm privind siguran\u021ba spa\u021biului public, dup\u0103 o interven\u021bie recent\u0103 a autorit\u0103\u021bilor locale \u00een cazul unor elemente de fa\u021bad\u0103 cu risc de desprindere.<\/p>\n<p>Potrivit reprezentan\u021bilor administra\u021biei locale, situa\u021biile \u00een care structuri precum meshuri publicitare sau buc\u0103\u021bi de fa\u021bad\u0103 pot pune \u00een pericol cet\u0103\u021benii nu sunt tolerate. Echipele Poli\u021bia Local\u0103 Timi\u0219oara au intervenit prompt pentru securizarea zonei \u0219i au solicitat sprijinul ISU Timi\u0219, care a ac\u021bionat pentru \u00eendep\u0103rtarea elementelor periculoase.<\/p>\n<p>Autorit\u0103\u021bile precizeaz\u0103 c\u0103 unul dintre meshurile vizate era montat de o perioad\u0103 \u00eendelungat\u0103, iar proprietarul fusese notificat \u00een repetate r\u00e2nduri s\u0103 \u00eel desfiin\u021beze. \u00cen urma neconform\u0103rii, acesta a fost sanc\u021bionat cu amenzi \u00een valoare total\u0103 de peste 14.000 de lei. Cu toate acestea, m\u0103surile dispuse nu au fost respectate.<\/p>\n<figure class=\"wp-block-gallery has-nested-images columns-4 is-cropped td-modal-on-gallery wp-block-gallery-1 is-layout-flex wp-block-gallery-is-layout-flex\">\n<figure class=\"wp-block-image size-medium\"><img loading=\"lazy\" decoding=\"async\" width=\"960\" height=\"1280\" data-id=\"38220\" src=\"https:\/\/orasul-timisoara.ro\/wp-content\/uploads\/2026\/04\/672675330_1377453377741942_7957143174968198770_n-960x1280.jpg\" alt class=\"wp-image-38220\"><\/figure>\n<figure class=\"wp-block-image size-medium\"><img loading=\"lazy\" decoding=\"async\" width=\"960\" height=\"1280\" data-id=\"38222\" src=\"https:\/\/orasul-timisoara.ro\/wp-content\/uploads\/2026\/04\/674314489_1377453374408609_8412309127969925000_n-960x1280.jpg\" alt class=\"wp-image-38222\"><\/figure>\n<figure class=\"wp-block-image size-medium\"><img loading=\"lazy\" decoding=\"async\" width=\"960\" height=\"1280\" data-id=\"38221\" src=\"https:\/\/orasul-timisoara.ro\/wp-content\/uploads\/2026\/04\/672965382_1377453407741939_8671723312200409445_n-960x1280.jpg\" alt class=\"wp-image-38221\"><\/figure>\n<figure class=\"wp-block-image size-medium\"><img decoding=\"async\" loading=\"lazy\" width=\"960\" height=\"1280\" data-id=\"38223\" src=\"https:\/\/orasul-timisoara.ro\/wp-content\/uploads\/2026\/04\/672433572_1377453441075269_4973962323099237792_n-960x1280.jpg\" alt class=\"wp-image-38223\"><\/figure>\n<\/figure>\n<p>\u00cen acela\u0219i timp, un al doilea mesh fusese instalat recent, chiar \u00een ziua precedent\u0103 interven\u021biei. Poli\u021bia Local\u0103 a anun\u021bat c\u0103 va continua verific\u0103rile \u0219i va aplica sanc\u021biunile legale care se impun.<\/p>\n<p>Reprezentan\u021bii Prim\u0103riei subliniaz\u0103 c\u0103 nu este vorba despre un incident izolat. De la \u00eenceputul anului, Direc\u021bia General\u0103 Poli\u021bia Local\u0103 Timi\u0219oara a aplicat sanc\u021biuni mai multor firme \u0219i proprietari de imobile pentru amplasarea ilegal\u0103 a meshurilor sau pentru men\u021binerea acestora dup\u0103 aplicarea amenzilor, valoarea total\u0103 a sanc\u021biunilor dep\u0103\u0219ind 300.000 de lei.<\/p>\n<p>Administra\u021bia local\u0103 avertizeaz\u0103 c\u0103 va continua controalele \u0219i va aplica m\u0103suri stricte pentru a preveni astfel de situa\u021bii, reiter\u00e2nd c\u0103 siguran\u021ba cet\u0103\u021benilor r\u0103m\u00e2ne o prioritate.<\/p>\n<\/div>\n<p>[analyse_source url=&#8221;https:\/\/orasul-timisoara.ro\/local-38219\/&#8221;]<\/p>\n","protected":false},"excerpt":{"rendered":"<p>[analyse_image type=&#8221;featured&#8221; src=&#8221;https:\/\/orasul-timisoara.ro\/wp-content\/uploads\/2026\/04\/meshuri-ilegale.jpg&#8221;] Administra\u021bie local\u0103Prim\u0103ria Timi\u0219oara: meshurile ilegale, sanc\u021bionate dur. Amenzi de peste 300.000 lei date&#8230; Administra\u021bie local\u0103 \u0218tiri Locale Prim\u0103ria Timi\u0219oara: meshurile ilegale, sanc\u021bionate dur. Amenzi de peste 300.000 lei date de Poli\u021bia Local\u0103 \u00een 2026 De c\u0103tre redactia &#8211; 17\/04\/2026 Facebook Twitter WhatsApp Linkedin ReddIt Email Imprimare Prim\u0103ria Municipiului Timi\u0219oara transmite un mesaj [&hellip;]<\/p>\n","protected":false},"author":1,"featured_media":0,"comment_status":"open","ping_status":"","sticky":false,"template":"","format":"standard","meta":{"footnotes":""},"categories":[89],"tags":[226,189],"class_list":["post-1889481","post","type-post","status-publish","format-standard","hentry","category-romania","tag-crawlmanager","tag-orasul-timisoara-ro"],"_links":{"self":[{"href":"https:\/\/analyse.optim.biz\/index.php?rest_route=\/wp\/v2\/posts\/1889481","targetHints":{"allow":["GET"]}}],"collection":[{"href":"https:\/\/analyse.optim.biz\/index.php?rest_route=\/wp\/v2\/posts"}],"about":[{"href":"https:\/\/analyse.optim.biz\/index.php?rest_route=\/wp\/v2\/types\/post"}],"author":[{"embeddable":true,"href":"https:\/\/analyse.optim.biz\/index.php?rest_route=\/wp\/v2\/users\/1"}],"replies":[{"embeddable":true,"href":"https:\/\/analyse.optim.biz\/index.php?rest_route=%2Fwp%2Fv2%2Fcomments&post=1889481"}],"version-history":[{"count":0,"href":"https:\/\/analyse.optim.biz\/index.php?rest_route=\/wp\/v2\/posts\/1889481\/revisions"}],"wp:attachment":[{"href":"https:\/\/analyse.optim.biz\/index.php?rest_route=%2Fwp%2Fv2%2Fmedia&parent=1889481"}],"wp:term":[{"taxonomy":"category","embeddable":true,"href":"https:\/\/analyse.optim.biz\/index.php?rest_route=%2Fwp%2Fv2%2Fcategories&post=1889481"},{"taxonomy":"post_tag","embeddable":true,"href":"https:\/\/analyse.optim.biz\/index.php?rest_route=%2Fwp%2Fv2%2Ftags&post=1889481"}],"curies":[{"name":"wp","href":"https:\/\/api.w.org\/{rel}","templated":true}]}}