{"id":1889431,"date":"2026-04-18T12:55:13","date_gmt":"2026-04-18T09:55:13","guid":{"rendered":"https:\/\/analyse.optim.biz\/?p=1889431"},"modified":"2026-04-18T12:55:13","modified_gmt":"2026-04-18T09:55:13","slug":"usv-suceava-a-cucerit-pentru-a-noua-oara-titlul-de-campioana-nationala-universitara-la-handbal-si-va-reprezenta-romania-la-jocurile-europene-universitare-2026","status":"publish","type":"post","link":"https:\/\/analyse.optim.biz\/?p=1889431","title":{"rendered":"USV Suceava a cucerit pentru a noua oar\u0103 titlul de campioan\u0103 na\u021bional\u0103 universitar\u0103 la handbal \u0219i va reprezenta Rom\u00e2nia la Jocurile Europene Universitare 2026"},"content":{"rendered":"<p>[analyse_image type=&#8221;featured&#8221; src=&#8221;https:\/\/www.newsbucovina.ro\/wp-content\/uploads\/2026\/04\/WhatsApp-Image-2026-04-18-at-15.47.11.jpeghttps:\/\/cdn.newsbucovina.ro\/wp-content\/uploads\/2026\/04\/WhatsApp-Image-2026-04-18-at-15.47.11.jpeg&#8221;]<\/p>\n<div class=\"td-post-content tagdiv-type\">\n<div class=\"td-a-rec td-a-rec-id-content_top  tdi_3 td_block_template_1\"><strong>Intr\u0103 acum \u0219i \u00een grupul de <\/p>\n<div class=\"wp-block-button\"><a class=\"wp-block-button__link wp-element-button\" href=\"https:\/\/t.me\/+TH8wcfnp8fw5NWI0\">Telegram News Bucovina<\/a><\/div>\n<p><\/strong><\/div>\n<p>Echipa de handbal masculin a Universit\u0103\u021bii \u201e\u0218tefan cel Mare\u201d din Suceava a ob\u021binut, s\u00e2mb\u0103t\u0103, al nou\u0103lea titlu de campioan\u0103 na\u021bional\u0103 universitar\u0103 din istorie, dup\u0103 o final\u0103 categoric\u0103 disputat\u0103 \u00een Sala \u201eDumitru Bernicu\u201d.<\/p>\n<p>Forma\u021bia antrenat\u0103 de R\u0103zvan Gavriloaia \u0219i Bogdan \u0218old\u0103nescu a \u00eenvins Universitatea din Pite\u0219ti cu scorul de 46-24, demonstr\u00e2nd un joc dominant pe tot parcursul turneului g\u0103zduit la Suceava.<\/p>\n<figure class=\"wp-block-image size-large\"><a href=\"https:\/\/cdn.newsbucovina.ro\/wp-content\/uploads\/2026\/04\/WhatsApp-Image-2026-04-18-at-15.47.11.jpeg\"><img loading=\"lazy\" decoding=\"async\" width=\"1024\" height=\"767\" src=\"https:\/\/cdn.newsbucovina.ro\/wp-content\/uploads\/2026\/04\/WhatsApp-Image-2026-04-18-at-15.47.11-1024x767.jpeg\" alt class=\"wp-image-436460\"><\/a><\/figure>\n<p>La finalul competi\u021biei, Drago\u0219 Podovei (USV Suceava) a fost desemnat cel mai bun portar, Eduard Rusu (USV Suceava) \u2013 cel mai bun marcator, iar Alexandru Ilisei (Universitatea din Pite\u0219ti) a primit titlul de cel mai tehnic juc\u0103tor.<\/p>\n<figure class=\"wp-block-gallery has-nested-images columns-default is-cropped wp-block-gallery-1 is-layout-flex wp-block-gallery-is-layout-flex\">\n<figure class=\"wp-block-image size-large\"><a href=\"https:\/\/cdn.newsbucovina.ro\/wp-content\/uploads\/2026\/04\/WhatsApp-Image-2026-04-18-at-15.47.11-1.jpeg\"><img loading=\"lazy\" decoding=\"async\" width=\"1024\" height=\"768\" data-id=\"436461\" src=\"https:\/\/cdn.newsbucovina.ro\/wp-content\/uploads\/2026\/04\/WhatsApp-Image-2026-04-18-at-15.47.11-1-1024x768.jpeg\" alt class=\"wp-image-436461\"><\/a><\/figure>\n<figure class=\"wp-block-image size-large\"><a href=\"https:\/\/cdn.newsbucovina.ro\/wp-content\/uploads\/2026\/04\/WhatsApp-Image-2026-04-18-at-15.47.11-2.jpeg\"><img loading=\"lazy\" decoding=\"async\" width=\"1024\" height=\"767\" data-id=\"436462\" src=\"https:\/\/cdn.newsbucovina.ro\/wp-content\/uploads\/2026\/04\/WhatsApp-Image-2026-04-18-at-15.47.11-2-1024x767.jpeg\" alt class=\"wp-image-436462\"><\/a><\/figure>\n<figure class=\"wp-block-image size-large\"><a href=\"https:\/\/cdn.newsbucovina.ro\/wp-content\/uploads\/2026\/04\/WhatsApp-Image-2026-04-18-at-15.47.11-3.jpeg\"><img decoding=\"async\" loading=\"lazy\" width=\"1024\" height=\"768\" data-id=\"436463\" src=\"https:\/\/cdn.newsbucovina.ro\/wp-content\/uploads\/2026\/04\/WhatsApp-Image-2026-04-18-at-15.47.11-3-1024x768.jpeg\" alt class=\"wp-image-436463\"><\/a><\/figure>\n<\/figure>\n<p>Lotul campioanei a fost alc\u0103tuit din: Drago\u0219 Podovei, R\u0103zvan R\u00eep\u0103, Alexandru Bologa, Emanuel \u0218erban, Cosmin Lupu, Eduard Rusu, C\u0103t\u0103lin Zari\u021bchi, Teodor Iluc\u0103, Codrin Radu, Claudiu Lazurc\u0103, Bogdan Niculaie, Codrin Dasc\u0103lu, Andrei Bruj \u0219i Sorin Grigore. Antrenori: R\u0103zvan Gavriloaia \u0219i Bogdan \u0218old\u0103nescu. Kinetoterapeut: Octavian Andreica.<\/p>\n<p>Prin acest succes, Universitatea \u201e\u0218tefan cel Mare\u201d Suceava \u0219i-a asigurat dreptul de a reprezenta Rom\u00e2nia la Jocurile Europene Universitare 2026, care se vor desf\u0103\u0219ura la Salerno, Italia, \u00een perioada 18 iulie \u2013 1 august 2026.<\/p>\n<figure class=\"wp-block-image size-large\"><a href=\"https:\/\/cdn.newsbucovina.ro\/wp-content\/uploads\/2026\/04\/WhatsApp-Image-2026-04-18-at-15.47.12.jpeg\"><img decoding=\"async\" loading=\"lazy\" width=\"1024\" height=\"769\" src=\"https:\/\/cdn.newsbucovina.ro\/wp-content\/uploads\/2026\/04\/WhatsApp-Image-2026-04-18-at-15.47.12-1024x769.jpeg\" alt class=\"wp-image-436464\"><\/a><\/figure>\n<p>Echipa sucevean\u0103 are deja un palmares impresionant pe plan european: patru titluri continentale cucerite \u00een 2017 la Malaga, 2022 la Lodz, 2023 la Podgorica \u0219i 2024 la Debrecen. Anul trecut, \u00een 2025, forma\u021bia a ob\u021binut medalia de argint la Campionatul European Universitar din Portugalia (Covilh\u00e3), pierz\u00e2nd finala \u00een prelungiri.<\/p>\n<p>Antrenorul secund Bogdan \u0218old\u0103nescu a declarat dup\u0103 final\u0103: \u201eNe doream foarte mult s\u0103 c\u00e2\u0219tig\u0103m aceast\u0103 competi\u021bie pentru a ajunge din nou la Campionatul European, unde cred c\u0103 avem de luat o revan\u0219\u0103 dup\u0103 finala pierdut\u0103 anul trecut \u00een prelungiri. Au fost patru meciuri \u00een dou\u0103 zile, destul de solicitante, chiar dac\u0103 scorurile de pe tabel\u0103 nu au ar\u0103tat neap\u0103rat asta. M\u0103 bucur pentru b\u0103ie\u021bi c\u0103 au dat dovad\u0103 de profesionalism, au respectat adversarii \u0219i au jucat toate meciurile la maximum. Suntem bucuro\u0219i c\u0103 am terminat competi\u021bia s\u0103n\u0103to\u0219i \u0219i c\u0103 medaliile de aur r\u0103m\u00e2n la Suceava.\u201d<\/p>\n<figure class=\"wp-block-image size-large\"><a href=\"https:\/\/cdn.newsbucovina.ro\/wp-content\/uploads\/2026\/04\/WhatsApp-Image-2026-04-18-at-15.47.12-1.jpeg\"><img decoding=\"async\" loading=\"lazy\" width=\"1024\" height=\"575\" src=\"https:\/\/cdn.newsbucovina.ro\/wp-content\/uploads\/2026\/04\/WhatsApp-Image-2026-04-18-at-15.47.12-1-1024x575.jpeg\" alt class=\"wp-image-436465\"><\/a><\/figure>\n<p>Campionatul Na\u021bional Universitar de handbal masculin a reunit la Suceava opt echipe universitare: Universitatea \u201e\u0218tefan cel Mare\u201d Suceava, Universitatea Na\u021bional\u0103 de \u0218tiin\u021b\u0103 \u0219i Tehnologie Politehnica Bucure\u0219ti \u2013 Centrul Universitar Pite\u0219ti, Academia For\u021belor Aeriene \u201eHenri Coand\u0103\u201d Bra\u0219ov, Universitatea \u201eDun\u0103rea de Jos\u201d Gala\u021bi, Universitatea \u201eVasile Alecsandri\u201d Bac\u0103u, UNEFS Bucure\u0219ti, Universitatea Tehnic\u0103 de Construc\u021bii Bucure\u0219ti \u0219i Universitatea Tehnic\u0103 \u201eGheorghe Asachi\u201d Ia\u0219i.<\/p>\n<p><strong>Rezultatele meciurilor de clasament:<\/strong><\/p>\n<ul class=\"wp-block-list\">\n<li>Locurile 7-8: Academia For\u021belor Aeriene Bra\u0219ov \u2013 Universitatea \u201eVasile Alecsandri\u201d Bac\u0103u 13-30<\/li>\n<li>Locurile 5-6: Universitatea Tehnic\u0103 de Construc\u021bii Bucure\u0219ti \u2013 Universitatea \u201eDun\u0103rea de Jos\u201d Gala\u021bi 25-27<\/li>\n<li>Locurile 3-4: Universitatea Tehnic\u0103 \u201eGheorghe Asachi\u201d Ia\u0219i \u2013 UNEFS Bucure\u0219ti 39-23<\/li>\n<li>Finala: USV Suceava \u2013 Universitatea din Pite\u0219ti 46-24<\/li>\n<\/ul>\n<p>Competi\u021bia a fost organizat\u0103 de Federa\u021bia Sportului \u0218colar \u0219i Universitar, \u00een parteneriat cu Universitatea \u201e\u0218tefan cel Mare\u201d Suceava (prin Facultatea de Educa\u021bie Fizic\u0103 \u0219i Sport), Liceul cu Program Sportiv, \u0218coala Gimnazial\u0103 \u201eIon Creang\u0103\u201d, \u0218coala Gimnazial\u0103 \u201eMiron Costin\u201d, Federa\u021bia Rom\u00e2n\u0103 de Handbal \u0219i CSU Suceava, cu sprijinul Inspectoratului \u0218colar Jude\u021bean Suceava.<\/p>\n<p>Succesul de ast\u0103zi consolideaz\u0103 pozi\u021bia Universit\u0103\u021bii \u201e\u0218tefan cel Mare\u201d ca unul dintre cele mai puternice centre universitare de handbal din Rom\u00e2nia \u0219i confirm\u0103 tradi\u021bia de excelen\u021b\u0103 a echipei sucevene at\u00e2t pe plan na\u021bional, c\u00e2t \u0219i european.<\/p>\n<div class=\"td-a-rec td-a-rec-id-content_bottom  tdi_4 td_block_template_1\"><strong>Intr\u0103 acum \u0219i \u00een grupul de <\/p>\n<div class=\"wp-block-button\"><a class=\"wp-block-button__link wp-element-button\" href=\"https:\/\/t.me\/+TH8wcfnp8fw5NWI0\">Telegram News Bucovina<\/a><\/div>\n<p><\/strong><\/div>\n<\/div>\n<div class=\"td-post-content tagdiv-type\">\n<div class=\"td-a-rec td-a-rec-id-content_top  tdi_3 td_block_template_1\"><strong>Intr\u0103 acum \u0219i \u00een grupul de <\/p>\n<div class=\"wp-block-button\"><a class=\"wp-block-button__link wp-element-button\" href=\"https:\/\/t.me\/+TH8wcfnp8fw5NWI0\">Telegram News Bucovina<\/a><\/div>\n<p><\/strong><\/div>\n<p>Echipa de handbal masculin a Universit\u0103\u021bii \u201e\u0218tefan cel Mare\u201d din Suceava a ob\u021binut, s\u00e2mb\u0103t\u0103, al nou\u0103lea titlu de campioan\u0103 na\u021bional\u0103 universitar\u0103 din istorie, dup\u0103 o final\u0103 categoric\u0103 disputat\u0103 \u00een Sala \u201eDumitru Bernicu\u201d.<\/p>\n<p>Forma\u021bia antrenat\u0103 de R\u0103zvan Gavriloaia \u0219i Bogdan \u0218old\u0103nescu a \u00eenvins Universitatea din Pite\u0219ti cu scorul de 46-24, demonstr\u00e2nd un joc dominant pe tot parcursul turneului g\u0103zduit la Suceava.<\/p>\n<figure class=\"wp-block-image size-large\"><a href=\"https:\/\/cdn.newsbucovina.ro\/wp-content\/uploads\/2026\/04\/WhatsApp-Image-2026-04-18-at-15.47.11.jpeg\"><img loading=\"lazy\" decoding=\"async\" width=\"1024\" height=\"767\" src=\"https:\/\/cdn.newsbucovina.ro\/wp-content\/uploads\/2026\/04\/WhatsApp-Image-2026-04-18-at-15.47.11-1024x767.jpeg\" alt class=\"wp-image-436460\"><\/a><\/figure>\n<p>La finalul competi\u021biei, Drago\u0219 Podovei (USV Suceava) a fost desemnat cel mai bun portar, Eduard Rusu (USV Suceava) \u2013 cel mai bun marcator, iar Alexandru Ilisei (Universitatea din Pite\u0219ti) a primit titlul de cel mai tehnic juc\u0103tor.<\/p>\n<figure class=\"wp-block-gallery has-nested-images columns-default is-cropped wp-block-gallery-1 is-layout-flex wp-block-gallery-is-layout-flex\">\n<figure class=\"wp-block-image size-large\"><a href=\"https:\/\/cdn.newsbucovina.ro\/wp-content\/uploads\/2026\/04\/WhatsApp-Image-2026-04-18-at-15.47.11-1.jpeg\"><img loading=\"lazy\" decoding=\"async\" width=\"1024\" height=\"768\" data-id=\"436461\" src=\"https:\/\/cdn.newsbucovina.ro\/wp-content\/uploads\/2026\/04\/WhatsApp-Image-2026-04-18-at-15.47.11-1-1024x768.jpeg\" alt class=\"wp-image-436461\"><\/a><\/figure>\n<figure class=\"wp-block-image size-large\"><a href=\"https:\/\/cdn.newsbucovina.ro\/wp-content\/uploads\/2026\/04\/WhatsApp-Image-2026-04-18-at-15.47.11-2.jpeg\"><img loading=\"lazy\" decoding=\"async\" width=\"1024\" height=\"767\" data-id=\"436462\" src=\"https:\/\/cdn.newsbucovina.ro\/wp-content\/uploads\/2026\/04\/WhatsApp-Image-2026-04-18-at-15.47.11-2-1024x767.jpeg\" alt class=\"wp-image-436462\"><\/a><\/figure>\n<figure class=\"wp-block-image size-large\"><a href=\"https:\/\/cdn.newsbucovina.ro\/wp-content\/uploads\/2026\/04\/WhatsApp-Image-2026-04-18-at-15.47.11-3.jpeg\"><img decoding=\"async\" loading=\"lazy\" width=\"1024\" height=\"768\" data-id=\"436463\" src=\"https:\/\/cdn.newsbucovina.ro\/wp-content\/uploads\/2026\/04\/WhatsApp-Image-2026-04-18-at-15.47.11-3-1024x768.jpeg\" alt class=\"wp-image-436463\"><\/a><\/figure>\n<\/figure>\n<p>Lotul campioanei a fost alc\u0103tuit din: Drago\u0219 Podovei, R\u0103zvan R\u00eep\u0103, Alexandru Bologa, Emanuel \u0218erban, Cosmin Lupu, Eduard Rusu, C\u0103t\u0103lin Zari\u021bchi, Teodor Iluc\u0103, Codrin Radu, Claudiu Lazurc\u0103, Bogdan Niculaie, Codrin Dasc\u0103lu, Andrei Bruj \u0219i Sorin Grigore. Antrenori: R\u0103zvan Gavriloaia \u0219i Bogdan \u0218old\u0103nescu. Kinetoterapeut: Octavian Andreica.<\/p>\n<p>Prin acest succes, Universitatea \u201e\u0218tefan cel Mare\u201d Suceava \u0219i-a asigurat dreptul de a reprezenta Rom\u00e2nia la Jocurile Europene Universitare 2026, care se vor desf\u0103\u0219ura la Salerno, Italia, \u00een perioada 18 iulie \u2013 1 august 2026.<\/p>\n<figure class=\"wp-block-image size-large\"><a href=\"https:\/\/cdn.newsbucovina.ro\/wp-content\/uploads\/2026\/04\/WhatsApp-Image-2026-04-18-at-15.47.12.jpeg\"><img decoding=\"async\" loading=\"lazy\" width=\"1024\" height=\"769\" src=\"https:\/\/cdn.newsbucovina.ro\/wp-content\/uploads\/2026\/04\/WhatsApp-Image-2026-04-18-at-15.47.12-1024x769.jpeg\" alt class=\"wp-image-436464\"><\/a><\/figure>\n<p>Echipa sucevean\u0103 are deja un palmares impresionant pe plan european: patru titluri continentale cucerite \u00een 2017 la Malaga, 2022 la Lodz, 2023 la Podgorica \u0219i 2024 la Debrecen. Anul trecut, \u00een 2025, forma\u021bia a ob\u021binut medalia de argint la Campionatul European Universitar din Portugalia (Covilh\u00e3), pierz\u00e2nd finala \u00een prelungiri.<\/p>\n<p>Antrenorul secund Bogdan \u0218old\u0103nescu a declarat dup\u0103 final\u0103: \u201eNe doream foarte mult s\u0103 c\u00e2\u0219tig\u0103m aceast\u0103 competi\u021bie pentru a ajunge din nou la Campionatul European, unde cred c\u0103 avem de luat o revan\u0219\u0103 dup\u0103 finala pierdut\u0103 anul trecut \u00een prelungiri. Au fost patru meciuri \u00een dou\u0103 zile, destul de solicitante, chiar dac\u0103 scorurile de pe tabel\u0103 nu au ar\u0103tat neap\u0103rat asta. M\u0103 bucur pentru b\u0103ie\u021bi c\u0103 au dat dovad\u0103 de profesionalism, au respectat adversarii \u0219i au jucat toate meciurile la maximum. Suntem bucuro\u0219i c\u0103 am terminat competi\u021bia s\u0103n\u0103to\u0219i \u0219i c\u0103 medaliile de aur r\u0103m\u00e2n la Suceava.\u201d<\/p>\n<figure class=\"wp-block-image size-large\"><a href=\"https:\/\/cdn.newsbucovina.ro\/wp-content\/uploads\/2026\/04\/WhatsApp-Image-2026-04-18-at-15.47.12-1.jpeg\"><img decoding=\"async\" loading=\"lazy\" width=\"1024\" height=\"575\" src=\"https:\/\/cdn.newsbucovina.ro\/wp-content\/uploads\/2026\/04\/WhatsApp-Image-2026-04-18-at-15.47.12-1-1024x575.jpeg\" alt class=\"wp-image-436465\"><\/a><\/figure>\n<p>Campionatul Na\u021bional Universitar de handbal masculin a reunit la Suceava opt echipe universitare: Universitatea \u201e\u0218tefan cel Mare\u201d Suceava, Universitatea Na\u021bional\u0103 de \u0218tiin\u021b\u0103 \u0219i Tehnologie Politehnica Bucure\u0219ti \u2013 Centrul Universitar Pite\u0219ti, Academia For\u021belor Aeriene \u201eHenri Coand\u0103\u201d Bra\u0219ov, Universitatea \u201eDun\u0103rea de Jos\u201d Gala\u021bi, Universitatea \u201eVasile Alecsandri\u201d Bac\u0103u, UNEFS Bucure\u0219ti, Universitatea Tehnic\u0103 de Construc\u021bii Bucure\u0219ti \u0219i Universitatea Tehnic\u0103 \u201eGheorghe Asachi\u201d Ia\u0219i.<\/p>\n<p><strong>Rezultatele meciurilor de clasament:<\/strong><\/p>\n<ul class=\"wp-block-list\">\n<li>Locurile 7-8: Academia For\u021belor Aeriene Bra\u0219ov \u2013 Universitatea \u201eVasile Alecsandri\u201d Bac\u0103u 13-30<\/li>\n<li>Locurile 5-6: Universitatea Tehnic\u0103 de Construc\u021bii Bucure\u0219ti \u2013 Universitatea \u201eDun\u0103rea de Jos\u201d Gala\u021bi 25-27<\/li>\n<li>Locurile 3-4: Universitatea Tehnic\u0103 \u201eGheorghe Asachi\u201d Ia\u0219i \u2013 UNEFS Bucure\u0219ti 39-23<\/li>\n<li>Finala: USV Suceava \u2013 Universitatea din Pite\u0219ti 46-24<\/li>\n<\/ul>\n<p>Competi\u021bia a fost organizat\u0103 de Federa\u021bia Sportului \u0218colar \u0219i Universitar, \u00een parteneriat cu Universitatea \u201e\u0218tefan cel Mare\u201d Suceava (prin Facultatea de Educa\u021bie Fizic\u0103 \u0219i Sport), Liceul cu Program Sportiv, \u0218coala Gimnazial\u0103 \u201eIon Creang\u0103\u201d, \u0218coala Gimnazial\u0103 \u201eMiron Costin\u201d, Federa\u021bia Rom\u00e2n\u0103 de Handbal \u0219i CSU Suceava, cu sprijinul Inspectoratului \u0218colar Jude\u021bean Suceava.<\/p>\n<p>Succesul de ast\u0103zi consolideaz\u0103 pozi\u021bia Universit\u0103\u021bii \u201e\u0218tefan cel Mare\u201d ca unul dintre cele mai puternice centre universitare de handbal din Rom\u00e2nia \u0219i confirm\u0103 tradi\u021bia de excelen\u021b\u0103 a echipei sucevene at\u00e2t pe plan na\u021bional, c\u00e2t \u0219i european.<\/p>\n<div class=\"td-a-rec td-a-rec-id-content_bottom  tdi_4 td_block_template_1\"><strong>Intr\u0103 acum \u0219i \u00een grupul de <\/p>\n<div class=\"wp-block-button\"><a class=\"wp-block-button__link wp-element-button\" href=\"https:\/\/t.me\/+TH8wcfnp8fw5NWI0\">Telegram News Bucovina<\/a><\/div>\n<p><\/strong><\/div>\n<\/div>\n<p>[analyse_source url=&#8221;https:\/\/www.newsbucovina.ro\/actualitate\/436459\/usv-suceava-a-cucerit-pentru-a-noua-oara-titlul-de-campioana-nationala-universitara-la-handbal-si-va-reprezenta-romania-la-jocurile-europene-universitare-2026&#8243;]<\/p>\n","protected":false},"excerpt":{"rendered":"<p>[analyse_image type=&#8221;featured&#8221; src=&#8221;https:\/\/www.newsbucovina.ro\/wp-content\/uploads\/2026\/04\/WhatsApp-Image-2026-04-18-at-15.47.11.jpeghttps:\/\/cdn.newsbucovina.ro\/wp-content\/uploads\/2026\/04\/WhatsApp-Image-2026-04-18-at-15.47.11.jpeg&#8221;] Intr\u0103 acum \u0219i \u00een grupul de Telegram News Bucovina Echipa de handbal masculin a Universit\u0103\u021bii \u201e\u0218tefan cel Mare\u201d din Suceava a ob\u021binut, s\u00e2mb\u0103t\u0103, al nou\u0103lea titlu de campioan\u0103 na\u021bional\u0103 universitar\u0103 din istorie, dup\u0103 o final\u0103 categoric\u0103 disputat\u0103 \u00een Sala \u201eDumitru Bernicu\u201d. Forma\u021bia antrenat\u0103 de R\u0103zvan Gavriloaia \u0219i Bogdan \u0218old\u0103nescu a \u00eenvins Universitatea [&hellip;]<\/p>\n","protected":false},"author":1,"featured_media":0,"comment_status":"open","ping_status":"","sticky":false,"template":"","format":"standard","meta":{"footnotes":""},"categories":[89],"tags":[226,165],"class_list":["post-1889431","post","type-post","status-publish","format-standard","hentry","category-romania","tag-crawlmanager","tag-newsbucovina-ro"],"_links":{"self":[{"href":"https:\/\/analyse.optim.biz\/index.php?rest_route=\/wp\/v2\/posts\/1889431","targetHints":{"allow":["GET"]}}],"collection":[{"href":"https:\/\/analyse.optim.biz\/index.php?rest_route=\/wp\/v2\/posts"}],"about":[{"href":"https:\/\/analyse.optim.biz\/index.php?rest_route=\/wp\/v2\/types\/post"}],"author":[{"embeddable":true,"href":"https:\/\/analyse.optim.biz\/index.php?rest_route=\/wp\/v2\/users\/1"}],"replies":[{"embeddable":true,"href":"https:\/\/analyse.optim.biz\/index.php?rest_route=%2Fwp%2Fv2%2Fcomments&post=1889431"}],"version-history":[{"count":0,"href":"https:\/\/analyse.optim.biz\/index.php?rest_route=\/wp\/v2\/posts\/1889431\/revisions"}],"wp:attachment":[{"href":"https:\/\/analyse.optim.biz\/index.php?rest_route=%2Fwp%2Fv2%2Fmedia&parent=1889431"}],"wp:term":[{"taxonomy":"category","embeddable":true,"href":"https:\/\/analyse.optim.biz\/index.php?rest_route=%2Fwp%2Fv2%2Fcategories&post=1889431"},{"taxonomy":"post_tag","embeddable":true,"href":"https:\/\/analyse.optim.biz\/index.php?rest_route=%2Fwp%2Fv2%2Ftags&post=1889431"}],"curies":[{"name":"wp","href":"https:\/\/api.w.org\/{rel}","templated":true}]}}