{"id":1889428,"date":"2026-04-17T07:40:00","date_gmt":"2026-04-17T04:40:00","guid":{"rendered":"https:\/\/analyse.optim.biz\/?p=1889428"},"modified":"2026-04-17T07:40:00","modified_gmt":"2026-04-17T04:40:00","slug":"instabilitate-atmosferica-accentuata-si-cod-galben-de-vant-in-judetul-suceava-pana-sambata-seara","status":"publish","type":"post","link":"https:\/\/analyse.optim.biz\/?p=1889428","title":{"rendered":"Instabilitate atmosferic\u0103 accentuat\u0103 \u0219i cod galben de v\u00e2nt \u00een jude\u021bul Suceava p\u00e2n\u0103 s\u00e2mb\u0103t\u0103 sear\u0103"},"content":{"rendered":"<p>[analyse_image type=&#8221;featured&#8221; src=&#8221;https:\/\/www.newsbucovina.ro\/wp-content\/uploads\/2025\/06\/vant.jpeghttps:\/\/cdn.newsbucovina.ro\/wp-content\/uploads\/2025\/06\/vant.jpeg&#8221;]<\/p>\n<div class=\"td-post-content tagdiv-type\">\n<div class=\"td-a-rec td-a-rec-id-content_top  tdi_3 td_block_template_1\"><strong>Intr\u0103 acum \u0219i \u00een grupul de <\/p>\n<div class=\"wp-block-button\"><a class=\"wp-block-button__link wp-element-button\" href=\"https:\/\/t.me\/+TH8wcfnp8fw5NWI0\">Telegram News Bucovina<\/a><\/div>\n<p><\/strong><\/div>\n<p>Administra\u021bia Na\u021bional\u0103 de Meteorologie a emis o informare meteorologic\u0103 de instabilitate atmosferic\u0103 temporar accentuat\u0103 \u0219i intensific\u0103ri ale v\u00e2ntului, valabil\u0103 pentru intervalul <strong>17 aprilie, ora 10:00 \u2013 18 aprilie, ora 20:00<\/strong>, urmat\u0103 de o aten\u021bionare Cod Galben de v\u00e2nt puternic pentru ziua de s\u00e2mb\u0103t\u0103, 18 aprilie.<\/p>\n<div class=\"wp-block-image\">\n<figure class=\"aligncenter size-full\"><a href=\"https:\/\/cdn.newsbucovina.ro\/wp-content\/uploads\/2025\/06\/vant.jpeg\"><img loading=\"lazy\" decoding=\"async\" width=\"600\" height=\"450\" src=\"https:\/\/cdn.newsbucovina.ro\/wp-content\/uploads\/2025\/06\/vant.jpeg\" alt class=\"wp-image-414106\"><\/a><\/figure>\n<\/div>\n<p>Potrivit meteorologilor, \u00een intervalul men\u021bionat, \u00een centrul, sudul \u0219i estul \u021b\u0103rii, inclusiv \u00een jude\u021bul Suceava, instabilitatea atmosferic\u0103 va fi temporar accentuat\u0103. Vor ap\u0103rea perioade cu averse, \u00eenso\u021bite pe arii restr\u00e2nse de desc\u0103rc\u0103ri electrice. Ploile vor avea \u0219i caracter toren\u021bial, astfel \u00eenc\u00e2t \u00een intervale scurte de timp se vor acumula cantit\u0103\u021bi de ap\u0103 de <strong>15\u201320 l\/mp<\/strong>, iar pe arii restr\u00e2nse peste <strong>25 l\/mp<\/strong>. Izolat, \u00een regiunile sudice, va c\u0103dea \u0219i grindin\u0103.<\/p>\n<p>Temporar, v\u00e2ntul va avea intensific\u0103ri, mai ales pe parcursul zilei de vineri (17 aprilie) \u00een vestul \u021b\u0103rii, dar \u0219i \u00een restul teritoriului, \u00eendeosebi \u00een timpul ploilor. S\u00e2mb\u0103t\u0103, 18 aprilie, intensific\u0103rile se vor manifesta cu prec\u0103dere \u00een est, sud-est, la munte \u0219i local \u00een rest, cu viteze generale de <strong>45\u201355 km\/h<\/strong>, iar \u00een zona montan\u0103 \u00eenalt\u0103 rafalele vor atinge <strong>60\u201380 km\/h<\/strong>.<\/p>\n<p><strong>Aten\u021bionare Cod Galben \u2013 V\u00e2nt puternic<\/strong> Interval de valabilitate: <strong>18 aprilie, ora 09:00 \u2013 18 aprilie, ora 20:00<\/strong> Fenomene vizate: intensific\u0103ri ale v\u00e2ntului Zone afectate: cea mai mare parte a Moldovei (inclusiv jude\u021bul Suceava), Dobrogea \u0219i estul Munteniei.<\/p>\n<p>\u00cen aceste zone, v\u00e2ntul va sufla cu viteze de <strong>50\u201365 km\/h<\/strong>, iar \u00een zona Carpa\u021bilor de Curbur\u0103 rafalele vor ajunge la <strong>70\u201380 km\/h<\/strong>.<\/p>\n<div class=\"td-a-rec td-a-rec-id-content_bottom  tdi_4 td_block_template_1\"><strong>Intr\u0103 acum \u0219i \u00een grupul de <\/p>\n<div class=\"wp-block-button\"><a class=\"wp-block-button__link wp-element-button\" href=\"https:\/\/t.me\/+TH8wcfnp8fw5NWI0\">Telegram News Bucovina<\/a><\/div>\n<p><\/strong><\/div>\n<\/div>\n<div class=\"td-post-content tagdiv-type\">\n<div class=\"td-a-rec td-a-rec-id-content_top  tdi_3 td_block_template_1\"><strong>Intr\u0103 acum \u0219i \u00een grupul de <\/p>\n<div class=\"wp-block-button\"><a class=\"wp-block-button__link wp-element-button\" href=\"https:\/\/t.me\/+TH8wcfnp8fw5NWI0\">Telegram News Bucovina<\/a><\/div>\n<p><\/strong><\/div>\n<p>Administra\u021bia Na\u021bional\u0103 de Meteorologie a emis o informare meteorologic\u0103 de instabilitate atmosferic\u0103 temporar accentuat\u0103 \u0219i intensific\u0103ri ale v\u00e2ntului, valabil\u0103 pentru intervalul <strong>17 aprilie, ora 10:00 \u2013 18 aprilie, ora 20:00<\/strong>, urmat\u0103 de o aten\u021bionare Cod Galben de v\u00e2nt puternic pentru ziua de s\u00e2mb\u0103t\u0103, 18 aprilie.<\/p>\n<div class=\"wp-block-image\">\n<figure class=\"aligncenter size-full\"><a href=\"https:\/\/cdn.newsbucovina.ro\/wp-content\/uploads\/2025\/06\/vant.jpeg\"><img loading=\"lazy\" decoding=\"async\" width=\"600\" height=\"450\" src=\"https:\/\/cdn.newsbucovina.ro\/wp-content\/uploads\/2025\/06\/vant.jpeg\" alt class=\"wp-image-414106\"><\/a><\/figure>\n<\/div>\n<p>Potrivit meteorologilor, \u00een intervalul men\u021bionat, \u00een centrul, sudul \u0219i estul \u021b\u0103rii, inclusiv \u00een jude\u021bul Suceava, instabilitatea atmosferic\u0103 va fi temporar accentuat\u0103. Vor ap\u0103rea perioade cu averse, \u00eenso\u021bite pe arii restr\u00e2nse de desc\u0103rc\u0103ri electrice. Ploile vor avea \u0219i caracter toren\u021bial, astfel \u00eenc\u00e2t \u00een intervale scurte de timp se vor acumula cantit\u0103\u021bi de ap\u0103 de <strong>15\u201320 l\/mp<\/strong>, iar pe arii restr\u00e2nse peste <strong>25 l\/mp<\/strong>. Izolat, \u00een regiunile sudice, va c\u0103dea \u0219i grindin\u0103.<\/p>\n<p>Temporar, v\u00e2ntul va avea intensific\u0103ri, mai ales pe parcursul zilei de vineri (17 aprilie) \u00een vestul \u021b\u0103rii, dar \u0219i \u00een restul teritoriului, \u00eendeosebi \u00een timpul ploilor. S\u00e2mb\u0103t\u0103, 18 aprilie, intensific\u0103rile se vor manifesta cu prec\u0103dere \u00een est, sud-est, la munte \u0219i local \u00een rest, cu viteze generale de <strong>45\u201355 km\/h<\/strong>, iar \u00een zona montan\u0103 \u00eenalt\u0103 rafalele vor atinge <strong>60\u201380 km\/h<\/strong>.<\/p>\n<p><strong>Aten\u021bionare Cod Galben \u2013 V\u00e2nt puternic<\/strong> Interval de valabilitate: <strong>18 aprilie, ora 09:00 \u2013 18 aprilie, ora 20:00<\/strong> Fenomene vizate: intensific\u0103ri ale v\u00e2ntului Zone afectate: cea mai mare parte a Moldovei (inclusiv jude\u021bul Suceava), Dobrogea \u0219i estul Munteniei.<\/p>\n<p>\u00cen aceste zone, v\u00e2ntul va sufla cu viteze de <strong>50\u201365 km\/h<\/strong>, iar \u00een zona Carpa\u021bilor de Curbur\u0103 rafalele vor ajunge la <strong>70\u201380 km\/h<\/strong>.<\/p>\n<div class=\"td-a-rec td-a-rec-id-content_bottom  tdi_4 td_block_template_1\"><strong>Intr\u0103 acum \u0219i \u00een grupul de <\/p>\n<div class=\"wp-block-button\"><a class=\"wp-block-button__link wp-element-button\" href=\"https:\/\/t.me\/+TH8wcfnp8fw5NWI0\">Telegram News Bucovina<\/a><\/div>\n<p><\/strong><\/div>\n<\/div>\n<p>[analyse_source url=&#8221;https:\/\/www.newsbucovina.ro\/actualitate\/436361\/instabilitate-atmosferica-accentuata-si-cod-galben-de-vant-in-judetul-suceava-pana-sambata-seara&#8221;]<\/p>\n","protected":false},"excerpt":{"rendered":"<p>[analyse_image type=&#8221;featured&#8221; src=&#8221;https:\/\/www.newsbucovina.ro\/wp-content\/uploads\/2025\/06\/vant.jpeghttps:\/\/cdn.newsbucovina.ro\/wp-content\/uploads\/2025\/06\/vant.jpeg&#8221;] Intr\u0103 acum \u0219i \u00een grupul de Telegram News Bucovina Administra\u021bia Na\u021bional\u0103 de Meteorologie a emis o informare meteorologic\u0103 de instabilitate atmosferic\u0103 temporar accentuat\u0103 \u0219i intensific\u0103ri ale v\u00e2ntului, valabil\u0103 pentru intervalul 17 aprilie, ora 10:00 \u2013 18 aprilie, ora 20:00, urmat\u0103 de o aten\u021bionare Cod Galben de v\u00e2nt puternic pentru ziua de s\u00e2mb\u0103t\u0103, [&hellip;]<\/p>\n","protected":false},"author":1,"featured_media":0,"comment_status":"open","ping_status":"","sticky":false,"template":"","format":"standard","meta":{"footnotes":""},"categories":[89],"tags":[226,165],"class_list":["post-1889428","post","type-post","status-publish","format-standard","hentry","category-romania","tag-crawlmanager","tag-newsbucovina-ro"],"_links":{"self":[{"href":"https:\/\/analyse.optim.biz\/index.php?rest_route=\/wp\/v2\/posts\/1889428","targetHints":{"allow":["GET"]}}],"collection":[{"href":"https:\/\/analyse.optim.biz\/index.php?rest_route=\/wp\/v2\/posts"}],"about":[{"href":"https:\/\/analyse.optim.biz\/index.php?rest_route=\/wp\/v2\/types\/post"}],"author":[{"embeddable":true,"href":"https:\/\/analyse.optim.biz\/index.php?rest_route=\/wp\/v2\/users\/1"}],"replies":[{"embeddable":true,"href":"https:\/\/analyse.optim.biz\/index.php?rest_route=%2Fwp%2Fv2%2Fcomments&post=1889428"}],"version-history":[{"count":0,"href":"https:\/\/analyse.optim.biz\/index.php?rest_route=\/wp\/v2\/posts\/1889428\/revisions"}],"wp:attachment":[{"href":"https:\/\/analyse.optim.biz\/index.php?rest_route=%2Fwp%2Fv2%2Fmedia&parent=1889428"}],"wp:term":[{"taxonomy":"category","embeddable":true,"href":"https:\/\/analyse.optim.biz\/index.php?rest_route=%2Fwp%2Fv2%2Fcategories&post=1889428"},{"taxonomy":"post_tag","embeddable":true,"href":"https:\/\/analyse.optim.biz\/index.php?rest_route=%2Fwp%2Fv2%2Ftags&post=1889428"}],"curies":[{"name":"wp","href":"https:\/\/api.w.org\/{rel}","templated":true}]}}