{"id":1889425,"date":"2026-04-16T19:51:44","date_gmt":"2026-04-16T16:51:44","guid":{"rendered":"https:\/\/analyse.optim.biz\/?p=1889425"},"modified":"2026-04-16T19:51:44","modified_gmt":"2026-04-16T16:51:44","slug":"comunitatea-artistica-suceveana-deplange-trecerea-la-cele-vesnice-a-artistului-plastic-dumitru-rusu-un-pilon-al-vietii-artistice-bucovinene","status":"publish","type":"post","link":"https:\/\/analyse.optim.biz\/?p=1889425","title":{"rendered":"Comunitatea artistic\u0103 sucevean\u0103 depl\u00e2nge trecerea la cele ve\u0219nice a artistului plastic Dumitru Rusu, un pilon al vie\u021bii artistice bucovinene"},"content":{"rendered":"<p>[analyse_image type=&#8221;featured&#8221; src=&#8221;https:\/\/www.newsbucovina.ro\/wp-content\/uploads\/2026\/04\/Dumitru-Rusu-1.jpghttps:\/\/cdn.newsbucovina.ro\/wp-content\/uploads\/2026\/04\/Dumitru-Rusu-1.jpg&#8221;]<\/p>\n<div class=\"td-post-content tagdiv-type\">\n<div class=\"td-a-rec td-a-rec-id-content_top  tdi_3 td_block_template_1\"><strong>Intr\u0103 acum \u0219i \u00een grupul de <\/p>\n<div class=\"wp-block-button\"><a class=\"wp-block-button__link wp-element-button\" href=\"https:\/\/t.me\/+TH8wcfnp8fw5NWI0\">Telegram News Bucovina<\/a><\/div>\n<p><\/strong><\/div>\n<p>Cu profund\u0103 durere, comunitatea artistic\u0103 sucevean\u0103 a anun\u021b\u0103 trecerea la cele ve\u0219nice a maestrului <strong>Dumitru Rusu<\/strong> (1938\u20132026), una dintre cele mai importante personalit\u0103\u021bi ale artei plastice din Bucovina.<\/p>\n<div class=\"wp-block-image\">\n<figure class=\"aligncenter size-large\"><a href=\"https:\/\/cdn.newsbucovina.ro\/wp-content\/uploads\/2026\/04\/Dumitru-Rusu.jpg\"><img loading=\"lazy\" decoding=\"async\" width=\"643\" height=\"1024\" src=\"https:\/\/cdn.newsbucovina.ro\/wp-content\/uploads\/2026\/04\/Dumitru-Rusu-643x1024.jpg\" alt class=\"wp-image-436354\"><\/a><\/figure>\n<\/div>\n<p>N\u0103scut la 6 noiembrie 1938 \u00een Ili\u0219e\u0219ti, Dumitru Rusu a absolvit Institutul de Arte Plastice din Cluj \u0219i a ales s\u0103 se \u00eentoarc\u0103 \u00een Bucovina, unde \u0219i-a dedicat \u00eentreaga via\u021b\u0103 crea\u021biei \u0219i promov\u0103rii valorilor artistice locale.<\/p>\n<p>Pictor, acuarelist \u0219i grafician de excep\u021bie, a surprins cu sensibilitate \u0219i rafinament peisajul, lumina \u0219i spiritul acestor meleaguri, transform\u00e2nd realitatea \u00eentr-un univers poetic \u00eenc\u0103rcat de emo\u021bie \u0219i lirism.<\/p>\n<p>Prin tu\u0219a sa inconfundabil\u0103 \u0219i sensibilitatea cromatic\u0103 aparte, Dumitru Rusu a devenit un veritabil ambasador al Bucovinei \u00een \u021bar\u0103 \u0219i peste hotare. A fost, de asemenea, un profesor \u0219i mentor generos, care a format genera\u021bii \u00eentregi de arti\u0219ti \u00een cadrul \u0218colii Populare de Art\u0103 \u0219i al Colegiului de Art\u0103 \u201eCiprian Porumbescu\u201d, insufl\u00e2ndu-le discipolilor dragostea pentru frumos \u0219i rigoarea crea\u021biei.<\/p>\n<p>A fondat \u00een 1970 Cenaclul Arti\u0219tilor Plastici Profesioni\u0219ti \u0219i a fost \u00eentemeietorul Filialei Uniunii Arti\u0219tilor Plastici din Suceava, fiind un organizator \u0219i promotor neobosit al vie\u021bii artistice locale timp de peste cinci decenii.<\/p>\n<p>Membru al Uniunii Arti\u0219tilor Plastici din Rom\u00e2nia, maestrul Dumitru Rusu a r\u0103mas activ \u0219i creator p\u00e2n\u0103 \u00een ultimii ani ai vie\u021bii, fidel crezului s\u0103u artistic \u0219i devotamentului fa\u021b\u0103 de Bucovina \u2013 plaiul drag al copil\u0103riei sale.<\/p>\n<p>Dispari\u021bia sa las\u0103 un gol imens at\u00e2t \u00een peisajul artistic rom\u00e2nesc, c\u00e2t \u0219i \u00een inimile colegilor, elevilor \u0219i tuturor celor care l-au cunoscut \u0219i pre\u021buit.<\/p>\n<p>Uniunea Arti\u0219tilor Plastici din Rom\u00e2nia transmite sincere condolean\u021be familiei \u00eendurerate, colegilor \u0219i tuturor celor care i-au fost aproape.<\/p>\n<p>Dumnezeu s\u0103-l odihneasc\u0103 \u00een pace!<\/p>\n<figure class=\"wp-block-embed is-type-video is-provider-youtube wp-block-embed-youtube wp-embed-aspect-16-9 wp-has-aspect-ratio\">\n<div class=\"wp-block-embed__wrapper\">\n<div class=\"youtube-embed\" data-video_id=\"Ls_QSaZQl1o\"><iframe loading=\"lazy\" title=\"Moartea p\u00e2nde\u0219te pe \u0219oseaua de centur\u0103 a Sucevei! Ziua ne iau banii cu for\u021ba, Noaptea vine namolul!\" width=\"696\" height=\"392\" src=\"https:\/\/www.youtube.com\/embed\/Ls_QSaZQl1o?feature=oembed&amp;enablejsapi=1\" frameborder allow=\"accelerometer; autoplay; clipboard-write; encrypted-media; gyroscope; picture-in-picture; web-share\" referrerpolicy=\"strict-origin-when-cross-origin\" allowfullscreen><\/iframe><\/div>\n<\/div>\n<\/figure>\n<div class=\"td-a-rec td-a-rec-id-content_bottom  tdi_4 td_block_template_1\"><strong>Intr\u0103 acum \u0219i \u00een grupul de <\/p>\n<div class=\"wp-block-button\"><a class=\"wp-block-button__link wp-element-button\" href=\"https:\/\/t.me\/+TH8wcfnp8fw5NWI0\">Telegram News Bucovina<\/a><\/div>\n<p><\/strong><\/div>\n<\/div>\n<div class=\"td-post-content tagdiv-type\">\n<div class=\"td-a-rec td-a-rec-id-content_top  tdi_3 td_block_template_1\"><strong>Intr\u0103 acum \u0219i \u00een grupul de <\/p>\n<div class=\"wp-block-button\"><a class=\"wp-block-button__link wp-element-button\" href=\"https:\/\/t.me\/+TH8wcfnp8fw5NWI0\">Telegram News Bucovina<\/a><\/div>\n<p><\/strong><\/div>\n<p>Cu profund\u0103 durere, comunitatea artistic\u0103 sucevean\u0103 a anun\u021b\u0103 trecerea la cele ve\u0219nice a maestrului <strong>Dumitru Rusu<\/strong> (1938\u20132026), una dintre cele mai importante personalit\u0103\u021bi ale artei plastice din Bucovina.<\/p>\n<div class=\"wp-block-image\">\n<figure class=\"aligncenter size-large\"><a href=\"https:\/\/cdn.newsbucovina.ro\/wp-content\/uploads\/2026\/04\/Dumitru-Rusu.jpg\"><img loading=\"lazy\" decoding=\"async\" width=\"643\" height=\"1024\" src=\"https:\/\/cdn.newsbucovina.ro\/wp-content\/uploads\/2026\/04\/Dumitru-Rusu-643x1024.jpg\" alt class=\"wp-image-436354\"><\/a><\/figure>\n<\/div>\n<p>N\u0103scut la 6 noiembrie 1938 \u00een Ili\u0219e\u0219ti, Dumitru Rusu a absolvit Institutul de Arte Plastice din Cluj \u0219i a ales s\u0103 se \u00eentoarc\u0103 \u00een Bucovina, unde \u0219i-a dedicat \u00eentreaga via\u021b\u0103 crea\u021biei \u0219i promov\u0103rii valorilor artistice locale.<\/p>\n<p>Pictor, acuarelist \u0219i grafician de excep\u021bie, a surprins cu sensibilitate \u0219i rafinament peisajul, lumina \u0219i spiritul acestor meleaguri, transform\u00e2nd realitatea \u00eentr-un univers poetic \u00eenc\u0103rcat de emo\u021bie \u0219i lirism.<\/p>\n<p>Prin tu\u0219a sa inconfundabil\u0103 \u0219i sensibilitatea cromatic\u0103 aparte, Dumitru Rusu a devenit un veritabil ambasador al Bucovinei \u00een \u021bar\u0103 \u0219i peste hotare. A fost, de asemenea, un profesor \u0219i mentor generos, care a format genera\u021bii \u00eentregi de arti\u0219ti \u00een cadrul \u0218colii Populare de Art\u0103 \u0219i al Colegiului de Art\u0103 \u201eCiprian Porumbescu\u201d, insufl\u00e2ndu-le discipolilor dragostea pentru frumos \u0219i rigoarea crea\u021biei.<\/p>\n<p>A fondat \u00een 1970 Cenaclul Arti\u0219tilor Plastici Profesioni\u0219ti \u0219i a fost \u00eentemeietorul Filialei Uniunii Arti\u0219tilor Plastici din Suceava, fiind un organizator \u0219i promotor neobosit al vie\u021bii artistice locale timp de peste cinci decenii.<\/p>\n<p>Membru al Uniunii Arti\u0219tilor Plastici din Rom\u00e2nia, maestrul Dumitru Rusu a r\u0103mas activ \u0219i creator p\u00e2n\u0103 \u00een ultimii ani ai vie\u021bii, fidel crezului s\u0103u artistic \u0219i devotamentului fa\u021b\u0103 de Bucovina \u2013 plaiul drag al copil\u0103riei sale.<\/p>\n<p>Dispari\u021bia sa las\u0103 un gol imens at\u00e2t \u00een peisajul artistic rom\u00e2nesc, c\u00e2t \u0219i \u00een inimile colegilor, elevilor \u0219i tuturor celor care l-au cunoscut \u0219i pre\u021buit.<\/p>\n<p>Uniunea Arti\u0219tilor Plastici din Rom\u00e2nia transmite sincere condolean\u021be familiei \u00eendurerate, colegilor \u0219i tuturor celor care i-au fost aproape.<\/p>\n<p>Dumnezeu s\u0103-l odihneasc\u0103 \u00een pace!<\/p>\n<figure class=\"wp-block-embed is-type-video is-provider-youtube wp-block-embed-youtube wp-embed-aspect-16-9 wp-has-aspect-ratio\">\n<div class=\"wp-block-embed__wrapper\">\n<div class=\"youtube-embed\" data-video_id=\"Ls_QSaZQl1o\"><iframe loading=\"lazy\" title=\"Moartea p\u00e2nde\u0219te pe \u0219oseaua de centur\u0103 a Sucevei! Ziua ne iau banii cu for\u021ba, Noaptea vine namolul!\" width=\"696\" height=\"392\" src=\"https:\/\/www.youtube.com\/embed\/Ls_QSaZQl1o?feature=oembed&amp;enablejsapi=1\" frameborder allow=\"accelerometer; autoplay; clipboard-write; encrypted-media; gyroscope; picture-in-picture; web-share\" referrerpolicy=\"strict-origin-when-cross-origin\" allowfullscreen><\/iframe><\/div>\n<\/div>\n<\/figure>\n<div class=\"td-a-rec td-a-rec-id-content_bottom  tdi_4 td_block_template_1\"><strong>Intr\u0103 acum \u0219i \u00een grupul de <\/p>\n<div class=\"wp-block-button\"><a class=\"wp-block-button__link wp-element-button\" href=\"https:\/\/t.me\/+TH8wcfnp8fw5NWI0\">Telegram News Bucovina<\/a><\/div>\n<p><\/strong><\/div>\n<\/div>\n<p>[analyse_source url=&#8221;https:\/\/www.newsbucovina.ro\/actualitate\/436353\/comunitatea-artistica-suceveana-deplange-trecerea-la-cele-vesnice-a-artistului-plastic-dumitru-rusu-un-pilon-al-vietii-artistice-bucovinene&#8221;]<\/p>\n","protected":false},"excerpt":{"rendered":"<p>[analyse_image type=&#8221;featured&#8221; src=&#8221;https:\/\/www.newsbucovina.ro\/wp-content\/uploads\/2026\/04\/Dumitru-Rusu-1.jpghttps:\/\/cdn.newsbucovina.ro\/wp-content\/uploads\/2026\/04\/Dumitru-Rusu-1.jpg&#8221;] Intr\u0103 acum \u0219i \u00een grupul de Telegram News Bucovina Cu profund\u0103 durere, comunitatea artistic\u0103 sucevean\u0103 a anun\u021b\u0103 trecerea la cele ve\u0219nice a maestrului Dumitru Rusu (1938\u20132026), una dintre cele mai importante personalit\u0103\u021bi ale artei plastice din Bucovina. N\u0103scut la 6 noiembrie 1938 \u00een Ili\u0219e\u0219ti, Dumitru Rusu a absolvit Institutul de Arte Plastice [&hellip;]<\/p>\n","protected":false},"author":1,"featured_media":0,"comment_status":"open","ping_status":"","sticky":false,"template":"","format":"standard","meta":{"footnotes":""},"categories":[89],"tags":[226,165],"class_list":["post-1889425","post","type-post","status-publish","format-standard","hentry","category-romania","tag-crawlmanager","tag-newsbucovina-ro"],"_links":{"self":[{"href":"https:\/\/analyse.optim.biz\/index.php?rest_route=\/wp\/v2\/posts\/1889425","targetHints":{"allow":["GET"]}}],"collection":[{"href":"https:\/\/analyse.optim.biz\/index.php?rest_route=\/wp\/v2\/posts"}],"about":[{"href":"https:\/\/analyse.optim.biz\/index.php?rest_route=\/wp\/v2\/types\/post"}],"author":[{"embeddable":true,"href":"https:\/\/analyse.optim.biz\/index.php?rest_route=\/wp\/v2\/users\/1"}],"replies":[{"embeddable":true,"href":"https:\/\/analyse.optim.biz\/index.php?rest_route=%2Fwp%2Fv2%2Fcomments&post=1889425"}],"version-history":[{"count":0,"href":"https:\/\/analyse.optim.biz\/index.php?rest_route=\/wp\/v2\/posts\/1889425\/revisions"}],"wp:attachment":[{"href":"https:\/\/analyse.optim.biz\/index.php?rest_route=%2Fwp%2Fv2%2Fmedia&parent=1889425"}],"wp:term":[{"taxonomy":"category","embeddable":true,"href":"https:\/\/analyse.optim.biz\/index.php?rest_route=%2Fwp%2Fv2%2Fcategories&post=1889425"},{"taxonomy":"post_tag","embeddable":true,"href":"https:\/\/analyse.optim.biz\/index.php?rest_route=%2Fwp%2Fv2%2Ftags&post=1889425"}],"curies":[{"name":"wp","href":"https:\/\/api.w.org\/{rel}","templated":true}]}}