{"id":1889422,"date":"2026-04-18T11:09:12","date_gmt":"2026-04-18T08:09:12","guid":{"rendered":"https:\/\/analyse.optim.biz\/?p=1889422"},"modified":"2026-04-18T11:09:12","modified_gmt":"2026-04-18T08:09:12","slug":"guvernatorul-militar-al-regiunii-cernauti-se-doreste-redeschiderea-punctelor-de-frontiera-sepit-izvoarele-sucevei-si-ruska-ulma-inchise-din-2010","status":"publish","type":"post","link":"https:\/\/analyse.optim.biz\/?p=1889422","title":{"rendered":"Guvernatorul militar al regiunii Cern\u0103u\u021bi: Se dore\u0219te redeschiderea punctelor de frontier\u0103 \u0218epit \u2013 Izvoarele Sucevei \u0219i Ruska \u2013 Ulma, \u00eenchise din 2010"},"content":{"rendered":"<p>[analyse_image type=&#8221;featured&#8221; src=&#8221;https:\/\/www.newsbucovina.ro\/wp-content\/uploads\/2026\/04\/sepit-izvoarele-sucevei.jpghttps:\/\/cdn.newsbucovina.ro\/wp-content\/uploads\/2026\/04\/sepit-izvoarele-sucevei.jpg&#8221;]<\/p>\n<div class=\"td-post-content tagdiv-type\">\n<div class=\"td-a-rec td-a-rec-id-content_top  tdi_3 td_block_template_1\"><strong>Intr\u0103 acum \u0219i \u00een grupul de <\/p>\n<div class=\"wp-block-button\"><a class=\"wp-block-button__link wp-element-button\" href=\"https:\/\/t.me\/+TH8wcfnp8fw5NWI0\">Telegram News Bucovina<\/a><\/div>\n<p><\/strong><\/div>\n<p>Guvernatorul militar al regiunii Cern\u0103u\u021bi, Ruslan Osipenko, a efectuat o vizit\u0103 de lucru \u00een comuna teritorial\u0103 Selyatynska cu centrul la Seletin, o zon\u0103 montan\u0103 din Bucovina ucrainean\u0103, subliniind poten\u021bialul natural \u0219i de infrastructur\u0103 al comunit\u0103\u021bii.<\/p>\n<p>Potrivit post\u0103rii oficiale a guvernatorului, comuna Selyatynska se remarc\u0103 prin peisaje impresionante, oameni ospitalieri \u0219i un poten\u021bial colosal care merit\u0103 valorificat. \u00cen cadrul vizitei, Ruslan Osipenko s-a \u00eent\u00e2lnit cu pre\u0219edintele comunei, Valeriy Polyanchuk, \u0219i a inspectat, al\u0103turi de conducerea Serviciului de Restaurare \u0219i Dezvoltare a Infrastructurii din regiunea Cern\u0103u\u021bi, a V\u0103mii din Cern\u0103u\u021bi \u0219i a Deta\u0219amentului 31 de Gr\u0103niceri, cele dou\u0103 puncte de trecere a frontierei cu Rom\u00e2nia: \u201e\u0218epit \u2013 Izvoarele Sucevei\u201d \u0219i \u201eRuska \u2013 Ulma\u201d.<\/p>\n<figure class=\"wp-block-gallery has-nested-images columns-default is-cropped wp-block-gallery-1 is-layout-flex wp-block-gallery-is-layout-flex\">\n<figure class=\"wp-block-image size-large\"><a href=\"https:\/\/cdn.newsbucovina.ro\/wp-content\/uploads\/2026\/04\/osipenko-1.jpg\"><img loading=\"lazy\" decoding=\"async\" width=\"1024\" height=\"576\" data-id=\"436450\" src=\"https:\/\/cdn.newsbucovina.ro\/wp-content\/uploads\/2026\/04\/osipenko-1-1024x576.jpg\" alt class=\"wp-image-436450\"><\/a><\/figure>\n<figure class=\"wp-block-image size-large\"><a href=\"https:\/\/cdn.newsbucovina.ro\/wp-content\/uploads\/2026\/04\/rusca-ulma.jpg\"><img loading=\"lazy\" decoding=\"async\" width=\"1024\" height=\"576\" data-id=\"436453\" src=\"https:\/\/cdn.newsbucovina.ro\/wp-content\/uploads\/2026\/04\/rusca-ulma-1024x576.jpg\" alt class=\"wp-image-436453\"><\/a><\/figure>\n<figure class=\"wp-block-image size-large\"><a href=\"https:\/\/cdn.newsbucovina.ro\/wp-content\/uploads\/2026\/04\/Rusca.jpg\"><img loading=\"lazy\" decoding=\"async\" width=\"1024\" height=\"576\" data-id=\"436452\" src=\"https:\/\/cdn.newsbucovina.ro\/wp-content\/uploads\/2026\/04\/Rusca-1024x576.jpg\" alt class=\"wp-image-436452\"><\/a><\/figure>\n<figure class=\"wp-block-image size-large\"><a href=\"https:\/\/cdn.newsbucovina.ro\/wp-content\/uploads\/2026\/04\/sepit-izvoarele-sucevei.jpg\"><img decoding=\"async\" loading=\"lazy\" width=\"1024\" height=\"576\" data-id=\"436451\" src=\"https:\/\/cdn.newsbucovina.ro\/wp-content\/uploads\/2026\/04\/sepit-izvoarele-sucevei-1024x576.jpg\" alt class=\"wp-image-436451\"><\/a><\/figure>\n<figure class=\"wp-block-image size-large\"><a href=\"https:\/\/cdn.newsbucovina.ro\/wp-content\/uploads\/2026\/04\/Sepit.jpg\"><img decoding=\"async\" loading=\"lazy\" width=\"1024\" height=\"576\" data-id=\"436449\" src=\"https:\/\/cdn.newsbucovina.ro\/wp-content\/uploads\/2026\/04\/Sepit-1024x576.jpg\" alt class=\"wp-image-436449\"><\/a><\/figure>\n<figure class=\"wp-block-image size-large\"><a href=\"https:\/\/cdn.newsbucovina.ro\/wp-content\/uploads\/2026\/04\/Ulma-Rusca.jpg\"><img decoding=\"async\" loading=\"lazy\" width=\"1024\" height=\"576\" data-id=\"436454\" src=\"https:\/\/cdn.newsbucovina.ro\/wp-content\/uploads\/2026\/04\/Ulma-Rusca-1024x576.jpg\" alt class=\"wp-image-436454\"><\/a><\/figure>\n<\/figure>\n<p>Cele dou\u0103 puncte de frontier\u0103 nu mai func\u021bioneaz\u0103 din anul 2010, din cauza neconformit\u0103\u021bii cu standardele europene. Reactivarea lor presupune construirea unei infrastructuri moderne de la zero, inclusiv noi puncte de trecere, drumuri de acces adecvate \u0219i facilit\u0103\u021bi logistice. Conform estim\u0103rilor preliminare, lansarea complet\u0103 a ambelor puncte, \u00eempreun\u0103 cu conexiunile rutiere, ar necesita aproximativ 1,8 miliarde de hrivne ucrainene, circa 35 de milioane de euro.<\/p>\n<p>\u00a0Aceast\u0103 sum\u0103 important\u0103 ar urma s\u0103 fie asigurat\u0103 at\u00e2t prin finan\u021bare de stat, c\u00e2t \u0219i prin sprijinul partenerilor europeni.<\/p>\n<p>\u201eCine caut\u0103 \u2013 g\u0103se\u0219te, cui bate \u2013 i se deschide. Principalul lucru nu este s\u0103 st\u0103m cu bra\u021bele \u00eencruci\u0219ate, ci s\u0103 ac\u021bion\u0103m\u201d, a transmis Ruslan Osipenko. El a subliniat c\u0103 deschiderea a dou\u0103 sau m\u0103car a unuia dintre aceste puncte ar da un impuls semnificativ dezvolt\u0103rii comunit\u0103\u021bilor montane din Bucovina \u0219i ar influen\u021ba pozitiv economia \u00eentregii regiuni.<\/p>\n<p>\u00cen timpul vizitei \u00een comunitate, guvernatorul a vizitat \u0219i Biserica Sf\u00e2ntul Ilie din satul \u0218epit \u2013 o biseric\u0103 de lemn care a rezistat celor dou\u0103 r\u0103zboaie mondiale \u0219i diferitelor epoci istorice. Osipenko a apreciat eforturile locuitorilor de a p\u0103stra cu grij\u0103 mo\u0219tenirea istoric\u0103 \u0219i cultural\u0103, consider\u00e2nd-o baza identit\u0103\u021bii locale. \u201eNu trebuie doar s\u0103 p\u0103str\u0103m trecutul, ci \u0219i s\u0103 cre\u0103m ceva nou \u2013 ceva ce vom putea l\u0103sa genera\u021biilor viitoare\u201d, a ad\u0103ugat el.<\/p>\n<figure class=\"wp-block-image size-large\"><a href=\"https:\/\/cdn.newsbucovina.ro\/wp-content\/uploads\/2026\/04\/biserica-sf-Ilie-Sepit.jpg\"><img decoding=\"async\" loading=\"lazy\" width=\"1024\" height=\"576\" src=\"https:\/\/cdn.newsbucovina.ro\/wp-content\/uploads\/2026\/04\/biserica-sf-Ilie-Sepit-1024x576.jpg\" alt class=\"wp-image-436455\"><\/a><\/figure>\n<p>Vizita guvernatorului militar subliniaz\u0103 interesul autorit\u0103\u021bilor ucrainene pentru dezvoltarea infrastructurii de frontier\u0103 cu Rom\u00e2nia, \u00een contextul eforturilor mai largi de a deschide noi puncte de trecere care s\u0103 fluidizeze traficul \u0219i s\u0103 stimuleze comer\u021bul \u0219i turismul transfrontalier \u00een zona Bucovinei.<\/p>\n<p>Redeschiderea acestor puncte ar facilita leg\u0103turile directe \u00eentre localit\u0103\u021bile din nordul \u0219i sudul Bucovinei, oferind oportunit\u0103\u021bi economice at\u00e2t pentru comunit\u0103\u021bile rom\u00e2ne\u0219ti din Suceava, c\u00e2t \u0219i pentru cele ucrainene din regiunea Cern\u0103u\u021bi, mai ales \u00een zonele montane greu accesibile.<\/p>\n<div class=\"td-a-rec td-a-rec-id-content_bottom  tdi_4 td_block_template_1\"><strong>Intr\u0103 acum \u0219i \u00een grupul de <\/p>\n<div class=\"wp-block-button\"><a class=\"wp-block-button__link wp-element-button\" href=\"https:\/\/t.me\/+TH8wcfnp8fw5NWI0\">Telegram News Bucovina<\/a><\/div>\n<p><\/strong><\/div>\n<\/div>\n<div class=\"td-post-content tagdiv-type\">\n<div class=\"td-a-rec td-a-rec-id-content_top  tdi_3 td_block_template_1\"><strong>Intr\u0103 acum \u0219i \u00een grupul de <\/p>\n<div class=\"wp-block-button\"><a class=\"wp-block-button__link wp-element-button\" href=\"https:\/\/t.me\/+TH8wcfnp8fw5NWI0\">Telegram News Bucovina<\/a><\/div>\n<p><\/strong><\/div>\n<p>Guvernatorul militar al regiunii Cern\u0103u\u021bi, Ruslan Osipenko, a efectuat o vizit\u0103 de lucru \u00een comuna teritorial\u0103 Selyatynska cu centrul la Seletin, o zon\u0103 montan\u0103 din Bucovina ucrainean\u0103, subliniind poten\u021bialul natural \u0219i de infrastructur\u0103 al comunit\u0103\u021bii.<\/p>\n<p>Potrivit post\u0103rii oficiale a guvernatorului, comuna Selyatynska se remarc\u0103 prin peisaje impresionante, oameni ospitalieri \u0219i un poten\u021bial colosal care merit\u0103 valorificat. \u00cen cadrul vizitei, Ruslan Osipenko s-a \u00eent\u00e2lnit cu pre\u0219edintele comunei, Valeriy Polyanchuk, \u0219i a inspectat, al\u0103turi de conducerea Serviciului de Restaurare \u0219i Dezvoltare a Infrastructurii din regiunea Cern\u0103u\u021bi, a V\u0103mii din Cern\u0103u\u021bi \u0219i a Deta\u0219amentului 31 de Gr\u0103niceri, cele dou\u0103 puncte de trecere a frontierei cu Rom\u00e2nia: \u201e\u0218epit \u2013 Izvoarele Sucevei\u201d \u0219i \u201eRuska \u2013 Ulma\u201d.<\/p>\n<figure class=\"wp-block-gallery has-nested-images columns-default is-cropped wp-block-gallery-1 is-layout-flex wp-block-gallery-is-layout-flex\">\n<figure class=\"wp-block-image size-large\"><a href=\"https:\/\/cdn.newsbucovina.ro\/wp-content\/uploads\/2026\/04\/osipenko-1.jpg\"><img loading=\"lazy\" decoding=\"async\" width=\"1024\" height=\"576\" data-id=\"436450\" src=\"https:\/\/cdn.newsbucovina.ro\/wp-content\/uploads\/2026\/04\/osipenko-1-1024x576.jpg\" alt class=\"wp-image-436450\"><\/a><\/figure>\n<figure class=\"wp-block-image size-large\"><a href=\"https:\/\/cdn.newsbucovina.ro\/wp-content\/uploads\/2026\/04\/rusca-ulma.jpg\"><img loading=\"lazy\" decoding=\"async\" width=\"1024\" height=\"576\" data-id=\"436453\" src=\"https:\/\/cdn.newsbucovina.ro\/wp-content\/uploads\/2026\/04\/rusca-ulma-1024x576.jpg\" alt class=\"wp-image-436453\"><\/a><\/figure>\n<figure class=\"wp-block-image size-large\"><a href=\"https:\/\/cdn.newsbucovina.ro\/wp-content\/uploads\/2026\/04\/Rusca.jpg\"><img loading=\"lazy\" decoding=\"async\" width=\"1024\" height=\"576\" data-id=\"436452\" src=\"https:\/\/cdn.newsbucovina.ro\/wp-content\/uploads\/2026\/04\/Rusca-1024x576.jpg\" alt class=\"wp-image-436452\"><\/a><\/figure>\n<figure class=\"wp-block-image size-large\"><a href=\"https:\/\/cdn.newsbucovina.ro\/wp-content\/uploads\/2026\/04\/sepit-izvoarele-sucevei.jpg\"><img decoding=\"async\" loading=\"lazy\" width=\"1024\" height=\"576\" data-id=\"436451\" src=\"https:\/\/cdn.newsbucovina.ro\/wp-content\/uploads\/2026\/04\/sepit-izvoarele-sucevei-1024x576.jpg\" alt class=\"wp-image-436451\"><\/a><\/figure>\n<figure class=\"wp-block-image size-large\"><a href=\"https:\/\/cdn.newsbucovina.ro\/wp-content\/uploads\/2026\/04\/Sepit.jpg\"><img decoding=\"async\" loading=\"lazy\" width=\"1024\" height=\"576\" data-id=\"436449\" src=\"https:\/\/cdn.newsbucovina.ro\/wp-content\/uploads\/2026\/04\/Sepit-1024x576.jpg\" alt class=\"wp-image-436449\"><\/a><\/figure>\n<figure class=\"wp-block-image size-large\"><a href=\"https:\/\/cdn.newsbucovina.ro\/wp-content\/uploads\/2026\/04\/Ulma-Rusca.jpg\"><img decoding=\"async\" loading=\"lazy\" width=\"1024\" height=\"576\" data-id=\"436454\" src=\"https:\/\/cdn.newsbucovina.ro\/wp-content\/uploads\/2026\/04\/Ulma-Rusca-1024x576.jpg\" alt class=\"wp-image-436454\"><\/a><\/figure>\n<\/figure>\n<p>Cele dou\u0103 puncte de frontier\u0103 nu mai func\u021bioneaz\u0103 din anul 2010, din cauza neconformit\u0103\u021bii cu standardele europene. Reactivarea lor presupune construirea unei infrastructuri moderne de la zero, inclusiv noi puncte de trecere, drumuri de acces adecvate \u0219i facilit\u0103\u021bi logistice. Conform estim\u0103rilor preliminare, lansarea complet\u0103 a ambelor puncte, \u00eempreun\u0103 cu conexiunile rutiere, ar necesita aproximativ 1,8 miliarde de hrivne ucrainene, circa 35 de milioane de euro.<\/p>\n<p>\u00a0Aceast\u0103 sum\u0103 important\u0103 ar urma s\u0103 fie asigurat\u0103 at\u00e2t prin finan\u021bare de stat, c\u00e2t \u0219i prin sprijinul partenerilor europeni.<\/p>\n<p>\u201eCine caut\u0103 \u2013 g\u0103se\u0219te, cui bate \u2013 i se deschide. Principalul lucru nu este s\u0103 st\u0103m cu bra\u021bele \u00eencruci\u0219ate, ci s\u0103 ac\u021bion\u0103m\u201d, a transmis Ruslan Osipenko. El a subliniat c\u0103 deschiderea a dou\u0103 sau m\u0103car a unuia dintre aceste puncte ar da un impuls semnificativ dezvolt\u0103rii comunit\u0103\u021bilor montane din Bucovina \u0219i ar influen\u021ba pozitiv economia \u00eentregii regiuni.<\/p>\n<p>\u00cen timpul vizitei \u00een comunitate, guvernatorul a vizitat \u0219i Biserica Sf\u00e2ntul Ilie din satul \u0218epit \u2013 o biseric\u0103 de lemn care a rezistat celor dou\u0103 r\u0103zboaie mondiale \u0219i diferitelor epoci istorice. Osipenko a apreciat eforturile locuitorilor de a p\u0103stra cu grij\u0103 mo\u0219tenirea istoric\u0103 \u0219i cultural\u0103, consider\u00e2nd-o baza identit\u0103\u021bii locale. \u201eNu trebuie doar s\u0103 p\u0103str\u0103m trecutul, ci \u0219i s\u0103 cre\u0103m ceva nou \u2013 ceva ce vom putea l\u0103sa genera\u021biilor viitoare\u201d, a ad\u0103ugat el.<\/p>\n<figure class=\"wp-block-image size-large\"><a href=\"https:\/\/cdn.newsbucovina.ro\/wp-content\/uploads\/2026\/04\/biserica-sf-Ilie-Sepit.jpg\"><img decoding=\"async\" loading=\"lazy\" width=\"1024\" height=\"576\" src=\"https:\/\/cdn.newsbucovina.ro\/wp-content\/uploads\/2026\/04\/biserica-sf-Ilie-Sepit-1024x576.jpg\" alt class=\"wp-image-436455\"><\/a><\/figure>\n<p>Vizita guvernatorului militar subliniaz\u0103 interesul autorit\u0103\u021bilor ucrainene pentru dezvoltarea infrastructurii de frontier\u0103 cu Rom\u00e2nia, \u00een contextul eforturilor mai largi de a deschide noi puncte de trecere care s\u0103 fluidizeze traficul \u0219i s\u0103 stimuleze comer\u021bul \u0219i turismul transfrontalier \u00een zona Bucovinei.<\/p>\n<p>Redeschiderea acestor puncte ar facilita leg\u0103turile directe \u00eentre localit\u0103\u021bile din nordul \u0219i sudul Bucovinei, oferind oportunit\u0103\u021bi economice at\u00e2t pentru comunit\u0103\u021bile rom\u00e2ne\u0219ti din Suceava, c\u00e2t \u0219i pentru cele ucrainene din regiunea Cern\u0103u\u021bi, mai ales \u00een zonele montane greu accesibile.<\/p>\n<div class=\"td-a-rec td-a-rec-id-content_bottom  tdi_4 td_block_template_1\"><strong>Intr\u0103 acum \u0219i \u00een grupul de <\/p>\n<div class=\"wp-block-button\"><a class=\"wp-block-button__link wp-element-button\" href=\"https:\/\/t.me\/+TH8wcfnp8fw5NWI0\">Telegram News Bucovina<\/a><\/div>\n<p><\/strong><\/div>\n<\/div>\n<p>[analyse_source url=&#8221;https:\/\/www.newsbucovina.ro\/actualitate\/436448\/guvernatorul-militar-al-regiunii-cernauti-se-doreste-redeschiderea-punctelor-de-frontiera-sepit-izvoarele-sucevei-si-ruska-ulma-inchise-din-2010&#8243;]<\/p>\n","protected":false},"excerpt":{"rendered":"<p>[analyse_image type=&#8221;featured&#8221; src=&#8221;https:\/\/www.newsbucovina.ro\/wp-content\/uploads\/2026\/04\/sepit-izvoarele-sucevei.jpghttps:\/\/cdn.newsbucovina.ro\/wp-content\/uploads\/2026\/04\/sepit-izvoarele-sucevei.jpg&#8221;] Intr\u0103 acum \u0219i \u00een grupul de Telegram News Bucovina Guvernatorul militar al regiunii Cern\u0103u\u021bi, Ruslan Osipenko, a efectuat o vizit\u0103 de lucru \u00een comuna teritorial\u0103 Selyatynska cu centrul la Seletin, o zon\u0103 montan\u0103 din Bucovina ucrainean\u0103, subliniind poten\u021bialul natural \u0219i de infrastructur\u0103 al comunit\u0103\u021bii. Potrivit post\u0103rii oficiale a guvernatorului, comuna Selyatynska se [&hellip;]<\/p>\n","protected":false},"author":1,"featured_media":0,"comment_status":"open","ping_status":"","sticky":false,"template":"","format":"standard","meta":{"footnotes":""},"categories":[89],"tags":[226,165],"class_list":["post-1889422","post","type-post","status-publish","format-standard","hentry","category-romania","tag-crawlmanager","tag-newsbucovina-ro"],"_links":{"self":[{"href":"https:\/\/analyse.optim.biz\/index.php?rest_route=\/wp\/v2\/posts\/1889422","targetHints":{"allow":["GET"]}}],"collection":[{"href":"https:\/\/analyse.optim.biz\/index.php?rest_route=\/wp\/v2\/posts"}],"about":[{"href":"https:\/\/analyse.optim.biz\/index.php?rest_route=\/wp\/v2\/types\/post"}],"author":[{"embeddable":true,"href":"https:\/\/analyse.optim.biz\/index.php?rest_route=\/wp\/v2\/users\/1"}],"replies":[{"embeddable":true,"href":"https:\/\/analyse.optim.biz\/index.php?rest_route=%2Fwp%2Fv2%2Fcomments&post=1889422"}],"version-history":[{"count":0,"href":"https:\/\/analyse.optim.biz\/index.php?rest_route=\/wp\/v2\/posts\/1889422\/revisions"}],"wp:attachment":[{"href":"https:\/\/analyse.optim.biz\/index.php?rest_route=%2Fwp%2Fv2%2Fmedia&parent=1889422"}],"wp:term":[{"taxonomy":"category","embeddable":true,"href":"https:\/\/analyse.optim.biz\/index.php?rest_route=%2Fwp%2Fv2%2Fcategories&post=1889422"},{"taxonomy":"post_tag","embeddable":true,"href":"https:\/\/analyse.optim.biz\/index.php?rest_route=%2Fwp%2Fv2%2Ftags&post=1889422"}],"curies":[{"name":"wp","href":"https:\/\/api.w.org\/{rel}","templated":true}]}}