{"id":1889376,"date":"2026-04-14T10:31:44","date_gmt":"2026-04-14T07:31:44","guid":{"rendered":"https:\/\/analyse.optim.biz\/?p=1889376"},"modified":"2026-04-14T10:31:44","modified_gmt":"2026-04-14T07:31:44","slug":"de-la-masa-de-paste-la-spital","status":"publish","type":"post","link":"https:\/\/analyse.optim.biz\/?p=1889376","title":{"rendered":"DE LA MASA DE PA\u0218TE, LA SPITAL"},"content":{"rendered":"<p>[analyse_image type=&#8221;featured&#8221; src=&#8221;https:\/\/newss.ro\/wp-content\/uploads\/2023\/03\/masa-de-paste.jpg&#8221;]<\/p>\n<div class=\"td-post-content\">\n<div class=\"td-post-featured-image\"><a href=\"https:\/\/newss.ro\/wp-content\/uploads\/2023\/03\/masa-de-paste.jpg\" data-caption><img loading=\"lazy\" decoding=\"async\" width=\"696\" height=\"522\" class=\"entry-thumb td-modal-image\" src=\"https:\/\/newss.ro\/wp-content\/uploads\/2023\/03\/masa-de-paste-696x522.jpg\" alt title=\"masa de paste\"><\/a><\/div>\n<p>Aglomera\u021bie mare la sec\u021bia de Primiri Urgen\u021be a Spitalului Jude\u021bean Buz\u0103u \u00een prima \u0219i a doua zi de Pa\u0219\u021be. Peste 400 de buzoieni au avut nevoie de \u00eengrijiri medicale, \u00een primele dou\u0103 zile de s\u0103rb\u0103toare. Dac\u0103 duminic\u0103, num\u0103rul prezent\u0103rilor a fost unul obi\u0219nuit pentru o zi de weekend, luni, num\u0103rul cazurilor de la UPU-SMURD a crescut considerabil.<\/p>\n<p>\u00cen mare parte, buzoienii care s-au prezentat la UPU au acuzat fie st\u0103ri de disconfort provocate de alimente, fie de alcool \u00een exces. Nu au lipsit nici victimele unor agresiuni.<\/p>\n<p>\u00cen ziua de Pa\u0219te, la Maternitatea Buz\u0103u s-a \u00eenregistrat o singur\u0103 na\u0219tere. Este vorba despre un b\u0103ie\u021bel cu greutatea 4.260 de grame, n\u0103scut prin cezarian\u0103.<\/p>\n<\/div>\n<div class=\"td-post-content\">\n<div class=\"td-post-featured-image\"><a href=\"https:\/\/newss.ro\/wp-content\/uploads\/2023\/03\/masa-de-paste.jpg\" data-caption><img loading=\"lazy\" decoding=\"async\" width=\"696\" height=\"522\" class=\"entry-thumb td-modal-image\" src=\"https:\/\/newss.ro\/wp-content\/uploads\/2023\/03\/masa-de-paste-696x522.jpg\" alt title=\"masa de paste\"><\/a><\/div>\n<p>Aglomera\u021bie mare la sec\u021bia de Primiri Urgen\u021be a Spitalului Jude\u021bean Buz\u0103u \u00een prima \u0219i a doua zi de Pa\u0219\u021be. Peste 400 de buzoieni au avut nevoie de \u00eengrijiri medicale, \u00een primele dou\u0103 zile de s\u0103rb\u0103toare. Dac\u0103 duminic\u0103, num\u0103rul prezent\u0103rilor a fost unul obi\u0219nuit pentru o zi de weekend, luni, num\u0103rul cazurilor de la UPU-SMURD a crescut considerabil.<\/p>\n<p>\u00cen mare parte, buzoienii care s-au prezentat la UPU au acuzat fie st\u0103ri de disconfort provocate de alimente, fie de alcool \u00een exces. Nu au lipsit nici victimele unor agresiuni.<\/p>\n<p>\u00cen ziua de Pa\u0219te, la Maternitatea Buz\u0103u s-a \u00eenregistrat o singur\u0103 na\u0219tere. Este vorba despre un b\u0103ie\u021bel cu greutatea 4.260 de grame, n\u0103scut prin cezarian\u0103.<\/p>\n<\/div>\n<p>[analyse_source url=&#8221;https:\/\/newss.ro\/2026\/04\/14\/de-la-masa-de-paste-la-spital\/&#8221;]<\/p>\n","protected":false},"excerpt":{"rendered":"<p>[analyse_image type=&#8221;featured&#8221; src=&#8221;https:\/\/newss.ro\/wp-content\/uploads\/2023\/03\/masa-de-paste.jpg&#8221;] Aglomera\u021bie mare la sec\u021bia de Primiri Urgen\u021be a Spitalului Jude\u021bean Buz\u0103u \u00een prima \u0219i a doua zi de Pa\u0219\u021be. Peste 400 de buzoieni au avut nevoie de \u00eengrijiri medicale, \u00een primele dou\u0103 zile de s\u0103rb\u0103toare. Dac\u0103 duminic\u0103, num\u0103rul prezent\u0103rilor a fost unul obi\u0219nuit pentru o zi de weekend, luni, num\u0103rul cazurilor de [&hellip;]<\/p>\n","protected":false},"author":1,"featured_media":0,"comment_status":"open","ping_status":"","sticky":false,"template":"","format":"standard","meta":{"footnotes":""},"categories":[2],"tags":[226,73],"class_list":["post-1889376","post","type-post","status-publish","format-standard","hentry","category-politics","tag-crawlmanager","tag-newss-ro"],"_links":{"self":[{"href":"https:\/\/analyse.optim.biz\/index.php?rest_route=\/wp\/v2\/posts\/1889376","targetHints":{"allow":["GET"]}}],"collection":[{"href":"https:\/\/analyse.optim.biz\/index.php?rest_route=\/wp\/v2\/posts"}],"about":[{"href":"https:\/\/analyse.optim.biz\/index.php?rest_route=\/wp\/v2\/types\/post"}],"author":[{"embeddable":true,"href":"https:\/\/analyse.optim.biz\/index.php?rest_route=\/wp\/v2\/users\/1"}],"replies":[{"embeddable":true,"href":"https:\/\/analyse.optim.biz\/index.php?rest_route=%2Fwp%2Fv2%2Fcomments&post=1889376"}],"version-history":[{"count":0,"href":"https:\/\/analyse.optim.biz\/index.php?rest_route=\/wp\/v2\/posts\/1889376\/revisions"}],"wp:attachment":[{"href":"https:\/\/analyse.optim.biz\/index.php?rest_route=%2Fwp%2Fv2%2Fmedia&parent=1889376"}],"wp:term":[{"taxonomy":"category","embeddable":true,"href":"https:\/\/analyse.optim.biz\/index.php?rest_route=%2Fwp%2Fv2%2Fcategories&post=1889376"},{"taxonomy":"post_tag","embeddable":true,"href":"https:\/\/analyse.optim.biz\/index.php?rest_route=%2Fwp%2Fv2%2Ftags&post=1889376"}],"curies":[{"name":"wp","href":"https:\/\/api.w.org\/{rel}","templated":true}]}}