{"id":1889157,"date":"2026-04-18T07:39:37","date_gmt":"2026-04-18T04:39:37","guid":{"rendered":"https:\/\/analyse.optim.biz\/?p=1889157"},"modified":"2026-04-18T07:39:37","modified_gmt":"2026-04-18T04:39:37","slug":"actiune-blocada-derulata-pe-raza-comunei-vama-109-persoane-legitimate-36-de-amenzi-si-trei-certificate-de-inmatriculare-retrase","status":"publish","type":"post","link":"https:\/\/analyse.optim.biz\/?p=1889157","title":{"rendered":"Ac\u021biune BLOCADA derulat\u0103 pe raza comunei Vama: 109 persoane legitimate, 36 de amenzi \u0219i trei certificate de \u00eenmatriculare retrase"},"content":{"rendered":"<p>[analyse_image type=&#8221;featured&#8221; src=&#8221;https:\/\/www.newsbucovina.ro\/wp-content\/uploads\/2026\/04\/politie-razie-2-1.jpeghttps:\/\/cdn.newsbucovina.ro\/wp-content\/uploads\/2026\/04\/politie-razie-2-1.jpeg&#8221;]<\/p>\n<div class=\"td-post-content tagdiv-type\">\n<div class=\"td-a-rec td-a-rec-id-content_top  tdi_3 td_block_template_1\"><strong>Intr\u0103 acum \u0219i \u00een grupul de <\/p>\n<div class=\"wp-block-button\"><a class=\"wp-block-button__link wp-element-button\" href=\"https:\/\/t.me\/+TH8wcfnp8fw5NWI0\">Telegram News Bucovina<\/a><\/div>\n<p><\/strong><\/div>\n<p>Poli\u021bi\u0219tii din cadrul Poli\u021biei Municipiului C\u00e2mpulung Moldovenesc au organizat vineri, 17 aprilie 2026, o ac\u021biune ampl\u0103 \u201eBLOCADA\u201d pe raza comunei Vama cu scopul de a preveni \u0219i combate faptele antisociale \u0219i de a cre\u0219te gradul de siguran\u021b\u0103 public\u0103 \u0219i rutier\u0103 \u00een zon\u0103.<\/p>\n<p>Ac\u021biunea a fost structurat\u0103 pe dou\u0103 componente distincte, desf\u0103\u0219urate \u00een intervale orare diferite. \u00cen prima parte, \u00eentre orele 07:00 \u0219i 09:00, poli\u021bi\u0219tii au ac\u021bionat \u00een special \u00een c\u0103tunele periferice ale comunei, unde au efectuat legitim\u0103ri ale persoanelor, au identificat persoanele str\u0103ine de localitate \u0219i au verificat aspecte legate de eviden\u021ba popula\u021biei \u0219i legalitatea domicilierii. \u00cen cadrul acestei etape au fost puse \u00een executare dou\u0103 mandate de aducere, iar fa\u021b\u0103 de doi b\u0103rba\u021bi implica\u021bi \u00eentr-un scandal produs pe 5 aprilie 2026, \u00een satul Str\u00e2mtura, comuna Vama, a fost dispus\u0103 m\u0103sura controlului judiciar.<\/p>\n<figure class=\"wp-block-gallery has-nested-images columns-default is-cropped wp-block-gallery-1 is-layout-flex wp-block-gallery-is-layout-flex\">\n<figure class=\"wp-block-image size-large\"><a href=\"https:\/\/cdn.newsbucovina.ro\/wp-content\/uploads\/2026\/04\/politie-razie-1-1.jpeg\"><img loading=\"lazy\" decoding=\"async\" width=\"1024\" height=\"576\" data-id=\"436436\" src=\"https:\/\/cdn.newsbucovina.ro\/wp-content\/uploads\/2026\/04\/politie-razie-1-1-1024x576.jpeg\" alt class=\"wp-image-436436\"><\/a><\/figure>\n<figure class=\"wp-block-image size-large\"><a href=\"https:\/\/cdn.newsbucovina.ro\/wp-content\/uploads\/2026\/04\/politie-razie-2-1.jpeg\"><img loading=\"lazy\" decoding=\"async\" width=\"1024\" height=\"768\" data-id=\"436430\" src=\"https:\/\/cdn.newsbucovina.ro\/wp-content\/uploads\/2026\/04\/politie-razie-2-1-1024x768.jpeg\" alt class=\"wp-image-436430\"><\/a><\/figure>\n<figure class=\"wp-block-image size-large\"><a href=\"https:\/\/cdn.newsbucovina.ro\/wp-content\/uploads\/2026\/04\/politie-razie-3-1.jpeg\"><img loading=\"lazy\" decoding=\"async\" width=\"1024\" height=\"576\" data-id=\"436432\" src=\"https:\/\/cdn.newsbucovina.ro\/wp-content\/uploads\/2026\/04\/politie-razie-3-1-1024x576.jpeg\" alt class=\"wp-image-436432\"><\/a><\/figure>\n<figure class=\"wp-block-image size-large\"><a href=\"https:\/\/cdn.newsbucovina.ro\/wp-content\/uploads\/2026\/04\/politie-razie-4-1.jpeg\"><img decoding=\"async\" loading=\"lazy\" width=\"900\" height=\"506\" data-id=\"436428\" src=\"https:\/\/cdn.newsbucovina.ro\/wp-content\/uploads\/2026\/04\/politie-razie-4-1.jpeg\" alt class=\"wp-image-436428\"><\/a><\/figure>\n<figure class=\"wp-block-image size-large\"><a href=\"https:\/\/cdn.newsbucovina.ro\/wp-content\/uploads\/2026\/04\/politie-razie-5-1.jpeg\"><img decoding=\"async\" loading=\"lazy\" width=\"1024\" height=\"576\" data-id=\"436431\" src=\"https:\/\/cdn.newsbucovina.ro\/wp-content\/uploads\/2026\/04\/politie-razie-5-1-1024x576.jpeg\" alt class=\"wp-image-436431\"><\/a><\/figure>\n<figure class=\"wp-block-image size-large\"><a href=\"https:\/\/cdn.newsbucovina.ro\/wp-content\/uploads\/2026\/04\/politie-razie-6-1.jpeg\"><img decoding=\"async\" loading=\"lazy\" width=\"1024\" height=\"576\" data-id=\"436429\" src=\"https:\/\/cdn.newsbucovina.ro\/wp-content\/uploads\/2026\/04\/politie-razie-6-1-1024x576.jpeg\" alt class=\"wp-image-436429\"><\/a><\/figure>\n<figure class=\"wp-block-image size-large\"><a href=\"https:\/\/cdn.newsbucovina.ro\/wp-content\/uploads\/2026\/04\/politie-razie-7-1.jpeg\"><img decoding=\"async\" loading=\"lazy\" width=\"1024\" height=\"576\" data-id=\"436427\" src=\"https:\/\/cdn.newsbucovina.ro\/wp-content\/uploads\/2026\/04\/politie-razie-7-1-1024x576.jpeg\" alt class=\"wp-image-436427\"><\/a><\/figure>\n<figure class=\"wp-block-image size-large\"><a href=\"https:\/\/cdn.newsbucovina.ro\/wp-content\/uploads\/2026\/04\/politie-razie-8-1.jpeg\"><img decoding=\"async\" loading=\"lazy\" width=\"1024\" height=\"576\" data-id=\"436438\" src=\"https:\/\/cdn.newsbucovina.ro\/wp-content\/uploads\/2026\/04\/politie-razie-8-1-1024x576.jpeg\" alt class=\"wp-image-436438\"><\/a><\/figure>\n<figure class=\"wp-block-image size-large\"><a href=\"https:\/\/cdn.newsbucovina.ro\/wp-content\/uploads\/2026\/04\/politie-razie-9-1.jpeg\"><img decoding=\"async\" loading=\"lazy\" width=\"1024\" height=\"576\" data-id=\"436439\" src=\"https:\/\/cdn.newsbucovina.ro\/wp-content\/uploads\/2026\/04\/politie-razie-9-1-1024x576.jpeg\" alt class=\"wp-image-436439\"><\/a><\/figure>\n<figure class=\"wp-block-image size-large\"><a href=\"https:\/\/cdn.newsbucovina.ro\/wp-content\/uploads\/2026\/04\/politie-razie-10-1.jpeg\"><img decoding=\"async\" loading=\"lazy\" width=\"1024\" height=\"576\" data-id=\"436434\" src=\"https:\/\/cdn.newsbucovina.ro\/wp-content\/uploads\/2026\/04\/politie-razie-10-1-1024x576.jpeg\" alt class=\"wp-image-436434\"><\/a><\/figure>\n<figure class=\"wp-block-image size-large\"><a href=\"https:\/\/cdn.newsbucovina.ro\/wp-content\/uploads\/2026\/04\/politie-razie-11.jpeg\"><img decoding=\"async\" loading=\"lazy\" width=\"1024\" height=\"576\" data-id=\"436435\" src=\"https:\/\/cdn.newsbucovina.ro\/wp-content\/uploads\/2026\/04\/politie-razie-11-1024x576.jpeg\" alt class=\"wp-image-436435\"><\/a><\/figure>\n<figure class=\"wp-block-image size-large\"><a href=\"https:\/\/cdn.newsbucovina.ro\/wp-content\/uploads\/2026\/04\/politie-razie-12.jpeg\"><img decoding=\"async\" loading=\"lazy\" width=\"1024\" height=\"576\" data-id=\"436437\" src=\"https:\/\/cdn.newsbucovina.ro\/wp-content\/uploads\/2026\/04\/politie-razie-12-1024x576.jpeg\" alt class=\"wp-image-436437\"><\/a><\/figure>\n<figure class=\"wp-block-image size-large\"><a href=\"https:\/\/cdn.newsbucovina.ro\/wp-content\/uploads\/2026\/04\/politie-razie-13.jpeg\"><img decoding=\"async\" loading=\"lazy\" width=\"1024\" height=\"576\" data-id=\"436433\" src=\"https:\/\/cdn.newsbucovina.ro\/wp-content\/uploads\/2026\/04\/politie-razie-13-1024x576.jpeg\" alt class=\"wp-image-436433\"><\/a><\/figure>\n<figure class=\"wp-block-image size-large\"><a href=\"https:\/\/cdn.newsbucovina.ro\/wp-content\/uploads\/2026\/04\/politie-razie-14.jpeg\"><img decoding=\"async\" loading=\"lazy\" width=\"1024\" height=\"576\" data-id=\"436440\" src=\"https:\/\/cdn.newsbucovina.ro\/wp-content\/uploads\/2026\/04\/politie-razie-14-1024x576.jpeg\" alt class=\"wp-image-436440\"><\/a><\/figure>\n<\/figure>\n<p>\u00cen cea de-a doua parte a ac\u021biunii, desf\u0103\u0219urat\u0103 \u00eentre orele 14:00 \u0219i 16:00, focusul a fost pe cre\u0219terea siguran\u021bei rutiere. Poli\u021bi\u0219tii au efectuat controale ale traficului rutier, au testat conduc\u0103torii auto pentru consumul de alcool \u0219i substan\u021be interzise \u0219i au verificat legalitatea activit\u0103\u021bilor desf\u0103\u0219urate de societ\u0103\u021bile comerciale din zon\u0103.<\/p>\n<p>La ac\u021biune au participat un efectiv de 16 poli\u021bi\u0219ti: 10 de la Sec\u021bia de Poli\u021bie Rural\u0103 nr. 14 Vama, 4 de la Compartimentul Rutier al Poli\u021biei Municipiului C\u00e2mpulung Moldovenesc \u0219i 2 de la Biroul de Investiga\u021bii Criminale al Poli\u021biei Municipiului C\u00e2mpulung Moldovenesc.<\/p>\n<p>\u00cen total, au fost legitimate 109 persoane, dintre care 6 au fost conduse la sediul poli\u021biei pentru desf\u0103\u0219urarea unor activit\u0103\u021bi procedurale specifice. Au fost oprite \u0219i verificate 102 autoturisme \u0219i au fost efectuate controale la 10 societ\u0103\u021bi comerciale.<\/p>\n<p>Ca urmare a verific\u0103rilor, poli\u021bi\u0219tii au aplicat 36 de sanc\u021biuni contraven\u021bionale, \u00een valoare total\u0103 de 14.000 de lei. De asemenea, au fost efectuate 48 de test\u0103ri cu aparatele etilotest \u0219i drugtest, iar \u00een 3 cazuri au fost retrase certificatele de \u00eenmatriculare.<\/p>\n<p>Poli\u021bia anun\u021b\u0103 c\u0103 astfel de ac\u021biuni punctuale vor continua \u0219i \u00een perioada urm\u0103toare, scopul principal fiind cre\u0219terea gradului de siguran\u021b\u0103 public\u0103 \u00een mediul stradal, \u00eembun\u0103t\u0103\u021birea siguran\u021bei rutiere \u0219i descurajarea proactiv\u0103 a oric\u0103ror comportamente ilicite sau antisociale.<\/p>\n<p>Ac\u021biunile de acest tip fac parte din strategia Inspectoratului de Poli\u021bie Jude\u021bean Suceava de a asigura un climat de ordine \u0219i siguran\u021b\u0103 public\u0103 \u00een zonele rurale \u0219i periurbane ale jude\u021bului.<\/p>\n<div class=\"td-a-rec td-a-rec-id-content_bottom  tdi_4 td_block_template_1\"><strong>Intr\u0103 acum \u0219i \u00een grupul de <\/p>\n<div class=\"wp-block-button\"><a class=\"wp-block-button__link wp-element-button\" href=\"https:\/\/t.me\/+TH8wcfnp8fw5NWI0\">Telegram News Bucovina<\/a><\/div>\n<p><\/strong><\/div>\n<\/div>\n<div class=\"td-post-content tagdiv-type\">\n<div class=\"td-a-rec td-a-rec-id-content_top  tdi_3 td_block_template_1\"><strong>Intr\u0103 acum \u0219i \u00een grupul de <\/p>\n<div class=\"wp-block-button\"><a class=\"wp-block-button__link wp-element-button\" href=\"https:\/\/t.me\/+TH8wcfnp8fw5NWI0\">Telegram News Bucovina<\/a><\/div>\n<p><\/strong><\/div>\n<p>Poli\u021bi\u0219tii din cadrul Poli\u021biei Municipiului C\u00e2mpulung Moldovenesc au organizat vineri, 17 aprilie 2026, o ac\u021biune ampl\u0103 \u201eBLOCADA\u201d pe raza comunei Vama cu scopul de a preveni \u0219i combate faptele antisociale \u0219i de a cre\u0219te gradul de siguran\u021b\u0103 public\u0103 \u0219i rutier\u0103 \u00een zon\u0103.<\/p>\n<p>Ac\u021biunea a fost structurat\u0103 pe dou\u0103 componente distincte, desf\u0103\u0219urate \u00een intervale orare diferite. \u00cen prima parte, \u00eentre orele 07:00 \u0219i 09:00, poli\u021bi\u0219tii au ac\u021bionat \u00een special \u00een c\u0103tunele periferice ale comunei, unde au efectuat legitim\u0103ri ale persoanelor, au identificat persoanele str\u0103ine de localitate \u0219i au verificat aspecte legate de eviden\u021ba popula\u021biei \u0219i legalitatea domicilierii. \u00cen cadrul acestei etape au fost puse \u00een executare dou\u0103 mandate de aducere, iar fa\u021b\u0103 de doi b\u0103rba\u021bi implica\u021bi \u00eentr-un scandal produs pe 5 aprilie 2026, \u00een satul Str\u00e2mtura, comuna Vama, a fost dispus\u0103 m\u0103sura controlului judiciar.<\/p>\n<figure class=\"wp-block-gallery has-nested-images columns-default is-cropped wp-block-gallery-1 is-layout-flex wp-block-gallery-is-layout-flex\">\n<figure class=\"wp-block-image size-large\"><a href=\"https:\/\/cdn.newsbucovina.ro\/wp-content\/uploads\/2026\/04\/politie-razie-1-1.jpeg\"><img loading=\"lazy\" decoding=\"async\" width=\"1024\" height=\"576\" data-id=\"436436\" src=\"https:\/\/cdn.newsbucovina.ro\/wp-content\/uploads\/2026\/04\/politie-razie-1-1-1024x576.jpeg\" alt class=\"wp-image-436436\"><\/a><\/figure>\n<figure class=\"wp-block-image size-large\"><a href=\"https:\/\/cdn.newsbucovina.ro\/wp-content\/uploads\/2026\/04\/politie-razie-2-1.jpeg\"><img loading=\"lazy\" decoding=\"async\" width=\"1024\" height=\"768\" data-id=\"436430\" src=\"https:\/\/cdn.newsbucovina.ro\/wp-content\/uploads\/2026\/04\/politie-razie-2-1-1024x768.jpeg\" alt class=\"wp-image-436430\"><\/a><\/figure>\n<figure class=\"wp-block-image size-large\"><a href=\"https:\/\/cdn.newsbucovina.ro\/wp-content\/uploads\/2026\/04\/politie-razie-3-1.jpeg\"><img loading=\"lazy\" decoding=\"async\" width=\"1024\" height=\"576\" data-id=\"436432\" src=\"https:\/\/cdn.newsbucovina.ro\/wp-content\/uploads\/2026\/04\/politie-razie-3-1-1024x576.jpeg\" alt class=\"wp-image-436432\"><\/a><\/figure>\n<figure class=\"wp-block-image size-large\"><a href=\"https:\/\/cdn.newsbucovina.ro\/wp-content\/uploads\/2026\/04\/politie-razie-4-1.jpeg\"><img decoding=\"async\" loading=\"lazy\" width=\"900\" height=\"506\" data-id=\"436428\" src=\"https:\/\/cdn.newsbucovina.ro\/wp-content\/uploads\/2026\/04\/politie-razie-4-1.jpeg\" alt class=\"wp-image-436428\"><\/a><\/figure>\n<figure class=\"wp-block-image size-large\"><a href=\"https:\/\/cdn.newsbucovina.ro\/wp-content\/uploads\/2026\/04\/politie-razie-5-1.jpeg\"><img decoding=\"async\" loading=\"lazy\" width=\"1024\" height=\"576\" data-id=\"436431\" src=\"https:\/\/cdn.newsbucovina.ro\/wp-content\/uploads\/2026\/04\/politie-razie-5-1-1024x576.jpeg\" alt class=\"wp-image-436431\"><\/a><\/figure>\n<figure class=\"wp-block-image size-large\"><a href=\"https:\/\/cdn.newsbucovina.ro\/wp-content\/uploads\/2026\/04\/politie-razie-6-1.jpeg\"><img decoding=\"async\" loading=\"lazy\" width=\"1024\" height=\"576\" data-id=\"436429\" src=\"https:\/\/cdn.newsbucovina.ro\/wp-content\/uploads\/2026\/04\/politie-razie-6-1-1024x576.jpeg\" alt class=\"wp-image-436429\"><\/a><\/figure>\n<figure class=\"wp-block-image size-large\"><a href=\"https:\/\/cdn.newsbucovina.ro\/wp-content\/uploads\/2026\/04\/politie-razie-7-1.jpeg\"><img decoding=\"async\" loading=\"lazy\" width=\"1024\" height=\"576\" data-id=\"436427\" src=\"https:\/\/cdn.newsbucovina.ro\/wp-content\/uploads\/2026\/04\/politie-razie-7-1-1024x576.jpeg\" alt class=\"wp-image-436427\"><\/a><\/figure>\n<figure class=\"wp-block-image size-large\"><a href=\"https:\/\/cdn.newsbucovina.ro\/wp-content\/uploads\/2026\/04\/politie-razie-8-1.jpeg\"><img decoding=\"async\" loading=\"lazy\" width=\"1024\" height=\"576\" data-id=\"436438\" src=\"https:\/\/cdn.newsbucovina.ro\/wp-content\/uploads\/2026\/04\/politie-razie-8-1-1024x576.jpeg\" alt class=\"wp-image-436438\"><\/a><\/figure>\n<figure class=\"wp-block-image size-large\"><a href=\"https:\/\/cdn.newsbucovina.ro\/wp-content\/uploads\/2026\/04\/politie-razie-9-1.jpeg\"><img decoding=\"async\" loading=\"lazy\" width=\"1024\" height=\"576\" data-id=\"436439\" src=\"https:\/\/cdn.newsbucovina.ro\/wp-content\/uploads\/2026\/04\/politie-razie-9-1-1024x576.jpeg\" alt class=\"wp-image-436439\"><\/a><\/figure>\n<figure class=\"wp-block-image size-large\"><a href=\"https:\/\/cdn.newsbucovina.ro\/wp-content\/uploads\/2026\/04\/politie-razie-10-1.jpeg\"><img decoding=\"async\" loading=\"lazy\" width=\"1024\" height=\"576\" data-id=\"436434\" src=\"https:\/\/cdn.newsbucovina.ro\/wp-content\/uploads\/2026\/04\/politie-razie-10-1-1024x576.jpeg\" alt class=\"wp-image-436434\"><\/a><\/figure>\n<figure class=\"wp-block-image size-large\"><a href=\"https:\/\/cdn.newsbucovina.ro\/wp-content\/uploads\/2026\/04\/politie-razie-11.jpeg\"><img decoding=\"async\" loading=\"lazy\" width=\"1024\" height=\"576\" data-id=\"436435\" src=\"https:\/\/cdn.newsbucovina.ro\/wp-content\/uploads\/2026\/04\/politie-razie-11-1024x576.jpeg\" alt class=\"wp-image-436435\"><\/a><\/figure>\n<figure class=\"wp-block-image size-large\"><a href=\"https:\/\/cdn.newsbucovina.ro\/wp-content\/uploads\/2026\/04\/politie-razie-12.jpeg\"><img decoding=\"async\" loading=\"lazy\" width=\"1024\" height=\"576\" data-id=\"436437\" src=\"https:\/\/cdn.newsbucovina.ro\/wp-content\/uploads\/2026\/04\/politie-razie-12-1024x576.jpeg\" alt class=\"wp-image-436437\"><\/a><\/figure>\n<figure class=\"wp-block-image size-large\"><a href=\"https:\/\/cdn.newsbucovina.ro\/wp-content\/uploads\/2026\/04\/politie-razie-13.jpeg\"><img decoding=\"async\" loading=\"lazy\" width=\"1024\" height=\"576\" data-id=\"436433\" src=\"https:\/\/cdn.newsbucovina.ro\/wp-content\/uploads\/2026\/04\/politie-razie-13-1024x576.jpeg\" alt class=\"wp-image-436433\"><\/a><\/figure>\n<figure class=\"wp-block-image size-large\"><a href=\"https:\/\/cdn.newsbucovina.ro\/wp-content\/uploads\/2026\/04\/politie-razie-14.jpeg\"><img decoding=\"async\" loading=\"lazy\" width=\"1024\" height=\"576\" data-id=\"436440\" src=\"https:\/\/cdn.newsbucovina.ro\/wp-content\/uploads\/2026\/04\/politie-razie-14-1024x576.jpeg\" alt class=\"wp-image-436440\"><\/a><\/figure>\n<\/figure>\n<p>\u00cen cea de-a doua parte a ac\u021biunii, desf\u0103\u0219urat\u0103 \u00eentre orele 14:00 \u0219i 16:00, focusul a fost pe cre\u0219terea siguran\u021bei rutiere. Poli\u021bi\u0219tii au efectuat controale ale traficului rutier, au testat conduc\u0103torii auto pentru consumul de alcool \u0219i substan\u021be interzise \u0219i au verificat legalitatea activit\u0103\u021bilor desf\u0103\u0219urate de societ\u0103\u021bile comerciale din zon\u0103.<\/p>\n<p>La ac\u021biune au participat un efectiv de 16 poli\u021bi\u0219ti: 10 de la Sec\u021bia de Poli\u021bie Rural\u0103 nr. 14 Vama, 4 de la Compartimentul Rutier al Poli\u021biei Municipiului C\u00e2mpulung Moldovenesc \u0219i 2 de la Biroul de Investiga\u021bii Criminale al Poli\u021biei Municipiului C\u00e2mpulung Moldovenesc.<\/p>\n<p>\u00cen total, au fost legitimate 109 persoane, dintre care 6 au fost conduse la sediul poli\u021biei pentru desf\u0103\u0219urarea unor activit\u0103\u021bi procedurale specifice. Au fost oprite \u0219i verificate 102 autoturisme \u0219i au fost efectuate controale la 10 societ\u0103\u021bi comerciale.<\/p>\n<p>Ca urmare a verific\u0103rilor, poli\u021bi\u0219tii au aplicat 36 de sanc\u021biuni contraven\u021bionale, \u00een valoare total\u0103 de 14.000 de lei. De asemenea, au fost efectuate 48 de test\u0103ri cu aparatele etilotest \u0219i drugtest, iar \u00een 3 cazuri au fost retrase certificatele de \u00eenmatriculare.<\/p>\n<p>Poli\u021bia anun\u021b\u0103 c\u0103 astfel de ac\u021biuni punctuale vor continua \u0219i \u00een perioada urm\u0103toare, scopul principal fiind cre\u0219terea gradului de siguran\u021b\u0103 public\u0103 \u00een mediul stradal, \u00eembun\u0103t\u0103\u021birea siguran\u021bei rutiere \u0219i descurajarea proactiv\u0103 a oric\u0103ror comportamente ilicite sau antisociale.<\/p>\n<p>Ac\u021biunile de acest tip fac parte din strategia Inspectoratului de Poli\u021bie Jude\u021bean Suceava de a asigura un climat de ordine \u0219i siguran\u021b\u0103 public\u0103 \u00een zonele rurale \u0219i periurbane ale jude\u021bului.<\/p>\n<div class=\"td-a-rec td-a-rec-id-content_bottom  tdi_4 td_block_template_1\"><strong>Intr\u0103 acum \u0219i \u00een grupul de <\/p>\n<div class=\"wp-block-button\"><a class=\"wp-block-button__link wp-element-button\" href=\"https:\/\/t.me\/+TH8wcfnp8fw5NWI0\">Telegram News Bucovina<\/a><\/div>\n<p><\/strong><\/div>\n<\/div>\n<p>[analyse_source url=&#8221;https:\/\/www.newsbucovina.ro\/actualitate\/436426\/actiune-blocada-derulata-pe-raza-comunei-vama-109-persoane-legitimate-36-de-amenzi-si-trei-certificate-de-inmatriculare-retrase&#8221;]<\/p>\n","protected":false},"excerpt":{"rendered":"<p>[analyse_image type=&#8221;featured&#8221; src=&#8221;https:\/\/www.newsbucovina.ro\/wp-content\/uploads\/2026\/04\/politie-razie-2-1.jpeghttps:\/\/cdn.newsbucovina.ro\/wp-content\/uploads\/2026\/04\/politie-razie-2-1.jpeg&#8221;] Intr\u0103 acum \u0219i \u00een grupul de Telegram News Bucovina Poli\u021bi\u0219tii din cadrul Poli\u021biei Municipiului C\u00e2mpulung Moldovenesc au organizat vineri, 17 aprilie 2026, o ac\u021biune ampl\u0103 \u201eBLOCADA\u201d pe raza comunei Vama cu scopul de a preveni \u0219i combate faptele antisociale \u0219i de a cre\u0219te gradul de siguran\u021b\u0103 public\u0103 \u0219i rutier\u0103 \u00een zon\u0103. Ac\u021biunea [&hellip;]<\/p>\n","protected":false},"author":1,"featured_media":0,"comment_status":"open","ping_status":"","sticky":false,"template":"","format":"standard","meta":{"footnotes":""},"categories":[89],"tags":[226,165],"class_list":["post-1889157","post","type-post","status-publish","format-standard","hentry","category-romania","tag-crawlmanager","tag-newsbucovina-ro"],"_links":{"self":[{"href":"https:\/\/analyse.optim.biz\/index.php?rest_route=\/wp\/v2\/posts\/1889157","targetHints":{"allow":["GET"]}}],"collection":[{"href":"https:\/\/analyse.optim.biz\/index.php?rest_route=\/wp\/v2\/posts"}],"about":[{"href":"https:\/\/analyse.optim.biz\/index.php?rest_route=\/wp\/v2\/types\/post"}],"author":[{"embeddable":true,"href":"https:\/\/analyse.optim.biz\/index.php?rest_route=\/wp\/v2\/users\/1"}],"replies":[{"embeddable":true,"href":"https:\/\/analyse.optim.biz\/index.php?rest_route=%2Fwp%2Fv2%2Fcomments&post=1889157"}],"version-history":[{"count":0,"href":"https:\/\/analyse.optim.biz\/index.php?rest_route=\/wp\/v2\/posts\/1889157\/revisions"}],"wp:attachment":[{"href":"https:\/\/analyse.optim.biz\/index.php?rest_route=%2Fwp%2Fv2%2Fmedia&parent=1889157"}],"wp:term":[{"taxonomy":"category","embeddable":true,"href":"https:\/\/analyse.optim.biz\/index.php?rest_route=%2Fwp%2Fv2%2Fcategories&post=1889157"},{"taxonomy":"post_tag","embeddable":true,"href":"https:\/\/analyse.optim.biz\/index.php?rest_route=%2Fwp%2Fv2%2Ftags&post=1889157"}],"curies":[{"name":"wp","href":"https:\/\/api.w.org\/{rel}","templated":true}]}}