{"id":1889155,"date":"2026-04-17T06:15:25","date_gmt":"2026-04-17T03:15:25","guid":{"rendered":"https:\/\/analyse.optim.biz\/?p=1889155"},"modified":"2026-04-17T06:15:25","modified_gmt":"2026-04-17T03:15:25","slug":"managerul-scju-suceava-larisa-blanari-au-fost-aprobate-cinci-noi-structuri-clinice-in-cadrul-unitatii-medicale","status":"publish","type":"post","link":"https:\/\/analyse.optim.biz\/?p=1889155","title":{"rendered":"Managerul SCJU Suceava, Larisa Blanari: Au fost aprobate cinci noi structuri clinice \u00een cadrul unit\u0103\u021bii medicale"},"content":{"rendered":"<p>[analyse_image type=&#8221;featured&#8221; src=&#8221;https:\/\/www.newsbucovina.ro\/wp-content\/uploads\/2026\/04\/IMG-20260417-WA0000-e1776406491557.jpghttps:\/\/cdn.newsbucovina.ro\/wp-content\/uploads\/2026\/04\/IMG-20260417-WA0000-e1776406491557.jpg&#8221;]<\/p>\n<div class=\"td-post-content tagdiv-type\">\n<div class=\"td-a-rec td-a-rec-id-content_top  tdi_3 td_block_template_1\"><strong>Intr\u0103 acum \u0219i \u00een grupul de <\/p>\n<div class=\"wp-block-button\"><a class=\"wp-block-button__link wp-element-button\" href=\"https:\/\/t.me\/+TH8wcfnp8fw5NWI0\">Telegram News Bucovina<\/a><\/div>\n<p><\/strong><\/div>\n<p>Managerul Spitalului Clinic Jude\u021bean de Urgen\u021b\u0103 \u201eSf\u00e2ntul Ioan cel Nou\u201d Suceava, Larisa Blanari, a anun\u021bat c\u0103 prin Ordinul Ministrului S\u0103n\u0103t\u0103\u021bii nr. 1014 din 9 aprilie 2026 au fost aprobate cinci noi structuri clinice \u00een cadrul unit\u0103\u021bii medicale.<\/p>\n<figure class=\"wp-block-image size-large\"><a href=\"https:\/\/cdn.newsbucovina.ro\/wp-content\/uploads\/2026\/04\/IMG-20260417-WA0000.jpg\"><img decoding=\"async\" src=\"https:\/\/cdn.newsbucovina.ro\/wp-content\/uploads\/2026\/04\/IMG-20260417-WA0000-1024x683.jpg\" alt class=\"wp-image-436359\"><\/a><\/figure>\n<p>Aceast\u0103 decizie reprezint\u0103 un pas important \u00een consolidarea parteneriatului cu Universitatea \u201e\u0218tefan cel Mare\u201d din Suceava \u0219i \u00een cre\u0219terea calit\u0103\u021bii actului medical prin integrarea activit\u0103\u021bii de asisten\u021b\u0103 medical\u0103 cu \u00eenv\u0103\u021b\u0103m\u00e2ntul universitar \u0219i cercetarea.<br \/>Astfel, au dob\u00e2ndit statut de sec\u021bii clinice urm\u0103toarele structuri:<br \/>Sec\u021bia ORL<br \/>Sec\u021bia Boli Infec\u021bioase<br \/>Compartimentul Dermatovenerologie<br \/>Sec\u021bia Medicin\u0103 Intern\u0103<br \/>Sec\u021bia Neurologie<br \/>Transformarea a fost posibil\u0103 pe baza solicit\u0103rilor comune ale Spitalului Clinic Jude\u021bean de Urgen\u021b\u0103 \u201eSf\u00e2ntul Ioan cel Nou\u201d Suceava \u0219i ale Universit\u0103\u021bii \u201e\u0218tefan cel Mare\u201d din Suceava, fundamentat\u0103 pe Hot\u0103r\u00e2rea Senatului USV nr. 196\/2025 \u0219i pe avizul favorabil al Ministerului Educa\u021biei. Procesul a beneficiat, de asemenea, de sus\u021binerea Consiliului Jude\u021bean Suceava, care a aprobat modificarea structurii organizatorice prin Hot\u0103r\u00e2rea nr. 217\/2025.<br \/>\u201eDob\u00e2ndirea statutului clinic pentru aceste sec\u021bii confirm\u0103 \u00eendeplinirea condi\u021biilor necesare pentru desf\u0103\u0219urarea activit\u0103\u021bilor de \u00eenv\u0103\u021b\u0103m\u00e2nt medical universitar \u0219i postuniversitar. Aceast\u0103 evolu\u021bie va permite o integrare mai bun\u0103 a activit\u0103\u021bii de cercetare cu asisten\u021ba medical\u0103, oferind viitorilor medici o baz\u0103 de preg\u0103tire solid\u0103\u201d, a declarat Larisa Blanari, managerul Spitalului Clinic Jude\u021bean de Urgen\u021b\u0103 \u201eSf\u00e2ntul Ioan cel Nou\u201d Suceava.<br \/>Prin aceast\u0103 reorganizare, Spitalul Jude\u021bean Suceava consolideaz\u0103 rolul de centru medical-academic regional, contribuind la formarea noii genera\u021bii de medici direct \u00een cadrul unit\u0103\u021bii, \u00een str\u00e2ns\u0103 leg\u0103tur\u0103 cu Facultatea de Medicin\u0103 \u0219i \u0218tiin\u021be Biologice a Universit\u0103\u021bii \u201e\u0218tefan cel Mare\u201d.<br \/>Noile sec\u021bii clinice vor facilita at\u00e2t preg\u0103tirea studen\u021bilor \u0219i reziden\u021bilor, c\u00e2t \u0219i dezvoltarea proiectelor de cercetare medical\u0103, \u00een beneficiul pacien\u021bilor din jude\u021bul Suceava \u0219i din regiune.<\/p>\n<div class=\"td-a-rec td-a-rec-id-content_bottom  tdi_4 td_block_template_1\"><strong>Intr\u0103 acum \u0219i \u00een grupul de <\/p>\n<div class=\"wp-block-button\"><a class=\"wp-block-button__link wp-element-button\" href=\"https:\/\/t.me\/+TH8wcfnp8fw5NWI0\">Telegram News Bucovina<\/a><\/div>\n<p><\/strong><\/div>\n<\/div>\n<div class=\"td-post-content tagdiv-type\">\n<div class=\"td-a-rec td-a-rec-id-content_top  tdi_3 td_block_template_1\"><strong>Intr\u0103 acum \u0219i \u00een grupul de <\/p>\n<div class=\"wp-block-button\"><a class=\"wp-block-button__link wp-element-button\" href=\"https:\/\/t.me\/+TH8wcfnp8fw5NWI0\">Telegram News Bucovina<\/a><\/div>\n<p><\/strong><\/div>\n<p>Managerul Spitalului Clinic Jude\u021bean de Urgen\u021b\u0103 \u201eSf\u00e2ntul Ioan cel Nou\u201d Suceava, Larisa Blanari, a anun\u021bat c\u0103 prin Ordinul Ministrului S\u0103n\u0103t\u0103\u021bii nr. 1014 din 9 aprilie 2026 au fost aprobate cinci noi structuri clinice \u00een cadrul unit\u0103\u021bii medicale.<\/p>\n<figure class=\"wp-block-image size-large\"><a href=\"https:\/\/cdn.newsbucovina.ro\/wp-content\/uploads\/2026\/04\/IMG-20260417-WA0000.jpg\"><img decoding=\"async\" src=\"https:\/\/cdn.newsbucovina.ro\/wp-content\/uploads\/2026\/04\/IMG-20260417-WA0000-1024x683.jpg\" alt class=\"wp-image-436359\"><\/a><\/figure>\n<p>Aceast\u0103 decizie reprezint\u0103 un pas important \u00een consolidarea parteneriatului cu Universitatea \u201e\u0218tefan cel Mare\u201d din Suceava \u0219i \u00een cre\u0219terea calit\u0103\u021bii actului medical prin integrarea activit\u0103\u021bii de asisten\u021b\u0103 medical\u0103 cu \u00eenv\u0103\u021b\u0103m\u00e2ntul universitar \u0219i cercetarea.<br \/>Astfel, au dob\u00e2ndit statut de sec\u021bii clinice urm\u0103toarele structuri:<br \/>Sec\u021bia ORL<br \/>Sec\u021bia Boli Infec\u021bioase<br \/>Compartimentul Dermatovenerologie<br \/>Sec\u021bia Medicin\u0103 Intern\u0103<br \/>Sec\u021bia Neurologie<br \/>Transformarea a fost posibil\u0103 pe baza solicit\u0103rilor comune ale Spitalului Clinic Jude\u021bean de Urgen\u021b\u0103 \u201eSf\u00e2ntul Ioan cel Nou\u201d Suceava \u0219i ale Universit\u0103\u021bii \u201e\u0218tefan cel Mare\u201d din Suceava, fundamentat\u0103 pe Hot\u0103r\u00e2rea Senatului USV nr. 196\/2025 \u0219i pe avizul favorabil al Ministerului Educa\u021biei. Procesul a beneficiat, de asemenea, de sus\u021binerea Consiliului Jude\u021bean Suceava, care a aprobat modificarea structurii organizatorice prin Hot\u0103r\u00e2rea nr. 217\/2025.<br \/>\u201eDob\u00e2ndirea statutului clinic pentru aceste sec\u021bii confirm\u0103 \u00eendeplinirea condi\u021biilor necesare pentru desf\u0103\u0219urarea activit\u0103\u021bilor de \u00eenv\u0103\u021b\u0103m\u00e2nt medical universitar \u0219i postuniversitar. Aceast\u0103 evolu\u021bie va permite o integrare mai bun\u0103 a activit\u0103\u021bii de cercetare cu asisten\u021ba medical\u0103, oferind viitorilor medici o baz\u0103 de preg\u0103tire solid\u0103\u201d, a declarat Larisa Blanari, managerul Spitalului Clinic Jude\u021bean de Urgen\u021b\u0103 \u201eSf\u00e2ntul Ioan cel Nou\u201d Suceava.<br \/>Prin aceast\u0103 reorganizare, Spitalul Jude\u021bean Suceava consolideaz\u0103 rolul de centru medical-academic regional, contribuind la formarea noii genera\u021bii de medici direct \u00een cadrul unit\u0103\u021bii, \u00een str\u00e2ns\u0103 leg\u0103tur\u0103 cu Facultatea de Medicin\u0103 \u0219i \u0218tiin\u021be Biologice a Universit\u0103\u021bii \u201e\u0218tefan cel Mare\u201d.<br \/>Noile sec\u021bii clinice vor facilita at\u00e2t preg\u0103tirea studen\u021bilor \u0219i reziden\u021bilor, c\u00e2t \u0219i dezvoltarea proiectelor de cercetare medical\u0103, \u00een beneficiul pacien\u021bilor din jude\u021bul Suceava \u0219i din regiune.<\/p>\n<div class=\"td-a-rec td-a-rec-id-content_bottom  tdi_4 td_block_template_1\"><strong>Intr\u0103 acum \u0219i \u00een grupul de <\/p>\n<div class=\"wp-block-button\"><a class=\"wp-block-button__link wp-element-button\" href=\"https:\/\/t.me\/+TH8wcfnp8fw5NWI0\">Telegram News Bucovina<\/a><\/div>\n<p><\/strong><\/div>\n<\/div>\n<p>[analyse_source url=&#8221;https:\/\/www.newsbucovina.ro\/actualitate\/436358\/managerul-scju-suceava-larisa-blanari-au-fost-aprobate-cinci-noi-structuri-clinice-in-cadrul-unitatii-medicale&#8221;]<\/p>\n","protected":false},"excerpt":{"rendered":"<p>[analyse_image type=&#8221;featured&#8221; src=&#8221;https:\/\/www.newsbucovina.ro\/wp-content\/uploads\/2026\/04\/IMG-20260417-WA0000-e1776406491557.jpghttps:\/\/cdn.newsbucovina.ro\/wp-content\/uploads\/2026\/04\/IMG-20260417-WA0000-e1776406491557.jpg&#8221;] Intr\u0103 acum \u0219i \u00een grupul de Telegram News Bucovina Managerul Spitalului Clinic Jude\u021bean de Urgen\u021b\u0103 \u201eSf\u00e2ntul Ioan cel Nou\u201d Suceava, Larisa Blanari, a anun\u021bat c\u0103 prin Ordinul Ministrului S\u0103n\u0103t\u0103\u021bii nr. 1014 din 9 aprilie 2026 au fost aprobate cinci noi structuri clinice \u00een cadrul unit\u0103\u021bii medicale. Aceast\u0103 decizie reprezint\u0103 un pas important [&hellip;]<\/p>\n","protected":false},"author":1,"featured_media":0,"comment_status":"open","ping_status":"","sticky":false,"template":"","format":"standard","meta":{"footnotes":""},"categories":[89],"tags":[226,165],"class_list":["post-1889155","post","type-post","status-publish","format-standard","hentry","category-romania","tag-crawlmanager","tag-newsbucovina-ro"],"_links":{"self":[{"href":"https:\/\/analyse.optim.biz\/index.php?rest_route=\/wp\/v2\/posts\/1889155","targetHints":{"allow":["GET"]}}],"collection":[{"href":"https:\/\/analyse.optim.biz\/index.php?rest_route=\/wp\/v2\/posts"}],"about":[{"href":"https:\/\/analyse.optim.biz\/index.php?rest_route=\/wp\/v2\/types\/post"}],"author":[{"embeddable":true,"href":"https:\/\/analyse.optim.biz\/index.php?rest_route=\/wp\/v2\/users\/1"}],"replies":[{"embeddable":true,"href":"https:\/\/analyse.optim.biz\/index.php?rest_route=%2Fwp%2Fv2%2Fcomments&post=1889155"}],"version-history":[{"count":0,"href":"https:\/\/analyse.optim.biz\/index.php?rest_route=\/wp\/v2\/posts\/1889155\/revisions"}],"wp:attachment":[{"href":"https:\/\/analyse.optim.biz\/index.php?rest_route=%2Fwp%2Fv2%2Fmedia&parent=1889155"}],"wp:term":[{"taxonomy":"category","embeddable":true,"href":"https:\/\/analyse.optim.biz\/index.php?rest_route=%2Fwp%2Fv2%2Fcategories&post=1889155"},{"taxonomy":"post_tag","embeddable":true,"href":"https:\/\/analyse.optim.biz\/index.php?rest_route=%2Fwp%2Fv2%2Ftags&post=1889155"}],"curies":[{"name":"wp","href":"https:\/\/api.w.org\/{rel}","templated":true}]}}