{"id":1889153,"date":"2026-04-18T06:07:18","date_gmt":"2026-04-18T03:07:18","guid":{"rendered":"https:\/\/analyse.optim.biz\/?p=1889153"},"modified":"2026-04-18T06:07:18","modified_gmt":"2026-04-18T03:07:18","slug":"incendiu-in-noapte-la-o-gospodarie-din-brodina-pompierii-au-intervenit-cu-sase-autospeciale-de-stingere","status":"publish","type":"post","link":"https:\/\/analyse.optim.biz\/?p=1889153","title":{"rendered":"Incendiu \u00een noapte la o gospod\u0103rie din Brodina: Pompierii au intervenit cu \u0219ase autospeciale de stingere"},"content":{"rendered":"<p>[analyse_image type=&#8221;featured&#8221; src=&#8221;https:\/\/www.newsbucovina.ro\/wp-content\/uploads\/2026\/04\/WhatsApp-Image-2026-04-18-at-09.00.02-1-1.jpeghttps:\/\/cdn.newsbucovina.ro\/wp-content\/uploads\/2026\/04\/WhatsApp-Image-2026-04-18-at-09.00.02-1-1.jpeg&#8221;]<\/p>\n<div class=\"td-post-content tagdiv-type\">\n<div class=\"td-a-rec td-a-rec-id-content_top  tdi_3 td_block_template_1\"><strong>Intr\u0103 acum \u0219i \u00een grupul de <\/p>\n<div class=\"wp-block-button\"><a class=\"wp-block-button__link wp-element-button\" href=\"https:\/\/t.me\/+TH8wcfnp8fw5NWI0\">Telegram News Bucovina<\/a><\/div>\n<p><\/strong><\/div>\n<p>Pompierii militari din cadrul G\u0103rzii de Interven\u021bie Vicovu de Sus \u0219i ai Deta\u0219amentului de Pompieri R\u0103d\u0103u\u021bi, \u00eempreun\u0103 cu lucr\u0103torii Serviciilor Voluntare pentru Situa\u021bii de Urgen\u021b\u0103 din Brodina, Straja \u0219i Bilca, au intervenit \u00een noaptea de vineri spre s\u00e2mb\u0103t\u0103 pentru localizarea \u0219i lichidarea unui incendiu izbucnit la o gospod\u0103rie din localitatea Brodina.<\/p>\n<figure class=\"wp-block-gallery has-nested-images columns-default is-cropped wp-block-gallery-1 is-layout-flex wp-block-gallery-is-layout-flex\">\n<figure class=\"wp-block-image size-large\"><a href=\"https:\/\/cdn.newsbucovina.ro\/wp-content\/uploads\/2026\/04\/WhatsApp-Image-2026-04-18-at-09.00.02-1.jpeg\"><img loading=\"lazy\" decoding=\"async\" width=\"768\" height=\"1024\" data-id=\"436421\" src=\"https:\/\/cdn.newsbucovina.ro\/wp-content\/uploads\/2026\/04\/WhatsApp-Image-2026-04-18-at-09.00.02-1-768x1024.jpeg\" alt class=\"wp-image-436421\"><\/a><\/figure>\n<figure class=\"wp-block-image size-large\"><a href=\"https:\/\/cdn.newsbucovina.ro\/wp-content\/uploads\/2026\/04\/WhatsApp-Image-2026-04-18-at-09.00.02.jpeg\"><img loading=\"lazy\" decoding=\"async\" width=\"768\" height=\"1024\" data-id=\"436423\" src=\"https:\/\/cdn.newsbucovina.ro\/wp-content\/uploads\/2026\/04\/WhatsApp-Image-2026-04-18-at-09.00.02-768x1024.jpeg\" alt class=\"wp-image-436423\"><\/a><\/figure>\n<figure class=\"wp-block-image size-large\"><a href=\"https:\/\/cdn.newsbucovina.ro\/wp-content\/uploads\/2026\/04\/WhatsApp-Image-2026-04-18-at-09.00.03.jpeg\"><img loading=\"lazy\" decoding=\"async\" width=\"768\" height=\"1024\" data-id=\"436422\" src=\"https:\/\/cdn.newsbucovina.ro\/wp-content\/uploads\/2026\/04\/WhatsApp-Image-2026-04-18-at-09.00.03-768x1024.jpeg\" alt class=\"wp-image-436422\"><\/a><\/figure>\n<\/figure>\n<p>Potrivit slt. Radu Gabriel din cadrul ISU Suceava, incendiul a fost anun\u021bat la 112 la ora 0:56, iar la sosirea echipajelor de interven\u021bie, fl\u0103c\u0103rile se manifestau generalizat la o cas\u0103 de locuit, exist\u00e2nd un risc real de propagare la o anex\u0103 aflat\u0103 \u00een imediata apropiere \u0219i la o locuin\u021b\u0103 vecin\u0103. <\/p>\n<p>For\u021bele de interven\u021bie au ac\u021bionat cu \u0219ase autospeciale de stingere cu ap\u0103 \u0219i spum\u0103, precum \u0219i cu o ambulan\u021b\u0103 SMURD tip B2.<\/p>\n<p>Incendiul a afectat \u00een totalitate casa de locuit, construit\u0103 din lemn, cu acoperi\u0219 din lemn \u0219i \u00eenvelitoare din tabl\u0103. Au ars pe o suprafa\u021b\u0103 de aproximativ 200 de metri p\u0103tra\u021bi at\u00e2t structura locuin\u021bei, c\u00e2t \u0219i bunurile din interiorul acesteia. Datorit\u0103 interven\u021biei rapide \u0219i coordonate a pompierilor, anexa \u0219i locuin\u021ba \u00eenvecinat\u0103 au fost salvate de la distrugere.<\/p>\n<p>Cauza probabil\u0103 a izbucnirii incendiului a fost de natur\u0103 electric\u0103, cel mai probabil un scurtcircuit, conform primelor evalu\u0103ri efectuate la fa\u021ba locului.<\/p>\n<p>Din fericire, nu s-au \u00eenregistrat victime omene\u0219ti \u00een urma acestui eveniment.<\/p>\n<p>La ora public\u0103rii acestei \u0219tiri pompierii militari, cu sprijinul unor utilaje, continu\u0103 opera\u021biunile de \u00eendep\u0103rtare a efectelor negative produse de incendiu \u0219i verific\u0103 minu\u021bios pentru identificarea \u0219i eliminarea eventualelor focare ascunse.<\/p>\n<div class=\"td-a-rec td-a-rec-id-content_bottom  tdi_4 td_block_template_1\"><strong>Intr\u0103 acum \u0219i \u00een grupul de <\/p>\n<div class=\"wp-block-button\"><a class=\"wp-block-button__link wp-element-button\" href=\"https:\/\/t.me\/+TH8wcfnp8fw5NWI0\">Telegram News Bucovina<\/a><\/div>\n<p><\/strong><\/div>\n<\/div>\n<div class=\"td-post-content tagdiv-type\">\n<div class=\"td-a-rec td-a-rec-id-content_top  tdi_3 td_block_template_1\"><strong>Intr\u0103 acum \u0219i \u00een grupul de <\/p>\n<div class=\"wp-block-button\"><a class=\"wp-block-button__link wp-element-button\" href=\"https:\/\/t.me\/+TH8wcfnp8fw5NWI0\">Telegram News Bucovina<\/a><\/div>\n<p><\/strong><\/div>\n<p>Pompierii militari din cadrul G\u0103rzii de Interven\u021bie Vicovu de Sus \u0219i ai Deta\u0219amentului de Pompieri R\u0103d\u0103u\u021bi, \u00eempreun\u0103 cu lucr\u0103torii Serviciilor Voluntare pentru Situa\u021bii de Urgen\u021b\u0103 din Brodina, Straja \u0219i Bilca, au intervenit \u00een noaptea de vineri spre s\u00e2mb\u0103t\u0103 pentru localizarea \u0219i lichidarea unui incendiu izbucnit la o gospod\u0103rie din localitatea Brodina.<\/p>\n<figure class=\"wp-block-gallery has-nested-images columns-default is-cropped wp-block-gallery-1 is-layout-flex wp-block-gallery-is-layout-flex\">\n<figure class=\"wp-block-image size-large\"><a href=\"https:\/\/cdn.newsbucovina.ro\/wp-content\/uploads\/2026\/04\/WhatsApp-Image-2026-04-18-at-09.00.02-1.jpeg\"><img loading=\"lazy\" decoding=\"async\" width=\"768\" height=\"1024\" data-id=\"436421\" src=\"https:\/\/cdn.newsbucovina.ro\/wp-content\/uploads\/2026\/04\/WhatsApp-Image-2026-04-18-at-09.00.02-1-768x1024.jpeg\" alt class=\"wp-image-436421\"><\/a><\/figure>\n<figure class=\"wp-block-image size-large\"><a href=\"https:\/\/cdn.newsbucovina.ro\/wp-content\/uploads\/2026\/04\/WhatsApp-Image-2026-04-18-at-09.00.02.jpeg\"><img loading=\"lazy\" decoding=\"async\" width=\"768\" height=\"1024\" data-id=\"436423\" src=\"https:\/\/cdn.newsbucovina.ro\/wp-content\/uploads\/2026\/04\/WhatsApp-Image-2026-04-18-at-09.00.02-768x1024.jpeg\" alt class=\"wp-image-436423\"><\/a><\/figure>\n<figure class=\"wp-block-image size-large\"><a href=\"https:\/\/cdn.newsbucovina.ro\/wp-content\/uploads\/2026\/04\/WhatsApp-Image-2026-04-18-at-09.00.03.jpeg\"><img loading=\"lazy\" decoding=\"async\" width=\"768\" height=\"1024\" data-id=\"436422\" src=\"https:\/\/cdn.newsbucovina.ro\/wp-content\/uploads\/2026\/04\/WhatsApp-Image-2026-04-18-at-09.00.03-768x1024.jpeg\" alt class=\"wp-image-436422\"><\/a><\/figure>\n<\/figure>\n<p>Potrivit slt. Radu Gabriel din cadrul ISU Suceava, incendiul a fost anun\u021bat la 112 la ora 0:56, iar la sosirea echipajelor de interven\u021bie, fl\u0103c\u0103rile se manifestau generalizat la o cas\u0103 de locuit, exist\u00e2nd un risc real de propagare la o anex\u0103 aflat\u0103 \u00een imediata apropiere \u0219i la o locuin\u021b\u0103 vecin\u0103. <\/p>\n<p>For\u021bele de interven\u021bie au ac\u021bionat cu \u0219ase autospeciale de stingere cu ap\u0103 \u0219i spum\u0103, precum \u0219i cu o ambulan\u021b\u0103 SMURD tip B2.<\/p>\n<p>Incendiul a afectat \u00een totalitate casa de locuit, construit\u0103 din lemn, cu acoperi\u0219 din lemn \u0219i \u00eenvelitoare din tabl\u0103. Au ars pe o suprafa\u021b\u0103 de aproximativ 200 de metri p\u0103tra\u021bi at\u00e2t structura locuin\u021bei, c\u00e2t \u0219i bunurile din interiorul acesteia. Datorit\u0103 interven\u021biei rapide \u0219i coordonate a pompierilor, anexa \u0219i locuin\u021ba \u00eenvecinat\u0103 au fost salvate de la distrugere.<\/p>\n<p>Cauza probabil\u0103 a izbucnirii incendiului a fost de natur\u0103 electric\u0103, cel mai probabil un scurtcircuit, conform primelor evalu\u0103ri efectuate la fa\u021ba locului.<\/p>\n<p>Din fericire, nu s-au \u00eenregistrat victime omene\u0219ti \u00een urma acestui eveniment.<\/p>\n<p>La ora public\u0103rii acestei \u0219tiri pompierii militari, cu sprijinul unor utilaje, continu\u0103 opera\u021biunile de \u00eendep\u0103rtare a efectelor negative produse de incendiu \u0219i verific\u0103 minu\u021bios pentru identificarea \u0219i eliminarea eventualelor focare ascunse.<\/p>\n<div class=\"td-a-rec td-a-rec-id-content_bottom  tdi_4 td_block_template_1\"><strong>Intr\u0103 acum \u0219i \u00een grupul de <\/p>\n<div class=\"wp-block-button\"><a class=\"wp-block-button__link wp-element-button\" href=\"https:\/\/t.me\/+TH8wcfnp8fw5NWI0\">Telegram News Bucovina<\/a><\/div>\n<p><\/strong><\/div>\n<\/div>\n<p>[analyse_source url=&#8221;https:\/\/www.newsbucovina.ro\/actualitate\/436420\/incendiu-in-noapte-la-o-gospodarie-din-brodina-pompierii-au-intervenit-cu-sase-autospeciale-de-stingere&#8221;]<\/p>\n","protected":false},"excerpt":{"rendered":"<p>[analyse_image type=&#8221;featured&#8221; src=&#8221;https:\/\/www.newsbucovina.ro\/wp-content\/uploads\/2026\/04\/WhatsApp-Image-2026-04-18-at-09.00.02-1-1.jpeghttps:\/\/cdn.newsbucovina.ro\/wp-content\/uploads\/2026\/04\/WhatsApp-Image-2026-04-18-at-09.00.02-1-1.jpeg&#8221;] Intr\u0103 acum \u0219i \u00een grupul de Telegram News Bucovina Pompierii militari din cadrul G\u0103rzii de Interven\u021bie Vicovu de Sus \u0219i ai Deta\u0219amentului de Pompieri R\u0103d\u0103u\u021bi, \u00eempreun\u0103 cu lucr\u0103torii Serviciilor Voluntare pentru Situa\u021bii de Urgen\u021b\u0103 din Brodina, Straja \u0219i Bilca, au intervenit \u00een noaptea de vineri spre s\u00e2mb\u0103t\u0103 pentru localizarea \u0219i lichidarea unui [&hellip;]<\/p>\n","protected":false},"author":1,"featured_media":0,"comment_status":"open","ping_status":"","sticky":false,"template":"","format":"standard","meta":{"footnotes":""},"categories":[89],"tags":[226,165],"class_list":["post-1889153","post","type-post","status-publish","format-standard","hentry","category-romania","tag-crawlmanager","tag-newsbucovina-ro"],"_links":{"self":[{"href":"https:\/\/analyse.optim.biz\/index.php?rest_route=\/wp\/v2\/posts\/1889153","targetHints":{"allow":["GET"]}}],"collection":[{"href":"https:\/\/analyse.optim.biz\/index.php?rest_route=\/wp\/v2\/posts"}],"about":[{"href":"https:\/\/analyse.optim.biz\/index.php?rest_route=\/wp\/v2\/types\/post"}],"author":[{"embeddable":true,"href":"https:\/\/analyse.optim.biz\/index.php?rest_route=\/wp\/v2\/users\/1"}],"replies":[{"embeddable":true,"href":"https:\/\/analyse.optim.biz\/index.php?rest_route=%2Fwp%2Fv2%2Fcomments&post=1889153"}],"version-history":[{"count":0,"href":"https:\/\/analyse.optim.biz\/index.php?rest_route=\/wp\/v2\/posts\/1889153\/revisions"}],"wp:attachment":[{"href":"https:\/\/analyse.optim.biz\/index.php?rest_route=%2Fwp%2Fv2%2Fmedia&parent=1889153"}],"wp:term":[{"taxonomy":"category","embeddable":true,"href":"https:\/\/analyse.optim.biz\/index.php?rest_route=%2Fwp%2Fv2%2Fcategories&post=1889153"},{"taxonomy":"post_tag","embeddable":true,"href":"https:\/\/analyse.optim.biz\/index.php?rest_route=%2Fwp%2Fv2%2Ftags&post=1889153"}],"curies":[{"name":"wp","href":"https:\/\/api.w.org\/{rel}","templated":true}]}}