{"id":1889151,"date":"2026-04-17T18:03:43","date_gmt":"2026-04-17T15:03:43","guid":{"rendered":"https:\/\/analyse.optim.biz\/?p=1889151"},"modified":"2026-04-17T18:03:43","modified_gmt":"2026-04-17T15:03:43","slug":"usv-suceava-s-a-calificat-in-finala-campionatului-national-universitar-de-handbal-masculin-si-va-juca-pentru-titlu-cu-universitatea-din-pitesti","status":"publish","type":"post","link":"https:\/\/analyse.optim.biz\/?p=1889151","title":{"rendered":"USV Suceava s-a calificat \u00een finala Campionatului Na\u021bional Universitar de handbal masculin \u0219i va juca pentru titlu cu Universitatea din Pite\u0219ti"},"content":{"rendered":"<p>[analyse_image type=&#8221;featured&#8221; src=&#8221;https:\/\/www.newsbucovina.ro\/wp-content\/uploads\/2026\/04\/WhatsApp-Image-2026-04-17-at-20.57.27-1.jpeghttps:\/\/cdn.newsbucovina.ro\/wp-content\/uploads\/2026\/04\/WhatsApp-Image-2026-04-17-at-20.57.27-1.jpeg&#8221;]<\/p>\n<div class=\"td-post-content tagdiv-type\">\n<div class=\"td-a-rec td-a-rec-id-content_top  tdi_3 td_block_template_1\"><strong>Intr\u0103 acum \u0219i \u00een grupul de <\/p>\n<div class=\"wp-block-button\"><a class=\"wp-block-button__link wp-element-button\" href=\"https:\/\/t.me\/+TH8wcfnp8fw5NWI0\">Telegram News Bucovina<\/a><\/div>\n<p><\/strong><\/div>\n<p>Echipa de handbal masculin a Universit\u0103\u021bii \u201e\u0218tefan cel Mare\u201d din Suceava \u0219i-a atins primul obiectiv important al competi\u021biei. \u201eStuden\u021bii\u201d antrena\u021bi de <strong>R\u0103zvan Gavriloaia<\/strong> \u0219i <strong>Bogdan \u0218old\u0103nescu<\/strong> au terminat grupa pe primul loc, cu maximum de puncte, \u0219i s-au calificat \u00een finala Campionatului Na\u021bional Universitar.<\/p>\n<figure class=\"wp-block-image size-large\"><a href=\"https:\/\/cdn.newsbucovina.ro\/wp-content\/uploads\/2026\/04\/WhatsApp-Image-2026-04-17-at-20.57.27.jpeg\"><img loading=\"lazy\" decoding=\"async\" width=\"1024\" height=\"768\" src=\"https:\/\/cdn.newsbucovina.ro\/wp-content\/uploads\/2026\/04\/WhatsApp-Image-2026-04-17-at-20.57.27-1024x768.jpeg\" alt class=\"wp-image-436417\"><\/a><\/figure>\n<p>Sucevenii vor disputa trofeul na\u021bional s\u00e2mb\u0103t\u0103, 18 aprilie, cu <strong>Universitatea Na\u021bional\u0103 de \u0218tiin\u021b\u0103 \u0219i Tehnologie Politehnica Bucure\u0219ti \u2013 Centrul Universitar Pite\u0219ti<\/strong>. C\u00e2\u0219tig\u0103toarea finalei va reprezenta Rom\u00e2nia la Jocurile Europene Universitare 2026, care se vor desf\u0103\u0219ura la Salerno (Italia), \u00een perioada 18 iulie \u2013 1 august 2026.<\/p>\n<p>Finala \u0219i festivitatea de premiere vor putea fi urm\u0103rite \u00een direct pe canalul oficial de YouTube al CSU Suceava, \u00eencep\u00e2nd cu ora <strong>11:30<\/strong>.<\/p>\n<p>Campionatul Na\u021bional Universitar, g\u0103zduit de Suceava, reune\u0219te opt forma\u021bii puternice: Universitatea \u201e\u0218tefan cel Mare\u201d Suceava, Universitatea Politehnica Bucure\u0219ti \u2013 Centrul Universitar Pite\u0219ti, Academia For\u021belor Aeriene \u201eHenri Coand\u0103\u201d Bra\u0219ov, Universitatea \u201eDun\u0103rea de Jos\u201d Gala\u021bi, Universitatea \u201eVasile Alecsandri\u201d Bac\u0103u, UNEFS Bucure\u0219ti, Universitatea Tehnic\u0103 de Construc\u021bii Bucure\u0219ti \u0219i Universitatea Tehnic\u0103 \u201eGheorghe Asachi\u201d Ia\u0219i.<\/p>\n<p><strong>Rezultatele din Grupa A (\u00een care a evoluat USV Suceava):<\/strong><\/p>\n<ul class=\"wp-block-list\">\n<li>Bra\u0219ov \u2013 Construc\u021bii Bucure\u0219ti: 23-28<\/li>\n<li>USV Suceava \u2013 Ia\u0219i: 36-20<\/li>\n<li>Ia\u0219i \u2013 Construc\u021bii Bucure\u0219ti: 27-16<\/li>\n<li>USV Suceava \u2013 Bra\u0219ov: 52-19<\/li>\n<li>Ia\u0219i \u2013 Bra\u0219ov: 29-14<\/li>\n<li>USV Suceava \u2013 Construc\u021bii Bucure\u0219ti: 29-16<\/li>\n<\/ul>\n<p><strong>Clasament final Grupa A:<\/strong><\/p>\n<ol start=\"1\" class=\"wp-block-list\">\n<li><strong>USV Suceava<\/strong> \u2013 6 puncte (3 jocuri)<\/li>\n<li>Ia\u0219i \u2013 4 puncte<\/li>\n<li>Construc\u021bii Bucure\u0219ti \u2013 2 puncte<\/li>\n<li>Bra\u0219ov \u2013 0 puncte<\/li>\n<\/ol>\n<p><strong>Programul meciurilor de s\u00e2mb\u0103t\u0103, 18 aprilie 2026:<\/strong><\/p>\n<ul class=\"wp-block-list\">\n<li>Ora 08:00 (Locurile 7-8): Bra\u0219ov \u2013 Bac\u0103u (Sala \u201eIon Creang\u0103\u201d)<\/li>\n<li>Ora 09:30 (Locurile 5-6): Construc\u021bii Bucure\u0219ti \u2013 Gala\u021bi (Sala \u201eIon Creang\u0103\u201d)<\/li>\n<li>Ora 09:30 (Locurile 3-4): Ia\u0219i \u2013 UNEFS Bucure\u0219ti (Sala LPS)<\/li>\n<li>Ora <strong>11:30<\/strong> (Finala mare): <strong>USV Suceava \u2013 Pite\u0219ti<\/strong> (Sala LPS)<\/li>\n<li>Ora 13:10 \u2013 Festivitatea de premiere (Sala LPS)<\/li>\n<\/ul>\n<p>USV Suceava, campioan\u0103 en-titre \u0219i de\u021bin\u0103toare a unui palmares impresionant la nivel universitar european (patru titluri continentale \u0219i un loc 2 \u00een 2025), are toate premisele s\u0103 ofere un spectacol de calitate \u00een lupta pentru al nou\u0103lea titlu na\u021bional universitar.<\/p>\n<div class=\"td-a-rec td-a-rec-id-content_bottom  tdi_4 td_block_template_1\"><strong>Intr\u0103 acum \u0219i \u00een grupul de <\/p>\n<div class=\"wp-block-button\"><a class=\"wp-block-button__link wp-element-button\" href=\"https:\/\/t.me\/+TH8wcfnp8fw5NWI0\">Telegram News Bucovina<\/a><\/div>\n<p><\/strong><\/div>\n<\/div>\n<div class=\"td-post-content tagdiv-type\">\n<div class=\"td-a-rec td-a-rec-id-content_top  tdi_3 td_block_template_1\"><strong>Intr\u0103 acum \u0219i \u00een grupul de <\/p>\n<div class=\"wp-block-button\"><a class=\"wp-block-button__link wp-element-button\" href=\"https:\/\/t.me\/+TH8wcfnp8fw5NWI0\">Telegram News Bucovina<\/a><\/div>\n<p><\/strong><\/div>\n<p>Echipa de handbal masculin a Universit\u0103\u021bii \u201e\u0218tefan cel Mare\u201d din Suceava \u0219i-a atins primul obiectiv important al competi\u021biei. \u201eStuden\u021bii\u201d antrena\u021bi de <strong>R\u0103zvan Gavriloaia<\/strong> \u0219i <strong>Bogdan \u0218old\u0103nescu<\/strong> au terminat grupa pe primul loc, cu maximum de puncte, \u0219i s-au calificat \u00een finala Campionatului Na\u021bional Universitar.<\/p>\n<figure class=\"wp-block-image size-large\"><a href=\"https:\/\/cdn.newsbucovina.ro\/wp-content\/uploads\/2026\/04\/WhatsApp-Image-2026-04-17-at-20.57.27.jpeg\"><img loading=\"lazy\" decoding=\"async\" width=\"1024\" height=\"768\" src=\"https:\/\/cdn.newsbucovina.ro\/wp-content\/uploads\/2026\/04\/WhatsApp-Image-2026-04-17-at-20.57.27-1024x768.jpeg\" alt class=\"wp-image-436417\"><\/a><\/figure>\n<p>Sucevenii vor disputa trofeul na\u021bional s\u00e2mb\u0103t\u0103, 18 aprilie, cu <strong>Universitatea Na\u021bional\u0103 de \u0218tiin\u021b\u0103 \u0219i Tehnologie Politehnica Bucure\u0219ti \u2013 Centrul Universitar Pite\u0219ti<\/strong>. C\u00e2\u0219tig\u0103toarea finalei va reprezenta Rom\u00e2nia la Jocurile Europene Universitare 2026, care se vor desf\u0103\u0219ura la Salerno (Italia), \u00een perioada 18 iulie \u2013 1 august 2026.<\/p>\n<p>Finala \u0219i festivitatea de premiere vor putea fi urm\u0103rite \u00een direct pe canalul oficial de YouTube al CSU Suceava, \u00eencep\u00e2nd cu ora <strong>11:30<\/strong>.<\/p>\n<p>Campionatul Na\u021bional Universitar, g\u0103zduit de Suceava, reune\u0219te opt forma\u021bii puternice: Universitatea \u201e\u0218tefan cel Mare\u201d Suceava, Universitatea Politehnica Bucure\u0219ti \u2013 Centrul Universitar Pite\u0219ti, Academia For\u021belor Aeriene \u201eHenri Coand\u0103\u201d Bra\u0219ov, Universitatea \u201eDun\u0103rea de Jos\u201d Gala\u021bi, Universitatea \u201eVasile Alecsandri\u201d Bac\u0103u, UNEFS Bucure\u0219ti, Universitatea Tehnic\u0103 de Construc\u021bii Bucure\u0219ti \u0219i Universitatea Tehnic\u0103 \u201eGheorghe Asachi\u201d Ia\u0219i.<\/p>\n<p><strong>Rezultatele din Grupa A (\u00een care a evoluat USV Suceava):<\/strong><\/p>\n<ul class=\"wp-block-list\">\n<li>Bra\u0219ov \u2013 Construc\u021bii Bucure\u0219ti: 23-28<\/li>\n<li>USV Suceava \u2013 Ia\u0219i: 36-20<\/li>\n<li>Ia\u0219i \u2013 Construc\u021bii Bucure\u0219ti: 27-16<\/li>\n<li>USV Suceava \u2013 Bra\u0219ov: 52-19<\/li>\n<li>Ia\u0219i \u2013 Bra\u0219ov: 29-14<\/li>\n<li>USV Suceava \u2013 Construc\u021bii Bucure\u0219ti: 29-16<\/li>\n<\/ul>\n<p><strong>Clasament final Grupa A:<\/strong><\/p>\n<ol start=\"1\" class=\"wp-block-list\">\n<li><strong>USV Suceava<\/strong> \u2013 6 puncte (3 jocuri)<\/li>\n<li>Ia\u0219i \u2013 4 puncte<\/li>\n<li>Construc\u021bii Bucure\u0219ti \u2013 2 puncte<\/li>\n<li>Bra\u0219ov \u2013 0 puncte<\/li>\n<\/ol>\n<p><strong>Programul meciurilor de s\u00e2mb\u0103t\u0103, 18 aprilie 2026:<\/strong><\/p>\n<ul class=\"wp-block-list\">\n<li>Ora 08:00 (Locurile 7-8): Bra\u0219ov \u2013 Bac\u0103u (Sala \u201eIon Creang\u0103\u201d)<\/li>\n<li>Ora 09:30 (Locurile 5-6): Construc\u021bii Bucure\u0219ti \u2013 Gala\u021bi (Sala \u201eIon Creang\u0103\u201d)<\/li>\n<li>Ora 09:30 (Locurile 3-4): Ia\u0219i \u2013 UNEFS Bucure\u0219ti (Sala LPS)<\/li>\n<li>Ora <strong>11:30<\/strong> (Finala mare): <strong>USV Suceava \u2013 Pite\u0219ti<\/strong> (Sala LPS)<\/li>\n<li>Ora 13:10 \u2013 Festivitatea de premiere (Sala LPS)<\/li>\n<\/ul>\n<p>USV Suceava, campioan\u0103 en-titre \u0219i de\u021bin\u0103toare a unui palmares impresionant la nivel universitar european (patru titluri continentale \u0219i un loc 2 \u00een 2025), are toate premisele s\u0103 ofere un spectacol de calitate \u00een lupta pentru al nou\u0103lea titlu na\u021bional universitar.<\/p>\n<div class=\"td-a-rec td-a-rec-id-content_bottom  tdi_4 td_block_template_1\"><strong>Intr\u0103 acum \u0219i \u00een grupul de <\/p>\n<div class=\"wp-block-button\"><a class=\"wp-block-button__link wp-element-button\" href=\"https:\/\/t.me\/+TH8wcfnp8fw5NWI0\">Telegram News Bucovina<\/a><\/div>\n<p><\/strong><\/div>\n<\/div>\n<p>[analyse_source url=&#8221;https:\/\/www.newsbucovina.ro\/actualitate\/436416\/usv-suceava-s-a-calificat-in-finala-campionatului-national-universitar-de-handbal-masculin-si-va-juca-pentru-titlu-cu-universitatea-din-pitesti&#8221;]<\/p>\n","protected":false},"excerpt":{"rendered":"<p>[analyse_image type=&#8221;featured&#8221; src=&#8221;https:\/\/www.newsbucovina.ro\/wp-content\/uploads\/2026\/04\/WhatsApp-Image-2026-04-17-at-20.57.27-1.jpeghttps:\/\/cdn.newsbucovina.ro\/wp-content\/uploads\/2026\/04\/WhatsApp-Image-2026-04-17-at-20.57.27-1.jpeg&#8221;] Intr\u0103 acum \u0219i \u00een grupul de Telegram News Bucovina Echipa de handbal masculin a Universit\u0103\u021bii \u201e\u0218tefan cel Mare\u201d din Suceava \u0219i-a atins primul obiectiv important al competi\u021biei. \u201eStuden\u021bii\u201d antrena\u021bi de R\u0103zvan Gavriloaia \u0219i Bogdan \u0218old\u0103nescu au terminat grupa pe primul loc, cu maximum de puncte, \u0219i s-au calificat \u00een finala Campionatului Na\u021bional [&hellip;]<\/p>\n","protected":false},"author":1,"featured_media":0,"comment_status":"open","ping_status":"","sticky":false,"template":"","format":"standard","meta":{"footnotes":""},"categories":[89],"tags":[226,165],"class_list":["post-1889151","post","type-post","status-publish","format-standard","hentry","category-romania","tag-crawlmanager","tag-newsbucovina-ro"],"_links":{"self":[{"href":"https:\/\/analyse.optim.biz\/index.php?rest_route=\/wp\/v2\/posts\/1889151","targetHints":{"allow":["GET"]}}],"collection":[{"href":"https:\/\/analyse.optim.biz\/index.php?rest_route=\/wp\/v2\/posts"}],"about":[{"href":"https:\/\/analyse.optim.biz\/index.php?rest_route=\/wp\/v2\/types\/post"}],"author":[{"embeddable":true,"href":"https:\/\/analyse.optim.biz\/index.php?rest_route=\/wp\/v2\/users\/1"}],"replies":[{"embeddable":true,"href":"https:\/\/analyse.optim.biz\/index.php?rest_route=%2Fwp%2Fv2%2Fcomments&post=1889151"}],"version-history":[{"count":0,"href":"https:\/\/analyse.optim.biz\/index.php?rest_route=\/wp\/v2\/posts\/1889151\/revisions"}],"wp:attachment":[{"href":"https:\/\/analyse.optim.biz\/index.php?rest_route=%2Fwp%2Fv2%2Fmedia&parent=1889151"}],"wp:term":[{"taxonomy":"category","embeddable":true,"href":"https:\/\/analyse.optim.biz\/index.php?rest_route=%2Fwp%2Fv2%2Fcategories&post=1889151"},{"taxonomy":"post_tag","embeddable":true,"href":"https:\/\/analyse.optim.biz\/index.php?rest_route=%2Fwp%2Fv2%2Ftags&post=1889151"}],"curies":[{"name":"wp","href":"https:\/\/api.w.org\/{rel}","templated":true}]}}