{"id":1889149,"date":"2026-04-17T12:57:59","date_gmt":"2026-04-17T09:57:59","guid":{"rendered":"https:\/\/analyse.optim.biz\/?p=1889149"},"modified":"2026-04-17T12:57:59","modified_gmt":"2026-04-17T09:57:59","slug":"incendiu-la-o-casa-de-locuit-in-localitatea-baia-pompierii-au-intervenit-cu-trei-autospeciale-pentru-limitarea-propagarii-flacarilor-si-lichidarea-focului","status":"publish","type":"post","link":"https:\/\/analyse.optim.biz\/?p=1889149","title":{"rendered":"Incendiu la o cas\u0103 de locuit \u00een localitatea Baia. Pompierii au intervenit cu trei autospeciale pentru limitarea propag\u0103rii fl\u0103c\u0103rilor \u0219i lichidarea focului"},"content":{"rendered":"<p>[analyse_image type=&#8221;featured&#8221; src=&#8221;https:\/\/www.newsbucovina.ro\/wp-content\/uploads\/2026\/04\/pompier-3.jpeghttps:\/\/cdn.newsbucovina.ro\/wp-content\/uploads\/2026\/04\/pompier-3.jpeg&#8221;]<\/p>\n<div class=\"td-post-content tagdiv-type\">\n<div class=\"td-a-rec td-a-rec-id-content_top  tdi_3 td_block_template_1\"><strong>Intr\u0103 acum \u0219i \u00een grupul de <\/p>\n<div class=\"wp-block-button\"><a class=\"wp-block-button__link wp-element-button\" href=\"https:\/\/t.me\/+TH8wcfnp8fw5NWI0\">Telegram News Bucovina<\/a><\/div>\n<p><\/strong><\/div>\n<p>Un incendiu a izbucnit vineri, 17 aprilie 2026, la o cas\u0103 de locuit din localitatea Baia.<\/p>\n<figure class=\"wp-block-gallery has-nested-images columns-default is-cropped wp-block-gallery-1 is-layout-flex wp-block-gallery-is-layout-flex\">\n<figure class=\"wp-block-image size-large\"><a href=\"https:\/\/cdn.newsbucovina.ro\/wp-content\/uploads\/2026\/04\/pompier-1.jpeg\"><img loading=\"lazy\" decoding=\"async\" width=\"1024\" height=\"576\" data-id=\"436403\" src=\"https:\/\/cdn.newsbucovina.ro\/wp-content\/uploads\/2026\/04\/pompier-1-1024x576.jpeg\" alt class=\"wp-image-436403\"><\/a><\/figure>\n<figure class=\"wp-block-image size-large\"><a href=\"https:\/\/cdn.newsbucovina.ro\/wp-content\/uploads\/2026\/04\/pompier-2.jpeg\"><img loading=\"lazy\" decoding=\"async\" width=\"1024\" height=\"576\" data-id=\"436406\" src=\"https:\/\/cdn.newsbucovina.ro\/wp-content\/uploads\/2026\/04\/pompier-2-1024x576.jpeg\" alt class=\"wp-image-436406\"><\/a><\/figure>\n<figure class=\"wp-block-image size-large\"><a href=\"https:\/\/cdn.newsbucovina.ro\/wp-content\/uploads\/2026\/04\/pompier-3.jpeg\"><img loading=\"lazy\" decoding=\"async\" width=\"1024\" height=\"576\" data-id=\"436405\" src=\"https:\/\/cdn.newsbucovina.ro\/wp-content\/uploads\/2026\/04\/pompier-3-1024x576.jpeg\" alt class=\"wp-image-436405\"><\/a><\/figure>\n<figure class=\"wp-block-image size-large\"><a href=\"https:\/\/cdn.newsbucovina.ro\/wp-content\/uploads\/2026\/04\/pompier-4.jpeg\"><img decoding=\"async\" loading=\"lazy\" width=\"1024\" height=\"576\" data-id=\"436404\" src=\"https:\/\/cdn.newsbucovina.ro\/wp-content\/uploads\/2026\/04\/pompier-4-1024x576.jpeg\" alt class=\"wp-image-436404\"><\/a><\/figure>\n<\/figure>\n<p>Potrivit slt. Radu Gabriel din cadrul ISU Suceava, pompierii militari din cadrul Deta\u0219amentului F\u0103lticeni, \u00eempreun\u0103 cu voluntarii Serviciului Voluntar pentru Situa\u021bii de Urgen\u021b\u0103 Baia, au intervenit cu <strong>trei autospeciale de stingere<\/strong> pentru localizarea \u0219i lichidarea focului.<\/p>\n<p>La sosirea echipajelor de pompieri incendiul se manifesta generalizat la parterul casei de locuit, exist\u00e2nd un pericol real de propagare la o anex\u0103 corp comun \u0219i la alte construc\u021bii \u00eenvecinate.<\/p>\n<p>\u00cen incendiu au ars bunuri din interiorul locuin\u021bei pe o suprafa\u021b\u0103 de aproximativ <strong>50 de metri p\u0103tra\u021bi<\/strong>, iar pere\u021bii portan\u021bi \u0219i acoperi\u0219ul casei au fost degradate.<\/p>\n<p>Cauza probabil\u0103 a incendiului a fost <strong>jar sau sc\u00e2ntei c\u0103zute din sob\u0103<\/strong>.<\/p>\n<p>Din fericire, nu s-au \u00eenregistrat victime. Pompierii au reu\u0219it s\u0103 localizeze \u0219i s\u0103 sting\u0103 incendiul la timp, salv\u00e2nd anexa corp comun \u0219i construc\u021biile \u00eenvecinate de la distrugere.<\/p>\n<div class=\"td-a-rec td-a-rec-id-content_bottom  tdi_4 td_block_template_1\"><strong>Intr\u0103 acum \u0219i \u00een grupul de <\/p>\n<div class=\"wp-block-button\"><a class=\"wp-block-button__link wp-element-button\" href=\"https:\/\/t.me\/+TH8wcfnp8fw5NWI0\">Telegram News Bucovina<\/a><\/div>\n<p><\/strong><\/div>\n<\/div>\n<div class=\"td-post-content tagdiv-type\">\n<div class=\"td-a-rec td-a-rec-id-content_top  tdi_3 td_block_template_1\"><strong>Intr\u0103 acum \u0219i \u00een grupul de <\/p>\n<div class=\"wp-block-button\"><a class=\"wp-block-button__link wp-element-button\" href=\"https:\/\/t.me\/+TH8wcfnp8fw5NWI0\">Telegram News Bucovina<\/a><\/div>\n<p><\/strong><\/div>\n<p>Un incendiu a izbucnit vineri, 17 aprilie 2026, la o cas\u0103 de locuit din localitatea Baia.<\/p>\n<figure class=\"wp-block-gallery has-nested-images columns-default is-cropped wp-block-gallery-1 is-layout-flex wp-block-gallery-is-layout-flex\">\n<figure class=\"wp-block-image size-large\"><a href=\"https:\/\/cdn.newsbucovina.ro\/wp-content\/uploads\/2026\/04\/pompier-1.jpeg\"><img loading=\"lazy\" decoding=\"async\" width=\"1024\" height=\"576\" data-id=\"436403\" src=\"https:\/\/cdn.newsbucovina.ro\/wp-content\/uploads\/2026\/04\/pompier-1-1024x576.jpeg\" alt class=\"wp-image-436403\"><\/a><\/figure>\n<figure class=\"wp-block-image size-large\"><a href=\"https:\/\/cdn.newsbucovina.ro\/wp-content\/uploads\/2026\/04\/pompier-2.jpeg\"><img loading=\"lazy\" decoding=\"async\" width=\"1024\" height=\"576\" data-id=\"436406\" src=\"https:\/\/cdn.newsbucovina.ro\/wp-content\/uploads\/2026\/04\/pompier-2-1024x576.jpeg\" alt class=\"wp-image-436406\"><\/a><\/figure>\n<figure class=\"wp-block-image size-large\"><a href=\"https:\/\/cdn.newsbucovina.ro\/wp-content\/uploads\/2026\/04\/pompier-3.jpeg\"><img loading=\"lazy\" decoding=\"async\" width=\"1024\" height=\"576\" data-id=\"436405\" src=\"https:\/\/cdn.newsbucovina.ro\/wp-content\/uploads\/2026\/04\/pompier-3-1024x576.jpeg\" alt class=\"wp-image-436405\"><\/a><\/figure>\n<figure class=\"wp-block-image size-large\"><a href=\"https:\/\/cdn.newsbucovina.ro\/wp-content\/uploads\/2026\/04\/pompier-4.jpeg\"><img decoding=\"async\" loading=\"lazy\" width=\"1024\" height=\"576\" data-id=\"436404\" src=\"https:\/\/cdn.newsbucovina.ro\/wp-content\/uploads\/2026\/04\/pompier-4-1024x576.jpeg\" alt class=\"wp-image-436404\"><\/a><\/figure>\n<\/figure>\n<p>Potrivit slt. Radu Gabriel din cadrul ISU Suceava, pompierii militari din cadrul Deta\u0219amentului F\u0103lticeni, \u00eempreun\u0103 cu voluntarii Serviciului Voluntar pentru Situa\u021bii de Urgen\u021b\u0103 Baia, au intervenit cu <strong>trei autospeciale de stingere<\/strong> pentru localizarea \u0219i lichidarea focului.<\/p>\n<p>La sosirea echipajelor de pompieri incendiul se manifesta generalizat la parterul casei de locuit, exist\u00e2nd un pericol real de propagare la o anex\u0103 corp comun \u0219i la alte construc\u021bii \u00eenvecinate.<\/p>\n<p>\u00cen incendiu au ars bunuri din interiorul locuin\u021bei pe o suprafa\u021b\u0103 de aproximativ <strong>50 de metri p\u0103tra\u021bi<\/strong>, iar pere\u021bii portan\u021bi \u0219i acoperi\u0219ul casei au fost degradate.<\/p>\n<p>Cauza probabil\u0103 a incendiului a fost <strong>jar sau sc\u00e2ntei c\u0103zute din sob\u0103<\/strong>.<\/p>\n<p>Din fericire, nu s-au \u00eenregistrat victime. Pompierii au reu\u0219it s\u0103 localizeze \u0219i s\u0103 sting\u0103 incendiul la timp, salv\u00e2nd anexa corp comun \u0219i construc\u021biile \u00eenvecinate de la distrugere.<\/p>\n<div class=\"td-a-rec td-a-rec-id-content_bottom  tdi_4 td_block_template_1\"><strong>Intr\u0103 acum \u0219i \u00een grupul de <\/p>\n<div class=\"wp-block-button\"><a class=\"wp-block-button__link wp-element-button\" href=\"https:\/\/t.me\/+TH8wcfnp8fw5NWI0\">Telegram News Bucovina<\/a><\/div>\n<p><\/strong><\/div>\n<\/div>\n<p>[analyse_source url=&#8221;https:\/\/www.newsbucovina.ro\/actualitate\/436402\/incendiu-la-o-casa-de-locuit-in-localitatea-baia-pompierii-au-intervenit-cu-trei-autospeciale-pentru-limitarea-propagarii-flacarilor-si-lichidarea-focului&#8221;]<\/p>\n","protected":false},"excerpt":{"rendered":"<p>[analyse_image type=&#8221;featured&#8221; src=&#8221;https:\/\/www.newsbucovina.ro\/wp-content\/uploads\/2026\/04\/pompier-3.jpeghttps:\/\/cdn.newsbucovina.ro\/wp-content\/uploads\/2026\/04\/pompier-3.jpeg&#8221;] Intr\u0103 acum \u0219i \u00een grupul de Telegram News Bucovina Un incendiu a izbucnit vineri, 17 aprilie 2026, la o cas\u0103 de locuit din localitatea Baia. Potrivit slt. Radu Gabriel din cadrul ISU Suceava, pompierii militari din cadrul Deta\u0219amentului F\u0103lticeni, \u00eempreun\u0103 cu voluntarii Serviciului Voluntar pentru Situa\u021bii de Urgen\u021b\u0103 Baia, au intervenit cu [&hellip;]<\/p>\n","protected":false},"author":1,"featured_media":0,"comment_status":"open","ping_status":"","sticky":false,"template":"","format":"standard","meta":{"footnotes":""},"categories":[89],"tags":[226,165],"class_list":["post-1889149","post","type-post","status-publish","format-standard","hentry","category-romania","tag-crawlmanager","tag-newsbucovina-ro"],"_links":{"self":[{"href":"https:\/\/analyse.optim.biz\/index.php?rest_route=\/wp\/v2\/posts\/1889149","targetHints":{"allow":["GET"]}}],"collection":[{"href":"https:\/\/analyse.optim.biz\/index.php?rest_route=\/wp\/v2\/posts"}],"about":[{"href":"https:\/\/analyse.optim.biz\/index.php?rest_route=\/wp\/v2\/types\/post"}],"author":[{"embeddable":true,"href":"https:\/\/analyse.optim.biz\/index.php?rest_route=\/wp\/v2\/users\/1"}],"replies":[{"embeddable":true,"href":"https:\/\/analyse.optim.biz\/index.php?rest_route=%2Fwp%2Fv2%2Fcomments&post=1889149"}],"version-history":[{"count":0,"href":"https:\/\/analyse.optim.biz\/index.php?rest_route=\/wp\/v2\/posts\/1889149\/revisions"}],"wp:attachment":[{"href":"https:\/\/analyse.optim.biz\/index.php?rest_route=%2Fwp%2Fv2%2Fmedia&parent=1889149"}],"wp:term":[{"taxonomy":"category","embeddable":true,"href":"https:\/\/analyse.optim.biz\/index.php?rest_route=%2Fwp%2Fv2%2Fcategories&post=1889149"},{"taxonomy":"post_tag","embeddable":true,"href":"https:\/\/analyse.optim.biz\/index.php?rest_route=%2Fwp%2Fv2%2Ftags&post=1889149"}],"curies":[{"name":"wp","href":"https:\/\/api.w.org\/{rel}","templated":true}]}}